{"id":26018,"date":"2012-12-04T11:39:49","date_gmt":"2012-12-04T09:39:49","guid":{"rendered":"http:\/\/esplac.cat\/?p=2553"},"modified":"2012-12-04T11:39:49","modified_gmt":"2012-12-04T09:39:49","slug":"els-esplais-catalansdecidim-decidir","status":"publish","type":"post","link":"https:\/\/www.esplac.cat\/en\/els-esplais-catalansdecidim-decidir\/","title":{"rendered":"Els Esplais Catalans decidim decidir"},"content":{"rendered":"<p align=\"JUSTIFY\"><span style=\"font-family: Arial, sans-serif;\"><strong><strong><span>A la XXXI Assemblea General Ordin\u00e0ria d&#8217;Esplais Catalans, celebrada l&#8217;1 de desembre a Sant Adri\u00e0 de Bes\u00f2s, els esplais expressen el seu dret a poder decidir el model de pa\u00eds que desitgen.<\/span><\/strong><\/strong><\/span><\/p>\n<p align=\"JUSTIFY\"><span style=\"font-family: Arial, sans-serif;\"><strong><strong><span>L&#8217;Assemblea d&#8217;enguany ha estat la m\u00e9s concorreguda dels \u00faltims deu anys, amb la participaci\u00f3 de\u00a0<\/span><\/strong><strong><span>72<\/span><\/strong><strong><span>\u00a0esplais i m\u00e9s de 300 persones.<\/span><\/strong><\/strong><\/span><\/p>\n<p align=\"JUSTIFY\"><span style=\"font-family: Arial, sans-serif;\">L&#8217;Assemblea General \u00e9s l&#8217;espai de presa de decisions m\u00e9s important d&#8217;Esplais Catalans. En aquesta edici\u00f3, els esplais hem<strong><span>\u00a0<\/span><\/strong><span>valorat l&#8217;execuci\u00f3 del primer any del Pla estrat\u00e8gic 2011-2014 i hem decidit les l\u00ednies que defineixen com n&#8217;emprenem el segon any i equador. Tamb\u00e9 ha estat el moment per celebrar la nova entrada de 10 esplais a l&#8217;associaci\u00f3 i la posada en marxa de dos m\u00e9s que tornen a l&#8217;activitat despr\u00e9s d&#8217;uns anys inactius. Despr\u00e9s de l&#8217;Assemblea, podem dir doncs, que Esplais Catalans ja compta amb\u00a0<\/span><strong><span>106 esplais<\/span><\/strong><span>\u00a0laics i progressistes d&#8217;arreu de Catalunya. Aquesta consolidaci\u00f3 al territori tamb\u00e9 s&#8217;ha fet palesa amb l&#8217;aprovaci\u00f3 de la constituci\u00f3 del\u00a0<strong>sector geogr\u00e0fic del Camp de Tarragona<\/strong>, que aplega\u00a0<\/span><span>tres esplais de la ciutat de Tarragona i un de la poblaci\u00f3 de Mont-Roig del Camp.<\/span><\/span><\/p>\n<p align=\"JUSTIFY\">A l&#8217;Assemblea tamb\u00e9 hem votat diverses resolucions, com ara la titulada \u201cEls esplais decidim decidir\u201d, que posicionen Esplais Catalans com una entitat que defensa el dret a decidir el nostre model de pa\u00eds i dona suport a les consultes a la ciutadania que es puguin donar en un futur proper.<\/p>\n<p align=\"JUSTIFY\"><span>Tamb\u00e9 destaquem l&#8217;acte de cloenda en qu\u00e8\u00a0<strong>Jordi Vaquer<\/strong>, director de la Open Society Iniciative for Europe, ens ha dedicat unes paraules encoratjant-nos a seguir amb la tasca que fem des dels esplais:<\/span><span style=\"color: #000000;\"><span style=\"font-family: HelveticaNeue;\"><span><em>&#8220;no deixem espai a la mentida i al rumor, l&#8217;associacionisme combat el racisme i la xenof\u00f2bia&#8221;.\u00a0<\/em><\/span><\/span><\/span><span>A m\u00e9s, tamb\u00e9 hem comptat amb la pres\u00e8ncia de Toni Reig, Director General de Joventut de la Generalitat de Catalunya, que ha expressat el seu suport a l&#8217;associacionisme educatiu i Joan Callau, tercer tinent d&#8217;alcalde de l&#8217;Ajuntament de Sant Adri\u00e0 de Bes\u00f2s.<\/span><\/p>\n<p align=\"JUSTIFY\">Com ja venim fent des del 2011, l&#8217;Assemblea s&#8217;ha celebrat a la seu d&#8217;un esplai, aquesta vegada a la del\u00a0<strong>Gadgestosplai a Sant Adri\u00e0 de Bes\u00f2s<\/strong>. I \u00e9s que entenem que, en un moment tant important com la nostra Assemblea, \u00e9s essencial trobar-nos en el nostre h\u00e0bitat, reconeixent aix\u00ed la tasca dels esplais que hi participen i, especialment, d&#8217;aquell que ens acull.<\/p>\n<p align=\"JUSTIFY\"><span style=\"font-family: Arial, sans-serif;\"><span>Esplac \u00e9s una\u00a0<strong>organitzaci\u00f3 democr\u00e0tica i participativa<\/strong>, ho demostra el fet que la majoria de documents votats han estat fruit del treball conjunt dels monitors i monitores dels esplais, dels Equips Generals de Sector, de l&#8217;Equip de Direcci\u00f3 i de la Secretaria T\u00e8cnica. Podem afirmar que a l&#8217;Assemblea ha culminat una feina compartida per seguir fent real, dia rere dia, dissabte rere dissabte, reuni\u00f3 rere reuni\u00f3, que\u00a0<\/span><strong><span>els esplais s\u00f3n i seguiran sent la ra\u00f3 d&#8217;Esplais Catalans<\/span><\/strong><span>.<\/span><\/span><\/p>\n<p align=\"JUSTIFY\">Esplais Catalans \u00e9s una associaci\u00f3 d&#8217;esplais laica i progressista que treballa des del voluntariat per a la transformaci\u00f3 social, mitjan\u00e7ant l&#8217;educaci\u00f3 en drets dels infants. L&#8217;enfortiment dels esplais \u00e9s la nostra ra\u00f3 de ser. Esplais Catalans compta amb un total de 106 esplais arreu de Catalunya, aplegant 1600 monitores i monitors que eduquen a 6500 infants.<\/p>\n<p align=\"JUSTIFY\">\n","protected":false},"excerpt":{"rendered":"<p>A la XXXI Assemblea General Ordin\u00e0ria d&#8217;Esplais Catalans, celebrada l&#8217;1 [&hellip;]<\/p>\n","protected":false},"author":3,"featured_media":25953,"comment_status":"open","ping_status":"open","sticky":false,"template":"","format":"standard","meta":{"om_disable_all_campaigns":false,"_monsterinsights_skip_tracking":false,"_monsterinsights_sitenote_active":false,"_monsterinsights_sitenote_note":"","_monsterinsights_sitenote_category":0,"_uf_show_specific_survey":0,"_uf_disable_surveys":false,"footnotes":""},"categories":[1111,1127],"tags":[11],"class_list":["post-26018","post","type-post","status-publish","format-standard","has-post-thumbnail","hentry","category-activitats-esplac","category-comunicats-posicionaments","tag-assemblea"],"yoast_head":"<!-- This site is optimized with the Yoast SEO plugin v27.4 - https:\/\/yoast.com\/product\/yoast-seo-wordpress\/ -->\n<title>Els Esplais Catalans decidim decidir - Esplac<\/title>\n<meta name=\"robots\" content=\"index, follow, max-snippet:-1, max-image-preview:large, max-video-preview:-1\" \/>\n<link rel=\"canonical\" href=\"https:\/\/www.esplac.cat\/els-esplais-catalansdecidim-decidir\/\" \/>\n<meta property=\"og:locale\" content=\"en_US\" \/>\n<meta property=\"og:type\" content=\"article\" \/>\n<meta property=\"og:title\" content=\"Els Esplais Catalans decidim decidir - Esplac\" \/>\n<meta property=\"og:description\" content=\"A la XXXI Assemblea General Ordin\u00e0ria d&#8217;Esplais Catalans, celebrada l&#8217;1 [&hellip;]\" \/>\n<meta property=\"og:url\" content=\"https:\/\/www.esplac.cat\/els-esplais-catalansdecidim-decidir\/\" \/>\n<meta property=\"og:site_name\" content=\"Esplac\" \/>\n<meta property=\"article:published_time\" content=\"2012-12-04T09:39:49+00:00\" \/>\n<meta property=\"og:image\" content=\"https:\/\/www.esplac.cat\/wp-content\/uploads\/2012\/12\/vot.jpg\" \/>\n\t<meta property=\"og:image:width\" content=\"960\" \/>\n\t<meta property=\"og:image:height\" content=\"639\" \/>\n\t<meta property=\"og:image:type\" content=\"image\/jpeg\" \/>\n<meta name=\"author\" content=\"Comunicaci\u00f3 Esplac\" \/>\n<meta name=\"twitter:card\" content=\"summary_large_image\" \/>\n<meta name=\"twitter:label1\" content=\"Written by\" \/>\n\t<meta name=\"twitter:data1\" content=\"Comunicaci\u00f3 Esplac\" \/>\n\t<meta name=\"twitter:label2\" content=\"Est. reading time\" \/>\n\t<meta name=\"twitter:data2\" content=\"3 minutes\" \/>\n<script type=\"application\/ld+json\" class=\"yoast-schema-graph\">{\"@context\":\"https:\\\/\\\/schema.org\",\"@graph\":[{\"@type\":\"Article\",\"@id\":\"https:\\\/\\\/www.esplac.cat\\\/els-esplais-catalansdecidim-decidir\\\/#article\",\"isPartOf\":{\"@id\":\"https:\\\/\\\/www.esplac.cat\\\/els-esplais-catalansdecidim-decidir\\\/\"},\"author\":{\"name\":\"Comunicaci\u00f3 Esplac\",\"@id\":\"https:\\\/\\\/www.esplac.cat\\\/#\\\/schema\\\/person\\\/908383cf240be18b68f8855d0583faca\"},\"headline\":\"Els Esplais Catalans decidim decidir\",\"datePublished\":\"2012-12-04T09:39:49+00:00\",\"mainEntityOfPage\":{\"@id\":\"https:\\\/\\\/www.esplac.cat\\\/els-esplais-catalansdecidim-decidir\\\/\"},\"wordCount\":574,\"commentCount\":0,\"publisher\":{\"@id\":\"https:\\\/\\\/www.esplac.cat\\\/#organization\"},\"image\":{\"@id\":\"https:\\\/\\\/www.esplac.cat\\\/els-esplais-catalansdecidim-decidir\\\/#primaryimage\"},\"thumbnailUrl\":\"https:\\\/\\\/www.esplac.cat\\\/wp-content\\\/uploads\\\/2012\\\/12\\\/vot.jpg\",\"keywords\":[\"assemblea\"],\"articleSection\":[\"Activitats esplac\",\"Comunicats i posicionaments\"],\"inLanguage\":\"en-US\",\"potentialAction\":[{\"@type\":\"CommentAction\",\"name\":\"Comment\",\"target\":[\"https:\\\/\\\/www.esplac.cat\\\/els-esplais-catalansdecidim-decidir\\\/#respond\"]}]},{\"@type\":\"WebPage\",\"@id\":\"https:\\\/\\\/www.esplac.cat\\\/els-esplais-catalansdecidim-decidir\\\/\",\"url\":\"https:\\\/\\\/www.esplac.cat\\\/els-esplais-catalansdecidim-decidir\\\/\",\"name\":\"Els Esplais Catalans decidim decidir - Esplac\",\"isPartOf\":{\"@id\":\"https:\\\/\\\/www.esplac.cat\\\/#website\"},\"primaryImageOfPage\":{\"@id\":\"https:\\\/\\\/www.esplac.cat\\\/els-esplais-catalansdecidim-decidir\\\/#primaryimage\"},\"image\":{\"@id\":\"https:\\\/\\\/www.esplac.cat\\\/els-esplais-catalansdecidim-decidir\\\/#primaryimage\"},\"thumbnailUrl\":\"https:\\\/\\\/www.esplac.cat\\\/wp-content\\\/uploads\\\/2012\\\/12\\\/vot.jpg\",\"datePublished\":\"2012-12-04T09:39:49+00:00\",\"breadcrumb\":{\"@id\":\"https:\\\/\\\/www.esplac.cat\\\/els-esplais-catalansdecidim-decidir\\\/#breadcrumb\"},\"inLanguage\":\"en-US\",\"potentialAction\":[{\"@type\":\"ReadAction\",\"target\":[\"https:\\\/\\\/www.esplac.cat\\\/els-esplais-catalansdecidim-decidir\\\/\"]}]},{\"@type\":\"ImageObject\",\"inLanguage\":\"en-US\",\"@id\":\"https:\\\/\\\/www.esplac.cat\\\/els-esplais-catalansdecidim-decidir\\\/#primaryimage\",\"url\":\"https:\\\/\\\/www.esplac.cat\\\/wp-content\\\/uploads\\\/2012\\\/12\\\/vot.jpg\",\"contentUrl\":\"https:\\\/\\\/www.esplac.cat\\\/wp-content\\\/uploads\\\/2012\\\/12\\\/vot.jpg\",\"width\":960,\"height\":639},{\"@type\":\"BreadcrumbList\",\"@id\":\"https:\\\/\\\/www.esplac.cat\\\/els-esplais-catalansdecidim-decidir\\\/#breadcrumb\",\"itemListElement\":[{\"@type\":\"ListItem\",\"position\":1,\"name\":\"Inici\",\"item\":\"https:\\\/\\\/www.esplac.cat\\\/en\\\/\"},{\"@type\":\"ListItem\",\"position\":2,\"name\":\"Els Esplais Catalans decidim decidir\"}]},{\"@type\":\"WebSite\",\"@id\":\"https:\\\/\\\/www.esplac.cat\\\/#website\",\"url\":\"https:\\\/\\\/www.esplac.cat\\\/\",\"name\":\"Esplac\",\"description\":\"Esplais Catalans\",\"publisher\":{\"@id\":\"https:\\\/\\\/www.esplac.cat\\\/#organization\"},\"potentialAction\":[{\"@type\":\"SearchAction\",\"target\":{\"@type\":\"EntryPoint\",\"urlTemplate\":\"https:\\\/\\\/www.esplac.cat\\\/?s={search_term_string}\"},\"query-input\":{\"@type\":\"PropertyValueSpecification\",\"valueRequired\":true,\"valueName\":\"search_term_string\"}}],\"inLanguage\":\"en-US\"},{\"@type\":\"Organization\",\"@id\":\"https:\\\/\\\/www.esplac.cat\\\/#organization\",\"name\":\"Esplac\",\"url\":\"https:\\\/\\\/www.esplac.cat\\\/\",\"logo\":{\"@type\":\"ImageObject\",\"inLanguage\":\"en-US\",\"@id\":\"https:\\\/\\\/www.esplac.cat\\\/#\\\/schema\\\/logo\\\/image\\\/\",\"url\":\"https:\\\/\\\/www.esplac.cat\\\/wp-content\\\/uploads\\\/2019\\\/08\\\/logox2.png\",\"contentUrl\":\"https:\\\/\\\/www.esplac.cat\\\/wp-content\\\/uploads\\\/2019\\\/08\\\/logox2.png\",\"width\":600,\"height\":295,\"caption\":\"Esplac\"},\"image\":{\"@id\":\"https:\\\/\\\/www.esplac.cat\\\/#\\\/schema\\\/logo\\\/image\\\/\"}},{\"@type\":\"Person\",\"@id\":\"https:\\\/\\\/www.esplac.cat\\\/#\\\/schema\\\/person\\\/908383cf240be18b68f8855d0583faca\",\"name\":\"Comunicaci\u00f3 Esplac\",\"image\":{\"@type\":\"ImageObject\",\"inLanguage\":\"en-US\",\"@id\":\"https:\\\/\\\/secure.gravatar.com\\\/avatar\\\/7a4cf8feb412a76ea4a740ca02d95b06b2907b5a6c648c2dd0a1082a093c3141?s=96&d=mm&r=g\",\"url\":\"https:\\\/\\\/secure.gravatar.com\\\/avatar\\\/7a4cf8feb412a76ea4a740ca02d95b06b2907b5a6c648c2dd0a1082a093c3141?s=96&d=mm&r=g\",\"contentUrl\":\"https:\\\/\\\/secure.gravatar.com\\\/avatar\\\/7a4cf8feb412a76ea4a740ca02d95b06b2907b5a6c648c2dd0a1082a093c3141?s=96&d=mm&r=g\",\"caption\":\"Comunicaci\u00f3 Esplac\"}}]}<\/script>\n<!-- \/ Yoast SEO plugin. -->","yoast_head_json":{"title":"Els Esplais Catalans decidim decidir - Esplac","robots":{"index":"index","follow":"follow","max-snippet":"max-snippet:-1","max-image-preview":"max-image-preview:large","max-video-preview":"max-video-preview:-1"},"canonical":"https:\/\/www.esplac.cat\/els-esplais-catalansdecidim-decidir\/","og_locale":"en_US","og_type":"article","og_title":"Els Esplais Catalans decidim decidir - Esplac","og_description":"A la XXXI Assemblea General Ordin\u00e0ria d&#8217;Esplais Catalans, celebrada l&#8217;1 [&hellip;]","og_url":"https:\/\/www.esplac.cat\/els-esplais-catalansdecidim-decidir\/","og_site_name":"Esplac","article_published_time":"2012-12-04T09:39:49+00:00","og_image":[{"width":960,"height":639,"url":"https:\/\/www.esplac.cat\/wp-content\/uploads\/2012\/12\/vot.jpg","type":"image\/jpeg"}],"author":"Comunicaci\u00f3 Esplac","twitter_card":"summary_large_image","twitter_misc":{"Written by":"Comunicaci\u00f3 Esplac","Est. reading time":"3 minutes"},"schema":{"@context":"https:\/\/schema.org","@graph":[{"@type":"Article","@id":"https:\/\/www.esplac.cat\/els-esplais-catalansdecidim-decidir\/#article","isPartOf":{"@id":"https:\/\/www.esplac.cat\/els-esplais-catalansdecidim-decidir\/"},"author":{"name":"Comunicaci\u00f3 Esplac","@id":"https:\/\/www.esplac.cat\/#\/schema\/person\/908383cf240be18b68f8855d0583faca"},"headline":"Els Esplais Catalans decidim decidir","datePublished":"2012-12-04T09:39:49+00:00","mainEntityOfPage":{"@id":"https:\/\/www.esplac.cat\/els-esplais-catalansdecidim-decidir\/"},"wordCount":574,"commentCount":0,"publisher":{"@id":"https:\/\/www.esplac.cat\/#organization"},"image":{"@id":"https:\/\/www.esplac.cat\/els-esplais-catalansdecidim-decidir\/#primaryimage"},"thumbnailUrl":"https:\/\/www.esplac.cat\/wp-content\/uploads\/2012\/12\/vot.jpg","keywords":["assemblea"],"articleSection":["Activitats esplac","Comunicats i posicionaments"],"inLanguage":"en-US","potentialAction":[{"@type":"CommentAction","name":"Comment","target":["https:\/\/www.esplac.cat\/els-esplais-catalansdecidim-decidir\/#respond"]}]},{"@type":"WebPage","@id":"https:\/\/www.esplac.cat\/els-esplais-catalansdecidim-decidir\/","url":"https:\/\/www.esplac.cat\/els-esplais-catalansdecidim-decidir\/","name":"Els Esplais Catalans decidim decidir - Esplac","isPartOf":{"@id":"https:\/\/www.esplac.cat\/#website"},"primaryImageOfPage":{"@id":"https:\/\/www.esplac.cat\/els-esplais-catalansdecidim-decidir\/#primaryimage"},"image":{"@id":"https:\/\/www.esplac.cat\/els-esplais-catalansdecidim-decidir\/#primaryimage"},"thumbnailUrl":"https:\/\/www.esplac.cat\/wp-content\/uploads\/2012\/12\/vot.jpg","datePublished":"2012-12-04T09:39:49+00:00","breadcrumb":{"@id":"https:\/\/www.esplac.cat\/els-esplais-catalansdecidim-decidir\/#breadcrumb"},"inLanguage":"en-US","potentialAction":[{"@type":"ReadAction","target":["https:\/\/www.esplac.cat\/els-esplais-catalansdecidim-decidir\/"]}]},{"@type":"ImageObject","inLanguage":"en-US","@id":"https:\/\/www.esplac.cat\/els-esplais-catalansdecidim-decidir\/#primaryimage","url":"https:\/\/www.esplac.cat\/wp-content\/uploads\/2012\/12\/vot.jpg","contentUrl":"https:\/\/www.esplac.cat\/wp-content\/uploads\/2012\/12\/vot.jpg","width":960,"height":639},{"@type":"BreadcrumbList","@id":"https:\/\/www.esplac.cat\/els-esplais-catalansdecidim-decidir\/#breadcrumb","itemListElement":[{"@type":"ListItem","position":1,"name":"Inici","item":"https:\/\/www.esplac.cat\/en\/"},{"@type":"ListItem","position":2,"name":"Els Esplais Catalans decidim decidir"}]},{"@type":"WebSite","@id":"https:\/\/www.esplac.cat\/#website","url":"https:\/\/www.esplac.cat\/","name":"Esplac","description":"Esplais Catalans","publisher":{"@id":"https:\/\/www.esplac.cat\/#organization"},"potentialAction":[{"@type":"SearchAction","target":{"@type":"EntryPoint","urlTemplate":"https:\/\/www.esplac.cat\/?s={search_term_string}"},"query-input":{"@type":"PropertyValueSpecification","valueRequired":true,"valueName":"search_term_string"}}],"inLanguage":"en-US"},{"@type":"Organization","@id":"https:\/\/www.esplac.cat\/#organization","name":"Esplac","url":"https:\/\/www.esplac.cat\/","logo":{"@type":"ImageObject","inLanguage":"en-US","@id":"https:\/\/www.esplac.cat\/#\/schema\/logo\/image\/","url":"https:\/\/www.esplac.cat\/wp-content\/uploads\/2019\/08\/logox2.png","contentUrl":"https:\/\/www.esplac.cat\/wp-content\/uploads\/2019\/08\/logox2.png","width":600,"height":295,"caption":"Esplac"},"image":{"@id":"https:\/\/www.esplac.cat\/#\/schema\/logo\/image\/"}},{"@type":"Person","@id":"https:\/\/www.esplac.cat\/#\/schema\/person\/908383cf240be18b68f8855d0583faca","name":"Comunicaci\u00f3 Esplac","image":{"@type":"ImageObject","inLanguage":"en-US","@id":"https:\/\/secure.gravatar.com\/avatar\/7a4cf8feb412a76ea4a740ca02d95b06b2907b5a6c648c2dd0a1082a093c3141?s=96&d=mm&r=g","url":"https:\/\/secure.gravatar.com\/avatar\/7a4cf8feb412a76ea4a740ca02d95b06b2907b5a6c648c2dd0a1082a093c3141?s=96&d=mm&r=g","contentUrl":"https:\/\/secure.gravatar.com\/avatar\/7a4cf8feb412a76ea4a740ca02d95b06b2907b5a6c648c2dd0a1082a093c3141?s=96&d=mm&r=g","caption":"Comunicaci\u00f3 Esplac"}}]}},"_links":{"self":[{"href":"https:\/\/www.esplac.cat\/en\/wp-json\/wp\/v2\/posts\/26018","targetHints":{"allow":["GET"]}}],"collection":[{"href":"https:\/\/www.esplac.cat\/en\/wp-json\/wp\/v2\/posts"}],"about":[{"href":"https:\/\/www.esplac.cat\/en\/wp-json\/wp\/v2\/types\/post"}],"author":[{"embeddable":true,"href":"https:\/\/www.esplac.cat\/en\/wp-json\/wp\/v2\/users\/3"}],"replies":[{"embeddable":true,"href":"https:\/\/www.esplac.cat\/en\/wp-json\/wp\/v2\/comments?post=26018"}],"version-history":[{"count":0,"href":"https:\/\/www.esplac.cat\/en\/wp-json\/wp\/v2\/posts\/26018\/revisions"}],"wp:featuredmedia":[{"embeddable":true,"href":"https:\/\/www.esplac.cat\/en\/wp-json\/wp\/v2\/media\/25953"}],"wp:attachment":[{"href":"https:\/\/www.esplac.cat\/en\/wp-json\/wp\/v2\/media?parent=26018"}],"wp:term":[{"taxonomy":"category","embeddable":true,"href":"https:\/\/www.esplac.cat\/en\/wp-json\/wp\/v2\/categories?post=26018"},{"taxonomy":"post_tag","embeddable":true,"href":"https:\/\/www.esplac.cat\/en\/wp-json\/wp\/v2\/tags?post=26018"}],"curies":[{"name":"wp","href":"https:\/\/api.w.org\/{rel}","templated":true}]}}