{"id":26023,"date":"2012-11-15T18:24:56","date_gmt":"2012-11-15T16:24:56","guid":{"rendered":"http:\/\/esplac.cat\/?p=2486"},"modified":"2019-11-14T13:38:42","modified_gmt":"2019-11-14T11:38:42","slug":"1000-infants-i-monitores-celebren-la-diada-dels-drets-dels-infants","status":"publish","type":"post","link":"https:\/\/www.esplac.cat\/en\/1000-infants-i-monitores-celebren-la-diada-dels-drets-dels-infants\/","title":{"rendered":"1000 infants i monitores celebren la diada dels Drets dels Infants"},"content":{"rendered":"<p style=\"text-align: left;\" lang=\"ca-ES\" align=\"JUSTIFY\"><strong>El proper dissabte 17 de novembre m\u00e9s de 1000 infants dels esplais de les comarques del Bages, Bergued\u00e0 Barcelon\u00e8s, Baix Llobregat, Pened\u00e8s, Garraf i Vall\u00e8s es trobaran a diferents poblacions de Catalunya per commemorar la diada dels Drets dels Infants que es celebra internacionalment l&#8217;endem\u00e0.\u00a0<\/strong><\/p>\n<p style=\"text-align: left;\" lang=\"ca-ES\" align=\"JUSTIFY\">La commemoraci\u00f3 dels Drets dels infants \u00e9s alhora una festa reivindicativa i divulgativa. Els esplais, com entitats educatives i compromeses amb el seu entorn, treballen durant tot l\u2019any pel compliment d\u2019aquests drets i intenten amb aquest acte que la societat prengui consci\u00e8ncia d\u2019uns drets que encara s\u2019obliden a massa llocs.<\/p>\n<p style=\"text-align: left;\" align=\"JUSTIFY\">Els esplais de 4 sectors territorials diferents (Barcelon\u00e8s Nord, Baix-Llobregat, Bages-Bergued\u00e0, Pened\u00e8s-Garraf i Vall\u00e8s) ja fa dies que estan preparant la diada, organitzant activitats de treball i sensibilitzaci\u00f3 sobre els drets dels infants. <strong>Badalona, Cornell\u00e0, Sallent, Vilanova i la Geltr\u00fa i Rub\u00ed<\/strong> seran les ciutats que acolliran les diferents celebracions, la majoria de les quals estaran obertes a tota la ciutadania. A part d&#8217;aquestes cinc grans trobades, molts altres esplais tampoc deixen passar per alt aquesta data i aquest dissabte organitzen activitats especials per treballar els drets dels infants l&#8217;esplai o conjuntament amb les altres entitats de lleure de la seva poblaci\u00f3, com \u00e9s el cas de molts dels esplais de <strong>Terrassa, Barcelona<\/strong> o <strong>Tona<\/strong>.<\/p>\n<p style=\"text-align: left;\" align=\"JUSTIFY\">A m\u00e9s a m\u00e9s, Esplais Catalans ha participat un any m\u00e9s en l&#8217;organitzaci\u00f3 de la Festa de la Inf\u00e0ncia de Barcelona que, amb el lema \u201c<strong>Passeu i vegeu drets dels infants<\/strong>\u201d convida a tots els infants a participar en una ruta de proves per con\u00e8ixer els seus drets al Parc de la Ciutadella. Aquesta iniciativa est\u00e0 impulsada per la <a href=\"http:\/\/www.xarxadretsinfants.cat\/\">Xarxa dels Drets dels Infants<\/a>, composada per entitats de la ciutat que treballen a favor dels drets dels infants, de la qual Esplais Catalans en som membres.<\/p>\n<p style=\"text-align: left;\" align=\"JUSTIFY\">Gincames, tallers, racons, espectacles, manifestacions, berenars i d&#8217;altres activitats ompliran els programes de les diferents celebracions. Si en voleu saber m\u00e9s detalls, podeu consultar els programes al web d&#8217;Esplais Catalans <a href=\"http:\/\/esplac.cat\/\">www.esplac.cat<\/a>.<\/p>\n<p style=\"text-align: left;\" lang=\"ca-ES\" align=\"JUSTIFY\">Esplais Catalans \u00e9s una associaci\u00f3 d&#8217;esplais laica i progressista que treballa des del voluntariat per a la transformaci\u00f3 social, mitjan\u00e7ant l&#8217;educaci\u00f3 en drets dels infants. La missi\u00f3 d&#8217;Esplac inclou els drets dels infants com un dels seus elements definitoris fonamentals i ho fa vinculant la nostra tasca de transformaci\u00f3 social amb l&#8217;educaci\u00f3 en drets dels infants que fan tant els esplais com Esplac. \u00c9s per aix\u00f2 que volem involucrar tant a monitors\/es, com els infants, fam\u00edlies i ciutadania en general en un proc\u00e9s d&#8217;educaci\u00f3, sensibilitzaci\u00f3 i promoci\u00f3 dels drets dels infants.<\/p>\n<p style=\"text-align: left;\" lang=\"ca-ES\" align=\"JUSTIFY\">Articles relacionats: <a title=\"Els esplais celebren els drets dels infants\" href=\"http:\/\/esplac.cat\/esplais-celebren-drets-infants-2012\/\">Els esplais celebren els drets dels infants<\/a><br \/>\nPer a m\u00e9s informaci\u00f3 contacta amb: comunicacio@esplac.cat<\/p>\n","protected":false},"excerpt":{"rendered":"<p>El proper dissabte 17 de novembre m\u00e9s de 1000 infants [&hellip;]<\/p>\n","protected":false},"author":3,"featured_media":0,"comment_status":"open","ping_status":"open","sticky":false,"template":"","format":"standard","meta":{"om_disable_all_campaigns":false,"_monsterinsights_skip_tracking":false,"_monsterinsights_sitenote_active":false,"_monsterinsights_sitenote_note":"","_monsterinsights_sitenote_category":0,"_uf_show_specific_survey":0,"_uf_disable_surveys":false,"footnotes":""},"categories":[1127,1167],"tags":[45],"class_list":["post-26023","post","type-post","status-publish","format-standard","hentry","category-comunicats-posicionaments","category-infancia","tag-drets-dels-infants"],"yoast_head":"<!-- This site is optimized with the Yoast SEO plugin v27.4 - https:\/\/yoast.com\/product\/yoast-seo-wordpress\/ -->\n<title>1000 infants i monitores celebren la diada dels Drets dels Infants - Esplac<\/title>\n<meta name=\"robots\" content=\"index, follow, max-snippet:-1, max-image-preview:large, max-video-preview:-1\" \/>\n<link rel=\"canonical\" href=\"https:\/\/www.esplac.cat\/1000-infants-i-monitores-celebren-la-diada-dels-drets-dels-infants\/\" \/>\n<meta property=\"og:locale\" content=\"en_US\" \/>\n<meta property=\"og:type\" content=\"article\" \/>\n<meta property=\"og:title\" content=\"1000 infants i monitores celebren la diada dels Drets dels Infants - Esplac\" \/>\n<meta property=\"og:description\" content=\"El proper dissabte 17 de novembre m\u00e9s de 1000 infants [&hellip;]\" \/>\n<meta property=\"og:url\" content=\"https:\/\/www.esplac.cat\/1000-infants-i-monitores-celebren-la-diada-dels-drets-dels-infants\/\" \/>\n<meta property=\"og:site_name\" content=\"Esplac\" \/>\n<meta property=\"article:published_time\" content=\"2012-11-15T16:24:56+00:00\" \/>\n<meta property=\"article:modified_time\" content=\"2019-11-14T11:38:42+00:00\" \/>\n<meta property=\"og:image\" content=\"https:\/\/www.esplac.cat\/wp-content\/uploads\/2019\/11\/logo-open.jpg\" \/>\n\t<meta property=\"og:image:width\" content=\"1200\" \/>\n\t<meta property=\"og:image:height\" content=\"630\" \/>\n\t<meta property=\"og:image:type\" content=\"image\/jpeg\" \/>\n<meta name=\"author\" content=\"Comunicaci\u00f3 Esplac\" \/>\n<meta name=\"twitter:card\" content=\"summary_large_image\" \/>\n<meta name=\"twitter:label1\" content=\"Written by\" \/>\n\t<meta name=\"twitter:data1\" content=\"Comunicaci\u00f3 Esplac\" \/>\n\t<meta name=\"twitter:label2\" content=\"Est. reading time\" \/>\n\t<meta name=\"twitter:data2\" content=\"2 minutes\" \/>\n<script type=\"application\/ld+json\" class=\"yoast-schema-graph\">{\"@context\":\"https:\\\/\\\/schema.org\",\"@graph\":[{\"@type\":\"Article\",\"@id\":\"https:\\\/\\\/www.esplac.cat\\\/1000-infants-i-monitores-celebren-la-diada-dels-drets-dels-infants\\\/#article\",\"isPartOf\":{\"@id\":\"https:\\\/\\\/www.esplac.cat\\\/1000-infants-i-monitores-celebren-la-diada-dels-drets-dels-infants\\\/\"},\"author\":{\"name\":\"Comunicaci\u00f3 Esplac\",\"@id\":\"https:\\\/\\\/www.esplac.cat\\\/#\\\/schema\\\/person\\\/908383cf240be18b68f8855d0583faca\"},\"headline\":\"1000 infants i monitores celebren la diada dels Drets dels Infants\",\"datePublished\":\"2012-11-15T16:24:56+00:00\",\"dateModified\":\"2019-11-14T11:38:42+00:00\",\"mainEntityOfPage\":{\"@id\":\"https:\\\/\\\/www.esplac.cat\\\/1000-infants-i-monitores-celebren-la-diada-dels-drets-dels-infants\\\/\"},\"wordCount\":479,\"commentCount\":0,\"publisher\":{\"@id\":\"https:\\\/\\\/www.esplac.cat\\\/#organization\"},\"keywords\":[\"drets dels infants\"],\"articleSection\":[\"Comunicats i posicionaments\",\"Inf\u00e0ncia i Esplaiada\"],\"inLanguage\":\"en-US\",\"potentialAction\":[{\"@type\":\"CommentAction\",\"name\":\"Comment\",\"target\":[\"https:\\\/\\\/www.esplac.cat\\\/1000-infants-i-monitores-celebren-la-diada-dels-drets-dels-infants\\\/#respond\"]}]},{\"@type\":\"WebPage\",\"@id\":\"https:\\\/\\\/www.esplac.cat\\\/1000-infants-i-monitores-celebren-la-diada-dels-drets-dels-infants\\\/\",\"url\":\"https:\\\/\\\/www.esplac.cat\\\/1000-infants-i-monitores-celebren-la-diada-dels-drets-dels-infants\\\/\",\"name\":\"1000 infants i monitores celebren la diada dels Drets dels Infants - Esplac\",\"isPartOf\":{\"@id\":\"https:\\\/\\\/www.esplac.cat\\\/#website\"},\"datePublished\":\"2012-11-15T16:24:56+00:00\",\"dateModified\":\"2019-11-14T11:38:42+00:00\",\"breadcrumb\":{\"@id\":\"https:\\\/\\\/www.esplac.cat\\\/1000-infants-i-monitores-celebren-la-diada-dels-drets-dels-infants\\\/#breadcrumb\"},\"inLanguage\":\"en-US\",\"potentialAction\":[{\"@type\":\"ReadAction\",\"target\":[\"https:\\\/\\\/www.esplac.cat\\\/1000-infants-i-monitores-celebren-la-diada-dels-drets-dels-infants\\\/\"]}]},{\"@type\":\"BreadcrumbList\",\"@id\":\"https:\\\/\\\/www.esplac.cat\\\/1000-infants-i-monitores-celebren-la-diada-dels-drets-dels-infants\\\/#breadcrumb\",\"itemListElement\":[{\"@type\":\"ListItem\",\"position\":1,\"name\":\"Inici\",\"item\":\"https:\\\/\\\/www.esplac.cat\\\/en\\\/\"},{\"@type\":\"ListItem\",\"position\":2,\"name\":\"1000 infants i monitores celebren la diada dels Drets dels Infants\"}]},{\"@type\":\"WebSite\",\"@id\":\"https:\\\/\\\/www.esplac.cat\\\/#website\",\"url\":\"https:\\\/\\\/www.esplac.cat\\\/\",\"name\":\"Esplac\",\"description\":\"Esplais Catalans\",\"publisher\":{\"@id\":\"https:\\\/\\\/www.esplac.cat\\\/#organization\"},\"potentialAction\":[{\"@type\":\"SearchAction\",\"target\":{\"@type\":\"EntryPoint\",\"urlTemplate\":\"https:\\\/\\\/www.esplac.cat\\\/?s={search_term_string}\"},\"query-input\":{\"@type\":\"PropertyValueSpecification\",\"valueRequired\":true,\"valueName\":\"search_term_string\"}}],\"inLanguage\":\"en-US\"},{\"@type\":\"Organization\",\"@id\":\"https:\\\/\\\/www.esplac.cat\\\/#organization\",\"name\":\"Esplac\",\"url\":\"https:\\\/\\\/www.esplac.cat\\\/\",\"logo\":{\"@type\":\"ImageObject\",\"inLanguage\":\"en-US\",\"@id\":\"https:\\\/\\\/www.esplac.cat\\\/#\\\/schema\\\/logo\\\/image\\\/\",\"url\":\"https:\\\/\\\/www.esplac.cat\\\/wp-content\\\/uploads\\\/2019\\\/08\\\/logox2.png\",\"contentUrl\":\"https:\\\/\\\/www.esplac.cat\\\/wp-content\\\/uploads\\\/2019\\\/08\\\/logox2.png\",\"width\":600,\"height\":295,\"caption\":\"Esplac\"},\"image\":{\"@id\":\"https:\\\/\\\/www.esplac.cat\\\/#\\\/schema\\\/logo\\\/image\\\/\"}},{\"@type\":\"Person\",\"@id\":\"https:\\\/\\\/www.esplac.cat\\\/#\\\/schema\\\/person\\\/908383cf240be18b68f8855d0583faca\",\"name\":\"Comunicaci\u00f3 Esplac\",\"image\":{\"@type\":\"ImageObject\",\"inLanguage\":\"en-US\",\"@id\":\"https:\\\/\\\/secure.gravatar.com\\\/avatar\\\/7a4cf8feb412a76ea4a740ca02d95b06b2907b5a6c648c2dd0a1082a093c3141?s=96&d=mm&r=g\",\"url\":\"https:\\\/\\\/secure.gravatar.com\\\/avatar\\\/7a4cf8feb412a76ea4a740ca02d95b06b2907b5a6c648c2dd0a1082a093c3141?s=96&d=mm&r=g\",\"contentUrl\":\"https:\\\/\\\/secure.gravatar.com\\\/avatar\\\/7a4cf8feb412a76ea4a740ca02d95b06b2907b5a6c648c2dd0a1082a093c3141?s=96&d=mm&r=g\",\"caption\":\"Comunicaci\u00f3 Esplac\"}}]}<\/script>\n<!-- \/ Yoast SEO plugin. -->","yoast_head_json":{"title":"1000 infants i monitores celebren la diada dels Drets dels Infants - Esplac","robots":{"index":"index","follow":"follow","max-snippet":"max-snippet:-1","max-image-preview":"max-image-preview:large","max-video-preview":"max-video-preview:-1"},"canonical":"https:\/\/www.esplac.cat\/1000-infants-i-monitores-celebren-la-diada-dels-drets-dels-infants\/","og_locale":"en_US","og_type":"article","og_title":"1000 infants i monitores celebren la diada dels Drets dels Infants - Esplac","og_description":"El proper dissabte 17 de novembre m\u00e9s de 1000 infants [&hellip;]","og_url":"https:\/\/www.esplac.cat\/1000-infants-i-monitores-celebren-la-diada-dels-drets-dels-infants\/","og_site_name":"Esplac","article_published_time":"2012-11-15T16:24:56+00:00","article_modified_time":"2019-11-14T11:38:42+00:00","og_image":[{"width":1200,"height":630,"url":"https:\/\/www.esplac.cat\/wp-content\/uploads\/2019\/11\/logo-open.jpg","type":"image\/jpeg"}],"author":"Comunicaci\u00f3 Esplac","twitter_card":"summary_large_image","twitter_misc":{"Written by":"Comunicaci\u00f3 Esplac","Est. reading time":"2 minutes"},"schema":{"@context":"https:\/\/schema.org","@graph":[{"@type":"Article","@id":"https:\/\/www.esplac.cat\/1000-infants-i-monitores-celebren-la-diada-dels-drets-dels-infants\/#article","isPartOf":{"@id":"https:\/\/www.esplac.cat\/1000-infants-i-monitores-celebren-la-diada-dels-drets-dels-infants\/"},"author":{"name":"Comunicaci\u00f3 Esplac","@id":"https:\/\/www.esplac.cat\/#\/schema\/person\/908383cf240be18b68f8855d0583faca"},"headline":"1000 infants i monitores celebren la diada dels Drets dels Infants","datePublished":"2012-11-15T16:24:56+00:00","dateModified":"2019-11-14T11:38:42+00:00","mainEntityOfPage":{"@id":"https:\/\/www.esplac.cat\/1000-infants-i-monitores-celebren-la-diada-dels-drets-dels-infants\/"},"wordCount":479,"commentCount":0,"publisher":{"@id":"https:\/\/www.esplac.cat\/#organization"},"keywords":["drets dels infants"],"articleSection":["Comunicats i posicionaments","Inf\u00e0ncia i Esplaiada"],"inLanguage":"en-US","potentialAction":[{"@type":"CommentAction","name":"Comment","target":["https:\/\/www.esplac.cat\/1000-infants-i-monitores-celebren-la-diada-dels-drets-dels-infants\/#respond"]}]},{"@type":"WebPage","@id":"https:\/\/www.esplac.cat\/1000-infants-i-monitores-celebren-la-diada-dels-drets-dels-infants\/","url":"https:\/\/www.esplac.cat\/1000-infants-i-monitores-celebren-la-diada-dels-drets-dels-infants\/","name":"1000 infants i monitores celebren la diada dels Drets dels Infants - Esplac","isPartOf":{"@id":"https:\/\/www.esplac.cat\/#website"},"datePublished":"2012-11-15T16:24:56+00:00","dateModified":"2019-11-14T11:38:42+00:00","breadcrumb":{"@id":"https:\/\/www.esplac.cat\/1000-infants-i-monitores-celebren-la-diada-dels-drets-dels-infants\/#breadcrumb"},"inLanguage":"en-US","potentialAction":[{"@type":"ReadAction","target":["https:\/\/www.esplac.cat\/1000-infants-i-monitores-celebren-la-diada-dels-drets-dels-infants\/"]}]},{"@type":"BreadcrumbList","@id":"https:\/\/www.esplac.cat\/1000-infants-i-monitores-celebren-la-diada-dels-drets-dels-infants\/#breadcrumb","itemListElement":[{"@type":"ListItem","position":1,"name":"Inici","item":"https:\/\/www.esplac.cat\/en\/"},{"@type":"ListItem","position":2,"name":"1000 infants i monitores celebren la diada dels Drets dels Infants"}]},{"@type":"WebSite","@id":"https:\/\/www.esplac.cat\/#website","url":"https:\/\/www.esplac.cat\/","name":"Esplac","description":"Esplais Catalans","publisher":{"@id":"https:\/\/www.esplac.cat\/#organization"},"potentialAction":[{"@type":"SearchAction","target":{"@type":"EntryPoint","urlTemplate":"https:\/\/www.esplac.cat\/?s={search_term_string}"},"query-input":{"@type":"PropertyValueSpecification","valueRequired":true,"valueName":"search_term_string"}}],"inLanguage":"en-US"},{"@type":"Organization","@id":"https:\/\/www.esplac.cat\/#organization","name":"Esplac","url":"https:\/\/www.esplac.cat\/","logo":{"@type":"ImageObject","inLanguage":"en-US","@id":"https:\/\/www.esplac.cat\/#\/schema\/logo\/image\/","url":"https:\/\/www.esplac.cat\/wp-content\/uploads\/2019\/08\/logox2.png","contentUrl":"https:\/\/www.esplac.cat\/wp-content\/uploads\/2019\/08\/logox2.png","width":600,"height":295,"caption":"Esplac"},"image":{"@id":"https:\/\/www.esplac.cat\/#\/schema\/logo\/image\/"}},{"@type":"Person","@id":"https:\/\/www.esplac.cat\/#\/schema\/person\/908383cf240be18b68f8855d0583faca","name":"Comunicaci\u00f3 Esplac","image":{"@type":"ImageObject","inLanguage":"en-US","@id":"https:\/\/secure.gravatar.com\/avatar\/7a4cf8feb412a76ea4a740ca02d95b06b2907b5a6c648c2dd0a1082a093c3141?s=96&d=mm&r=g","url":"https:\/\/secure.gravatar.com\/avatar\/7a4cf8feb412a76ea4a740ca02d95b06b2907b5a6c648c2dd0a1082a093c3141?s=96&d=mm&r=g","contentUrl":"https:\/\/secure.gravatar.com\/avatar\/7a4cf8feb412a76ea4a740ca02d95b06b2907b5a6c648c2dd0a1082a093c3141?s=96&d=mm&r=g","caption":"Comunicaci\u00f3 Esplac"}}]}},"_links":{"self":[{"href":"https:\/\/www.esplac.cat\/en\/wp-json\/wp\/v2\/posts\/26023","targetHints":{"allow":["GET"]}}],"collection":[{"href":"https:\/\/www.esplac.cat\/en\/wp-json\/wp\/v2\/posts"}],"about":[{"href":"https:\/\/www.esplac.cat\/en\/wp-json\/wp\/v2\/types\/post"}],"author":[{"embeddable":true,"href":"https:\/\/www.esplac.cat\/en\/wp-json\/wp\/v2\/users\/3"}],"replies":[{"embeddable":true,"href":"https:\/\/www.esplac.cat\/en\/wp-json\/wp\/v2\/comments?post=26023"}],"version-history":[{"count":0,"href":"https:\/\/www.esplac.cat\/en\/wp-json\/wp\/v2\/posts\/26023\/revisions"}],"wp:attachment":[{"href":"https:\/\/www.esplac.cat\/en\/wp-json\/wp\/v2\/media?parent=26023"}],"wp:term":[{"taxonomy":"category","embeddable":true,"href":"https:\/\/www.esplac.cat\/en\/wp-json\/wp\/v2\/categories?post=26023"},{"taxonomy":"post_tag","embeddable":true,"href":"https:\/\/www.esplac.cat\/en\/wp-json\/wp\/v2\/tags?post=26023"}],"curies":[{"name":"wp","href":"https:\/\/api.w.org\/{rel}","templated":true}]}}