{"id":26025,"date":"2012-11-08T18:30:10","date_gmt":"2012-11-08T16:30:10","guid":{"rendered":"http:\/\/esplac.cat\/?p=2469"},"modified":"2019-11-14T13:38:42","modified_gmt":"2019-11-14T11:38:42","slug":"esplais-celebren-drets-infants-2012","status":"publish","type":"post","link":"https:\/\/www.esplac.cat\/en\/esplais-celebren-drets-infants-2012\/","title":{"rendered":"Els esplais celebren els drets dels infants"},"content":{"rendered":"<p align=\"JUSTIFY\">La celebraci\u00f3 de la diada internacional dels drets dels infants continua sent una activitat estrella de molts dels sectors territorials d&#8217;Esplais Catalans. Com cada 20 de novembre, els esplais organitzen activitats de treball i sensibilitzaci\u00f3 sobre els drets dels infants per als infants dels esplais i per la ciutadania en general conjuntament amb els esplais del sector del que formen part.<\/p>\n<p align=\"JUSTIFY\">Enguany cinc sectors mantenen viva la tradici\u00f3: <strong>Barcelon\u00e8s-nord<\/strong>, <strong>Baix-Llobregat<\/strong>, <strong>Bages-Bergued\u00e0<\/strong>, <strong>Pened\u00e8s-Garraf<\/strong> i <strong>Vall\u00e8s<\/strong>. En la majoria dels casos, els sectors han organitzat una part de la seva celebraci\u00f3 per donar cabuda tamb\u00e9 a infants que no van a l&#8217;esplai per\u00f2 que volen sumar-se a la reivindicaci\u00f3 i aprenentatge dels drets, aix\u00ed com per als adults que els acompanyin!<\/p>\n<p align=\"JUSTIFY\">I a <strong>Barcelona<\/strong> no podia faltar la ja consolidada \u201cFesta de la Inf\u00e0ncia\u201d, que per tercer any consecutiu organitza <a href=\"http:\/\/www.xarxadretsinfants.cat\/%20\">la Xarxa dels Drets dels Infants de la ciutat<\/a>, de la que Esplac en forma part.<\/p>\n<p align=\"JUSTIFY\">Totes elles es duran a terme el <strong>dissabte 17 de novembre<\/strong> amb programacions variades.<\/p>\n<p>&nbsp;<\/p>\n<table border=\"0\">\n<tbody>\n<tr>\n<td style=\"border: 1px solid #000000;\"><span style=\"color: #ff6600;\"><strong>Bages-Bergued\u00e0<\/strong><\/span><\/td>\n<td style=\"border: 1px solid #000000;\"><strong>Diada d&#8217;activitats obertes per a tothom!<\/strong><br \/>\n<strong>Lloc:<\/strong> Sallent, les activitats es desenvoluparan principalment a la Pla\u00e7a Sant Antoni Maria Claret.<br \/>\n<strong>Programaci\u00f3:<br \/>\n<\/strong>11:15h. El joc dels Drets.<br \/>\n14:00h. Dinar popular (tothom el porta de casa) .<br \/>\n16:00h. Animaci\u00f3 infantil i jocs grans pels m\u00e9s petits, i un joc d&#8217;orientaci\u00f3 sobre els drets per a joves a partir de 12 anys.<br \/>\n19:00h. Fi de festa<\/td>\n<\/tr>\n<tr>\n<td style=\"border: 1px solid #000000;\"><span style=\"color: #ff6600;\"><strong>Baix Llobregat\u00a0<\/strong><\/span><\/td>\n<td style=\"border: 1px solid #000000;\"><strong>Activitats per als esplais del sector.<\/strong><br \/>\n<strong>Lloc:<\/strong> Cornell\u00e0, Can Mercader<br \/>\n<strong>Programaci\u00f3<br \/>\n<\/strong>10:30h Rua reivindicativa fins al parc de Can Mercader, sortint des de l&#8217;estaci\u00f3 de Renfe i l&#8217;estaci\u00f3 de FFCC.<br \/>\n11:00h Lip Dub<br \/>\n13:30h Dinar<br \/>\n15:00 6 racons cadascun dedicat a una franja d&#8217;edat, per treballar els drets dels infants mitjan\u00e7ant, din\u00e0miques, teatre, gimcanes, jocs i diferents activitats.<br \/>\n18:00h Berenar<br \/>\n18:30h Cloenda<\/td>\n<\/tr>\n<tr>\n<td style=\"border: 1px solid #000000;\"><span style=\"color: #ff6600;\"><strong>Barcelon\u00e8s Nord<\/strong><\/span><\/td>\n<td style=\"border: 1px solid #000000;\"><strong>Juguem per celebrar els Drets dels Infants<\/strong><br \/>\n<strong>Lloc:<\/strong> Badalona, Parc de Can Solei<br \/>\n<strong>Programaci\u00f3<br \/>\n<\/strong>16:30h Inici\u00a0Gran Gincama al Parc de Can Solei de Badalona<br \/>\n18:00h Fi<br \/>\n18h30 Berenar<\/td>\n<\/tr>\n<tr>\n<td style=\"border: 1px solid #000000;\"><span style=\"color: #ff6600;\"><strong>Pened\u00e8s-Garraf<\/strong><\/span><\/td>\n<td style=\"border: 1px solid #000000;\"><strong>Lloc:<\/strong> Vilanova i la Geltr\u00fa<br \/>\n<strong>Programaci\u00f3<\/strong><br \/>\n11:00h Arribada dels diferents esplais i jocs de coneixen\u00e7a.<br \/>\n12:00h Manifestaci\u00f3 per la vila per donar a con\u00e8ixer i reivindicar els Drets dels Infants. En acabar, lectura del manifest.<br \/>\n14h:00 Dinar. Es conviden als esplais de la ciutat a dinar.<br \/>\n15:00h Jocs i din\u00e0miques per grups d&#8217;edat.<br \/>\n15.30h Espectacle infantil.<br \/>\n16.30h: Lectura manifest i Drets. A continuaci\u00f3 Cantada de la Coral Estrop.<br \/>\n17h: Parlaments <\/td>\n<\/tr>\n<tr>\n<td style=\"border: 1px solid #000000;\"><span style=\"color: #ff6600;\"><strong>\u00a0Vall\u00e8s<\/strong><\/span><\/td>\n<td style=\"border: 1px solid #000000;\"><strong>Teatre de l&#8217;oprimit i cercavila obertes a tothom!<\/strong><\/p>\n<p align=\"LEFT\"><strong>Lloc:<\/strong> Rub\u00ed<br \/>\n<strong>Programaci\u00f3<\/strong><br \/>\n10:00 inici de la Diada a diferents punts de la ciutat.<br \/>\n14:00 Tothom a dinar a la P\u00e7a. Esgl\u00e8sia.<br \/>\n15:00 Preparaci\u00f3 de la cercavila.<br \/>\n17:00 Comen\u00e7a la cercavila per Rub\u00ed.<\/p>\n<\/td>\n<\/tr>\n<tr>\n<td style=\"border: 1px solid #000000; text-align: left;\"><span style=\"color: #ff6600;\"><strong><span style=\"font-family: Arial, sans-serif;\">Barcelona<\/span><\/strong><\/span><\/td>\n<td style=\"border: 1px solid #000000; text-align: left;\">\n<p style=\"text-align: left;\" align=\"JUSTIFY\"><strong>Passeu i vegeu els drets dels infants<\/strong><br \/>\n<strong>Lloc:<\/strong> Barcelona, Parc de la Ciutadella<br \/>\n<strong>Horari:<\/strong> 10:30 \u2013 14,30h. Activitat oberta a tothom.<br \/>\nEntre totes les organitzacions participants a la Xarxa d&#8217;Inf\u00e0ncia de Barcelona en la qual Esplac hi participa, s&#8217;ha creat una gimcana de la que podran participar tots els infants que s&#8217;apropin al parc. La gimcana constar\u00e0 de diferents espais:<br \/>\n&#8211; Espai 0-3 anys: espai especialment destinat a infants d&#8217;aquest grup d&#8217;edat.<br \/>\n&#8211; Quatre espais emmarcats amb l&#8217;eix tem\u00e0tic del circ (espai protecci\u00f3, espai prevenci\u00f3, espai provisi\u00f3 i espai participaci\u00f3) vinculant el simbolisme d&#8217;aquest amb els diferents drets.<br \/>\n&#8211; \u201cEspai queixa\u201d on els infants poden dir la seva, a la vegada que hi poden rebre informaci\u00f3 sobre on denunciar les violacions que descobreixin i sobre les entitats que preparen la festa.<\/p>\n<\/td>\n<\/tr>\n<tr>\n<td style=\"border: 1px solid #000000;\"><span style=\"color: #ff6600;\"><strong>Osona-Ripoll\u00e8s<\/strong><\/span><\/td>\n<td style=\"border: 1px solid #000000;\">\n<p align=\"JUSTIFY\">El novell sector enguany no celebra encara la diada com a sector, tot i que hi ha esplais, com el G\u00fcitxi-G\u00fcitxi que s\u00ed ho fan des de fa temps.<\/p>\n<\/td>\n<\/tr>\n<tr>\n<td style=\"border: 1px solid #000000;\">\u00a0<span style=\"color: #ff6600;\"><strong>Altres<\/strong><\/span><\/td>\n<td style=\"border: 1px solid #000000;\">\n<p style=\"text-align: left;\" align=\"JUSTIFY\">I cal no oblidar que molts altres esplais, com l&#8217;<a title=\"Esplai Olivera Rodona\" href=\"https:\/\/www.facebook.com\/events\/383153691763273\/?notif_t=plan_user_invited\">Olivera Rodona<\/a> que, tot i que no participen en trobades conjuntes amb els seus sectors, no deixen passar per alt aquesta data i organitzen activitats especials per a l&#8217;esplai o conjuntament amb les altres entitats de lleure de la seva poblaci\u00f3.<\/p>\n<\/td>\n<\/tr>\n<\/tbody>\n<\/table>\n","protected":false},"excerpt":{"rendered":"<p>La celebraci\u00f3 de la diada internacional dels drets dels infants [&hellip;]<\/p>\n","protected":false},"author":3,"featured_media":26026,"comment_status":"open","ping_status":"open","sticky":false,"template":"","format":"standard","meta":{"om_disable_all_campaigns":false,"_monsterinsights_skip_tracking":false,"_monsterinsights_sitenote_active":false,"_monsterinsights_sitenote_note":"","_monsterinsights_sitenote_category":0,"_uf_show_specific_survey":0,"_uf_disable_surveys":false,"footnotes":""},"categories":[1110,1167],"tags":[45],"class_list":["post-26025","post","type-post","status-publish","format-standard","has-post-thumbnail","hentry","category-activitats-sectors","category-infancia","tag-drets-dels-infants"],"yoast_head":"<!-- This site is optimized with the Yoast SEO plugin v27.4 - https:\/\/yoast.com\/product\/yoast-seo-wordpress\/ -->\n<title>Els esplais celebren els drets dels infants - Esplac<\/title>\n<meta name=\"robots\" content=\"index, follow, max-snippet:-1, max-image-preview:large, max-video-preview:-1\" \/>\n<link rel=\"canonical\" href=\"https:\/\/www.esplac.cat\/esplais-celebren-drets-infants-2012\/\" \/>\n<meta property=\"og:locale\" content=\"en_US\" \/>\n<meta property=\"og:type\" content=\"article\" \/>\n<meta property=\"og:title\" content=\"Els esplais celebren els drets dels infants - Esplac\" \/>\n<meta property=\"og:description\" content=\"La celebraci\u00f3 de la diada internacional dels drets dels infants [&hellip;]\" \/>\n<meta property=\"og:url\" content=\"https:\/\/www.esplac.cat\/esplais-celebren-drets-infants-2012\/\" \/>\n<meta property=\"og:site_name\" content=\"Esplac\" \/>\n<meta property=\"article:published_time\" content=\"2012-11-08T16:30:10+00:00\" \/>\n<meta property=\"article:modified_time\" content=\"2019-11-14T11:38:42+00:00\" \/>\n<meta property=\"og:image\" content=\"https:\/\/www.esplac.cat\/wp-content\/uploads\/2012\/11\/dretsinfants_bb3.jpg\" \/>\n\t<meta property=\"og:image:width\" content=\"640\" \/>\n\t<meta property=\"og:image:height\" content=\"480\" \/>\n\t<meta property=\"og:image:type\" content=\"image\/jpeg\" \/>\n<meta name=\"author\" content=\"Comunicaci\u00f3 Esplac\" \/>\n<meta name=\"twitter:card\" content=\"summary_large_image\" \/>\n<meta name=\"twitter:label1\" content=\"Written by\" \/>\n\t<meta name=\"twitter:data1\" content=\"Comunicaci\u00f3 Esplac\" \/>\n\t<meta name=\"twitter:label2\" content=\"Est. reading time\" \/>\n\t<meta name=\"twitter:data2\" content=\"4 minutes\" \/>\n<script type=\"application\/ld+json\" class=\"yoast-schema-graph\">{\"@context\":\"https:\\\/\\\/schema.org\",\"@graph\":[{\"@type\":\"Article\",\"@id\":\"https:\\\/\\\/www.esplac.cat\\\/esplais-celebren-drets-infants-2012\\\/#article\",\"isPartOf\":{\"@id\":\"https:\\\/\\\/www.esplac.cat\\\/esplais-celebren-drets-infants-2012\\\/\"},\"author\":{\"name\":\"Comunicaci\u00f3 Esplac\",\"@id\":\"https:\\\/\\\/www.esplac.cat\\\/#\\\/schema\\\/person\\\/908383cf240be18b68f8855d0583faca\"},\"headline\":\"Els esplais celebren els drets dels infants\",\"datePublished\":\"2012-11-08T16:30:10+00:00\",\"dateModified\":\"2019-11-14T11:38:42+00:00\",\"mainEntityOfPage\":{\"@id\":\"https:\\\/\\\/www.esplac.cat\\\/esplais-celebren-drets-infants-2012\\\/\"},\"wordCount\":779,\"commentCount\":0,\"publisher\":{\"@id\":\"https:\\\/\\\/www.esplac.cat\\\/#organization\"},\"image\":{\"@id\":\"https:\\\/\\\/www.esplac.cat\\\/esplais-celebren-drets-infants-2012\\\/#primaryimage\"},\"thumbnailUrl\":\"https:\\\/\\\/www.esplac.cat\\\/wp-content\\\/uploads\\\/2012\\\/11\\\/dretsinfants_bb3.jpg\",\"keywords\":[\"drets dels infants\"],\"articleSection\":[\"Activitats sectors\",\"Inf\u00e0ncia i Esplaiada\"],\"inLanguage\":\"en-US\",\"potentialAction\":[{\"@type\":\"CommentAction\",\"name\":\"Comment\",\"target\":[\"https:\\\/\\\/www.esplac.cat\\\/esplais-celebren-drets-infants-2012\\\/#respond\"]}]},{\"@type\":\"WebPage\",\"@id\":\"https:\\\/\\\/www.esplac.cat\\\/esplais-celebren-drets-infants-2012\\\/\",\"url\":\"https:\\\/\\\/www.esplac.cat\\\/esplais-celebren-drets-infants-2012\\\/\",\"name\":\"Els esplais celebren els drets dels infants - Esplac\",\"isPartOf\":{\"@id\":\"https:\\\/\\\/www.esplac.cat\\\/#website\"},\"primaryImageOfPage\":{\"@id\":\"https:\\\/\\\/www.esplac.cat\\\/esplais-celebren-drets-infants-2012\\\/#primaryimage\"},\"image\":{\"@id\":\"https:\\\/\\\/www.esplac.cat\\\/esplais-celebren-drets-infants-2012\\\/#primaryimage\"},\"thumbnailUrl\":\"https:\\\/\\\/www.esplac.cat\\\/wp-content\\\/uploads\\\/2012\\\/11\\\/dretsinfants_bb3.jpg\",\"datePublished\":\"2012-11-08T16:30:10+00:00\",\"dateModified\":\"2019-11-14T11:38:42+00:00\",\"breadcrumb\":{\"@id\":\"https:\\\/\\\/www.esplac.cat\\\/esplais-celebren-drets-infants-2012\\\/#breadcrumb\"},\"inLanguage\":\"en-US\",\"potentialAction\":[{\"@type\":\"ReadAction\",\"target\":[\"https:\\\/\\\/www.esplac.cat\\\/esplais-celebren-drets-infants-2012\\\/\"]}]},{\"@type\":\"ImageObject\",\"inLanguage\":\"en-US\",\"@id\":\"https:\\\/\\\/www.esplac.cat\\\/esplais-celebren-drets-infants-2012\\\/#primaryimage\",\"url\":\"https:\\\/\\\/www.esplac.cat\\\/wp-content\\\/uploads\\\/2012\\\/11\\\/dretsinfants_bb3.jpg\",\"contentUrl\":\"https:\\\/\\\/www.esplac.cat\\\/wp-content\\\/uploads\\\/2012\\\/11\\\/dretsinfants_bb3.jpg\",\"width\":640,\"height\":480},{\"@type\":\"BreadcrumbList\",\"@id\":\"https:\\\/\\\/www.esplac.cat\\\/esplais-celebren-drets-infants-2012\\\/#breadcrumb\",\"itemListElement\":[{\"@type\":\"ListItem\",\"position\":1,\"name\":\"Inici\",\"item\":\"https:\\\/\\\/www.esplac.cat\\\/en\\\/\"},{\"@type\":\"ListItem\",\"position\":2,\"name\":\"Els esplais celebren els drets dels infants\"}]},{\"@type\":\"WebSite\",\"@id\":\"https:\\\/\\\/www.esplac.cat\\\/#website\",\"url\":\"https:\\\/\\\/www.esplac.cat\\\/\",\"name\":\"Esplac\",\"description\":\"Esplais Catalans\",\"publisher\":{\"@id\":\"https:\\\/\\\/www.esplac.cat\\\/#organization\"},\"potentialAction\":[{\"@type\":\"SearchAction\",\"target\":{\"@type\":\"EntryPoint\",\"urlTemplate\":\"https:\\\/\\\/www.esplac.cat\\\/?s={search_term_string}\"},\"query-input\":{\"@type\":\"PropertyValueSpecification\",\"valueRequired\":true,\"valueName\":\"search_term_string\"}}],\"inLanguage\":\"en-US\"},{\"@type\":\"Organization\",\"@id\":\"https:\\\/\\\/www.esplac.cat\\\/#organization\",\"name\":\"Esplac\",\"url\":\"https:\\\/\\\/www.esplac.cat\\\/\",\"logo\":{\"@type\":\"ImageObject\",\"inLanguage\":\"en-US\",\"@id\":\"https:\\\/\\\/www.esplac.cat\\\/#\\\/schema\\\/logo\\\/image\\\/\",\"url\":\"https:\\\/\\\/www.esplac.cat\\\/wp-content\\\/uploads\\\/2019\\\/08\\\/logox2.png\",\"contentUrl\":\"https:\\\/\\\/www.esplac.cat\\\/wp-content\\\/uploads\\\/2019\\\/08\\\/logox2.png\",\"width\":600,\"height\":295,\"caption\":\"Esplac\"},\"image\":{\"@id\":\"https:\\\/\\\/www.esplac.cat\\\/#\\\/schema\\\/logo\\\/image\\\/\"}},{\"@type\":\"Person\",\"@id\":\"https:\\\/\\\/www.esplac.cat\\\/#\\\/schema\\\/person\\\/908383cf240be18b68f8855d0583faca\",\"name\":\"Comunicaci\u00f3 Esplac\",\"image\":{\"@type\":\"ImageObject\",\"inLanguage\":\"en-US\",\"@id\":\"https:\\\/\\\/secure.gravatar.com\\\/avatar\\\/7a4cf8feb412a76ea4a740ca02d95b06b2907b5a6c648c2dd0a1082a093c3141?s=96&d=mm&r=g\",\"url\":\"https:\\\/\\\/secure.gravatar.com\\\/avatar\\\/7a4cf8feb412a76ea4a740ca02d95b06b2907b5a6c648c2dd0a1082a093c3141?s=96&d=mm&r=g\",\"contentUrl\":\"https:\\\/\\\/secure.gravatar.com\\\/avatar\\\/7a4cf8feb412a76ea4a740ca02d95b06b2907b5a6c648c2dd0a1082a093c3141?s=96&d=mm&r=g\",\"caption\":\"Comunicaci\u00f3 Esplac\"}}]}<\/script>\n<!-- \/ Yoast SEO plugin. -->","yoast_head_json":{"title":"Els esplais celebren els drets dels infants - Esplac","robots":{"index":"index","follow":"follow","max-snippet":"max-snippet:-1","max-image-preview":"max-image-preview:large","max-video-preview":"max-video-preview:-1"},"canonical":"https:\/\/www.esplac.cat\/esplais-celebren-drets-infants-2012\/","og_locale":"en_US","og_type":"article","og_title":"Els esplais celebren els drets dels infants - Esplac","og_description":"La celebraci\u00f3 de la diada internacional dels drets dels infants [&hellip;]","og_url":"https:\/\/www.esplac.cat\/esplais-celebren-drets-infants-2012\/","og_site_name":"Esplac","article_published_time":"2012-11-08T16:30:10+00:00","article_modified_time":"2019-11-14T11:38:42+00:00","og_image":[{"width":640,"height":480,"url":"https:\/\/www.esplac.cat\/wp-content\/uploads\/2012\/11\/dretsinfants_bb3.jpg","type":"image\/jpeg"}],"author":"Comunicaci\u00f3 Esplac","twitter_card":"summary_large_image","twitter_misc":{"Written by":"Comunicaci\u00f3 Esplac","Est. reading time":"4 minutes"},"schema":{"@context":"https:\/\/schema.org","@graph":[{"@type":"Article","@id":"https:\/\/www.esplac.cat\/esplais-celebren-drets-infants-2012\/#article","isPartOf":{"@id":"https:\/\/www.esplac.cat\/esplais-celebren-drets-infants-2012\/"},"author":{"name":"Comunicaci\u00f3 Esplac","@id":"https:\/\/www.esplac.cat\/#\/schema\/person\/908383cf240be18b68f8855d0583faca"},"headline":"Els esplais celebren els drets dels infants","datePublished":"2012-11-08T16:30:10+00:00","dateModified":"2019-11-14T11:38:42+00:00","mainEntityOfPage":{"@id":"https:\/\/www.esplac.cat\/esplais-celebren-drets-infants-2012\/"},"wordCount":779,"commentCount":0,"publisher":{"@id":"https:\/\/www.esplac.cat\/#organization"},"image":{"@id":"https:\/\/www.esplac.cat\/esplais-celebren-drets-infants-2012\/#primaryimage"},"thumbnailUrl":"https:\/\/www.esplac.cat\/wp-content\/uploads\/2012\/11\/dretsinfants_bb3.jpg","keywords":["drets dels infants"],"articleSection":["Activitats sectors","Inf\u00e0ncia i Esplaiada"],"inLanguage":"en-US","potentialAction":[{"@type":"CommentAction","name":"Comment","target":["https:\/\/www.esplac.cat\/esplais-celebren-drets-infants-2012\/#respond"]}]},{"@type":"WebPage","@id":"https:\/\/www.esplac.cat\/esplais-celebren-drets-infants-2012\/","url":"https:\/\/www.esplac.cat\/esplais-celebren-drets-infants-2012\/","name":"Els esplais celebren els drets dels infants - Esplac","isPartOf":{"@id":"https:\/\/www.esplac.cat\/#website"},"primaryImageOfPage":{"@id":"https:\/\/www.esplac.cat\/esplais-celebren-drets-infants-2012\/#primaryimage"},"image":{"@id":"https:\/\/www.esplac.cat\/esplais-celebren-drets-infants-2012\/#primaryimage"},"thumbnailUrl":"https:\/\/www.esplac.cat\/wp-content\/uploads\/2012\/11\/dretsinfants_bb3.jpg","datePublished":"2012-11-08T16:30:10+00:00","dateModified":"2019-11-14T11:38:42+00:00","breadcrumb":{"@id":"https:\/\/www.esplac.cat\/esplais-celebren-drets-infants-2012\/#breadcrumb"},"inLanguage":"en-US","potentialAction":[{"@type":"ReadAction","target":["https:\/\/www.esplac.cat\/esplais-celebren-drets-infants-2012\/"]}]},{"@type":"ImageObject","inLanguage":"en-US","@id":"https:\/\/www.esplac.cat\/esplais-celebren-drets-infants-2012\/#primaryimage","url":"https:\/\/www.esplac.cat\/wp-content\/uploads\/2012\/11\/dretsinfants_bb3.jpg","contentUrl":"https:\/\/www.esplac.cat\/wp-content\/uploads\/2012\/11\/dretsinfants_bb3.jpg","width":640,"height":480},{"@type":"BreadcrumbList","@id":"https:\/\/www.esplac.cat\/esplais-celebren-drets-infants-2012\/#breadcrumb","itemListElement":[{"@type":"ListItem","position":1,"name":"Inici","item":"https:\/\/www.esplac.cat\/en\/"},{"@type":"ListItem","position":2,"name":"Els esplais celebren els drets dels infants"}]},{"@type":"WebSite","@id":"https:\/\/www.esplac.cat\/#website","url":"https:\/\/www.esplac.cat\/","name":"Esplac","description":"Esplais Catalans","publisher":{"@id":"https:\/\/www.esplac.cat\/#organization"},"potentialAction":[{"@type":"SearchAction","target":{"@type":"EntryPoint","urlTemplate":"https:\/\/www.esplac.cat\/?s={search_term_string}"},"query-input":{"@type":"PropertyValueSpecification","valueRequired":true,"valueName":"search_term_string"}}],"inLanguage":"en-US"},{"@type":"Organization","@id":"https:\/\/www.esplac.cat\/#organization","name":"Esplac","url":"https:\/\/www.esplac.cat\/","logo":{"@type":"ImageObject","inLanguage":"en-US","@id":"https:\/\/www.esplac.cat\/#\/schema\/logo\/image\/","url":"https:\/\/www.esplac.cat\/wp-content\/uploads\/2019\/08\/logox2.png","contentUrl":"https:\/\/www.esplac.cat\/wp-content\/uploads\/2019\/08\/logox2.png","width":600,"height":295,"caption":"Esplac"},"image":{"@id":"https:\/\/www.esplac.cat\/#\/schema\/logo\/image\/"}},{"@type":"Person","@id":"https:\/\/www.esplac.cat\/#\/schema\/person\/908383cf240be18b68f8855d0583faca","name":"Comunicaci\u00f3 Esplac","image":{"@type":"ImageObject","inLanguage":"en-US","@id":"https:\/\/secure.gravatar.com\/avatar\/7a4cf8feb412a76ea4a740ca02d95b06b2907b5a6c648c2dd0a1082a093c3141?s=96&d=mm&r=g","url":"https:\/\/secure.gravatar.com\/avatar\/7a4cf8feb412a76ea4a740ca02d95b06b2907b5a6c648c2dd0a1082a093c3141?s=96&d=mm&r=g","contentUrl":"https:\/\/secure.gravatar.com\/avatar\/7a4cf8feb412a76ea4a740ca02d95b06b2907b5a6c648c2dd0a1082a093c3141?s=96&d=mm&r=g","caption":"Comunicaci\u00f3 Esplac"}}]}},"_links":{"self":[{"href":"https:\/\/www.esplac.cat\/en\/wp-json\/wp\/v2\/posts\/26025","targetHints":{"allow":["GET"]}}],"collection":[{"href":"https:\/\/www.esplac.cat\/en\/wp-json\/wp\/v2\/posts"}],"about":[{"href":"https:\/\/www.esplac.cat\/en\/wp-json\/wp\/v2\/types\/post"}],"author":[{"embeddable":true,"href":"https:\/\/www.esplac.cat\/en\/wp-json\/wp\/v2\/users\/3"}],"replies":[{"embeddable":true,"href":"https:\/\/www.esplac.cat\/en\/wp-json\/wp\/v2\/comments?post=26025"}],"version-history":[{"count":0,"href":"https:\/\/www.esplac.cat\/en\/wp-json\/wp\/v2\/posts\/26025\/revisions"}],"wp:featuredmedia":[{"embeddable":true,"href":"https:\/\/www.esplac.cat\/en\/wp-json\/wp\/v2\/media\/26026"}],"wp:attachment":[{"href":"https:\/\/www.esplac.cat\/en\/wp-json\/wp\/v2\/media?parent=26025"}],"wp:term":[{"taxonomy":"category","embeddable":true,"href":"https:\/\/www.esplac.cat\/en\/wp-json\/wp\/v2\/categories?post=26025"},{"taxonomy":"post_tag","embeddable":true,"href":"https:\/\/www.esplac.cat\/en\/wp-json\/wp\/v2\/tags?post=26025"}],"curies":[{"name":"wp","href":"https:\/\/api.w.org\/{rel}","templated":true}]}}