{"id":26027,"date":"2012-11-07T15:04:55","date_gmt":"2012-11-07T13:04:55","guid":{"rendered":"http:\/\/esplac.cat\/?p=2461"},"modified":"2019-11-14T13:38:42","modified_gmt":"2019-11-14T11:38:42","slug":"mes-recursos-per-a-la-diada-dels-drets-dels-infants","status":"publish","type":"post","link":"https:\/\/www.esplac.cat\/en\/mes-recursos-per-a-la-diada-dels-drets-dels-infants\/","title":{"rendered":"M\u00e9s recursos per a la Diada dels drets dels infants"},"content":{"rendered":"<p align=\"JUSTIFY\">Si amb les <a title=\"quan s'acosta la diada dels drets dels infants cal estar preparades\" href=\"http:\/\/esplac.cat\/quan-sacosta-la-diada-dels-drets-dels-infants-cal-estar-preparades\/\">\u00faltimes recomanacions de recursos per a la diada dels drets dels infants<\/a>\u00a0no en vau tenir prou, aqu\u00ed us en fem algunes propostes que no venen directament d&#8217;Esplais Catalans, per\u00f2 que ens han semblat molt interessants!<\/p>\n<ul>\n<li><strong>ELS DRETS DELS INFANTS I EL G\u00c8NERE<\/strong><\/li>\n<\/ul>\n<p>Si us interessa centrar-vos en un dret molt concret (el dret a la no discriminaci\u00f3 per ra\u00f3 de sexe\/g\u00e8nere i a la igualtat de g\u00e8nere), no dubteu a fer una ullada a les noves propostes pedag\u00f2giques que ha preparat enguany la Plataforma de Organizaciones para la Infancia: <a href=\"http:\/\/plataformadeinfancia.org\/content\/dia-de-infancia-colocara-las-lentes-de-genero%20\">Derechos de la infancia con lentes de g\u00e9nero<\/a>.<\/p>\n<ul>\n<li><strong>LA SITUACI\u00d3 DELS DRETS DELS INFANTS A LA NOSTRA REALITAT<\/strong><\/li>\n<\/ul>\n<p align=\"JUSTIFY\">La Xarxa de la Inf\u00e0ncia i Adolesc\u00e8ncia de Barcelona proposa un <a href=\"http:\/\/esplac.cat\/wp-content\/uploads\/2012\/11\/activitats_festa_infancia.pdf\">parell d&#8217;activitats<\/a>\u00a0que giren al voltant de l&#8217;an\u00e0lisi de la situaci\u00f3 dels drets dels infants als nostres barris i poblacions. Tot i que el material est\u00e0 pensat per preparar la festa que celebra aquesta plataforma d&#8217;entitats, de la que Esplac en forma part, les activitats poden ser \u00fatils per a qualsevol esplai i en qualsevol moment, no cal esperar al 20N.<\/p>\n<p align=\"JUSTIFY\">Si per contra, el que voleu s\u00f3n dades objectives sobre l&#8217;estat del dret a un nivell de vida dignat, segur que us interessar\u00e0 l&#8217;<a href=\"http:\/\/sindic.cat\/site\/unitFiles\/3346\/Informe%20sobre%20pobresa%20infantil%20setembre%202012.pdf%20\">interessant\u00edssim informe sobre l&#8217;estat de la inf\u00e0ncia en relaci\u00f3 a la pobresa<\/a> que ha publicat recentment l&#8217;adjunta d&#8217;inf\u00e0ncia del S\u00edndic de greuges de Catalunya.<\/p>\n<ul>\n<li><strong>I SI SOU DE BARCELONA&#8230;<\/strong><\/li>\n<\/ul>\n<p align=\"JUSTIFY\">L&#8217;ONG Educaci\u00f3 Sense Fronteres ens convida a participar a un <a href=\"http:\/\/www.educacionsinfronteras.org\/es\/82\/641294\/\">concurs de creaci\u00f3 pl\u00e0stica i liter\u00e0ria vinculat al tema dels Objectius de Desenvolupament del Mil\u00b7leni <\/a>per a nois i noies d\u2019edats compreses entre 7-14 anys.<\/p>\n","protected":false},"excerpt":{"rendered":"<p>Si amb les \u00faltimes recomanacions de recursos per a la [&hellip;]<\/p>\n","protected":false},"author":3,"featured_media":26028,"comment_status":"open","ping_status":"open","sticky":false,"template":"","format":"standard","meta":{"om_disable_all_campaigns":false,"_monsterinsights_skip_tracking":false,"_monsterinsights_sitenote_active":false,"_monsterinsights_sitenote_note":"","_monsterinsights_sitenote_category":0,"_uf_show_specific_survey":0,"_uf_disable_surveys":false,"footnotes":""},"categories":[1167,1114],"tags":[45],"class_list":["post-26027","post","type-post","status-publish","format-standard","has-post-thumbnail","hentry","category-infancia","category-recursos","tag-drets-dels-infants"],"yoast_head":"<!-- This site is optimized with the Yoast SEO plugin v27.4 - https:\/\/yoast.com\/product\/yoast-seo-wordpress\/ -->\n<title>M\u00e9s recursos per a la Diada dels drets dels infants - Esplac<\/title>\n<meta name=\"robots\" content=\"index, follow, max-snippet:-1, max-image-preview:large, max-video-preview:-1\" \/>\n<link rel=\"canonical\" href=\"https:\/\/www.esplac.cat\/mes-recursos-per-a-la-diada-dels-drets-dels-infants\/\" \/>\n<meta property=\"og:locale\" content=\"en_US\" \/>\n<meta property=\"og:type\" content=\"article\" \/>\n<meta property=\"og:title\" content=\"M\u00e9s recursos per a la Diada dels drets dels infants - Esplac\" \/>\n<meta property=\"og:description\" content=\"Si amb les \u00faltimes recomanacions de recursos per a la [&hellip;]\" \/>\n<meta property=\"og:url\" content=\"https:\/\/www.esplac.cat\/mes-recursos-per-a-la-diada-dels-drets-dels-infants\/\" \/>\n<meta property=\"og:site_name\" content=\"Esplac\" \/>\n<meta property=\"article:published_time\" content=\"2012-11-07T13:04:55+00:00\" \/>\n<meta property=\"article:modified_time\" content=\"2019-11-14T11:38:42+00:00\" \/>\n<meta property=\"og:image\" content=\"https:\/\/www.esplac.cat\/wp-content\/uploads\/2012\/11\/drets_infants_2.jpg\" \/>\n\t<meta property=\"og:image:width\" content=\"640\" \/>\n\t<meta property=\"og:image:height\" content=\"480\" \/>\n\t<meta property=\"og:image:type\" content=\"image\/jpeg\" \/>\n<meta name=\"author\" content=\"Comunicaci\u00f3 Esplac\" \/>\n<meta name=\"twitter:card\" content=\"summary_large_image\" \/>\n<meta name=\"twitter:label1\" content=\"Written by\" \/>\n\t<meta name=\"twitter:data1\" content=\"Comunicaci\u00f3 Esplac\" \/>\n\t<meta name=\"twitter:label2\" content=\"Est. reading time\" \/>\n\t<meta name=\"twitter:data2\" content=\"1 minute\" \/>\n<script type=\"application\/ld+json\" class=\"yoast-schema-graph\">{\"@context\":\"https:\\\/\\\/schema.org\",\"@graph\":[{\"@type\":\"Article\",\"@id\":\"https:\\\/\\\/www.esplac.cat\\\/mes-recursos-per-a-la-diada-dels-drets-dels-infants\\\/#article\",\"isPartOf\":{\"@id\":\"https:\\\/\\\/www.esplac.cat\\\/mes-recursos-per-a-la-diada-dels-drets-dels-infants\\\/\"},\"author\":{\"name\":\"Comunicaci\u00f3 Esplac\",\"@id\":\"https:\\\/\\\/www.esplac.cat\\\/#\\\/schema\\\/person\\\/908383cf240be18b68f8855d0583faca\"},\"headline\":\"M\u00e9s recursos per a la Diada dels drets dels infants\",\"datePublished\":\"2012-11-07T13:04:55+00:00\",\"dateModified\":\"2019-11-14T11:38:42+00:00\",\"mainEntityOfPage\":{\"@id\":\"https:\\\/\\\/www.esplac.cat\\\/mes-recursos-per-a-la-diada-dels-drets-dels-infants\\\/\"},\"wordCount\":309,\"commentCount\":0,\"publisher\":{\"@id\":\"https:\\\/\\\/www.esplac.cat\\\/#organization\"},\"image\":{\"@id\":\"https:\\\/\\\/www.esplac.cat\\\/mes-recursos-per-a-la-diada-dels-drets-dels-infants\\\/#primaryimage\"},\"thumbnailUrl\":\"https:\\\/\\\/www.esplac.cat\\\/wp-content\\\/uploads\\\/2012\\\/11\\\/drets_infants_2.jpg\",\"keywords\":[\"drets dels infants\"],\"articleSection\":[\"Inf\u00e0ncia i Esplaiada\",\"Recursos\"],\"inLanguage\":\"en-US\",\"potentialAction\":[{\"@type\":\"CommentAction\",\"name\":\"Comment\",\"target\":[\"https:\\\/\\\/www.esplac.cat\\\/mes-recursos-per-a-la-diada-dels-drets-dels-infants\\\/#respond\"]}]},{\"@type\":\"WebPage\",\"@id\":\"https:\\\/\\\/www.esplac.cat\\\/mes-recursos-per-a-la-diada-dels-drets-dels-infants\\\/\",\"url\":\"https:\\\/\\\/www.esplac.cat\\\/mes-recursos-per-a-la-diada-dels-drets-dels-infants\\\/\",\"name\":\"M\u00e9s recursos per a la Diada dels drets dels infants - Esplac\",\"isPartOf\":{\"@id\":\"https:\\\/\\\/www.esplac.cat\\\/#website\"},\"primaryImageOfPage\":{\"@id\":\"https:\\\/\\\/www.esplac.cat\\\/mes-recursos-per-a-la-diada-dels-drets-dels-infants\\\/#primaryimage\"},\"image\":{\"@id\":\"https:\\\/\\\/www.esplac.cat\\\/mes-recursos-per-a-la-diada-dels-drets-dels-infants\\\/#primaryimage\"},\"thumbnailUrl\":\"https:\\\/\\\/www.esplac.cat\\\/wp-content\\\/uploads\\\/2012\\\/11\\\/drets_infants_2.jpg\",\"datePublished\":\"2012-11-07T13:04:55+00:00\",\"dateModified\":\"2019-11-14T11:38:42+00:00\",\"breadcrumb\":{\"@id\":\"https:\\\/\\\/www.esplac.cat\\\/mes-recursos-per-a-la-diada-dels-drets-dels-infants\\\/#breadcrumb\"},\"inLanguage\":\"en-US\",\"potentialAction\":[{\"@type\":\"ReadAction\",\"target\":[\"https:\\\/\\\/www.esplac.cat\\\/mes-recursos-per-a-la-diada-dels-drets-dels-infants\\\/\"]}]},{\"@type\":\"ImageObject\",\"inLanguage\":\"en-US\",\"@id\":\"https:\\\/\\\/www.esplac.cat\\\/mes-recursos-per-a-la-diada-dels-drets-dels-infants\\\/#primaryimage\",\"url\":\"https:\\\/\\\/www.esplac.cat\\\/wp-content\\\/uploads\\\/2012\\\/11\\\/drets_infants_2.jpg\",\"contentUrl\":\"https:\\\/\\\/www.esplac.cat\\\/wp-content\\\/uploads\\\/2012\\\/11\\\/drets_infants_2.jpg\",\"width\":640,\"height\":480},{\"@type\":\"BreadcrumbList\",\"@id\":\"https:\\\/\\\/www.esplac.cat\\\/mes-recursos-per-a-la-diada-dels-drets-dels-infants\\\/#breadcrumb\",\"itemListElement\":[{\"@type\":\"ListItem\",\"position\":1,\"name\":\"Inici\",\"item\":\"https:\\\/\\\/www.esplac.cat\\\/en\\\/\"},{\"@type\":\"ListItem\",\"position\":2,\"name\":\"M\u00e9s recursos per a la Diada dels drets dels infants\"}]},{\"@type\":\"WebSite\",\"@id\":\"https:\\\/\\\/www.esplac.cat\\\/#website\",\"url\":\"https:\\\/\\\/www.esplac.cat\\\/\",\"name\":\"Esplac\",\"description\":\"Esplais Catalans\",\"publisher\":{\"@id\":\"https:\\\/\\\/www.esplac.cat\\\/#organization\"},\"potentialAction\":[{\"@type\":\"SearchAction\",\"target\":{\"@type\":\"EntryPoint\",\"urlTemplate\":\"https:\\\/\\\/www.esplac.cat\\\/?s={search_term_string}\"},\"query-input\":{\"@type\":\"PropertyValueSpecification\",\"valueRequired\":true,\"valueName\":\"search_term_string\"}}],\"inLanguage\":\"en-US\"},{\"@type\":\"Organization\",\"@id\":\"https:\\\/\\\/www.esplac.cat\\\/#organization\",\"name\":\"Esplac\",\"url\":\"https:\\\/\\\/www.esplac.cat\\\/\",\"logo\":{\"@type\":\"ImageObject\",\"inLanguage\":\"en-US\",\"@id\":\"https:\\\/\\\/www.esplac.cat\\\/#\\\/schema\\\/logo\\\/image\\\/\",\"url\":\"https:\\\/\\\/www.esplac.cat\\\/wp-content\\\/uploads\\\/2019\\\/08\\\/logox2.png\",\"contentUrl\":\"https:\\\/\\\/www.esplac.cat\\\/wp-content\\\/uploads\\\/2019\\\/08\\\/logox2.png\",\"width\":600,\"height\":295,\"caption\":\"Esplac\"},\"image\":{\"@id\":\"https:\\\/\\\/www.esplac.cat\\\/#\\\/schema\\\/logo\\\/image\\\/\"}},{\"@type\":\"Person\",\"@id\":\"https:\\\/\\\/www.esplac.cat\\\/#\\\/schema\\\/person\\\/908383cf240be18b68f8855d0583faca\",\"name\":\"Comunicaci\u00f3 Esplac\",\"image\":{\"@type\":\"ImageObject\",\"inLanguage\":\"en-US\",\"@id\":\"https:\\\/\\\/secure.gravatar.com\\\/avatar\\\/7a4cf8feb412a76ea4a740ca02d95b06b2907b5a6c648c2dd0a1082a093c3141?s=96&d=mm&r=g\",\"url\":\"https:\\\/\\\/secure.gravatar.com\\\/avatar\\\/7a4cf8feb412a76ea4a740ca02d95b06b2907b5a6c648c2dd0a1082a093c3141?s=96&d=mm&r=g\",\"contentUrl\":\"https:\\\/\\\/secure.gravatar.com\\\/avatar\\\/7a4cf8feb412a76ea4a740ca02d95b06b2907b5a6c648c2dd0a1082a093c3141?s=96&d=mm&r=g\",\"caption\":\"Comunicaci\u00f3 Esplac\"}}]}<\/script>\n<!-- \/ Yoast SEO plugin. -->","yoast_head_json":{"title":"M\u00e9s recursos per a la Diada dels drets dels infants - Esplac","robots":{"index":"index","follow":"follow","max-snippet":"max-snippet:-1","max-image-preview":"max-image-preview:large","max-video-preview":"max-video-preview:-1"},"canonical":"https:\/\/www.esplac.cat\/mes-recursos-per-a-la-diada-dels-drets-dels-infants\/","og_locale":"en_US","og_type":"article","og_title":"M\u00e9s recursos per a la Diada dels drets dels infants - Esplac","og_description":"Si amb les \u00faltimes recomanacions de recursos per a la [&hellip;]","og_url":"https:\/\/www.esplac.cat\/mes-recursos-per-a-la-diada-dels-drets-dels-infants\/","og_site_name":"Esplac","article_published_time":"2012-11-07T13:04:55+00:00","article_modified_time":"2019-11-14T11:38:42+00:00","og_image":[{"width":640,"height":480,"url":"https:\/\/www.esplac.cat\/wp-content\/uploads\/2012\/11\/drets_infants_2.jpg","type":"image\/jpeg"}],"author":"Comunicaci\u00f3 Esplac","twitter_card":"summary_large_image","twitter_misc":{"Written by":"Comunicaci\u00f3 Esplac","Est. reading time":"1 minute"},"schema":{"@context":"https:\/\/schema.org","@graph":[{"@type":"Article","@id":"https:\/\/www.esplac.cat\/mes-recursos-per-a-la-diada-dels-drets-dels-infants\/#article","isPartOf":{"@id":"https:\/\/www.esplac.cat\/mes-recursos-per-a-la-diada-dels-drets-dels-infants\/"},"author":{"name":"Comunicaci\u00f3 Esplac","@id":"https:\/\/www.esplac.cat\/#\/schema\/person\/908383cf240be18b68f8855d0583faca"},"headline":"M\u00e9s recursos per a la Diada dels drets dels infants","datePublished":"2012-11-07T13:04:55+00:00","dateModified":"2019-11-14T11:38:42+00:00","mainEntityOfPage":{"@id":"https:\/\/www.esplac.cat\/mes-recursos-per-a-la-diada-dels-drets-dels-infants\/"},"wordCount":309,"commentCount":0,"publisher":{"@id":"https:\/\/www.esplac.cat\/#organization"},"image":{"@id":"https:\/\/www.esplac.cat\/mes-recursos-per-a-la-diada-dels-drets-dels-infants\/#primaryimage"},"thumbnailUrl":"https:\/\/www.esplac.cat\/wp-content\/uploads\/2012\/11\/drets_infants_2.jpg","keywords":["drets dels infants"],"articleSection":["Inf\u00e0ncia i Esplaiada","Recursos"],"inLanguage":"en-US","potentialAction":[{"@type":"CommentAction","name":"Comment","target":["https:\/\/www.esplac.cat\/mes-recursos-per-a-la-diada-dels-drets-dels-infants\/#respond"]}]},{"@type":"WebPage","@id":"https:\/\/www.esplac.cat\/mes-recursos-per-a-la-diada-dels-drets-dels-infants\/","url":"https:\/\/www.esplac.cat\/mes-recursos-per-a-la-diada-dels-drets-dels-infants\/","name":"M\u00e9s recursos per a la Diada dels drets dels infants - Esplac","isPartOf":{"@id":"https:\/\/www.esplac.cat\/#website"},"primaryImageOfPage":{"@id":"https:\/\/www.esplac.cat\/mes-recursos-per-a-la-diada-dels-drets-dels-infants\/#primaryimage"},"image":{"@id":"https:\/\/www.esplac.cat\/mes-recursos-per-a-la-diada-dels-drets-dels-infants\/#primaryimage"},"thumbnailUrl":"https:\/\/www.esplac.cat\/wp-content\/uploads\/2012\/11\/drets_infants_2.jpg","datePublished":"2012-11-07T13:04:55+00:00","dateModified":"2019-11-14T11:38:42+00:00","breadcrumb":{"@id":"https:\/\/www.esplac.cat\/mes-recursos-per-a-la-diada-dels-drets-dels-infants\/#breadcrumb"},"inLanguage":"en-US","potentialAction":[{"@type":"ReadAction","target":["https:\/\/www.esplac.cat\/mes-recursos-per-a-la-diada-dels-drets-dels-infants\/"]}]},{"@type":"ImageObject","inLanguage":"en-US","@id":"https:\/\/www.esplac.cat\/mes-recursos-per-a-la-diada-dels-drets-dels-infants\/#primaryimage","url":"https:\/\/www.esplac.cat\/wp-content\/uploads\/2012\/11\/drets_infants_2.jpg","contentUrl":"https:\/\/www.esplac.cat\/wp-content\/uploads\/2012\/11\/drets_infants_2.jpg","width":640,"height":480},{"@type":"BreadcrumbList","@id":"https:\/\/www.esplac.cat\/mes-recursos-per-a-la-diada-dels-drets-dels-infants\/#breadcrumb","itemListElement":[{"@type":"ListItem","position":1,"name":"Inici","item":"https:\/\/www.esplac.cat\/en\/"},{"@type":"ListItem","position":2,"name":"M\u00e9s recursos per a la Diada dels drets dels infants"}]},{"@type":"WebSite","@id":"https:\/\/www.esplac.cat\/#website","url":"https:\/\/www.esplac.cat\/","name":"Esplac","description":"Esplais Catalans","publisher":{"@id":"https:\/\/www.esplac.cat\/#organization"},"potentialAction":[{"@type":"SearchAction","target":{"@type":"EntryPoint","urlTemplate":"https:\/\/www.esplac.cat\/?s={search_term_string}"},"query-input":{"@type":"PropertyValueSpecification","valueRequired":true,"valueName":"search_term_string"}}],"inLanguage":"en-US"},{"@type":"Organization","@id":"https:\/\/www.esplac.cat\/#organization","name":"Esplac","url":"https:\/\/www.esplac.cat\/","logo":{"@type":"ImageObject","inLanguage":"en-US","@id":"https:\/\/www.esplac.cat\/#\/schema\/logo\/image\/","url":"https:\/\/www.esplac.cat\/wp-content\/uploads\/2019\/08\/logox2.png","contentUrl":"https:\/\/www.esplac.cat\/wp-content\/uploads\/2019\/08\/logox2.png","width":600,"height":295,"caption":"Esplac"},"image":{"@id":"https:\/\/www.esplac.cat\/#\/schema\/logo\/image\/"}},{"@type":"Person","@id":"https:\/\/www.esplac.cat\/#\/schema\/person\/908383cf240be18b68f8855d0583faca","name":"Comunicaci\u00f3 Esplac","image":{"@type":"ImageObject","inLanguage":"en-US","@id":"https:\/\/secure.gravatar.com\/avatar\/7a4cf8feb412a76ea4a740ca02d95b06b2907b5a6c648c2dd0a1082a093c3141?s=96&d=mm&r=g","url":"https:\/\/secure.gravatar.com\/avatar\/7a4cf8feb412a76ea4a740ca02d95b06b2907b5a6c648c2dd0a1082a093c3141?s=96&d=mm&r=g","contentUrl":"https:\/\/secure.gravatar.com\/avatar\/7a4cf8feb412a76ea4a740ca02d95b06b2907b5a6c648c2dd0a1082a093c3141?s=96&d=mm&r=g","caption":"Comunicaci\u00f3 Esplac"}}]}},"_links":{"self":[{"href":"https:\/\/www.esplac.cat\/en\/wp-json\/wp\/v2\/posts\/26027","targetHints":{"allow":["GET"]}}],"collection":[{"href":"https:\/\/www.esplac.cat\/en\/wp-json\/wp\/v2\/posts"}],"about":[{"href":"https:\/\/www.esplac.cat\/en\/wp-json\/wp\/v2\/types\/post"}],"author":[{"embeddable":true,"href":"https:\/\/www.esplac.cat\/en\/wp-json\/wp\/v2\/users\/3"}],"replies":[{"embeddable":true,"href":"https:\/\/www.esplac.cat\/en\/wp-json\/wp\/v2\/comments?post=26027"}],"version-history":[{"count":0,"href":"https:\/\/www.esplac.cat\/en\/wp-json\/wp\/v2\/posts\/26027\/revisions"}],"wp:featuredmedia":[{"embeddable":true,"href":"https:\/\/www.esplac.cat\/en\/wp-json\/wp\/v2\/media\/26028"}],"wp:attachment":[{"href":"https:\/\/www.esplac.cat\/en\/wp-json\/wp\/v2\/media?parent=26027"}],"wp:term":[{"taxonomy":"category","embeddable":true,"href":"https:\/\/www.esplac.cat\/en\/wp-json\/wp\/v2\/categories?post=26027"},{"taxonomy":"post_tag","embeddable":true,"href":"https:\/\/www.esplac.cat\/en\/wp-json\/wp\/v2\/tags?post=26027"}],"curies":[{"name":"wp","href":"https:\/\/api.w.org\/{rel}","templated":true}]}}