{"id":26031,"date":"2012-10-30T18:06:35","date_gmt":"2012-10-30T16:06:35","guid":{"rendered":"http:\/\/esplac.cat\/?p=2425"},"modified":"2019-11-14T13:38:43","modified_gmt":"2019-11-14T11:38:43","slug":"inscripcions-obertes-per-a-lescola-de-dirigents-2012","status":"publish","type":"post","link":"https:\/\/www.esplac.cat\/en\/inscripcions-obertes-per-a-lescola-de-dirigents-2012\/","title":{"rendered":"Inscripcions obertes per a l&#8217;Escola de Dirigents 2012"},"content":{"rendered":"<p align=\"JUSTIFY\">L&#8217;Escola de Dirigents d&#8217;enguany, <strong>Mirant l&#8217;esplai, construint el projecte educatiu<\/strong>,\u00a0comen\u00e7ar\u00e0 despr\u00e9s de l&#8217;Assemblea General d&#8217;Esplac, el dissabte dia 1 de desembre a la tarda a les 16h i acabar\u00e0 l&#8217;endem\u00e0 diumenge a les 18h. A partir d&#8217;avui, ja us hi podeu inscriure a trav\u00e9s de l&#8217;<a href=\"http:\/\/assac.esplac.cat\/\">ASSAC on line<\/a>! A l&#8217;inscripci\u00f3 trobareu m\u00e9s detalls sobre l&#8217;organitzaci\u00f3 i desenvolupament de l&#8217;Escola de Dirigents.\u00a0Afanyeu-vos i no us quedeu sense pla\u00e7a!<\/p>\n<p>L&#8217;Escola de Dirigents 2012,\u00a0com ja us vam <a href=\"http:\/\/esplac.cat\/escola-de-dirigents-2012\/\">avan\u00e7ar<\/a>, proposa aprofundir en diferents tem\u00e0tiques vinculades al projecte educatiu d&#8217;Esplac des de dues vessants:<\/p>\n<ul>\n<li><strong>Dissabte a la tarda:<\/strong> s&#8217;exploraran des d&#8217;un punt de vista m\u00e9s te\u00f2ric, de definici\u00f3 i construcci\u00f3 de conceptes, per a assentar les bases per al futur debat.<\/li>\n<li><strong>Diumenge al mat\u00ed:<\/strong> es compartiran exemples pr\u00e0ctics relacionats amb les mateixes tem\u00e0tiques d&#8217;entitats externes a Esplac , per a inspirar-nos i aix\u00ed poder contrastar amb la nostra tasca educativa a l&#8217;esplai.<\/li>\n<\/ul>\n<p>Aix\u00ed doncs, hi haur\u00e0 aquests itineraris que tindran lloc tot el cap de setmana, dissabte en la vessant m\u00e9s te\u00f2rica i diumenge amb exemples pr\u00e0ctics:<\/p>\n<table border=\"0\">\n<thead>\n<tr style=\"background-color: #ff8000;\" align=\"center\" valign=\"middle\">\n<td style=\"border-style: solid; border-width: 1px;\"><strong>ITINERARIS<\/strong><\/td>\n<td style=\"border-style: solid; border-width: 1px;\"><strong>CONCEPTES RELACIONATS<\/strong><\/td>\n<\/tr>\n<\/thead>\n<tbody>\n<tr>\n<td style=\"border-style: solid; border-width: 1px;\">Escola de participaci\u00f3<\/td>\n<td style=\"border-style: solid; border-width: 1px;\">Ciutadania, democr\u00e0cia, projecte com\u00fa.<\/td>\n<\/tr>\n<tr>\n<td style=\"border-style: solid; border-width: 1px;\">Model d&#8217;educaci\u00f3 popular<\/td>\n<td style=\"border-style: solid; border-width: 1px;\">Educaci\u00f3 integral, comunitat, responsabilitat dels agents educatius.<\/td>\n<\/tr>\n<tr>\n<td style=\"border-style: solid; border-width: 1px;\">Eina de transformaci\u00f3 social<\/td>\n<td style=\"border-style: solid; border-width: 1px;\">Progressisme, associacionisme, coher\u00e8ncia.<\/td>\n<\/tr>\n<tr>\n<td style=\"border-style: solid; border-width: 1px;\">Espai d&#8217;aprenentatge vivencial<\/td>\n<td style=\"border-style: solid; border-width: 1px;\">Quotidi\u00e0 i conviv\u00e8ncia, relaci\u00f3 amb l&#8217;entorn, creixement conjunt.<\/td>\n<\/tr>\n<tr>\n<td style=\"border-style: solid; border-width: 1px;\">Espai de l&#8217;infant<\/td>\n<td style=\"border-style: solid; border-width: 1px;\">Inf\u00e0ncia i adolesc\u00e8ncia, l&#8217;infant ciutad\u00e0, autonomia.<\/td>\n<\/tr>\n<tr>\n<td style=\"border-style: solid; border-width: 1px;\">Com a mirall de la realitat<\/td>\n<td style=\"border-style: solid; border-width: 1px;\">Diversitat, la\u00efcitat, llibertat.<\/td>\n<\/tr>\n<\/tbody>\n<\/table>\n","protected":false},"excerpt":{"rendered":"<p>L&#8217;Escola de Dirigents d&#8217;enguany, Mirant l&#8217;esplai, construint el projecte educatiu,\u00a0comen\u00e7ar\u00e0 [&hellip;]<\/p>\n","protected":false},"author":3,"featured_media":26032,"comment_status":"open","ping_status":"open","sticky":false,"template":"","format":"standard","meta":{"om_disable_all_campaigns":false,"_monsterinsights_skip_tracking":false,"_monsterinsights_sitenote_active":false,"_monsterinsights_sitenote_note":"","_monsterinsights_sitenote_category":0,"_uf_show_specific_survey":0,"_uf_disable_surveys":false,"footnotes":""},"categories":[1111,1131,1167],"tags":[48,49,50],"class_list":["post-26031","post","type-post","status-publish","format-standard","has-post-thumbnail","hentry","category-activitats-esplac","category-cursos-formacions","category-infancia","tag-escola-de-dirigents","tag-model-desplai","tag-projecte-educatiu"],"yoast_head":"<!-- This site is optimized with the Yoast SEO plugin v27.5 - https:\/\/yoast.com\/product\/yoast-seo-wordpress\/ -->\n<title>Inscripcions obertes per a l&#039;Escola de Dirigents 2012 - Esplac<\/title>\n<meta name=\"robots\" content=\"index, follow, max-snippet:-1, max-image-preview:large, max-video-preview:-1\" \/>\n<link rel=\"canonical\" href=\"https:\/\/www.esplac.cat\/inscripcions-obertes-per-a-lescola-de-dirigents-2012\/\" \/>\n<meta property=\"og:locale\" content=\"en_US\" \/>\n<meta property=\"og:type\" content=\"article\" \/>\n<meta property=\"og:title\" content=\"Inscripcions obertes per a l&#039;Escola de Dirigents 2012 - Esplac\" \/>\n<meta property=\"og:description\" content=\"L&#8217;Escola de Dirigents d&#8217;enguany, Mirant l&#8217;esplai, construint el projecte educatiu,\u00a0comen\u00e7ar\u00e0 [&hellip;]\" \/>\n<meta property=\"og:url\" content=\"https:\/\/www.esplac.cat\/inscripcions-obertes-per-a-lescola-de-dirigents-2012\/\" \/>\n<meta property=\"og:site_name\" content=\"Esplac\" \/>\n<meta property=\"article:published_time\" content=\"2012-10-30T16:06:35+00:00\" \/>\n<meta property=\"article:modified_time\" content=\"2019-11-14T11:38:43+00:00\" \/>\n<meta property=\"og:image\" content=\"https:\/\/www.esplac.cat\/wp-content\/uploads\/2012\/10\/DSC_0699-1024x683.jpg\" \/>\n\t<meta property=\"og:image:width\" content=\"1024\" \/>\n\t<meta property=\"og:image:height\" content=\"683\" \/>\n\t<meta property=\"og:image:type\" content=\"image\/jpeg\" \/>\n<meta name=\"author\" content=\"Comunicaci\u00f3 Esplac\" \/>\n<meta name=\"twitter:card\" content=\"summary_large_image\" \/>\n<meta name=\"twitter:label1\" content=\"Written by\" \/>\n\t<meta name=\"twitter:data1\" content=\"Comunicaci\u00f3 Esplac\" \/>\n\t<meta name=\"twitter:label2\" content=\"Est. reading time\" \/>\n\t<meta name=\"twitter:data2\" content=\"1 minute\" \/>\n<script type=\"application\/ld+json\" class=\"yoast-schema-graph\">{\"@context\":\"https:\\\/\\\/schema.org\",\"@graph\":[{\"@type\":\"Article\",\"@id\":\"https:\\\/\\\/www.esplac.cat\\\/inscripcions-obertes-per-a-lescola-de-dirigents-2012\\\/#article\",\"isPartOf\":{\"@id\":\"https:\\\/\\\/www.esplac.cat\\\/inscripcions-obertes-per-a-lescola-de-dirigents-2012\\\/\"},\"author\":{\"name\":\"Comunicaci\u00f3 Esplac\",\"@id\":\"https:\\\/\\\/www.esplac.cat\\\/#\\\/schema\\\/person\\\/908383cf240be18b68f8855d0583faca\"},\"headline\":\"Inscripcions obertes per a l&#8217;Escola de Dirigents 2012\",\"datePublished\":\"2012-10-30T16:06:35+00:00\",\"dateModified\":\"2019-11-14T11:38:43+00:00\",\"mainEntityOfPage\":{\"@id\":\"https:\\\/\\\/www.esplac.cat\\\/inscripcions-obertes-per-a-lescola-de-dirigents-2012\\\/\"},\"wordCount\":278,\"commentCount\":0,\"publisher\":{\"@id\":\"https:\\\/\\\/www.esplac.cat\\\/#organization\"},\"image\":{\"@id\":\"https:\\\/\\\/www.esplac.cat\\\/inscripcions-obertes-per-a-lescola-de-dirigents-2012\\\/#primaryimage\"},\"thumbnailUrl\":\"https:\\\/\\\/www.esplac.cat\\\/wp-content\\\/uploads\\\/2012\\\/10\\\/DSC_0699.jpg\",\"keywords\":[\"escola de dirigents\",\"model d'esplai\",\"projecte educatiu\"],\"articleSection\":[\"Activitats esplac\",\"Cursos i formacions\",\"Inf\u00e0ncia i Esplaiada\"],\"inLanguage\":\"en-US\",\"potentialAction\":[{\"@type\":\"CommentAction\",\"name\":\"Comment\",\"target\":[\"https:\\\/\\\/www.esplac.cat\\\/inscripcions-obertes-per-a-lescola-de-dirigents-2012\\\/#respond\"]}]},{\"@type\":\"WebPage\",\"@id\":\"https:\\\/\\\/www.esplac.cat\\\/inscripcions-obertes-per-a-lescola-de-dirigents-2012\\\/\",\"url\":\"https:\\\/\\\/www.esplac.cat\\\/inscripcions-obertes-per-a-lescola-de-dirigents-2012\\\/\",\"name\":\"Inscripcions obertes per a l'Escola de Dirigents 2012 - Esplac\",\"isPartOf\":{\"@id\":\"https:\\\/\\\/www.esplac.cat\\\/#website\"},\"primaryImageOfPage\":{\"@id\":\"https:\\\/\\\/www.esplac.cat\\\/inscripcions-obertes-per-a-lescola-de-dirigents-2012\\\/#primaryimage\"},\"image\":{\"@id\":\"https:\\\/\\\/www.esplac.cat\\\/inscripcions-obertes-per-a-lescola-de-dirigents-2012\\\/#primaryimage\"},\"thumbnailUrl\":\"https:\\\/\\\/www.esplac.cat\\\/wp-content\\\/uploads\\\/2012\\\/10\\\/DSC_0699.jpg\",\"datePublished\":\"2012-10-30T16:06:35+00:00\",\"dateModified\":\"2019-11-14T11:38:43+00:00\",\"breadcrumb\":{\"@id\":\"https:\\\/\\\/www.esplac.cat\\\/inscripcions-obertes-per-a-lescola-de-dirigents-2012\\\/#breadcrumb\"},\"inLanguage\":\"en-US\",\"potentialAction\":[{\"@type\":\"ReadAction\",\"target\":[\"https:\\\/\\\/www.esplac.cat\\\/inscripcions-obertes-per-a-lescola-de-dirigents-2012\\\/\"]}]},{\"@type\":\"ImageObject\",\"inLanguage\":\"en-US\",\"@id\":\"https:\\\/\\\/www.esplac.cat\\\/inscripcions-obertes-per-a-lescola-de-dirigents-2012\\\/#primaryimage\",\"url\":\"https:\\\/\\\/www.esplac.cat\\\/wp-content\\\/uploads\\\/2012\\\/10\\\/DSC_0699.jpg\",\"contentUrl\":\"https:\\\/\\\/www.esplac.cat\\\/wp-content\\\/uploads\\\/2012\\\/10\\\/DSC_0699.jpg\",\"width\":4608,\"height\":3072},{\"@type\":\"BreadcrumbList\",\"@id\":\"https:\\\/\\\/www.esplac.cat\\\/inscripcions-obertes-per-a-lescola-de-dirigents-2012\\\/#breadcrumb\",\"itemListElement\":[{\"@type\":\"ListItem\",\"position\":1,\"name\":\"Inici\",\"item\":\"https:\\\/\\\/www.esplac.cat\\\/en\\\/\"},{\"@type\":\"ListItem\",\"position\":2,\"name\":\"Inscripcions obertes per a l&#8217;Escola de Dirigents 2012\"}]},{\"@type\":\"WebSite\",\"@id\":\"https:\\\/\\\/www.esplac.cat\\\/#website\",\"url\":\"https:\\\/\\\/www.esplac.cat\\\/\",\"name\":\"Esplac\",\"description\":\"Esplais Catalans\",\"publisher\":{\"@id\":\"https:\\\/\\\/www.esplac.cat\\\/#organization\"},\"potentialAction\":[{\"@type\":\"SearchAction\",\"target\":{\"@type\":\"EntryPoint\",\"urlTemplate\":\"https:\\\/\\\/www.esplac.cat\\\/?s={search_term_string}\"},\"query-input\":{\"@type\":\"PropertyValueSpecification\",\"valueRequired\":true,\"valueName\":\"search_term_string\"}}],\"inLanguage\":\"en-US\"},{\"@type\":\"Organization\",\"@id\":\"https:\\\/\\\/www.esplac.cat\\\/#organization\",\"name\":\"Esplac\",\"url\":\"https:\\\/\\\/www.esplac.cat\\\/\",\"logo\":{\"@type\":\"ImageObject\",\"inLanguage\":\"en-US\",\"@id\":\"https:\\\/\\\/www.esplac.cat\\\/#\\\/schema\\\/logo\\\/image\\\/\",\"url\":\"https:\\\/\\\/www.esplac.cat\\\/wp-content\\\/uploads\\\/2019\\\/08\\\/logox2.png\",\"contentUrl\":\"https:\\\/\\\/www.esplac.cat\\\/wp-content\\\/uploads\\\/2019\\\/08\\\/logox2.png\",\"width\":600,\"height\":295,\"caption\":\"Esplac\"},\"image\":{\"@id\":\"https:\\\/\\\/www.esplac.cat\\\/#\\\/schema\\\/logo\\\/image\\\/\"}},{\"@type\":\"Person\",\"@id\":\"https:\\\/\\\/www.esplac.cat\\\/#\\\/schema\\\/person\\\/908383cf240be18b68f8855d0583faca\",\"name\":\"Comunicaci\u00f3 Esplac\",\"image\":{\"@type\":\"ImageObject\",\"inLanguage\":\"en-US\",\"@id\":\"https:\\\/\\\/secure.gravatar.com\\\/avatar\\\/7a4cf8feb412a76ea4a740ca02d95b06b2907b5a6c648c2dd0a1082a093c3141?s=96&d=mm&r=g\",\"url\":\"https:\\\/\\\/secure.gravatar.com\\\/avatar\\\/7a4cf8feb412a76ea4a740ca02d95b06b2907b5a6c648c2dd0a1082a093c3141?s=96&d=mm&r=g\",\"contentUrl\":\"https:\\\/\\\/secure.gravatar.com\\\/avatar\\\/7a4cf8feb412a76ea4a740ca02d95b06b2907b5a6c648c2dd0a1082a093c3141?s=96&d=mm&r=g\",\"caption\":\"Comunicaci\u00f3 Esplac\"}}]}<\/script>\n<!-- \/ Yoast SEO plugin. -->","yoast_head_json":{"title":"Inscripcions obertes per a l'Escola de Dirigents 2012 - Esplac","robots":{"index":"index","follow":"follow","max-snippet":"max-snippet:-1","max-image-preview":"max-image-preview:large","max-video-preview":"max-video-preview:-1"},"canonical":"https:\/\/www.esplac.cat\/inscripcions-obertes-per-a-lescola-de-dirigents-2012\/","og_locale":"en_US","og_type":"article","og_title":"Inscripcions obertes per a l'Escola de Dirigents 2012 - Esplac","og_description":"L&#8217;Escola de Dirigents d&#8217;enguany, Mirant l&#8217;esplai, construint el projecte educatiu,\u00a0comen\u00e7ar\u00e0 [&hellip;]","og_url":"https:\/\/www.esplac.cat\/inscripcions-obertes-per-a-lescola-de-dirigents-2012\/","og_site_name":"Esplac","article_published_time":"2012-10-30T16:06:35+00:00","article_modified_time":"2019-11-14T11:38:43+00:00","og_image":[{"width":1024,"height":683,"url":"https:\/\/www.esplac.cat\/wp-content\/uploads\/2012\/10\/DSC_0699-1024x683.jpg","type":"image\/jpeg"}],"author":"Comunicaci\u00f3 Esplac","twitter_card":"summary_large_image","twitter_misc":{"Written by":"Comunicaci\u00f3 Esplac","Est. reading time":"1 minute"},"schema":{"@context":"https:\/\/schema.org","@graph":[{"@type":"Article","@id":"https:\/\/www.esplac.cat\/inscripcions-obertes-per-a-lescola-de-dirigents-2012\/#article","isPartOf":{"@id":"https:\/\/www.esplac.cat\/inscripcions-obertes-per-a-lescola-de-dirigents-2012\/"},"author":{"name":"Comunicaci\u00f3 Esplac","@id":"https:\/\/www.esplac.cat\/#\/schema\/person\/908383cf240be18b68f8855d0583faca"},"headline":"Inscripcions obertes per a l&#8217;Escola de Dirigents 2012","datePublished":"2012-10-30T16:06:35+00:00","dateModified":"2019-11-14T11:38:43+00:00","mainEntityOfPage":{"@id":"https:\/\/www.esplac.cat\/inscripcions-obertes-per-a-lescola-de-dirigents-2012\/"},"wordCount":278,"commentCount":0,"publisher":{"@id":"https:\/\/www.esplac.cat\/#organization"},"image":{"@id":"https:\/\/www.esplac.cat\/inscripcions-obertes-per-a-lescola-de-dirigents-2012\/#primaryimage"},"thumbnailUrl":"https:\/\/www.esplac.cat\/wp-content\/uploads\/2012\/10\/DSC_0699.jpg","keywords":["escola de dirigents","model d'esplai","projecte educatiu"],"articleSection":["Activitats esplac","Cursos i formacions","Inf\u00e0ncia i Esplaiada"],"inLanguage":"en-US","potentialAction":[{"@type":"CommentAction","name":"Comment","target":["https:\/\/www.esplac.cat\/inscripcions-obertes-per-a-lescola-de-dirigents-2012\/#respond"]}]},{"@type":"WebPage","@id":"https:\/\/www.esplac.cat\/inscripcions-obertes-per-a-lescola-de-dirigents-2012\/","url":"https:\/\/www.esplac.cat\/inscripcions-obertes-per-a-lescola-de-dirigents-2012\/","name":"Inscripcions obertes per a l'Escola de Dirigents 2012 - Esplac","isPartOf":{"@id":"https:\/\/www.esplac.cat\/#website"},"primaryImageOfPage":{"@id":"https:\/\/www.esplac.cat\/inscripcions-obertes-per-a-lescola-de-dirigents-2012\/#primaryimage"},"image":{"@id":"https:\/\/www.esplac.cat\/inscripcions-obertes-per-a-lescola-de-dirigents-2012\/#primaryimage"},"thumbnailUrl":"https:\/\/www.esplac.cat\/wp-content\/uploads\/2012\/10\/DSC_0699.jpg","datePublished":"2012-10-30T16:06:35+00:00","dateModified":"2019-11-14T11:38:43+00:00","breadcrumb":{"@id":"https:\/\/www.esplac.cat\/inscripcions-obertes-per-a-lescola-de-dirigents-2012\/#breadcrumb"},"inLanguage":"en-US","potentialAction":[{"@type":"ReadAction","target":["https:\/\/www.esplac.cat\/inscripcions-obertes-per-a-lescola-de-dirigents-2012\/"]}]},{"@type":"ImageObject","inLanguage":"en-US","@id":"https:\/\/www.esplac.cat\/inscripcions-obertes-per-a-lescola-de-dirigents-2012\/#primaryimage","url":"https:\/\/www.esplac.cat\/wp-content\/uploads\/2012\/10\/DSC_0699.jpg","contentUrl":"https:\/\/www.esplac.cat\/wp-content\/uploads\/2012\/10\/DSC_0699.jpg","width":4608,"height":3072},{"@type":"BreadcrumbList","@id":"https:\/\/www.esplac.cat\/inscripcions-obertes-per-a-lescola-de-dirigents-2012\/#breadcrumb","itemListElement":[{"@type":"ListItem","position":1,"name":"Inici","item":"https:\/\/www.esplac.cat\/en\/"},{"@type":"ListItem","position":2,"name":"Inscripcions obertes per a l&#8217;Escola de Dirigents 2012"}]},{"@type":"WebSite","@id":"https:\/\/www.esplac.cat\/#website","url":"https:\/\/www.esplac.cat\/","name":"Esplac","description":"Esplais Catalans","publisher":{"@id":"https:\/\/www.esplac.cat\/#organization"},"potentialAction":[{"@type":"SearchAction","target":{"@type":"EntryPoint","urlTemplate":"https:\/\/www.esplac.cat\/?s={search_term_string}"},"query-input":{"@type":"PropertyValueSpecification","valueRequired":true,"valueName":"search_term_string"}}],"inLanguage":"en-US"},{"@type":"Organization","@id":"https:\/\/www.esplac.cat\/#organization","name":"Esplac","url":"https:\/\/www.esplac.cat\/","logo":{"@type":"ImageObject","inLanguage":"en-US","@id":"https:\/\/www.esplac.cat\/#\/schema\/logo\/image\/","url":"https:\/\/www.esplac.cat\/wp-content\/uploads\/2019\/08\/logox2.png","contentUrl":"https:\/\/www.esplac.cat\/wp-content\/uploads\/2019\/08\/logox2.png","width":600,"height":295,"caption":"Esplac"},"image":{"@id":"https:\/\/www.esplac.cat\/#\/schema\/logo\/image\/"}},{"@type":"Person","@id":"https:\/\/www.esplac.cat\/#\/schema\/person\/908383cf240be18b68f8855d0583faca","name":"Comunicaci\u00f3 Esplac","image":{"@type":"ImageObject","inLanguage":"en-US","@id":"https:\/\/secure.gravatar.com\/avatar\/7a4cf8feb412a76ea4a740ca02d95b06b2907b5a6c648c2dd0a1082a093c3141?s=96&d=mm&r=g","url":"https:\/\/secure.gravatar.com\/avatar\/7a4cf8feb412a76ea4a740ca02d95b06b2907b5a6c648c2dd0a1082a093c3141?s=96&d=mm&r=g","contentUrl":"https:\/\/secure.gravatar.com\/avatar\/7a4cf8feb412a76ea4a740ca02d95b06b2907b5a6c648c2dd0a1082a093c3141?s=96&d=mm&r=g","caption":"Comunicaci\u00f3 Esplac"}}]}},"_links":{"self":[{"href":"https:\/\/www.esplac.cat\/en\/wp-json\/wp\/v2\/posts\/26031","targetHints":{"allow":["GET"]}}],"collection":[{"href":"https:\/\/www.esplac.cat\/en\/wp-json\/wp\/v2\/posts"}],"about":[{"href":"https:\/\/www.esplac.cat\/en\/wp-json\/wp\/v2\/types\/post"}],"author":[{"embeddable":true,"href":"https:\/\/www.esplac.cat\/en\/wp-json\/wp\/v2\/users\/3"}],"replies":[{"embeddable":true,"href":"https:\/\/www.esplac.cat\/en\/wp-json\/wp\/v2\/comments?post=26031"}],"version-history":[{"count":1,"href":"https:\/\/www.esplac.cat\/en\/wp-json\/wp\/v2\/posts\/26031\/revisions"}],"predecessor-version":[{"id":55497,"href":"https:\/\/www.esplac.cat\/en\/wp-json\/wp\/v2\/posts\/26031\/revisions\/55497"}],"wp:featuredmedia":[{"embeddable":true,"href":"https:\/\/www.esplac.cat\/en\/wp-json\/wp\/v2\/media\/26032"}],"wp:attachment":[{"href":"https:\/\/www.esplac.cat\/en\/wp-json\/wp\/v2\/media?parent=26031"}],"wp:term":[{"taxonomy":"category","embeddable":true,"href":"https:\/\/www.esplac.cat\/en\/wp-json\/wp\/v2\/categories?post=26031"},{"taxonomy":"post_tag","embeddable":true,"href":"https:\/\/www.esplac.cat\/en\/wp-json\/wp\/v2\/tags?post=26031"}],"curies":[{"name":"wp","href":"https:\/\/api.w.org\/{rel}","templated":true}]}}