{"id":26049,"date":"2019-10-12T09:31:51","date_gmt":"2019-10-12T07:31:51","guid":{"rendered":"http:\/\/esplac.cat\/?p=22744"},"modified":"2020-10-15T17:23:14","modified_gmt":"2020-10-15T16:23:14","slug":"obrim-placa-tecnica-informatica","status":"publish","type":"post","link":"https:\/\/www.esplac.cat\/en\/obrim-placa-tecnica-informatica\/","title":{"rendered":"Obrim una pla\u00e7a de t\u00e8cnic\/a d&#8217;inform\u00e0tica"},"content":{"rendered":"<h4 style=\"text-align: justify;\">A Esplais Catalans busquem t\u00e8cnic\/a\u00a0de suport a la inform\u00e0tica\u00a0i el termini per presentar candidatura finalitza el dia <strong>20 d&#8217;octubre de 2019.<\/strong><\/h4>\n<p style=\"text-align: justify;\">Hem obert un termini per a la presentaci\u00f3 de curr\u00edculums amb l\u2019objectiu de cobrir una <strong>pla\u00e7a de t\u00e8cnic\/a d&#8217;inform\u00e0tica<\/strong>\u00a0d&#8217;Esplais Catalans a trav\u00e9s d\u2019una subvenci\u00f3 del<strong> Servei d\u2019Ocupaci\u00f3 de Catalunya<\/strong> (SOC). Busquem una persona que doni suport a l&#8217;\u00e0rea d&#8217;inform\u00e0tica\u00a0en les diverses tasques que s&#8217;hi desenvolupen. El termini per presentar candidatura finalitza el dia <strong>20 d\u2019octubre de 2019<\/strong>. Els curr\u00edculums els heu de fer arribar\u00a0a <strong>esplac@esplac.cat<\/strong> amb la refer\u00e8ncia<strong> Inform\u00e0ticaSTSOC<\/strong> a l&#8217;assumpte del mail.<\/p>\n<p style=\"text-align: justify;\"><strong>Funcions:<\/strong><\/p>\n<ul>\n<li style=\"text-align: justify;\">Elaboraci\u00f3, execuci\u00f3 i avaluaci\u00f3 del pla de treball de les aplicacions inform\u00e0tiques que s&#8217;usen a Esplac donant suport a la tasca de la coordinadora inform\u00e0tica.<\/li>\n<li style=\"text-align: justify;\">Dur a terme canvis i millores a les eines inform\u00e0tiques pr\u00f2pies de treball de l&#8217;entitat: Intranets i webs.<\/li>\n<li style=\"text-align: justify;\">Coordinaci\u00f3 amb els equips de treball i dirigents de l\u2019entitat per a les funcions assignades i d&#8217;altres que puguin sorgir.<\/li>\n<\/ul>\n<p><strong>Es demana:<\/strong><\/p>\n<ul>\n<li>Possessi\u00f3 d\u2019un t\u00edtol universitari o de formaci\u00f3 professional de grau mig o superior o altre t\u00edtol oficialment reconegut com a equivalent, o un certificat de professionalitat, especialment Grau en Enginyeria Inform\u00e0tica o Cicle Formatiu de Grau Superior (CFGS) de Desenvolupament d&#8217;Aplicacions Web (DAW) o Desenvolupament d\u2019Aplicacions Multiplataforma (DAM) o coneixements equivalents demostrables.<\/li>\n<li>Coneixement b\u00e0sic en bases de dades .<\/li>\n<li>Coneixement o experi\u00e8ncia en desenvolupament d&#8217;aplicacions web<\/li>\n<li>Compet\u00e8ncia escrita: capacitat de redacci\u00f3 i capacitat de s\u00edntesi.<\/li>\n<li>Capacitat d&#8217;organitzaci\u00f3, gesti\u00f3 del temps i compliments de terminis, treball en equip, autonomia personal, flexibilitat i adaptabilitat.<\/li>\n<li>Assist\u00e8ncia a reunions o activitats d\u2019especial inter\u00e8s fora de l\u2019horari laboral, vocaci\u00f3 de servei als esplais i comprom\u00eds amb els valors d&#8217;Esplais Catalans.<\/li>\n<li>Tenir menys de 30 anys.<\/li>\n<\/ul>\n<p style=\"text-align: justify;\"><strong>Que\u0300 demana el SOC:<\/strong><\/p>\n<p style=\"text-align: justify;\">Per poder accedir a aquesta plac\u0327a subvencionada els candidats i candidates han de ser joves entre 16 i 30 anys, beneficiaris del Sistema Nacional de Garantia Juvenil, inscrits com a demandants d\u2019ocupacio\u0301 no ocupats (DONO) a les oficines del Servei Pu\u0301blic d\u2019Ocupacio\u0301 de Catalunya i que puguin acreditar la possessio\u0301 d\u2019un ti\u0301tol universitari o de formacio\u0301 professional de grau mig o superior o ti\u0301tols oficialment reconeguts com a equivalents, o d\u2019un certificat de professionalitat, que els habilitin per a l\u2019exercici professional, aixi\u0301 com complir els requisits que exigeix la modalitat del contracte de treball en pra\u0300ctiques.<\/p>\n<p style=\"text-align: justify;\"><strong>Per poder inscriure&#8217;t a la Garantia Juvenil has de:<\/strong><\/p>\n<p>Tenir nacionalitat espanyola o ser ciutada\u0300 de la Unio\u0301 o dels Estats que formen part de l&#8217;Acord sobre l&#8217;espai Econo\u0300mic Europeu o Sui\u0308ssa que es trobin a Espanya en exercici de la lliure circulacio\u0301 i reside\u0300ncia. Tambe\u0301 podran inscriure-s&#8217;hi els estrangers titulars d&#8217;una autoritzacio\u0301 per a residir en territori espanyol que habiliti per a treballar.<\/p>\n<ul>\n<li>Estar empadronat a qualsevol municipi de Catalunya.<\/li>\n<li>Tenir me\u0301s de 16 anys i menys de 30 anys en el moment de sol\u00b7licitar la inscripcio\u0301 en el Fitxer del Sistema Nacional de Garantia Juvenil.<\/li>\n<li>No haver treballat en el dia natural anterior a la data de presentacio\u0301 de la sol\u00b7licitud.<\/li>\n<li>No haver rebut accions educatives en el dia natural anterior a la data de presentacio\u0301 de la sol\u00b7licitud.<\/li>\n<li>No haver rebut accions formatives en el dia natural anterior a la data de presentacio\u0301 de la sol\u00b7licitud.<\/li>\n<li>Presentar una declaracio\u0301 expressa de tenir intere\u0300s en participar en el Sistema Nacional de Garantia Juvenil, adquirint un compromi\u0301s de participacio\u0301 activa en les actuacions que es desenvolupin en el marc de la Garantia Juvenil. Coneixement i experie\u0300ncia en l&#8217;a\u0300mbit de l&#8217;associacionisme educatiu i els esplais.<\/li>\n<\/ul>\n<p><strong>Es valorar\u00e0:<\/strong><\/p>\n<ul>\n<li>Experi\u00e8ncia en les funcions descrites.<\/li>\n<li>Facilitat per con\u00e8ixer noves eines de treball.<\/li>\n<li>Experi\u00e8ncia amb l&#8217;stack MEAN i concretament amb Angular+2<\/li>\n<li>Experi\u00e8ncia en especificaci\u00f3 i disseny de bases de dades.<\/li>\n<li>Coneixement de disseny web.<\/li>\n<li>Coneixement de linux i terminal bash.<\/li>\n<li>Coneixement o experi\u00e8ncia en gesti\u00f3 de sistemes, cron i pm2.<\/li>\n<li>Experi\u00e8ncia amb sistema de versions, especialment Git i l&#8217;entorn GitLab<\/li>\n<li>Coneixement i experi\u00e8ncia en l&#8217;\u00e0mbit de l&#8217;associacionisme educatiu i els esplais<\/li>\n<li>Coneixement en temes espec\u00edfics relacionats amb el projecte educatiu d\u2019Esplais Catalans<\/li>\n<\/ul>\n<p><strong>Condicions laborals:<\/strong><\/p>\n<ul>\n<li>Contracte laboral en pr\u00e0ctiques a jornada completa.<\/li>\n<li>Sou brut segons convocat\u00f2ria del SOC.<\/li>\n<li>Incorporaci\u00f3 immediata.<\/li>\n<li>Durada del contracte: 6 mesos.<\/li>\n<li>Lloc de treball habitual: Barcelona.<\/li>\n<\/ul>\n<p><strong>Podeu llegir la convocat\u00f2ria en PDF <a href=\"http:\/\/esplac.cat\/wp-content\/uploads\/2019\/10\/Convocatoria_Suport_Informatica_2019-1.pdf\" target=\"_blank\" rel=\"noopener noreferrer\">aqu\u00ed.<\/a><\/strong><\/p>\n","protected":false},"excerpt":{"rendered":"<p>A Esplais Catalans busquem t\u00e8cnic\/a\u00a0de suport a la inform\u00e0tica\u00a0i el [&hellip;]<\/p>\n","protected":false},"author":3,"featured_media":26050,"comment_status":"closed","ping_status":"open","sticky":false,"template":"","format":"standard","meta":{"om_disable_all_campaigns":false,"_monsterinsights_skip_tracking":false,"_monsterinsights_sitenote_active":false,"_monsterinsights_sitenote_note":"","_monsterinsights_sitenote_category":0,"_uf_show_specific_survey":0,"_uf_disable_surveys":false,"footnotes":""},"categories":[1116,1],"tags":[440,562,798],"class_list":["post-26049","post","type-post","status-publish","format-standard","has-post-thumbnail","hentry","category-secretaria-esplac","category-sense-categoria","tag-informatica","tag-oferta-laboral","tag-soc"],"yoast_head":"<!-- This site is optimized with the Yoast SEO plugin v27.4 - https:\/\/yoast.com\/product\/yoast-seo-wordpress\/ -->\n<title>Obrim una pla\u00e7a de t\u00e8cnic\/a d&#039;inform\u00e0tica - Esplac<\/title>\n<meta name=\"robots\" content=\"index, follow, max-snippet:-1, max-image-preview:large, max-video-preview:-1\" \/>\n<link rel=\"canonical\" href=\"https:\/\/www.esplac.cat\/es\/obrim-placa-tecnica-informatica\/\" \/>\n<meta property=\"og:locale\" content=\"en_US\" \/>\n<meta property=\"og:type\" content=\"article\" \/>\n<meta property=\"og:title\" content=\"Obrim una pla\u00e7a de t\u00e8cnic\/a d&#039;inform\u00e0tica - Esplac\" \/>\n<meta property=\"og:description\" content=\"A Esplais Catalans busquem t\u00e8cnic\/a\u00a0de suport a la inform\u00e0tica\u00a0i el [&hellip;]\" \/>\n<meta property=\"og:url\" content=\"https:\/\/www.esplac.cat\/es\/obrim-placa-tecnica-informatica\/\" \/>\n<meta property=\"og:site_name\" content=\"Esplac\" \/>\n<meta property=\"article:published_time\" content=\"2019-10-12T07:31:51+00:00\" \/>\n<meta property=\"article:modified_time\" content=\"2020-10-15T16:23:14+00:00\" \/>\n<meta property=\"og:image\" content=\"https:\/\/www.esplac.cat\/wp-content\/uploads\/2019\/10\/port-1.jpg\" \/>\n\t<meta property=\"og:image:width\" content=\"847\" \/>\n\t<meta property=\"og:image:height\" content=\"350\" \/>\n\t<meta property=\"og:image:type\" content=\"image\/jpeg\" \/>\n<meta name=\"author\" content=\"Comunicaci\u00f3 Esplac\" \/>\n<meta name=\"twitter:card\" content=\"summary_large_image\" \/>\n<meta name=\"twitter:label1\" content=\"Written by\" \/>\n\t<meta name=\"twitter:data1\" content=\"Comunicaci\u00f3 Esplac\" \/>\n\t<meta name=\"twitter:label2\" content=\"Est. reading time\" \/>\n\t<meta name=\"twitter:data2\" content=\"4 minutes\" \/>\n<script type=\"application\/ld+json\" class=\"yoast-schema-graph\">{\"@context\":\"https:\\\/\\\/schema.org\",\"@graph\":[{\"@type\":\"Article\",\"@id\":\"https:\\\/\\\/www.esplac.cat\\\/es\\\/obrim-placa-tecnica-informatica\\\/#article\",\"isPartOf\":{\"@id\":\"https:\\\/\\\/www.esplac.cat\\\/es\\\/obrim-placa-tecnica-informatica\\\/\"},\"author\":{\"name\":\"Comunicaci\u00f3 Esplac\",\"@id\":\"https:\\\/\\\/www.esplac.cat\\\/#\\\/schema\\\/person\\\/908383cf240be18b68f8855d0583faca\"},\"headline\":\"Obrim una pla\u00e7a de t\u00e8cnic\\\/a d&#8217;inform\u00e0tica\",\"datePublished\":\"2019-10-12T07:31:51+00:00\",\"dateModified\":\"2020-10-15T16:23:14+00:00\",\"mainEntityOfPage\":{\"@id\":\"https:\\\/\\\/www.esplac.cat\\\/es\\\/obrim-placa-tecnica-informatica\\\/\"},\"wordCount\":794,\"publisher\":{\"@id\":\"https:\\\/\\\/www.esplac.cat\\\/#organization\"},\"image\":{\"@id\":\"https:\\\/\\\/www.esplac.cat\\\/es\\\/obrim-placa-tecnica-informatica\\\/#primaryimage\"},\"thumbnailUrl\":\"https:\\\/\\\/www.esplac.cat\\\/wp-content\\\/uploads\\\/2019\\\/10\\\/port-1.jpg\",\"keywords\":[\"informatica\",\"oferta laboral\",\"SOC\"],\"articleSection\":[\"Secretaria T\u00e8cnica\",\"Sense categoria\"],\"inLanguage\":\"en-US\"},{\"@type\":\"WebPage\",\"@id\":\"https:\\\/\\\/www.esplac.cat\\\/es\\\/obrim-placa-tecnica-informatica\\\/\",\"url\":\"https:\\\/\\\/www.esplac.cat\\\/es\\\/obrim-placa-tecnica-informatica\\\/\",\"name\":\"Obrim una pla\u00e7a de t\u00e8cnic\\\/a d'inform\u00e0tica - Esplac\",\"isPartOf\":{\"@id\":\"https:\\\/\\\/www.esplac.cat\\\/#website\"},\"primaryImageOfPage\":{\"@id\":\"https:\\\/\\\/www.esplac.cat\\\/es\\\/obrim-placa-tecnica-informatica\\\/#primaryimage\"},\"image\":{\"@id\":\"https:\\\/\\\/www.esplac.cat\\\/es\\\/obrim-placa-tecnica-informatica\\\/#primaryimage\"},\"thumbnailUrl\":\"https:\\\/\\\/www.esplac.cat\\\/wp-content\\\/uploads\\\/2019\\\/10\\\/port-1.jpg\",\"datePublished\":\"2019-10-12T07:31:51+00:00\",\"dateModified\":\"2020-10-15T16:23:14+00:00\",\"breadcrumb\":{\"@id\":\"https:\\\/\\\/www.esplac.cat\\\/es\\\/obrim-placa-tecnica-informatica\\\/#breadcrumb\"},\"inLanguage\":\"en-US\",\"potentialAction\":[{\"@type\":\"ReadAction\",\"target\":[\"https:\\\/\\\/www.esplac.cat\\\/es\\\/obrim-placa-tecnica-informatica\\\/\"]}]},{\"@type\":\"ImageObject\",\"inLanguage\":\"en-US\",\"@id\":\"https:\\\/\\\/www.esplac.cat\\\/es\\\/obrim-placa-tecnica-informatica\\\/#primaryimage\",\"url\":\"https:\\\/\\\/www.esplac.cat\\\/wp-content\\\/uploads\\\/2019\\\/10\\\/port-1.jpg\",\"contentUrl\":\"https:\\\/\\\/www.esplac.cat\\\/wp-content\\\/uploads\\\/2019\\\/10\\\/port-1.jpg\",\"width\":847,\"height\":350},{\"@type\":\"BreadcrumbList\",\"@id\":\"https:\\\/\\\/www.esplac.cat\\\/es\\\/obrim-placa-tecnica-informatica\\\/#breadcrumb\",\"itemListElement\":[{\"@type\":\"ListItem\",\"position\":1,\"name\":\"Inici\",\"item\":\"https:\\\/\\\/www.esplac.cat\\\/en\\\/\"},{\"@type\":\"ListItem\",\"position\":2,\"name\":\"Obrim una pla\u00e7a de t\u00e8cnic\\\/a d&#8217;inform\u00e0tica\"}]},{\"@type\":\"WebSite\",\"@id\":\"https:\\\/\\\/www.esplac.cat\\\/#website\",\"url\":\"https:\\\/\\\/www.esplac.cat\\\/\",\"name\":\"Esplac\",\"description\":\"Esplais Catalans\",\"publisher\":{\"@id\":\"https:\\\/\\\/www.esplac.cat\\\/#organization\"},\"potentialAction\":[{\"@type\":\"SearchAction\",\"target\":{\"@type\":\"EntryPoint\",\"urlTemplate\":\"https:\\\/\\\/www.esplac.cat\\\/?s={search_term_string}\"},\"query-input\":{\"@type\":\"PropertyValueSpecification\",\"valueRequired\":true,\"valueName\":\"search_term_string\"}}],\"inLanguage\":\"en-US\"},{\"@type\":\"Organization\",\"@id\":\"https:\\\/\\\/www.esplac.cat\\\/#organization\",\"name\":\"Esplac\",\"url\":\"https:\\\/\\\/www.esplac.cat\\\/\",\"logo\":{\"@type\":\"ImageObject\",\"inLanguage\":\"en-US\",\"@id\":\"https:\\\/\\\/www.esplac.cat\\\/#\\\/schema\\\/logo\\\/image\\\/\",\"url\":\"https:\\\/\\\/www.esplac.cat\\\/wp-content\\\/uploads\\\/2019\\\/08\\\/logox2.png\",\"contentUrl\":\"https:\\\/\\\/www.esplac.cat\\\/wp-content\\\/uploads\\\/2019\\\/08\\\/logox2.png\",\"width\":600,\"height\":295,\"caption\":\"Esplac\"},\"image\":{\"@id\":\"https:\\\/\\\/www.esplac.cat\\\/#\\\/schema\\\/logo\\\/image\\\/\"}},{\"@type\":\"Person\",\"@id\":\"https:\\\/\\\/www.esplac.cat\\\/#\\\/schema\\\/person\\\/908383cf240be18b68f8855d0583faca\",\"name\":\"Comunicaci\u00f3 Esplac\",\"image\":{\"@type\":\"ImageObject\",\"inLanguage\":\"en-US\",\"@id\":\"https:\\\/\\\/secure.gravatar.com\\\/avatar\\\/7a4cf8feb412a76ea4a740ca02d95b06b2907b5a6c648c2dd0a1082a093c3141?s=96&d=mm&r=g\",\"url\":\"https:\\\/\\\/secure.gravatar.com\\\/avatar\\\/7a4cf8feb412a76ea4a740ca02d95b06b2907b5a6c648c2dd0a1082a093c3141?s=96&d=mm&r=g\",\"contentUrl\":\"https:\\\/\\\/secure.gravatar.com\\\/avatar\\\/7a4cf8feb412a76ea4a740ca02d95b06b2907b5a6c648c2dd0a1082a093c3141?s=96&d=mm&r=g\",\"caption\":\"Comunicaci\u00f3 Esplac\"}}]}<\/script>\n<!-- \/ Yoast SEO plugin. -->","yoast_head_json":{"title":"Obrim una pla\u00e7a de t\u00e8cnic\/a d'inform\u00e0tica - Esplac","robots":{"index":"index","follow":"follow","max-snippet":"max-snippet:-1","max-image-preview":"max-image-preview:large","max-video-preview":"max-video-preview:-1"},"canonical":"https:\/\/www.esplac.cat\/es\/obrim-placa-tecnica-informatica\/","og_locale":"en_US","og_type":"article","og_title":"Obrim una pla\u00e7a de t\u00e8cnic\/a d'inform\u00e0tica - Esplac","og_description":"A Esplais Catalans busquem t\u00e8cnic\/a\u00a0de suport a la inform\u00e0tica\u00a0i el [&hellip;]","og_url":"https:\/\/www.esplac.cat\/es\/obrim-placa-tecnica-informatica\/","og_site_name":"Esplac","article_published_time":"2019-10-12T07:31:51+00:00","article_modified_time":"2020-10-15T16:23:14+00:00","og_image":[{"width":847,"height":350,"url":"https:\/\/www.esplac.cat\/wp-content\/uploads\/2019\/10\/port-1.jpg","type":"image\/jpeg"}],"author":"Comunicaci\u00f3 Esplac","twitter_card":"summary_large_image","twitter_misc":{"Written by":"Comunicaci\u00f3 Esplac","Est. reading time":"4 minutes"},"schema":{"@context":"https:\/\/schema.org","@graph":[{"@type":"Article","@id":"https:\/\/www.esplac.cat\/es\/obrim-placa-tecnica-informatica\/#article","isPartOf":{"@id":"https:\/\/www.esplac.cat\/es\/obrim-placa-tecnica-informatica\/"},"author":{"name":"Comunicaci\u00f3 Esplac","@id":"https:\/\/www.esplac.cat\/#\/schema\/person\/908383cf240be18b68f8855d0583faca"},"headline":"Obrim una pla\u00e7a de t\u00e8cnic\/a d&#8217;inform\u00e0tica","datePublished":"2019-10-12T07:31:51+00:00","dateModified":"2020-10-15T16:23:14+00:00","mainEntityOfPage":{"@id":"https:\/\/www.esplac.cat\/es\/obrim-placa-tecnica-informatica\/"},"wordCount":794,"publisher":{"@id":"https:\/\/www.esplac.cat\/#organization"},"image":{"@id":"https:\/\/www.esplac.cat\/es\/obrim-placa-tecnica-informatica\/#primaryimage"},"thumbnailUrl":"https:\/\/www.esplac.cat\/wp-content\/uploads\/2019\/10\/port-1.jpg","keywords":["informatica","oferta laboral","SOC"],"articleSection":["Secretaria T\u00e8cnica","Sense categoria"],"inLanguage":"en-US"},{"@type":"WebPage","@id":"https:\/\/www.esplac.cat\/es\/obrim-placa-tecnica-informatica\/","url":"https:\/\/www.esplac.cat\/es\/obrim-placa-tecnica-informatica\/","name":"Obrim una pla\u00e7a de t\u00e8cnic\/a d'inform\u00e0tica - Esplac","isPartOf":{"@id":"https:\/\/www.esplac.cat\/#website"},"primaryImageOfPage":{"@id":"https:\/\/www.esplac.cat\/es\/obrim-placa-tecnica-informatica\/#primaryimage"},"image":{"@id":"https:\/\/www.esplac.cat\/es\/obrim-placa-tecnica-informatica\/#primaryimage"},"thumbnailUrl":"https:\/\/www.esplac.cat\/wp-content\/uploads\/2019\/10\/port-1.jpg","datePublished":"2019-10-12T07:31:51+00:00","dateModified":"2020-10-15T16:23:14+00:00","breadcrumb":{"@id":"https:\/\/www.esplac.cat\/es\/obrim-placa-tecnica-informatica\/#breadcrumb"},"inLanguage":"en-US","potentialAction":[{"@type":"ReadAction","target":["https:\/\/www.esplac.cat\/es\/obrim-placa-tecnica-informatica\/"]}]},{"@type":"ImageObject","inLanguage":"en-US","@id":"https:\/\/www.esplac.cat\/es\/obrim-placa-tecnica-informatica\/#primaryimage","url":"https:\/\/www.esplac.cat\/wp-content\/uploads\/2019\/10\/port-1.jpg","contentUrl":"https:\/\/www.esplac.cat\/wp-content\/uploads\/2019\/10\/port-1.jpg","width":847,"height":350},{"@type":"BreadcrumbList","@id":"https:\/\/www.esplac.cat\/es\/obrim-placa-tecnica-informatica\/#breadcrumb","itemListElement":[{"@type":"ListItem","position":1,"name":"Inici","item":"https:\/\/www.esplac.cat\/en\/"},{"@type":"ListItem","position":2,"name":"Obrim una pla\u00e7a de t\u00e8cnic\/a d&#8217;inform\u00e0tica"}]},{"@type":"WebSite","@id":"https:\/\/www.esplac.cat\/#website","url":"https:\/\/www.esplac.cat\/","name":"Esplac","description":"Esplais Catalans","publisher":{"@id":"https:\/\/www.esplac.cat\/#organization"},"potentialAction":[{"@type":"SearchAction","target":{"@type":"EntryPoint","urlTemplate":"https:\/\/www.esplac.cat\/?s={search_term_string}"},"query-input":{"@type":"PropertyValueSpecification","valueRequired":true,"valueName":"search_term_string"}}],"inLanguage":"en-US"},{"@type":"Organization","@id":"https:\/\/www.esplac.cat\/#organization","name":"Esplac","url":"https:\/\/www.esplac.cat\/","logo":{"@type":"ImageObject","inLanguage":"en-US","@id":"https:\/\/www.esplac.cat\/#\/schema\/logo\/image\/","url":"https:\/\/www.esplac.cat\/wp-content\/uploads\/2019\/08\/logox2.png","contentUrl":"https:\/\/www.esplac.cat\/wp-content\/uploads\/2019\/08\/logox2.png","width":600,"height":295,"caption":"Esplac"},"image":{"@id":"https:\/\/www.esplac.cat\/#\/schema\/logo\/image\/"}},{"@type":"Person","@id":"https:\/\/www.esplac.cat\/#\/schema\/person\/908383cf240be18b68f8855d0583faca","name":"Comunicaci\u00f3 Esplac","image":{"@type":"ImageObject","inLanguage":"en-US","@id":"https:\/\/secure.gravatar.com\/avatar\/7a4cf8feb412a76ea4a740ca02d95b06b2907b5a6c648c2dd0a1082a093c3141?s=96&d=mm&r=g","url":"https:\/\/secure.gravatar.com\/avatar\/7a4cf8feb412a76ea4a740ca02d95b06b2907b5a6c648c2dd0a1082a093c3141?s=96&d=mm&r=g","contentUrl":"https:\/\/secure.gravatar.com\/avatar\/7a4cf8feb412a76ea4a740ca02d95b06b2907b5a6c648c2dd0a1082a093c3141?s=96&d=mm&r=g","caption":"Comunicaci\u00f3 Esplac"}}]}},"_links":{"self":[{"href":"https:\/\/www.esplac.cat\/en\/wp-json\/wp\/v2\/posts\/26049","targetHints":{"allow":["GET"]}}],"collection":[{"href":"https:\/\/www.esplac.cat\/en\/wp-json\/wp\/v2\/posts"}],"about":[{"href":"https:\/\/www.esplac.cat\/en\/wp-json\/wp\/v2\/types\/post"}],"author":[{"embeddable":true,"href":"https:\/\/www.esplac.cat\/en\/wp-json\/wp\/v2\/users\/3"}],"replies":[{"embeddable":true,"href":"https:\/\/www.esplac.cat\/en\/wp-json\/wp\/v2\/comments?post=26049"}],"version-history":[{"count":0,"href":"https:\/\/www.esplac.cat\/en\/wp-json\/wp\/v2\/posts\/26049\/revisions"}],"wp:featuredmedia":[{"embeddable":true,"href":"https:\/\/www.esplac.cat\/en\/wp-json\/wp\/v2\/media\/26050"}],"wp:attachment":[{"href":"https:\/\/www.esplac.cat\/en\/wp-json\/wp\/v2\/media?parent=26049"}],"wp:term":[{"taxonomy":"category","embeddable":true,"href":"https:\/\/www.esplac.cat\/en\/wp-json\/wp\/v2\/categories?post=26049"},{"taxonomy":"post_tag","embeddable":true,"href":"https:\/\/www.esplac.cat\/en\/wp-json\/wp\/v2\/tags?post=26049"}],"curies":[{"name":"wp","href":"https:\/\/api.w.org\/{rel}","templated":true}]}}