{"id":26054,"date":"2019-10-09T08:48:13","date_gmt":"2019-10-09T06:48:13","guid":{"rendered":"http:\/\/esplac.cat\/?p=22679"},"modified":"2020-10-15T17:23:14","modified_gmt":"2020-10-15T16:23:14","slug":"jornades-ambientals-esplais-dissenyar-campaments-sostenibles","status":"publish","type":"post","link":"https:\/\/www.esplac.cat\/en\/jornades-ambientals-esplais-dissenyar-campaments-sostenibles\/","title":{"rendered":"Les VI Jornades Ambientals han ajudat als esplais a dissenyar campaments m\u00e9s sostenibles!"},"content":{"rendered":"<h4>La sisena edici\u00f3 de les Jornades Ambientals, centrada en la creaci\u00f3 de campaments sostenibles, bat un r\u00e8cord de participaci\u00f3 amb m\u00e9s de\u00a080 persones assistents.<\/h4>\n<p style=\"text-align: justify;\">Aquest passat diumenge 6 d&#8217;octubre van tenir lloc les VI Jornades Ambientals que organitza cada any la <strong>Comissi\u00f3 Reduint Petjada<\/strong> <strong>d&#8217;Esplac<\/strong>. Enguany, el Casal Torre de La Sagrera (Barcelona) es va convertir en un espai de debat, reflexions i nous aprenentatges per aconseguir uns campaments m\u00e9s sostenibles.<\/p>\n<p style=\"text-align: justify;\">Les <strong>m\u00e9s de\u00a080 persones<\/strong> que van participar-hi (participaci\u00f3 r\u00e8cord en els 6 anys que porten celebrant-se) van tenir la sort d&#8217;escoltar la veu de persones de diverses organitzacions que treballen per la conscienciaci\u00f3 del canvi clim\u00e0tic com el moviment internacional <strong>Fridays For Future<\/strong> (amb dues representants a la pon\u00e8ncia inicial) i d&#8217;altres organitzacions que durant el mat\u00ed van fer pon\u00e8ncies simult\u00e0nies:\u00a0<a href=\"https:\/\/terramullada.wordpress.com\/\" target=\"_blank\" rel=\"noopener noreferrer\"><strong>Terra Mullada<\/strong><\/a> i <a href=\"http:\/\/www.espigoladors.cat\/\" target=\"_blank\" rel=\"noopener noreferrer\"><strong>Espigoladors<\/strong><\/a>, aix\u00ed com l&#8217;<strong>esplai Isard Flor de Neu<\/strong> amb les seves bones pr\u00e0ctiques. Tot aix\u00f2 acompanyat d&#8217;uns \u00e0pats amb menjar ecol\u00f2gic,\u00a0de proximitat i veg\u00e0 a c\u00e0rrec<span style=\"color: #ff0000;\">\u00a0<span style=\"color: #000000;\">de la cooperativa d&#8217;inclusi\u00f3 social\u00a0<strong><a href=\"http:\/\/diomcoop.org\/\" target=\"_blank\" rel=\"noopener noreferrer\">Diomcoop<\/a>.<\/strong><\/span><\/span><\/p>\n<p style=\"text-align: justify;\"><a href=\"http:\/\/esplac.cat\/wp-content\/uploads\/2019\/10\/PA060073-1.jpg\"><img decoding=\"async\" class=\"wp-image-22695 aligncenter\" src=\"http:\/\/esplac.cat\/wp-content\/uploads\/2019\/10\/PA060073-1.jpg\" alt=\"\" width=\"503\" height=\"332\" \/><\/a><\/p>\n<p style=\"text-align: justify;\">A la tarda, per fer baixar el dinar, va arribar el moment d&#8217;aterrar les Jornades als esplais amb uns tallers\u00a0per fer\u00a0campaments m\u00e9s sotenibles. Primer van aprendre a fer<strong> sab\u00f3 i pasta de dents ecol\u00f2gica<\/strong>. Tamb\u00e9 va haver-hi una activitat a c\u00e0rrec del moviment\u00a0<strong><a href=\"https:\/\/www.facebook.com\/ExtinctionRebellionBarcelona\/\" target=\"_blank\" rel=\"noopener noreferrer\">Extinction Rebellion<\/a><\/strong>\u00a0amb din\u00e0miques sobre com treballar la sostenibilitat a l&#8217;esplai, i finalment es va crear un espai de recull d&#8217;informaci\u00f3 per compartir i posar en com\u00fa l&#8217;apr\u00e8s durant el dia.<\/p>\n<p style=\"text-align: justify;\"><a href=\"http:\/\/esplac.cat\/wp-content\/uploads\/2019\/10\/WhatsApp-Image-2019-10-07-at-12.03.58-1.jpeg\"><img decoding=\"async\" class=\"wp-image-22682 aligncenter\" src=\"http:\/\/esplac.cat\/wp-content\/uploads\/2019\/10\/WhatsApp-Image-2019-10-07-at-12.03.58-1.jpeg\" alt=\"\" width=\"508\" height=\"381\" \/><\/a><\/p>\n<p style=\"text-align: justify;\"><a href=\"http:\/\/esplac.cat\/wp-content\/uploads\/2019\/10\/WhatsApp-Image-2019-10-07-at-12.03.58.jpeg\"><img decoding=\"async\" class=\"wp-image-22683 aligncenter\" src=\"http:\/\/esplac.cat\/wp-content\/uploads\/2019\/10\/WhatsApp-Image-2019-10-07-at-12.03.58.jpeg\" alt=\"\" width=\"508\" height=\"381\" \/><\/a><\/p>\n<p style=\"text-align: justify;\">Per acabar, les membres de la comi Reduint Petjada van presentar un\u00a0<strong>nou recurs pels esplais<\/strong>: uns documents per facilitar i ajudar als esplais a crear uns esdeveniments sostenibles. Un document interactiu\u00a0al qual\u00a0podeu accedir <a href=\"http:\/\/esplac.cat\/wp-content\/uploads\/2019\/10\/esdeveniments-sostenibles-esplac.pdf\" target=\"_blank\" rel=\"noopener noreferrer\">fent clic aqu\u00ed.<\/a>\u00a0A m\u00e9s, tamb\u00e9 podeu veure <strong>un v\u00eddeo resum<\/strong> amb conclusions extretes per les participants <a href=\"https:\/\/www.youtube.com\/watch?v=Bhkrfsm90PE\" target=\"_blank\" rel=\"noopener noreferrer\">aqu\u00ed.<\/a><\/p>\n<p>&nbsp;<\/p>\n","protected":false},"excerpt":{"rendered":"<p>La sisena edici\u00f3 de les Jornades Ambientals, centrada en la [&hellip;]<\/p>\n","protected":false},"author":3,"featured_media":26057,"comment_status":"closed","ping_status":"open","sticky":false,"template":"","format":"standard","meta":{"om_disable_all_campaigns":false,"_monsterinsights_skip_tracking":false,"_monsterinsights_sitenote_active":false,"_monsterinsights_sitenote_note":"","_monsterinsights_sitenote_category":0,"_uf_show_specific_survey":0,"_uf_disable_surveys":false,"footnotes":""},"categories":[1119,1159,1],"tags":[1098,1089,1002,1003,31,83,545,134],"class_list":["post-26054","post","type-post","status-publish","format-standard","has-post-thumbnail","hentry","category-activitats-comissions-grups-de-treball","category-jornades-ambientals","category-sense-categoria","tag-campaments-sostenibles","tag-canvi-climatic","tag-educacio-popular","tag-esplai","tag-jornades-ambientals","tag-reduint-petjada","tag-sostenibilitat","tag-transformacio-social"],"yoast_head":"<!-- This site is optimized with the Yoast SEO plugin v27.5 - https:\/\/yoast.com\/product\/yoast-seo-wordpress\/ -->\n<title>Les VI Jornades Ambientals han ajudat als esplais a dissenyar campaments m\u00e9s sostenibles! - Esplac<\/title>\n<meta name=\"robots\" content=\"index, follow, max-snippet:-1, max-image-preview:large, max-video-preview:-1\" \/>\n<link rel=\"canonical\" href=\"https:\/\/www.esplac.cat\/en\/jornades-ambientals-esplais-dissenyar-campaments-sostenibles\/\" \/>\n<meta property=\"og:locale\" content=\"en_US\" \/>\n<meta property=\"og:type\" content=\"article\" \/>\n<meta property=\"og:title\" content=\"Les VI Jornades Ambientals han ajudat als esplais a dissenyar campaments m\u00e9s sostenibles! - Esplac\" \/>\n<meta property=\"og:description\" content=\"La sisena edici\u00f3 de les Jornades Ambientals, centrada en la [&hellip;]\" \/>\n<meta property=\"og:url\" content=\"https:\/\/www.esplac.cat\/en\/jornades-ambientals-esplais-dissenyar-campaments-sostenibles\/\" \/>\n<meta property=\"og:site_name\" content=\"Esplac\" \/>\n<meta property=\"article:published_time\" content=\"2019-10-09T06:48:13+00:00\" \/>\n<meta property=\"article:modified_time\" content=\"2020-10-15T16:23:14+00:00\" \/>\n<meta property=\"og:image\" content=\"https:\/\/www.esplac.cat\/wp-content\/uploads\/2019\/10\/Portadadefinitiva.jpg\" \/>\n\t<meta property=\"og:image:width\" content=\"847\" \/>\n\t<meta property=\"og:image:height\" content=\"350\" \/>\n\t<meta property=\"og:image:type\" content=\"image\/jpeg\" \/>\n<meta name=\"author\" content=\"Comunicaci\u00f3 Esplac\" \/>\n<meta name=\"twitter:card\" content=\"summary_large_image\" \/>\n<meta name=\"twitter:label1\" content=\"Written by\" \/>\n\t<meta name=\"twitter:data1\" content=\"Comunicaci\u00f3 Esplac\" \/>\n\t<meta name=\"twitter:label2\" content=\"Est. reading time\" \/>\n\t<meta name=\"twitter:data2\" content=\"2 minutes\" \/>\n<script type=\"application\/ld+json\" class=\"yoast-schema-graph\">{\"@context\":\"https:\\\/\\\/schema.org\",\"@graph\":[{\"@type\":\"Article\",\"@id\":\"https:\\\/\\\/www.esplac.cat\\\/en\\\/jornades-ambientals-esplais-dissenyar-campaments-sostenibles\\\/#article\",\"isPartOf\":{\"@id\":\"https:\\\/\\\/www.esplac.cat\\\/en\\\/jornades-ambientals-esplais-dissenyar-campaments-sostenibles\\\/\"},\"author\":{\"name\":\"Comunicaci\u00f3 Esplac\",\"@id\":\"https:\\\/\\\/www.esplac.cat\\\/#\\\/schema\\\/person\\\/908383cf240be18b68f8855d0583faca\"},\"headline\":\"Les VI Jornades Ambientals han ajudat als esplais a dissenyar campaments m\u00e9s sostenibles!\",\"datePublished\":\"2019-10-09T06:48:13+00:00\",\"dateModified\":\"2020-10-15T16:23:14+00:00\",\"mainEntityOfPage\":{\"@id\":\"https:\\\/\\\/www.esplac.cat\\\/en\\\/jornades-ambientals-esplais-dissenyar-campaments-sostenibles\\\/\"},\"wordCount\":341,\"publisher\":{\"@id\":\"https:\\\/\\\/www.esplac.cat\\\/#organization\"},\"image\":{\"@id\":\"https:\\\/\\\/www.esplac.cat\\\/en\\\/jornades-ambientals-esplais-dissenyar-campaments-sostenibles\\\/#primaryimage\"},\"thumbnailUrl\":\"https:\\\/\\\/www.esplac.cat\\\/wp-content\\\/uploads\\\/2019\\\/10\\\/Portadadefinitiva.jpg\",\"keywords\":[\"campaments sostenibles\",\"canvi clim\u00e0tic\",\"educaci\u00f3 popular\",\"esplai\",\"jornades ambientals\",\"reduint petjada\",\"sostenibilitat\",\"transformaci\u00f3 social\"],\"articleSection\":[\"Activitats comissions i grups de treball\",\"Jornades ambientals\",\"Sense categoria\"],\"inLanguage\":\"en-US\"},{\"@type\":\"WebPage\",\"@id\":\"https:\\\/\\\/www.esplac.cat\\\/en\\\/jornades-ambientals-esplais-dissenyar-campaments-sostenibles\\\/\",\"url\":\"https:\\\/\\\/www.esplac.cat\\\/en\\\/jornades-ambientals-esplais-dissenyar-campaments-sostenibles\\\/\",\"name\":\"Les VI Jornades Ambientals han ajudat als esplais a dissenyar campaments m\u00e9s sostenibles! - Esplac\",\"isPartOf\":{\"@id\":\"https:\\\/\\\/www.esplac.cat\\\/#website\"},\"primaryImageOfPage\":{\"@id\":\"https:\\\/\\\/www.esplac.cat\\\/en\\\/jornades-ambientals-esplais-dissenyar-campaments-sostenibles\\\/#primaryimage\"},\"image\":{\"@id\":\"https:\\\/\\\/www.esplac.cat\\\/en\\\/jornades-ambientals-esplais-dissenyar-campaments-sostenibles\\\/#primaryimage\"},\"thumbnailUrl\":\"https:\\\/\\\/www.esplac.cat\\\/wp-content\\\/uploads\\\/2019\\\/10\\\/Portadadefinitiva.jpg\",\"datePublished\":\"2019-10-09T06:48:13+00:00\",\"dateModified\":\"2020-10-15T16:23:14+00:00\",\"breadcrumb\":{\"@id\":\"https:\\\/\\\/www.esplac.cat\\\/en\\\/jornades-ambientals-esplais-dissenyar-campaments-sostenibles\\\/#breadcrumb\"},\"inLanguage\":\"en-US\",\"potentialAction\":[{\"@type\":\"ReadAction\",\"target\":[\"https:\\\/\\\/www.esplac.cat\\\/en\\\/jornades-ambientals-esplais-dissenyar-campaments-sostenibles\\\/\"]}]},{\"@type\":\"ImageObject\",\"inLanguage\":\"en-US\",\"@id\":\"https:\\\/\\\/www.esplac.cat\\\/en\\\/jornades-ambientals-esplais-dissenyar-campaments-sostenibles\\\/#primaryimage\",\"url\":\"https:\\\/\\\/www.esplac.cat\\\/wp-content\\\/uploads\\\/2019\\\/10\\\/Portadadefinitiva.jpg\",\"contentUrl\":\"https:\\\/\\\/www.esplac.cat\\\/wp-content\\\/uploads\\\/2019\\\/10\\\/Portadadefinitiva.jpg\",\"width\":847,\"height\":350},{\"@type\":\"BreadcrumbList\",\"@id\":\"https:\\\/\\\/www.esplac.cat\\\/en\\\/jornades-ambientals-esplais-dissenyar-campaments-sostenibles\\\/#breadcrumb\",\"itemListElement\":[{\"@type\":\"ListItem\",\"position\":1,\"name\":\"Inici\",\"item\":\"https:\\\/\\\/www.esplac.cat\\\/en\\\/\"},{\"@type\":\"ListItem\",\"position\":2,\"name\":\"Les VI Jornades Ambientals han ajudat als esplais a dissenyar campaments m\u00e9s sostenibles!\"}]},{\"@type\":\"WebSite\",\"@id\":\"https:\\\/\\\/www.esplac.cat\\\/#website\",\"url\":\"https:\\\/\\\/www.esplac.cat\\\/\",\"name\":\"Esplac\",\"description\":\"Esplais Catalans\",\"publisher\":{\"@id\":\"https:\\\/\\\/www.esplac.cat\\\/#organization\"},\"potentialAction\":[{\"@type\":\"SearchAction\",\"target\":{\"@type\":\"EntryPoint\",\"urlTemplate\":\"https:\\\/\\\/www.esplac.cat\\\/?s={search_term_string}\"},\"query-input\":{\"@type\":\"PropertyValueSpecification\",\"valueRequired\":true,\"valueName\":\"search_term_string\"}}],\"inLanguage\":\"en-US\"},{\"@type\":\"Organization\",\"@id\":\"https:\\\/\\\/www.esplac.cat\\\/#organization\",\"name\":\"Esplac\",\"url\":\"https:\\\/\\\/www.esplac.cat\\\/\",\"logo\":{\"@type\":\"ImageObject\",\"inLanguage\":\"en-US\",\"@id\":\"https:\\\/\\\/www.esplac.cat\\\/#\\\/schema\\\/logo\\\/image\\\/\",\"url\":\"https:\\\/\\\/www.esplac.cat\\\/wp-content\\\/uploads\\\/2019\\\/08\\\/logox2.png\",\"contentUrl\":\"https:\\\/\\\/www.esplac.cat\\\/wp-content\\\/uploads\\\/2019\\\/08\\\/logox2.png\",\"width\":600,\"height\":295,\"caption\":\"Esplac\"},\"image\":{\"@id\":\"https:\\\/\\\/www.esplac.cat\\\/#\\\/schema\\\/logo\\\/image\\\/\"}},{\"@type\":\"Person\",\"@id\":\"https:\\\/\\\/www.esplac.cat\\\/#\\\/schema\\\/person\\\/908383cf240be18b68f8855d0583faca\",\"name\":\"Comunicaci\u00f3 Esplac\",\"image\":{\"@type\":\"ImageObject\",\"inLanguage\":\"en-US\",\"@id\":\"https:\\\/\\\/secure.gravatar.com\\\/avatar\\\/7a4cf8feb412a76ea4a740ca02d95b06b2907b5a6c648c2dd0a1082a093c3141?s=96&d=mm&r=g\",\"url\":\"https:\\\/\\\/secure.gravatar.com\\\/avatar\\\/7a4cf8feb412a76ea4a740ca02d95b06b2907b5a6c648c2dd0a1082a093c3141?s=96&d=mm&r=g\",\"contentUrl\":\"https:\\\/\\\/secure.gravatar.com\\\/avatar\\\/7a4cf8feb412a76ea4a740ca02d95b06b2907b5a6c648c2dd0a1082a093c3141?s=96&d=mm&r=g\",\"caption\":\"Comunicaci\u00f3 Esplac\"}}]}<\/script>\n<!-- \/ Yoast SEO plugin. -->","yoast_head_json":{"title":"Les VI Jornades Ambientals han ajudat als esplais a dissenyar campaments m\u00e9s sostenibles! - Esplac","robots":{"index":"index","follow":"follow","max-snippet":"max-snippet:-1","max-image-preview":"max-image-preview:large","max-video-preview":"max-video-preview:-1"},"canonical":"https:\/\/www.esplac.cat\/en\/jornades-ambientals-esplais-dissenyar-campaments-sostenibles\/","og_locale":"en_US","og_type":"article","og_title":"Les VI Jornades Ambientals han ajudat als esplais a dissenyar campaments m\u00e9s sostenibles! - Esplac","og_description":"La sisena edici\u00f3 de les Jornades Ambientals, centrada en la [&hellip;]","og_url":"https:\/\/www.esplac.cat\/en\/jornades-ambientals-esplais-dissenyar-campaments-sostenibles\/","og_site_name":"Esplac","article_published_time":"2019-10-09T06:48:13+00:00","article_modified_time":"2020-10-15T16:23:14+00:00","og_image":[{"width":847,"height":350,"url":"https:\/\/www.esplac.cat\/wp-content\/uploads\/2019\/10\/Portadadefinitiva.jpg","type":"image\/jpeg"}],"author":"Comunicaci\u00f3 Esplac","twitter_card":"summary_large_image","twitter_misc":{"Written by":"Comunicaci\u00f3 Esplac","Est. reading time":"2 minutes"},"schema":{"@context":"https:\/\/schema.org","@graph":[{"@type":"Article","@id":"https:\/\/www.esplac.cat\/en\/jornades-ambientals-esplais-dissenyar-campaments-sostenibles\/#article","isPartOf":{"@id":"https:\/\/www.esplac.cat\/en\/jornades-ambientals-esplais-dissenyar-campaments-sostenibles\/"},"author":{"name":"Comunicaci\u00f3 Esplac","@id":"https:\/\/www.esplac.cat\/#\/schema\/person\/908383cf240be18b68f8855d0583faca"},"headline":"Les VI Jornades Ambientals han ajudat als esplais a dissenyar campaments m\u00e9s sostenibles!","datePublished":"2019-10-09T06:48:13+00:00","dateModified":"2020-10-15T16:23:14+00:00","mainEntityOfPage":{"@id":"https:\/\/www.esplac.cat\/en\/jornades-ambientals-esplais-dissenyar-campaments-sostenibles\/"},"wordCount":341,"publisher":{"@id":"https:\/\/www.esplac.cat\/#organization"},"image":{"@id":"https:\/\/www.esplac.cat\/en\/jornades-ambientals-esplais-dissenyar-campaments-sostenibles\/#primaryimage"},"thumbnailUrl":"https:\/\/www.esplac.cat\/wp-content\/uploads\/2019\/10\/Portadadefinitiva.jpg","keywords":["campaments sostenibles","canvi clim\u00e0tic","educaci\u00f3 popular","esplai","jornades ambientals","reduint petjada","sostenibilitat","transformaci\u00f3 social"],"articleSection":["Activitats comissions i grups de treball","Jornades ambientals","Sense categoria"],"inLanguage":"en-US"},{"@type":"WebPage","@id":"https:\/\/www.esplac.cat\/en\/jornades-ambientals-esplais-dissenyar-campaments-sostenibles\/","url":"https:\/\/www.esplac.cat\/en\/jornades-ambientals-esplais-dissenyar-campaments-sostenibles\/","name":"Les VI Jornades Ambientals han ajudat als esplais a dissenyar campaments m\u00e9s sostenibles! - Esplac","isPartOf":{"@id":"https:\/\/www.esplac.cat\/#website"},"primaryImageOfPage":{"@id":"https:\/\/www.esplac.cat\/en\/jornades-ambientals-esplais-dissenyar-campaments-sostenibles\/#primaryimage"},"image":{"@id":"https:\/\/www.esplac.cat\/en\/jornades-ambientals-esplais-dissenyar-campaments-sostenibles\/#primaryimage"},"thumbnailUrl":"https:\/\/www.esplac.cat\/wp-content\/uploads\/2019\/10\/Portadadefinitiva.jpg","datePublished":"2019-10-09T06:48:13+00:00","dateModified":"2020-10-15T16:23:14+00:00","breadcrumb":{"@id":"https:\/\/www.esplac.cat\/en\/jornades-ambientals-esplais-dissenyar-campaments-sostenibles\/#breadcrumb"},"inLanguage":"en-US","potentialAction":[{"@type":"ReadAction","target":["https:\/\/www.esplac.cat\/en\/jornades-ambientals-esplais-dissenyar-campaments-sostenibles\/"]}]},{"@type":"ImageObject","inLanguage":"en-US","@id":"https:\/\/www.esplac.cat\/en\/jornades-ambientals-esplais-dissenyar-campaments-sostenibles\/#primaryimage","url":"https:\/\/www.esplac.cat\/wp-content\/uploads\/2019\/10\/Portadadefinitiva.jpg","contentUrl":"https:\/\/www.esplac.cat\/wp-content\/uploads\/2019\/10\/Portadadefinitiva.jpg","width":847,"height":350},{"@type":"BreadcrumbList","@id":"https:\/\/www.esplac.cat\/en\/jornades-ambientals-esplais-dissenyar-campaments-sostenibles\/#breadcrumb","itemListElement":[{"@type":"ListItem","position":1,"name":"Inici","item":"https:\/\/www.esplac.cat\/en\/"},{"@type":"ListItem","position":2,"name":"Les VI Jornades Ambientals han ajudat als esplais a dissenyar campaments m\u00e9s sostenibles!"}]},{"@type":"WebSite","@id":"https:\/\/www.esplac.cat\/#website","url":"https:\/\/www.esplac.cat\/","name":"Esplac","description":"Esplais Catalans","publisher":{"@id":"https:\/\/www.esplac.cat\/#organization"},"potentialAction":[{"@type":"SearchAction","target":{"@type":"EntryPoint","urlTemplate":"https:\/\/www.esplac.cat\/?s={search_term_string}"},"query-input":{"@type":"PropertyValueSpecification","valueRequired":true,"valueName":"search_term_string"}}],"inLanguage":"en-US"},{"@type":"Organization","@id":"https:\/\/www.esplac.cat\/#organization","name":"Esplac","url":"https:\/\/www.esplac.cat\/","logo":{"@type":"ImageObject","inLanguage":"en-US","@id":"https:\/\/www.esplac.cat\/#\/schema\/logo\/image\/","url":"https:\/\/www.esplac.cat\/wp-content\/uploads\/2019\/08\/logox2.png","contentUrl":"https:\/\/www.esplac.cat\/wp-content\/uploads\/2019\/08\/logox2.png","width":600,"height":295,"caption":"Esplac"},"image":{"@id":"https:\/\/www.esplac.cat\/#\/schema\/logo\/image\/"}},{"@type":"Person","@id":"https:\/\/www.esplac.cat\/#\/schema\/person\/908383cf240be18b68f8855d0583faca","name":"Comunicaci\u00f3 Esplac","image":{"@type":"ImageObject","inLanguage":"en-US","@id":"https:\/\/secure.gravatar.com\/avatar\/7a4cf8feb412a76ea4a740ca02d95b06b2907b5a6c648c2dd0a1082a093c3141?s=96&d=mm&r=g","url":"https:\/\/secure.gravatar.com\/avatar\/7a4cf8feb412a76ea4a740ca02d95b06b2907b5a6c648c2dd0a1082a093c3141?s=96&d=mm&r=g","contentUrl":"https:\/\/secure.gravatar.com\/avatar\/7a4cf8feb412a76ea4a740ca02d95b06b2907b5a6c648c2dd0a1082a093c3141?s=96&d=mm&r=g","caption":"Comunicaci\u00f3 Esplac"}}]}},"_links":{"self":[{"href":"https:\/\/www.esplac.cat\/en\/wp-json\/wp\/v2\/posts\/26054","targetHints":{"allow":["GET"]}}],"collection":[{"href":"https:\/\/www.esplac.cat\/en\/wp-json\/wp\/v2\/posts"}],"about":[{"href":"https:\/\/www.esplac.cat\/en\/wp-json\/wp\/v2\/types\/post"}],"author":[{"embeddable":true,"href":"https:\/\/www.esplac.cat\/en\/wp-json\/wp\/v2\/users\/3"}],"replies":[{"embeddable":true,"href":"https:\/\/www.esplac.cat\/en\/wp-json\/wp\/v2\/comments?post=26054"}],"version-history":[{"count":0,"href":"https:\/\/www.esplac.cat\/en\/wp-json\/wp\/v2\/posts\/26054\/revisions"}],"wp:featuredmedia":[{"embeddable":true,"href":"https:\/\/www.esplac.cat\/en\/wp-json\/wp\/v2\/media\/26057"}],"wp:attachment":[{"href":"https:\/\/www.esplac.cat\/en\/wp-json\/wp\/v2\/media?parent=26054"}],"wp:term":[{"taxonomy":"category","embeddable":true,"href":"https:\/\/www.esplac.cat\/en\/wp-json\/wp\/v2\/categories?post=26054"},{"taxonomy":"post_tag","embeddable":true,"href":"https:\/\/www.esplac.cat\/en\/wp-json\/wp\/v2\/tags?post=26054"}],"curies":[{"name":"wp","href":"https:\/\/api.w.org\/{rel}","templated":true}]}}