{"id":28233,"date":"2019-11-20T17:49:06","date_gmt":"2019-11-20T16:49:06","guid":{"rendered":"https:\/\/www.esplac.cat\/?p=28233"},"modified":"2020-10-15T17:23:09","modified_gmt":"2020-10-15T16:23:09","slug":"els-esplais-reivindiquem-avui-i-cada-dia-els-drets-dels-infants","status":"publish","type":"post","link":"https:\/\/www.esplac.cat\/en\/els-esplais-reivindiquem-avui-i-cada-dia-els-drets-dels-infants\/","title":{"rendered":"Els esplais reivindiquem avui, i cada dia, els drets dels infants"},"content":{"rendered":"<p><div class=\"fusion-fullwidth fullwidth-box fusion-builder-row-1 nonhundred-percent-fullwidth non-hundred-percent-height-scrolling\" style=\"--awb-border-radius-top-left:0px;--awb-border-radius-top-right:0px;--awb-border-radius-bottom-right:0px;--awb-border-radius-bottom-left:0px;--awb-flex-wrap:wrap;\" ><div class=\"fusion-builder-row fusion-row\"><div class=\"fusion-layout-column fusion_builder_column fusion-builder-column-0 fusion_builder_column_1_1 1_1 fusion-one-full fusion-column-first fusion-column-last\" style=\"--awb-bg-size:cover;--awb-margin-bottom:0px;\"><div class=\"fusion-column-wrapper fusion-flex-column-wrapper-legacy\"><div class=\"fusion-text fusion-text-1\"><h4>Els esplais d\u2019Esplac reivindiquem cada dia els drets dels infants i els treballem tant amb la mainada com amb els grups de joves i les seves fam\u00edlies. Avui, 20 de novembre, Dia Universal dels Drets dels Infants, anem un pas m\u00e9s enll\u00e0: ens posem drets i ens posem deures.<\/h4>\n<p>El passat cap de setmana es van celebrar a diferents viles de Catalunya festes i cercaviles per tal de posar en valor els drets dels infants i joves, a trav\u00e9s de jocs, din\u00e0miques, performances i espais de trobada entre els diferents esplais dels sectors geogr\u00e0fics de Catalunya.<\/p>\n<p>Al <strong>Baix Llobregat<\/strong> hi van participar 387 infants i joves i 116 monitores i monitors dels esplais Arc de Sant Mart\u00ed (Torrelles de Llobregat), Greska (Santa Coloma de Cervell\u00f3), Guspira (Martorell), L\u2019Agrupa (Molins), Peti ki Peti (La Palma de Cervell\u00f3), Pa amb tom\u00e0quet (El Papiol), Trapella (Sant Esteve Sesrovires) i Vol i Vol (Cornell\u00e0 de Llobregat). Durant el dissabte es van fer activitats per la mainada. A la tarda van arribar les joves i es va fer el manifest (elaborat per la canalla en forma de performance) i el concert d\u2019Ambaukatun\u00e0via.<br \/>\nDespr\u00e9s els grups de petits, mitjans i grans van marxar i es van quedar els grups de joves, que van dormir al pavell\u00f3 i van fer tallers el diumenge al mat\u00ed.<\/p>\n<p>Santa Margarida de Montbu\u00ed va acollir la celebraci\u00f3 del <strong>sector Pened\u00e8s, Garraf i Anoia<\/strong> on hi van participar 250 persones dels esplais GEM (Santa Margarida de Montbu\u00ed), GER (Sant Pere de Ribes), MIV (Vilafranca), Drac M\u00e0gic (Vilanova i la Geltr\u00fa) i Zig-Zag (El Vendrell).<\/p>\n<p>A Centelles es van fer jocs per grup d\u2019edat enfocats als drets dels infants i despr\u00e9s es va fer un himne del sector. Cada grup d\u2019edat treballava uns drets en concret a cada estrofa i entre totes van crear una can\u00e7\u00f3 que representa el <strong>sector Ripoll\u00e8s, Osona i Moian\u00e8s<\/strong>. Hi van participar 164 persones dels esplais Draks (Castellter\u00e7ol), Les 100 Teies (Centelles) i G\u00fcitxi-G\u00fcitxi (Tona).<\/p>\n<p>El <strong>sector Vall\u00e8s Occidental<\/strong> va fer un cercavila per Rub\u00ed, on les participants es van barrejar per grups d\u2019edat i per grups d\u2019esplai. Van poder treballar plegades els drets dels infants, tot plasmant-los en cartolines i passejant-se per la Rambla. Al migdia van dinar plegades i despr\u00e9s es van separar en grups redu\u00efts per fer jocs, tallers i debats. Hi va haver una participaci\u00f3 de 130 infants i 35 monitores i monitors dels esplais Eixam (Rub\u00ed), Pica-Roca (Sant Cugat del Vall\u00e8s) i La Fera (Terrassa).<\/p>\n<p>Al <strong>Camp de Tarragona<\/strong> es va celebrar la Diada el dissabte 9 de novembre, a Tarragona, amb una participaci\u00f3 de 66 persones dels esplais L\u2019Esclop (Vila-Seca) i La Grapadora (Tarragona).<\/p>\n<p>Des d\u2019Esplais Catalans continuem transformant des de l\u2019educaci\u00f3 en el lleure per tal de que el reconeixement d\u2019aquests drets sigui un tema a abordar cada dia, aix\u00ed que els esplais que en formem part ens hem posat deures i ens marquem una s\u00e8rie de reptes per tal que la inf\u00e0ncia sigui respectada i la concebem com un subjecte actiu. Podeu consultar el posicionament <strong>aqu\u00ed<\/strong>.<\/p>\n<\/div><div class=\"fusion-aligncenter\"><a class=\"fusion-button button-flat fusion-button-default-size button-default fusion-button-default button-1 fusion-button-default-span fusion-button-default-type\" style=\"--button-border-radius-top-left:0;--button-border-radius-top-right:0;--button-border-radius-bottom-right:0;--button-border-radius-bottom-left:0;\" target=\"_self\" href=\"https:\/\/www.esplac.cat\/drets-i-deures-20n\/\"><span class=\"fusion-button-text\">POSIcionament: ens posem drets i ens posem deures<\/span><\/a><\/div><div class=\"fusion-clearfix\"><\/div><\/div><\/div><\/div><\/div><div class=\"fusion-fullwidth fullwidth-box fusion-builder-row-2 nonhundred-percent-fullwidth non-hundred-percent-height-scrolling\" style=\"--awb-border-radius-top-left:0px;--awb-border-radius-top-right:0px;--awb-border-radius-bottom-right:0px;--awb-border-radius-bottom-left:0px;--awb-flex-wrap:wrap;\" ><div class=\"fusion-builder-row fusion-row\"><div class=\"fusion-layout-column fusion_builder_column fusion-builder-column-1 fusion_builder_column_1_1 1_1 fusion-one-full fusion-column-first fusion-column-last\" style=\"--awb-padding-top:24px;--awb-bg-size:cover;--awb-margin-bottom:0px;\"><div class=\"fusion-column-wrapper fusion-flex-column-wrapper-legacy\"><div class=\"fusion-text fusion-text-2\"><p>Avui tamb\u00e9 aprofitem per posar sobre la taula la <strong>Convenci\u00f3 dels Drets dels Infants i el seu 30\u00e8 aniversari<\/strong>.<br \/>\nDes d\u2019Esplais Catalans, Incoop, Acci\u00f3 Escolta, l\u2019Escola Lliure El Sol i la Fundaci\u00f3 Ferrer i Gu\u00e0rdia ens posem dretes per continuar treballant plegades i hem elaborat una infografia conjunta amb publicacions, marc normatiu i recursos que podeu consultar clicant <strong>aqu\u00ed<\/strong>.<\/p>\n<\/div><div class=\"fusion-aligncenter\"><a class=\"fusion-button button-flat fusion-button-default-size button-default fusion-button-default button-2 fusion-button-default-span fusion-button-default-type\" style=\"--button-border-radius-top-left:0;--button-border-radius-top-right:0;--button-border-radius-bottom-right:0;--button-border-radius-bottom-left:0;\" target=\"_self\" href=\"https:\/\/www.esplac.cat\/wp-content\/uploads\/2019\/11\/Posem-nos-drets-posem-nos-deures-1.pdf\"><span class=\"fusion-button-text\">INFOGRAFIA: RECURSOS PER TREBALLAR ELS DRETS DELS INFANTS<\/span><\/a><\/div><div class=\"fusion-clearfix\"><\/div><\/div><\/div><\/div><\/div><\/p>\n","protected":false},"excerpt":{"rendered":"","protected":false},"author":3,"featured_media":28234,"comment_status":"closed","ping_status":"open","sticky":false,"template":"","format":"standard","meta":{"om_disable_all_campaigns":false,"_monsterinsights_skip_tracking":false,"_monsterinsights_sitenote_active":false,"_monsterinsights_sitenote_note":"","_monsterinsights_sitenote_category":0,"_uf_show_specific_survey":0,"_uf_disable_surveys":false,"footnotes":""},"categories":[1135],"tags":[375,45,284,1204],"class_list":["post-28233","post","type-post","status-publish","format-standard","has-post-thumbnail","hentry","category-20-n-drets-dels-infants","tag-20n","tag-drets-dels-infants","tag-recursos","tag-reptes"],"yoast_head":"<!-- This site is optimized with the Yoast SEO plugin v27.4 - https:\/\/yoast.com\/product\/yoast-seo-wordpress\/ -->\n<title>Els esplais reivindiquem avui, i cada dia, els drets dels infants - Esplac<\/title>\n<meta name=\"robots\" content=\"index, follow, max-snippet:-1, max-image-preview:large, max-video-preview:-1\" \/>\n<link rel=\"canonical\" href=\"https:\/\/www.esplac.cat\/es\/els-esplais-reivindiquem-avui-i-cada-dia-els-drets-dels-infants\/\" \/>\n<meta property=\"og:locale\" content=\"en_US\" \/>\n<meta property=\"og:type\" content=\"article\" \/>\n<meta property=\"og:title\" content=\"Els esplais reivindiquem avui, i cada dia, els drets dels infants - Esplac\" \/>\n<meta property=\"og:url\" content=\"https:\/\/www.esplac.cat\/es\/els-esplais-reivindiquem-avui-i-cada-dia-els-drets-dels-infants\/\" \/>\n<meta property=\"og:site_name\" content=\"Esplac\" \/>\n<meta property=\"article:published_time\" content=\"2019-11-20T16:49:06+00:00\" \/>\n<meta property=\"article:modified_time\" content=\"2020-10-15T16:23:09+00:00\" \/>\n<meta property=\"og:image\" content=\"https:\/\/www.esplac.cat\/wp-content\/uploads\/2019\/11\/dudi.png\" \/>\n\t<meta property=\"og:image:width\" content=\"847\" \/>\n\t<meta property=\"og:image:height\" content=\"350\" \/>\n\t<meta property=\"og:image:type\" content=\"image\/png\" \/>\n<meta name=\"author\" content=\"Comunicaci\u00f3 Esplac\" \/>\n<meta name=\"twitter:card\" content=\"summary_large_image\" \/>\n<meta name=\"twitter:label1\" content=\"Written by\" \/>\n\t<meta name=\"twitter:data1\" content=\"Comunicaci\u00f3 Esplac\" \/>\n\t<meta name=\"twitter:label2\" content=\"Est. reading time\" \/>\n\t<meta name=\"twitter:data2\" content=\"6 minutes\" \/>\n<script type=\"application\/ld+json\" class=\"yoast-schema-graph\">{\"@context\":\"https:\\\/\\\/schema.org\",\"@graph\":[{\"@type\":\"Article\",\"@id\":\"https:\\\/\\\/www.esplac.cat\\\/es\\\/els-esplais-reivindiquem-avui-i-cada-dia-els-drets-dels-infants\\\/#article\",\"isPartOf\":{\"@id\":\"https:\\\/\\\/www.esplac.cat\\\/es\\\/els-esplais-reivindiquem-avui-i-cada-dia-els-drets-dels-infants\\\/\"},\"author\":{\"name\":\"Comunicaci\u00f3 Esplac\",\"@id\":\"https:\\\/\\\/www.esplac.cat\\\/#\\\/schema\\\/person\\\/908383cf240be18b68f8855d0583faca\"},\"headline\":\"Els esplais reivindiquem avui, i cada dia, els drets dels infants\",\"datePublished\":\"2019-11-20T16:49:06+00:00\",\"dateModified\":\"2020-10-15T16:23:09+00:00\",\"mainEntityOfPage\":{\"@id\":\"https:\\\/\\\/www.esplac.cat\\\/es\\\/els-esplais-reivindiquem-avui-i-cada-dia-els-drets-dels-infants\\\/\"},\"wordCount\":1112,\"publisher\":{\"@id\":\"https:\\\/\\\/www.esplac.cat\\\/#organization\"},\"image\":{\"@id\":\"https:\\\/\\\/www.esplac.cat\\\/es\\\/els-esplais-reivindiquem-avui-i-cada-dia-els-drets-dels-infants\\\/#primaryimage\"},\"thumbnailUrl\":\"https:\\\/\\\/www.esplac.cat\\\/wp-content\\\/uploads\\\/2019\\\/11\\\/dudi.png\",\"keywords\":[\"20N\",\"drets dels infants\",\"recursos\",\"reptes\"],\"articleSection\":[\"20-N: Drets dels infants\"],\"inLanguage\":\"en-US\"},{\"@type\":\"WebPage\",\"@id\":\"https:\\\/\\\/www.esplac.cat\\\/es\\\/els-esplais-reivindiquem-avui-i-cada-dia-els-drets-dels-infants\\\/\",\"url\":\"https:\\\/\\\/www.esplac.cat\\\/es\\\/els-esplais-reivindiquem-avui-i-cada-dia-els-drets-dels-infants\\\/\",\"name\":\"Els esplais reivindiquem avui, i cada dia, els drets dels infants - Esplac\",\"isPartOf\":{\"@id\":\"https:\\\/\\\/www.esplac.cat\\\/#website\"},\"primaryImageOfPage\":{\"@id\":\"https:\\\/\\\/www.esplac.cat\\\/es\\\/els-esplais-reivindiquem-avui-i-cada-dia-els-drets-dels-infants\\\/#primaryimage\"},\"image\":{\"@id\":\"https:\\\/\\\/www.esplac.cat\\\/es\\\/els-esplais-reivindiquem-avui-i-cada-dia-els-drets-dels-infants\\\/#primaryimage\"},\"thumbnailUrl\":\"https:\\\/\\\/www.esplac.cat\\\/wp-content\\\/uploads\\\/2019\\\/11\\\/dudi.png\",\"datePublished\":\"2019-11-20T16:49:06+00:00\",\"dateModified\":\"2020-10-15T16:23:09+00:00\",\"breadcrumb\":{\"@id\":\"https:\\\/\\\/www.esplac.cat\\\/es\\\/els-esplais-reivindiquem-avui-i-cada-dia-els-drets-dels-infants\\\/#breadcrumb\"},\"inLanguage\":\"en-US\",\"potentialAction\":[{\"@type\":\"ReadAction\",\"target\":[\"https:\\\/\\\/www.esplac.cat\\\/es\\\/els-esplais-reivindiquem-avui-i-cada-dia-els-drets-dels-infants\\\/\"]}]},{\"@type\":\"ImageObject\",\"inLanguage\":\"en-US\",\"@id\":\"https:\\\/\\\/www.esplac.cat\\\/es\\\/els-esplais-reivindiquem-avui-i-cada-dia-els-drets-dels-infants\\\/#primaryimage\",\"url\":\"https:\\\/\\\/www.esplac.cat\\\/wp-content\\\/uploads\\\/2019\\\/11\\\/dudi.png\",\"contentUrl\":\"https:\\\/\\\/www.esplac.cat\\\/wp-content\\\/uploads\\\/2019\\\/11\\\/dudi.png\",\"width\":847,\"height\":350},{\"@type\":\"BreadcrumbList\",\"@id\":\"https:\\\/\\\/www.esplac.cat\\\/es\\\/els-esplais-reivindiquem-avui-i-cada-dia-els-drets-dels-infants\\\/#breadcrumb\",\"itemListElement\":[{\"@type\":\"ListItem\",\"position\":1,\"name\":\"Inici\",\"item\":\"https:\\\/\\\/www.esplac.cat\\\/en\\\/\"},{\"@type\":\"ListItem\",\"position\":2,\"name\":\"Els esplais reivindiquem avui, i cada dia, els drets dels infants\"}]},{\"@type\":\"WebSite\",\"@id\":\"https:\\\/\\\/www.esplac.cat\\\/#website\",\"url\":\"https:\\\/\\\/www.esplac.cat\\\/\",\"name\":\"Esplac\",\"description\":\"Esplais Catalans\",\"publisher\":{\"@id\":\"https:\\\/\\\/www.esplac.cat\\\/#organization\"},\"potentialAction\":[{\"@type\":\"SearchAction\",\"target\":{\"@type\":\"EntryPoint\",\"urlTemplate\":\"https:\\\/\\\/www.esplac.cat\\\/?s={search_term_string}\"},\"query-input\":{\"@type\":\"PropertyValueSpecification\",\"valueRequired\":true,\"valueName\":\"search_term_string\"}}],\"inLanguage\":\"en-US\"},{\"@type\":\"Organization\",\"@id\":\"https:\\\/\\\/www.esplac.cat\\\/#organization\",\"name\":\"Esplac\",\"url\":\"https:\\\/\\\/www.esplac.cat\\\/\",\"logo\":{\"@type\":\"ImageObject\",\"inLanguage\":\"en-US\",\"@id\":\"https:\\\/\\\/www.esplac.cat\\\/#\\\/schema\\\/logo\\\/image\\\/\",\"url\":\"https:\\\/\\\/www.esplac.cat\\\/wp-content\\\/uploads\\\/2019\\\/08\\\/logox2.png\",\"contentUrl\":\"https:\\\/\\\/www.esplac.cat\\\/wp-content\\\/uploads\\\/2019\\\/08\\\/logox2.png\",\"width\":600,\"height\":295,\"caption\":\"Esplac\"},\"image\":{\"@id\":\"https:\\\/\\\/www.esplac.cat\\\/#\\\/schema\\\/logo\\\/image\\\/\"}},{\"@type\":\"Person\",\"@id\":\"https:\\\/\\\/www.esplac.cat\\\/#\\\/schema\\\/person\\\/908383cf240be18b68f8855d0583faca\",\"name\":\"Comunicaci\u00f3 Esplac\",\"image\":{\"@type\":\"ImageObject\",\"inLanguage\":\"en-US\",\"@id\":\"https:\\\/\\\/secure.gravatar.com\\\/avatar\\\/7a4cf8feb412a76ea4a740ca02d95b06b2907b5a6c648c2dd0a1082a093c3141?s=96&d=mm&r=g\",\"url\":\"https:\\\/\\\/secure.gravatar.com\\\/avatar\\\/7a4cf8feb412a76ea4a740ca02d95b06b2907b5a6c648c2dd0a1082a093c3141?s=96&d=mm&r=g\",\"contentUrl\":\"https:\\\/\\\/secure.gravatar.com\\\/avatar\\\/7a4cf8feb412a76ea4a740ca02d95b06b2907b5a6c648c2dd0a1082a093c3141?s=96&d=mm&r=g\",\"caption\":\"Comunicaci\u00f3 Esplac\"}}]}<\/script>\n<!-- \/ Yoast SEO plugin. -->","yoast_head_json":{"title":"Els esplais reivindiquem avui, i cada dia, els drets dels infants - Esplac","robots":{"index":"index","follow":"follow","max-snippet":"max-snippet:-1","max-image-preview":"max-image-preview:large","max-video-preview":"max-video-preview:-1"},"canonical":"https:\/\/www.esplac.cat\/es\/els-esplais-reivindiquem-avui-i-cada-dia-els-drets-dels-infants\/","og_locale":"en_US","og_type":"article","og_title":"Els esplais reivindiquem avui, i cada dia, els drets dels infants - Esplac","og_url":"https:\/\/www.esplac.cat\/es\/els-esplais-reivindiquem-avui-i-cada-dia-els-drets-dels-infants\/","og_site_name":"Esplac","article_published_time":"2019-11-20T16:49:06+00:00","article_modified_time":"2020-10-15T16:23:09+00:00","og_image":[{"width":847,"height":350,"url":"https:\/\/www.esplac.cat\/wp-content\/uploads\/2019\/11\/dudi.png","type":"image\/png"}],"author":"Comunicaci\u00f3 Esplac","twitter_card":"summary_large_image","twitter_misc":{"Written by":"Comunicaci\u00f3 Esplac","Est. reading time":"6 minutes"},"schema":{"@context":"https:\/\/schema.org","@graph":[{"@type":"Article","@id":"https:\/\/www.esplac.cat\/es\/els-esplais-reivindiquem-avui-i-cada-dia-els-drets-dels-infants\/#article","isPartOf":{"@id":"https:\/\/www.esplac.cat\/es\/els-esplais-reivindiquem-avui-i-cada-dia-els-drets-dels-infants\/"},"author":{"name":"Comunicaci\u00f3 Esplac","@id":"https:\/\/www.esplac.cat\/#\/schema\/person\/908383cf240be18b68f8855d0583faca"},"headline":"Els esplais reivindiquem avui, i cada dia, els drets dels infants","datePublished":"2019-11-20T16:49:06+00:00","dateModified":"2020-10-15T16:23:09+00:00","mainEntityOfPage":{"@id":"https:\/\/www.esplac.cat\/es\/els-esplais-reivindiquem-avui-i-cada-dia-els-drets-dels-infants\/"},"wordCount":1112,"publisher":{"@id":"https:\/\/www.esplac.cat\/#organization"},"image":{"@id":"https:\/\/www.esplac.cat\/es\/els-esplais-reivindiquem-avui-i-cada-dia-els-drets-dels-infants\/#primaryimage"},"thumbnailUrl":"https:\/\/www.esplac.cat\/wp-content\/uploads\/2019\/11\/dudi.png","keywords":["20N","drets dels infants","recursos","reptes"],"articleSection":["20-N: Drets dels infants"],"inLanguage":"en-US"},{"@type":"WebPage","@id":"https:\/\/www.esplac.cat\/es\/els-esplais-reivindiquem-avui-i-cada-dia-els-drets-dels-infants\/","url":"https:\/\/www.esplac.cat\/es\/els-esplais-reivindiquem-avui-i-cada-dia-els-drets-dels-infants\/","name":"Els esplais reivindiquem avui, i cada dia, els drets dels infants - Esplac","isPartOf":{"@id":"https:\/\/www.esplac.cat\/#website"},"primaryImageOfPage":{"@id":"https:\/\/www.esplac.cat\/es\/els-esplais-reivindiquem-avui-i-cada-dia-els-drets-dels-infants\/#primaryimage"},"image":{"@id":"https:\/\/www.esplac.cat\/es\/els-esplais-reivindiquem-avui-i-cada-dia-els-drets-dels-infants\/#primaryimage"},"thumbnailUrl":"https:\/\/www.esplac.cat\/wp-content\/uploads\/2019\/11\/dudi.png","datePublished":"2019-11-20T16:49:06+00:00","dateModified":"2020-10-15T16:23:09+00:00","breadcrumb":{"@id":"https:\/\/www.esplac.cat\/es\/els-esplais-reivindiquem-avui-i-cada-dia-els-drets-dels-infants\/#breadcrumb"},"inLanguage":"en-US","potentialAction":[{"@type":"ReadAction","target":["https:\/\/www.esplac.cat\/es\/els-esplais-reivindiquem-avui-i-cada-dia-els-drets-dels-infants\/"]}]},{"@type":"ImageObject","inLanguage":"en-US","@id":"https:\/\/www.esplac.cat\/es\/els-esplais-reivindiquem-avui-i-cada-dia-els-drets-dels-infants\/#primaryimage","url":"https:\/\/www.esplac.cat\/wp-content\/uploads\/2019\/11\/dudi.png","contentUrl":"https:\/\/www.esplac.cat\/wp-content\/uploads\/2019\/11\/dudi.png","width":847,"height":350},{"@type":"BreadcrumbList","@id":"https:\/\/www.esplac.cat\/es\/els-esplais-reivindiquem-avui-i-cada-dia-els-drets-dels-infants\/#breadcrumb","itemListElement":[{"@type":"ListItem","position":1,"name":"Inici","item":"https:\/\/www.esplac.cat\/en\/"},{"@type":"ListItem","position":2,"name":"Els esplais reivindiquem avui, i cada dia, els drets dels infants"}]},{"@type":"WebSite","@id":"https:\/\/www.esplac.cat\/#website","url":"https:\/\/www.esplac.cat\/","name":"Esplac","description":"Esplais Catalans","publisher":{"@id":"https:\/\/www.esplac.cat\/#organization"},"potentialAction":[{"@type":"SearchAction","target":{"@type":"EntryPoint","urlTemplate":"https:\/\/www.esplac.cat\/?s={search_term_string}"},"query-input":{"@type":"PropertyValueSpecification","valueRequired":true,"valueName":"search_term_string"}}],"inLanguage":"en-US"},{"@type":"Organization","@id":"https:\/\/www.esplac.cat\/#organization","name":"Esplac","url":"https:\/\/www.esplac.cat\/","logo":{"@type":"ImageObject","inLanguage":"en-US","@id":"https:\/\/www.esplac.cat\/#\/schema\/logo\/image\/","url":"https:\/\/www.esplac.cat\/wp-content\/uploads\/2019\/08\/logox2.png","contentUrl":"https:\/\/www.esplac.cat\/wp-content\/uploads\/2019\/08\/logox2.png","width":600,"height":295,"caption":"Esplac"},"image":{"@id":"https:\/\/www.esplac.cat\/#\/schema\/logo\/image\/"}},{"@type":"Person","@id":"https:\/\/www.esplac.cat\/#\/schema\/person\/908383cf240be18b68f8855d0583faca","name":"Comunicaci\u00f3 Esplac","image":{"@type":"ImageObject","inLanguage":"en-US","@id":"https:\/\/secure.gravatar.com\/avatar\/7a4cf8feb412a76ea4a740ca02d95b06b2907b5a6c648c2dd0a1082a093c3141?s=96&d=mm&r=g","url":"https:\/\/secure.gravatar.com\/avatar\/7a4cf8feb412a76ea4a740ca02d95b06b2907b5a6c648c2dd0a1082a093c3141?s=96&d=mm&r=g","contentUrl":"https:\/\/secure.gravatar.com\/avatar\/7a4cf8feb412a76ea4a740ca02d95b06b2907b5a6c648c2dd0a1082a093c3141?s=96&d=mm&r=g","caption":"Comunicaci\u00f3 Esplac"}}]}},"_links":{"self":[{"href":"https:\/\/www.esplac.cat\/en\/wp-json\/wp\/v2\/posts\/28233","targetHints":{"allow":["GET"]}}],"collection":[{"href":"https:\/\/www.esplac.cat\/en\/wp-json\/wp\/v2\/posts"}],"about":[{"href":"https:\/\/www.esplac.cat\/en\/wp-json\/wp\/v2\/types\/post"}],"author":[{"embeddable":true,"href":"https:\/\/www.esplac.cat\/en\/wp-json\/wp\/v2\/users\/3"}],"replies":[{"embeddable":true,"href":"https:\/\/www.esplac.cat\/en\/wp-json\/wp\/v2\/comments?post=28233"}],"version-history":[{"count":0,"href":"https:\/\/www.esplac.cat\/en\/wp-json\/wp\/v2\/posts\/28233\/revisions"}],"wp:featuredmedia":[{"embeddable":true,"href":"https:\/\/www.esplac.cat\/en\/wp-json\/wp\/v2\/media\/28234"}],"wp:attachment":[{"href":"https:\/\/www.esplac.cat\/en\/wp-json\/wp\/v2\/media?parent=28233"}],"wp:term":[{"taxonomy":"category","embeddable":true,"href":"https:\/\/www.esplac.cat\/en\/wp-json\/wp\/v2\/categories?post=28233"},{"taxonomy":"post_tag","embeddable":true,"href":"https:\/\/www.esplac.cat\/en\/wp-json\/wp\/v2\/tags?post=28233"}],"curies":[{"name":"wp","href":"https:\/\/api.w.org\/{rel}","templated":true}]}}