{"id":28324,"date":"2019-11-25T15:50:16","date_gmt":"2019-11-25T14:50:16","guid":{"rendered":"https:\/\/www.esplac.cat\/?p=28324"},"modified":"2020-10-15T17:23:08","modified_gmt":"2020-10-15T16:23:08","slug":"esplais-catalans-38a-assemblea-general-ordinaria","status":"publish","type":"post","link":"https:\/\/www.esplac.cat\/en\/esplais-catalans-38a-assemblea-general-ordinaria\/","title":{"rendered":"Esplais Catalans reforcem, en la 38a Assemblea General Ordin\u00e0ria, la lluita en favor d&#8217;una societat m\u00e9s compromesa, m\u00e9s feminista i m\u00e9s sostenible."},"content":{"rendered":"<h4>Aquest darrer cap de setmana, Esplais Catalans \u2013 Esplac hem celebrat a Manresa la 38a Assemblea General Ordin\u00e0ria, l\u2019\u00f2rgan de decisi\u00f3 m\u00e9s important de l\u2019entitat.<\/h4>\n<p>Esplais Catalans-Esplac hem celebrat el passat cap de setmana (23 i 24 de novembre) a Manresa, la 38a Assemblea General Ordin\u00e0ria, el m\u00e0xim espai de decisi\u00f3 de l\u2019entitat. M\u00e9s de 300 monitores i monitors de 57 esplais d\u2019arreu del territori han aprovat els principals projectes de l\u2019associaci\u00f3 pel curs vinent, aix\u00ed com els posicionaments de l&#8217;entitat.<\/p>\n<p>Enguany, <strong>tres nous esplais<\/strong> han entrat a formar part de l&#8217;associaci\u00f3: l&#8217;Esplai Tr3sm\u00f3n, l&#8217;Esplai Atzuc i l&#8217;Esplai Olla de grills. Tamb\u00e9 s&#8217;ha incorporat el Pau Campderr\u00f3s a l&#8217;<strong>Equip de Coordinaci\u00f3<\/strong>, la Irene Nadal ha ratificat el seu c\u00e0rrec, i el Pau Casanovas, la Marta Molina i el Ferran Climent han estat escollits com a representats de la <strong>Comissi\u00f3 de G\u00e8neres i Sexualitats diverses i dissidents<\/strong>. A m\u00e9s, Ramon Sagal\u00e9s, Dani Costa i Al\u00edcia Flores, posen fi a la seva etapa com a membres de l\u2019Equip de Coordinaci\u00f3. Agra\u00efm la seva dedicaci\u00f3 tot aquest temps i desitgem molta sort i encerts a totes les companyes, tant les que ens deixen com les que s&#8217;incorporen als nostres equips!<\/p>\n<p>Durant el cap de setmana, a part d&#8217;aprovar el <strong>Pla de Treball<\/strong> i el <strong>Pressupost<\/strong> d&#8217;aquest curs, l\u2019assemblea ha pres diferents decisions per millorar l\u2019engranatge de l\u2019entitat:<\/p>\n<p><strong>Els esplais fem front a la crisi del clima<\/strong><\/p>\n<p>Una de les decisions preses ha estat l\u2019aprovaci\u00f3 d\u2019una resoluci\u00f3 amb la que els esplais ens comprometem a actuar davant de l\u2019emerg\u00e8ncia clim\u00e0tica actual, fent canvis en el dia a dia per contribuir a la sostenibilitat del planeta. En aquest sentit, les monitores i monitors han acordat complir la Carta de Gesti\u00f3 Responsable de Recursos de l\u2019entitat, aix\u00ed com formar-se en economia social i solid\u00e0ria i educar els infants i joves en el pensament cr\u00edtic, entre moltes altres accions.<\/p>\n<p><strong>Presentaci\u00f3 d\u2019un protocol contra agressions discriminat\u00f2ries<\/strong><\/p>\n<p>Les viol\u00e8ncies i agressions sexistes, l\u2019ab\u00fas de poder i qualsevol altre tipus de tracte discriminatori s\u00f3n un greu problema social i pol\u00edtic que afecta a tota la ciutadania. Degut a la seva idiosincr\u00e0sia, els esplais som entitats especialment vulnerables, ja que treballem amb infants i joves. \u00c9s per aix\u00f2 que en aquesta assemblea s&#8217;ha aprovat un protocol que t\u00e9 l\u2019objectiu d\u2019esdevenir una eina de prevenci\u00f3 i protecci\u00f3, tant per infants com monitores i monitors, de tota mena d\u2019actituds indesitjables.<\/p>\n<p><strong>Visibilitzaci\u00f3 de la diversitat de g\u00e8nere i d\u2019orientaci\u00f3 sexual a les intervencions<\/strong><\/p>\n<p>A m\u00e9s a m\u00e9s, i com a segon any consecutiu, s&#8217;ha dut a terme un recompte de les intervencions que han realitzat les persones assistents a l&#8217;assemblea, amb la finalitat de comptabilitzar les intervencions segons el g\u00e8nere i l\u2019orientaci\u00f3 sexual. Dels seus resultats, se&#8217;n far\u00e0 una an\u00e0lisi cr\u00edtica amb la voluntat de revisar les din\u00e0miques internes de l&#8217;associaci\u00f3.<\/p>\n<p>Per \u00faltim, donar les gr\u00e0cies a Manresa i als esplais Minuatx, Vic-Remei, Tres Pins i Gugu per acollir-nos. Ha estat un cap de setmana inoblidable!<\/p>\n<p>Podeu trobar totes les fotografies del cap de setmana en <a href=\"https:\/\/www.facebook.com\/pg\/esplaiscatalans\/photos\/?tab=album&amp;album_id=2657530954269786&amp;__xts__%5B0%5D=68.ARD81Fn2jCdjlnBg1tGPZJQDjMNO1erRwvfu54guTEh7CCnvjuo6W1ufFfsVQI3oB7MkKdgzrASZQFKNASPiqFwZCPJdujeR7PL-F34Xej_K-P0xaj1dLI-VrX_6-tB2hEnsOmKFYwEpMA_q69Bs9H5Zl3zvV4Eub-ru-Z0VlgGM4KY0WcJ-8m9hgCEkgqgMSDhIC2j6mi-t5VV140hq_FshxVQAQrzA1WU2KUSt8M4pJMdUs8ufUNiSsUip4F8sJd_xm-72IWRm_VEacwacqpm_gKGm2VxgbgwiT3ZD_K7-p3FfRQkzjQMNDLfxNagbz5kCS26tzt3W0n7MAPuyLr0ohKkHnt0KnjaxuXfLLUSB4NiiCGJUCqDaRGgJlTU21aE3e3jDHjE8Fmf9hUpwdtOZTp52x-7IQjc_2NpPWyol_DO07KRodqhqrTghbOhvKl_Hd3-YtDY_8kAm2AIv7w&amp;__tn__=-UCH-R\" target=\"_blank\" rel=\"noopener noreferrer\">aquest enlla\u00e7!<\/a><\/p>\n<p>&nbsp;<\/p>\n<p><img decoding=\"async\" class=\"aligncenter wp-image-28413\" src=\"https:\/\/www.esplac.cat\/wp-content\/uploads\/2019\/11\/Esplac_dirigents-1024x575.jpeg\" alt=\"\" width=\"497\" height=\"279\" \/><\/p>\n<p><img decoding=\"async\" class=\"aligncenter wp-image-28416\" src=\"https:\/\/www.esplac.cat\/wp-content\/uploads\/2019\/11\/Esplac_grups_de_treball-1024x575.jpeg\" alt=\"\" width=\"498\" height=\"280\" srcset=\"https:\/\/www.esplac.cat\/wp-content\/uploads\/2019\/11\/Esplac_grups_de_treball-200x112.jpeg 200w, https:\/\/www.esplac.cat\/wp-content\/uploads\/2019\/11\/Esplac_grups_de_treball-300x168.jpeg 300w, https:\/\/www.esplac.cat\/wp-content\/uploads\/2019\/11\/Esplac_grups_de_treball-400x225.jpeg 400w, https:\/\/www.esplac.cat\/wp-content\/uploads\/2019\/11\/Esplac_grups_de_treball-600x337.jpeg 600w, https:\/\/www.esplac.cat\/wp-content\/uploads\/2019\/11\/Esplac_grups_de_treball-768x431.jpeg 768w, https:\/\/www.esplac.cat\/wp-content\/uploads\/2019\/11\/Esplac_grups_de_treball-800x449.jpeg 800w, https:\/\/www.esplac.cat\/wp-content\/uploads\/2019\/11\/Esplac_grups_de_treball-1024x575.jpeg 1024w, https:\/\/www.esplac.cat\/wp-content\/uploads\/2019\/11\/Esplac_grups_de_treball-1200x674.jpeg 1200w, https:\/\/www.esplac.cat\/wp-content\/uploads\/2019\/11\/Esplac_grups_de_treball-1536x863.jpeg 1536w\" sizes=\"(max-width: 498px) 100vw, 498px\" \/><\/p>\n<p><img decoding=\"async\" class=\"aligncenter wp-image-28419\" src=\"https:\/\/www.esplac.cat\/wp-content\/uploads\/2019\/11\/Esplac_intervencions-1024x575.jpeg\" alt=\"\" width=\"502\" height=\"282\" srcset=\"https:\/\/www.esplac.cat\/wp-content\/uploads\/2019\/11\/Esplac_intervencions-200x112.jpeg 200w, https:\/\/www.esplac.cat\/wp-content\/uploads\/2019\/11\/Esplac_intervencions-300x168.jpeg 300w, https:\/\/www.esplac.cat\/wp-content\/uploads\/2019\/11\/Esplac_intervencions-400x225.jpeg 400w, https:\/\/www.esplac.cat\/wp-content\/uploads\/2019\/11\/Esplac_intervencions-600x337.jpeg 600w, https:\/\/www.esplac.cat\/wp-content\/uploads\/2019\/11\/Esplac_intervencions-768x431.jpeg 768w, https:\/\/www.esplac.cat\/wp-content\/uploads\/2019\/11\/Esplac_intervencions-800x449.jpeg 800w, https:\/\/www.esplac.cat\/wp-content\/uploads\/2019\/11\/Esplac_intervencions-1024x575.jpeg 1024w, https:\/\/www.esplac.cat\/wp-content\/uploads\/2019\/11\/Esplac_intervencions-1200x674.jpeg 1200w, https:\/\/www.esplac.cat\/wp-content\/uploads\/2019\/11\/Esplac_intervencions-1536x863.jpeg 1536w\" sizes=\"(max-width: 502px) 100vw, 502px\" \/><\/p>\n<p>&nbsp;<\/p>\n","protected":false},"excerpt":{"rendered":"<p>Aquest darrer cap de setmana, Esplais Catalans \u2013 Esplac hem [&hellip;]<\/p>\n","protected":false},"author":3,"featured_media":28410,"comment_status":"closed","ping_status":"open","sticky":false,"template":"","format":"standard","meta":{"om_disable_all_campaigns":false,"_monsterinsights_skip_tracking":false,"_monsterinsights_sitenote_active":false,"_monsterinsights_sitenote_note":"","_monsterinsights_sitenote_category":0,"_uf_show_specific_survey":0,"_uf_disable_surveys":false,"footnotes":""},"categories":[1134],"tags":[1206,1207,772,1210,1211,1002,1209,1208,459,1212,134],"class_list":["post-28324","post","type-post","status-publish","format-standard","has-post-thumbnail","hentry","category-assemblea-general-ordinaria","tag-ago-2019","tag-agoesplac19","tag-assemblea-general-ordinaria","tag-comissio-generes-i-sexualitats-diverses-i-dissidents","tag-crisi-clima","tag-educacio-popular","tag-equip-de-coordim","tag-manresa","tag-medi-ambient","tag-protocol-contra-agressions","tag-transformacio-social"],"yoast_head":"<!-- This site is optimized with the Yoast SEO plugin v27.4 - https:\/\/yoast.com\/product\/yoast-seo-wordpress\/ -->\n<title>Esplais Catalans reforcem, en la 38a Assemblea General Ordin\u00e0ria, la lluita en favor d&#039;una societat m\u00e9s compromesa, m\u00e9s feminista i m\u00e9s sostenible. - Esplac<\/title>\n<meta name=\"robots\" content=\"index, follow, max-snippet:-1, max-image-preview:large, max-video-preview:-1\" \/>\n<link rel=\"canonical\" href=\"https:\/\/www.esplac.cat\/es\/esplais-catalans-38a-assemblea-general-ordinaria\/\" \/>\n<meta property=\"og:locale\" content=\"en_US\" \/>\n<meta property=\"og:type\" content=\"article\" \/>\n<meta property=\"og:title\" content=\"Esplais Catalans reforcem, en la 38a Assemblea General Ordin\u00e0ria, la lluita en favor d&#039;una societat m\u00e9s compromesa, m\u00e9s feminista i m\u00e9s sostenible. - Esplac\" \/>\n<meta property=\"og:description\" content=\"Aquest darrer cap de setmana, Esplais Catalans \u2013 Esplac hem [&hellip;]\" \/>\n<meta property=\"og:url\" content=\"https:\/\/www.esplac.cat\/es\/esplais-catalans-38a-assemblea-general-ordinaria\/\" \/>\n<meta property=\"og:site_name\" content=\"Esplac\" \/>\n<meta property=\"article:published_time\" content=\"2019-11-25T14:50:16+00:00\" \/>\n<meta property=\"article:modified_time\" content=\"2020-10-15T16:23:08+00:00\" \/>\n<meta property=\"og:image\" content=\"https:\/\/www.esplac.cat\/wp-content\/uploads\/2019\/11\/PORTADAAGO19BONA.jpg\" \/>\n\t<meta property=\"og:image:width\" content=\"847\" \/>\n\t<meta property=\"og:image:height\" content=\"350\" \/>\n\t<meta property=\"og:image:type\" content=\"image\/jpeg\" \/>\n<meta name=\"author\" content=\"Comunicaci\u00f3 Esplac\" \/>\n<meta name=\"twitter:card\" content=\"summary_large_image\" \/>\n<meta name=\"twitter:label1\" content=\"Written by\" \/>\n\t<meta name=\"twitter:data1\" content=\"Comunicaci\u00f3 Esplac\" \/>\n\t<meta name=\"twitter:label2\" content=\"Est. reading time\" \/>\n\t<meta name=\"twitter:data2\" content=\"3 minutes\" \/>\n<script type=\"application\/ld+json\" class=\"yoast-schema-graph\">{\"@context\":\"https:\\\/\\\/schema.org\",\"@graph\":[{\"@type\":\"Article\",\"@id\":\"https:\\\/\\\/www.esplac.cat\\\/es\\\/esplais-catalans-38a-assemblea-general-ordinaria\\\/#article\",\"isPartOf\":{\"@id\":\"https:\\\/\\\/www.esplac.cat\\\/es\\\/esplais-catalans-38a-assemblea-general-ordinaria\\\/\"},\"author\":{\"name\":\"Comunicaci\u00f3 Esplac\",\"@id\":\"https:\\\/\\\/www.esplac.cat\\\/#\\\/schema\\\/person\\\/908383cf240be18b68f8855d0583faca\"},\"headline\":\"Esplais Catalans reforcem, en la 38a Assemblea General Ordin\u00e0ria, la lluita en favor d&#8217;una societat m\u00e9s compromesa, m\u00e9s feminista i m\u00e9s sostenible.\",\"datePublished\":\"2019-11-25T14:50:16+00:00\",\"dateModified\":\"2020-10-15T16:23:08+00:00\",\"mainEntityOfPage\":{\"@id\":\"https:\\\/\\\/www.esplac.cat\\\/es\\\/esplais-catalans-38a-assemblea-general-ordinaria\\\/\"},\"wordCount\":595,\"publisher\":{\"@id\":\"https:\\\/\\\/www.esplac.cat\\\/#organization\"},\"image\":{\"@id\":\"https:\\\/\\\/www.esplac.cat\\\/es\\\/esplais-catalans-38a-assemblea-general-ordinaria\\\/#primaryimage\"},\"thumbnailUrl\":\"https:\\\/\\\/www.esplac.cat\\\/wp-content\\\/uploads\\\/2019\\\/11\\\/PORTADAAGO19BONA.jpg\",\"keywords\":[\"AGO 2019\",\"AGOEsplac19\",\"Assemblea General Ordin\u00e0ria\",\"Comissi\u00f3 G\u00e8neres i Sexualitats diverses i dissidents\",\"crisi clima\",\"educaci\u00f3 popular\",\"Equip de Coordim\",\"Manresa\",\"medi ambient\",\"protocol contra agressions\",\"transformaci\u00f3 social\"],\"articleSection\":[\"Assemblea General Ordin\u00e0ria\"],\"inLanguage\":\"en-US\"},{\"@type\":\"WebPage\",\"@id\":\"https:\\\/\\\/www.esplac.cat\\\/es\\\/esplais-catalans-38a-assemblea-general-ordinaria\\\/\",\"url\":\"https:\\\/\\\/www.esplac.cat\\\/es\\\/esplais-catalans-38a-assemblea-general-ordinaria\\\/\",\"name\":\"Esplais Catalans reforcem, en la 38a Assemblea General Ordin\u00e0ria, la lluita en favor d'una societat m\u00e9s compromesa, m\u00e9s feminista i m\u00e9s sostenible. - Esplac\",\"isPartOf\":{\"@id\":\"https:\\\/\\\/www.esplac.cat\\\/#website\"},\"primaryImageOfPage\":{\"@id\":\"https:\\\/\\\/www.esplac.cat\\\/es\\\/esplais-catalans-38a-assemblea-general-ordinaria\\\/#primaryimage\"},\"image\":{\"@id\":\"https:\\\/\\\/www.esplac.cat\\\/es\\\/esplais-catalans-38a-assemblea-general-ordinaria\\\/#primaryimage\"},\"thumbnailUrl\":\"https:\\\/\\\/www.esplac.cat\\\/wp-content\\\/uploads\\\/2019\\\/11\\\/PORTADAAGO19BONA.jpg\",\"datePublished\":\"2019-11-25T14:50:16+00:00\",\"dateModified\":\"2020-10-15T16:23:08+00:00\",\"breadcrumb\":{\"@id\":\"https:\\\/\\\/www.esplac.cat\\\/es\\\/esplais-catalans-38a-assemblea-general-ordinaria\\\/#breadcrumb\"},\"inLanguage\":\"en-US\",\"potentialAction\":[{\"@type\":\"ReadAction\",\"target\":[\"https:\\\/\\\/www.esplac.cat\\\/es\\\/esplais-catalans-38a-assemblea-general-ordinaria\\\/\"]}]},{\"@type\":\"ImageObject\",\"inLanguage\":\"en-US\",\"@id\":\"https:\\\/\\\/www.esplac.cat\\\/es\\\/esplais-catalans-38a-assemblea-general-ordinaria\\\/#primaryimage\",\"url\":\"https:\\\/\\\/www.esplac.cat\\\/wp-content\\\/uploads\\\/2019\\\/11\\\/PORTADAAGO19BONA.jpg\",\"contentUrl\":\"https:\\\/\\\/www.esplac.cat\\\/wp-content\\\/uploads\\\/2019\\\/11\\\/PORTADAAGO19BONA.jpg\",\"width\":847,\"height\":350},{\"@type\":\"BreadcrumbList\",\"@id\":\"https:\\\/\\\/www.esplac.cat\\\/es\\\/esplais-catalans-38a-assemblea-general-ordinaria\\\/#breadcrumb\",\"itemListElement\":[{\"@type\":\"ListItem\",\"position\":1,\"name\":\"Inici\",\"item\":\"https:\\\/\\\/www.esplac.cat\\\/en\\\/\"},{\"@type\":\"ListItem\",\"position\":2,\"name\":\"Esplais Catalans reforcem, en la 38a Assemblea General Ordin\u00e0ria, la lluita en favor d&#8217;una societat m\u00e9s compromesa, m\u00e9s feminista i m\u00e9s sostenible.\"}]},{\"@type\":\"WebSite\",\"@id\":\"https:\\\/\\\/www.esplac.cat\\\/#website\",\"url\":\"https:\\\/\\\/www.esplac.cat\\\/\",\"name\":\"Esplac\",\"description\":\"Esplais Catalans\",\"publisher\":{\"@id\":\"https:\\\/\\\/www.esplac.cat\\\/#organization\"},\"potentialAction\":[{\"@type\":\"SearchAction\",\"target\":{\"@type\":\"EntryPoint\",\"urlTemplate\":\"https:\\\/\\\/www.esplac.cat\\\/?s={search_term_string}\"},\"query-input\":{\"@type\":\"PropertyValueSpecification\",\"valueRequired\":true,\"valueName\":\"search_term_string\"}}],\"inLanguage\":\"en-US\"},{\"@type\":\"Organization\",\"@id\":\"https:\\\/\\\/www.esplac.cat\\\/#organization\",\"name\":\"Esplac\",\"url\":\"https:\\\/\\\/www.esplac.cat\\\/\",\"logo\":{\"@type\":\"ImageObject\",\"inLanguage\":\"en-US\",\"@id\":\"https:\\\/\\\/www.esplac.cat\\\/#\\\/schema\\\/logo\\\/image\\\/\",\"url\":\"https:\\\/\\\/www.esplac.cat\\\/wp-content\\\/uploads\\\/2019\\\/08\\\/logox2.png\",\"contentUrl\":\"https:\\\/\\\/www.esplac.cat\\\/wp-content\\\/uploads\\\/2019\\\/08\\\/logox2.png\",\"width\":600,\"height\":295,\"caption\":\"Esplac\"},\"image\":{\"@id\":\"https:\\\/\\\/www.esplac.cat\\\/#\\\/schema\\\/logo\\\/image\\\/\"}},{\"@type\":\"Person\",\"@id\":\"https:\\\/\\\/www.esplac.cat\\\/#\\\/schema\\\/person\\\/908383cf240be18b68f8855d0583faca\",\"name\":\"Comunicaci\u00f3 Esplac\",\"image\":{\"@type\":\"ImageObject\",\"inLanguage\":\"en-US\",\"@id\":\"https:\\\/\\\/secure.gravatar.com\\\/avatar\\\/7a4cf8feb412a76ea4a740ca02d95b06b2907b5a6c648c2dd0a1082a093c3141?s=96&d=mm&r=g\",\"url\":\"https:\\\/\\\/secure.gravatar.com\\\/avatar\\\/7a4cf8feb412a76ea4a740ca02d95b06b2907b5a6c648c2dd0a1082a093c3141?s=96&d=mm&r=g\",\"contentUrl\":\"https:\\\/\\\/secure.gravatar.com\\\/avatar\\\/7a4cf8feb412a76ea4a740ca02d95b06b2907b5a6c648c2dd0a1082a093c3141?s=96&d=mm&r=g\",\"caption\":\"Comunicaci\u00f3 Esplac\"}}]}<\/script>\n<!-- \/ Yoast SEO plugin. -->","yoast_head_json":{"title":"Esplais Catalans reforcem, en la 38a Assemblea General Ordin\u00e0ria, la lluita en favor d'una societat m\u00e9s compromesa, m\u00e9s feminista i m\u00e9s sostenible. - Esplac","robots":{"index":"index","follow":"follow","max-snippet":"max-snippet:-1","max-image-preview":"max-image-preview:large","max-video-preview":"max-video-preview:-1"},"canonical":"https:\/\/www.esplac.cat\/es\/esplais-catalans-38a-assemblea-general-ordinaria\/","og_locale":"en_US","og_type":"article","og_title":"Esplais Catalans reforcem, en la 38a Assemblea General Ordin\u00e0ria, la lluita en favor d'una societat m\u00e9s compromesa, m\u00e9s feminista i m\u00e9s sostenible. - Esplac","og_description":"Aquest darrer cap de setmana, Esplais Catalans \u2013 Esplac hem [&hellip;]","og_url":"https:\/\/www.esplac.cat\/es\/esplais-catalans-38a-assemblea-general-ordinaria\/","og_site_name":"Esplac","article_published_time":"2019-11-25T14:50:16+00:00","article_modified_time":"2020-10-15T16:23:08+00:00","og_image":[{"width":847,"height":350,"url":"https:\/\/www.esplac.cat\/wp-content\/uploads\/2019\/11\/PORTADAAGO19BONA.jpg","type":"image\/jpeg"}],"author":"Comunicaci\u00f3 Esplac","twitter_card":"summary_large_image","twitter_misc":{"Written by":"Comunicaci\u00f3 Esplac","Est. reading time":"3 minutes"},"schema":{"@context":"https:\/\/schema.org","@graph":[{"@type":"Article","@id":"https:\/\/www.esplac.cat\/es\/esplais-catalans-38a-assemblea-general-ordinaria\/#article","isPartOf":{"@id":"https:\/\/www.esplac.cat\/es\/esplais-catalans-38a-assemblea-general-ordinaria\/"},"author":{"name":"Comunicaci\u00f3 Esplac","@id":"https:\/\/www.esplac.cat\/#\/schema\/person\/908383cf240be18b68f8855d0583faca"},"headline":"Esplais Catalans reforcem, en la 38a Assemblea General Ordin\u00e0ria, la lluita en favor d&#8217;una societat m\u00e9s compromesa, m\u00e9s feminista i m\u00e9s sostenible.","datePublished":"2019-11-25T14:50:16+00:00","dateModified":"2020-10-15T16:23:08+00:00","mainEntityOfPage":{"@id":"https:\/\/www.esplac.cat\/es\/esplais-catalans-38a-assemblea-general-ordinaria\/"},"wordCount":595,"publisher":{"@id":"https:\/\/www.esplac.cat\/#organization"},"image":{"@id":"https:\/\/www.esplac.cat\/es\/esplais-catalans-38a-assemblea-general-ordinaria\/#primaryimage"},"thumbnailUrl":"https:\/\/www.esplac.cat\/wp-content\/uploads\/2019\/11\/PORTADAAGO19BONA.jpg","keywords":["AGO 2019","AGOEsplac19","Assemblea General Ordin\u00e0ria","Comissi\u00f3 G\u00e8neres i Sexualitats diverses i dissidents","crisi clima","educaci\u00f3 popular","Equip de Coordim","Manresa","medi ambient","protocol contra agressions","transformaci\u00f3 social"],"articleSection":["Assemblea General Ordin\u00e0ria"],"inLanguage":"en-US"},{"@type":"WebPage","@id":"https:\/\/www.esplac.cat\/es\/esplais-catalans-38a-assemblea-general-ordinaria\/","url":"https:\/\/www.esplac.cat\/es\/esplais-catalans-38a-assemblea-general-ordinaria\/","name":"Esplais Catalans reforcem, en la 38a Assemblea General Ordin\u00e0ria, la lluita en favor d'una societat m\u00e9s compromesa, m\u00e9s feminista i m\u00e9s sostenible. - Esplac","isPartOf":{"@id":"https:\/\/www.esplac.cat\/#website"},"primaryImageOfPage":{"@id":"https:\/\/www.esplac.cat\/es\/esplais-catalans-38a-assemblea-general-ordinaria\/#primaryimage"},"image":{"@id":"https:\/\/www.esplac.cat\/es\/esplais-catalans-38a-assemblea-general-ordinaria\/#primaryimage"},"thumbnailUrl":"https:\/\/www.esplac.cat\/wp-content\/uploads\/2019\/11\/PORTADAAGO19BONA.jpg","datePublished":"2019-11-25T14:50:16+00:00","dateModified":"2020-10-15T16:23:08+00:00","breadcrumb":{"@id":"https:\/\/www.esplac.cat\/es\/esplais-catalans-38a-assemblea-general-ordinaria\/#breadcrumb"},"inLanguage":"en-US","potentialAction":[{"@type":"ReadAction","target":["https:\/\/www.esplac.cat\/es\/esplais-catalans-38a-assemblea-general-ordinaria\/"]}]},{"@type":"ImageObject","inLanguage":"en-US","@id":"https:\/\/www.esplac.cat\/es\/esplais-catalans-38a-assemblea-general-ordinaria\/#primaryimage","url":"https:\/\/www.esplac.cat\/wp-content\/uploads\/2019\/11\/PORTADAAGO19BONA.jpg","contentUrl":"https:\/\/www.esplac.cat\/wp-content\/uploads\/2019\/11\/PORTADAAGO19BONA.jpg","width":847,"height":350},{"@type":"BreadcrumbList","@id":"https:\/\/www.esplac.cat\/es\/esplais-catalans-38a-assemblea-general-ordinaria\/#breadcrumb","itemListElement":[{"@type":"ListItem","position":1,"name":"Inici","item":"https:\/\/www.esplac.cat\/en\/"},{"@type":"ListItem","position":2,"name":"Esplais Catalans reforcem, en la 38a Assemblea General Ordin\u00e0ria, la lluita en favor d&#8217;una societat m\u00e9s compromesa, m\u00e9s feminista i m\u00e9s sostenible."}]},{"@type":"WebSite","@id":"https:\/\/www.esplac.cat\/#website","url":"https:\/\/www.esplac.cat\/","name":"Esplac","description":"Esplais Catalans","publisher":{"@id":"https:\/\/www.esplac.cat\/#organization"},"potentialAction":[{"@type":"SearchAction","target":{"@type":"EntryPoint","urlTemplate":"https:\/\/www.esplac.cat\/?s={search_term_string}"},"query-input":{"@type":"PropertyValueSpecification","valueRequired":true,"valueName":"search_term_string"}}],"inLanguage":"en-US"},{"@type":"Organization","@id":"https:\/\/www.esplac.cat\/#organization","name":"Esplac","url":"https:\/\/www.esplac.cat\/","logo":{"@type":"ImageObject","inLanguage":"en-US","@id":"https:\/\/www.esplac.cat\/#\/schema\/logo\/image\/","url":"https:\/\/www.esplac.cat\/wp-content\/uploads\/2019\/08\/logox2.png","contentUrl":"https:\/\/www.esplac.cat\/wp-content\/uploads\/2019\/08\/logox2.png","width":600,"height":295,"caption":"Esplac"},"image":{"@id":"https:\/\/www.esplac.cat\/#\/schema\/logo\/image\/"}},{"@type":"Person","@id":"https:\/\/www.esplac.cat\/#\/schema\/person\/908383cf240be18b68f8855d0583faca","name":"Comunicaci\u00f3 Esplac","image":{"@type":"ImageObject","inLanguage":"en-US","@id":"https:\/\/secure.gravatar.com\/avatar\/7a4cf8feb412a76ea4a740ca02d95b06b2907b5a6c648c2dd0a1082a093c3141?s=96&d=mm&r=g","url":"https:\/\/secure.gravatar.com\/avatar\/7a4cf8feb412a76ea4a740ca02d95b06b2907b5a6c648c2dd0a1082a093c3141?s=96&d=mm&r=g","contentUrl":"https:\/\/secure.gravatar.com\/avatar\/7a4cf8feb412a76ea4a740ca02d95b06b2907b5a6c648c2dd0a1082a093c3141?s=96&d=mm&r=g","caption":"Comunicaci\u00f3 Esplac"}}]}},"_links":{"self":[{"href":"https:\/\/www.esplac.cat\/en\/wp-json\/wp\/v2\/posts\/28324","targetHints":{"allow":["GET"]}}],"collection":[{"href":"https:\/\/www.esplac.cat\/en\/wp-json\/wp\/v2\/posts"}],"about":[{"href":"https:\/\/www.esplac.cat\/en\/wp-json\/wp\/v2\/types\/post"}],"author":[{"embeddable":true,"href":"https:\/\/www.esplac.cat\/en\/wp-json\/wp\/v2\/users\/3"}],"replies":[{"embeddable":true,"href":"https:\/\/www.esplac.cat\/en\/wp-json\/wp\/v2\/comments?post=28324"}],"version-history":[{"count":0,"href":"https:\/\/www.esplac.cat\/en\/wp-json\/wp\/v2\/posts\/28324\/revisions"}],"wp:featuredmedia":[{"embeddable":true,"href":"https:\/\/www.esplac.cat\/en\/wp-json\/wp\/v2\/media\/28410"}],"wp:attachment":[{"href":"https:\/\/www.esplac.cat\/en\/wp-json\/wp\/v2\/media?parent=28324"}],"wp:term":[{"taxonomy":"category","embeddable":true,"href":"https:\/\/www.esplac.cat\/en\/wp-json\/wp\/v2\/categories?post=28324"},{"taxonomy":"post_tag","embeddable":true,"href":"https:\/\/www.esplac.cat\/en\/wp-json\/wp\/v2\/tags?post=28324"}],"curies":[{"name":"wp","href":"https:\/\/api.w.org\/{rel}","templated":true}]}}