{"id":29068,"date":"2019-12-04T13:10:50","date_gmt":"2019-12-04T12:10:50","guid":{"rendered":"https:\/\/www.esplac.cat\/?p=29068"},"modified":"2021-01-19T09:44:36","modified_gmt":"2021-01-19T08:44:36","slug":"formacio-feminista-budapest","status":"publish","type":"post","link":"https:\/\/www.esplac.cat\/en\/formacio-feminista-budapest\/","title":{"rendered":"Formaci\u00f3 feminista a Budapest: Seminari \u201cFeminist of the world, unite!\u201d"},"content":{"rendered":"<div class=\"fusion-fullwidth fullwidth-box fusion-builder-row-1 nonhundred-percent-fullwidth non-hundred-percent-height-scrolling\" style=\"--awb-border-radius-top-left:0px;--awb-border-radius-top-right:0px;--awb-border-radius-bottom-right:0px;--awb-border-radius-bottom-left:0px;--awb-flex-wrap:wrap;\" ><div class=\"fusion-builder-row fusion-row\"><div class=\"fusion-layout-column fusion_builder_column fusion-builder-column-0 fusion_builder_column_1_1 1_1 fusion-one-full fusion-column-first fusion-column-last\" style=\"--awb-bg-size:cover;--awb-margin-bottom:0px;\"><div class=\"fusion-column-wrapper fusion-flex-column-wrapper-legacy\"><div class=\"fusion-text fusion-text-1\"><h4 data-fontsize=\"17\" data-lineheight=\"22\">Nova formaci\u00f3 internacional del 2 al 6 de mar\u00e7 a Budapest sobre <span class=\"css-901oao css-16my406 r-1qd0xha r-ad9z0x r-bcqeeo r-qvutc0\">per persones que no siguin homes cis, sobre feminisme interseccional i diversitat de g\u00e8nere!<\/span><\/h4>\n<p>T\u2019identifiques com a dona, persona no binaria o amb un altre g\u00e8nere que no sigui un home cis? Tens entre 16 i 30 anys i est\u00e0s involucrada en la lluita feminista? Est\u00e0s cansada del patriarcat, del feminisme no inclusiu i de les opressions per ra\u00f3 de g\u00e8nere? Vols compartir idees, desenvolupar la teva perspectiva i planificar una acci\u00f3 amb persones d\u2019arreu del m\u00f3n? Si les respostes s\u00f3n afirmatives, t\u2019animem a que participis en el seg\u00fcent seminari del Consell d\u2019Europa a Budapest:<\/p>\n<p><strong>Quan?<\/strong> del 2 al 6 de mar\u00e7 del 2020 (sense comptar dies de viatge)<br \/>\n<strong>A on?<\/strong> European Youth Centre, Budapest (EYCB)<br \/>\n<strong>Perfil de les persones participants:<\/strong><\/p>\n<ul>\n<li>Persona que s&#8217;identifiqui com a dona, persona de g\u00e8nere no binari o qualsevol altre g\u00e8nere que no sigui home cis.<\/li>\n<li>De 16-30 anys.<\/li>\n<li>Persona capa\u00e7 de comunicar-se en angl\u00e8s.<\/li>\n<li>Coneixements sobre perspectives i pr\u00e0ctiques feministes amb una mirada interseccional i inclusives.<\/li>\n<li>Poder assistir cada dia del seminari a Budapest.<\/li>\n<\/ul>\n<p><strong>Tema:<\/strong> Feminisme interseccional, lluita contra l&#8217;opressi\u00f3 i la viol\u00e8ncia de g\u00e8nere, activisme, intercanvi de bones pr\u00e0ctiques feministes&#8230;<br \/>\n<strong>Cost:<\/strong> 60 euros per persona (allotjament, menjar, programa i VIATGE).<br \/>\n<strong>Data l\u00edmit per d&#8217;inscripci\u00f3:<\/strong> 13 de desembre 2019.<br \/>\n<b><br \/>\nApuntar-se per ser persona participant:<\/b><\/p>\n<div class=\"fusion-button-wrapper\"><a class=\"fusion-button button-flat fusion-button-default-size button-default fusion-button-default button-1 fusion-button-default-span fusion-button-default-type\" target=\"_blank\" rel=\"noopener noreferrer\" href=\"https:\/\/docs.google.com\/forms\/d\/e\/1FAIpQLSd5AhiR-3WIIuDJfZmRlXO1QzkuoVb-QzUhXPQ7bCPV11jLKw\/viewform\"><span class=\"fusion-button-text\">Formulari partincipant<\/span><\/a><\/div>\n<div>\n<p><b>Apuntar-se per ser persona formadora:<\/b><\/p>\n<div class=\"fusion-button-wrapper\"><a class=\"fusion-button button-flat fusion-button-default-size button-default fusion-button-default button-2 fusion-button-default-span fusion-button-default-type\" target=\"_blank\" rel=\"noopener noreferrer\" href=\"https:\/\/docs.google.com\/forms\/d\/e\/1FAIpQLSc-FNymU8FMMndR2fR2SPWuBK-usFxuG4qAklLOmeceRnMrFQ\/viewform\"><span class=\"fusion-button-text\">Formulari formadora<\/span><\/a><\/div><\/div>\n<div>\n<p>Despr\u00e9s d\u2019apuntar-te, escriu un e-mail a <strong>internacional@esplac.cat<\/strong> per fer un seguiment del proc\u00e9s de selecci\u00f3!<\/p>\n<p>Not\u00edcia completa <strong><a href=\"http:\/\/ifm-sei.org\/2019\/10\/fotwu_apply\/\" target=\"_blank\" rel=\"noopener noreferrer\"><span style=\"color: #ff9900;\">aqu\u00ed.<\/span><\/a><\/strong><\/p>\n<\/div>\n<p>&nbsp;<\/p>\n<p>&nbsp;<br \/>\n<em>Amb la col\u00b7laboraci\u00f3 de:<br \/>\n<img decoding=\"async\" class=\"alignleft wp-image-34361 \" src=\"https:\/\/www.esplac.cat\/wp-content\/uploads\/2021\/01\/accioexterior_h3-1.jpg\" alt=\"\" width=\"260\" height=\"37\" srcset=\"https:\/\/www.esplac.cat\/wp-content\/uploads\/2021\/01\/accioexterior_h3-1-200x29.jpg 200w, https:\/\/www.esplac.cat\/wp-content\/uploads\/2021\/01\/accioexterior_h3-1-300x43.jpg 300w, https:\/\/www.esplac.cat\/wp-content\/uploads\/2021\/01\/accioexterior_h3-1-400x57.jpg 400w, https:\/\/www.esplac.cat\/wp-content\/uploads\/2021\/01\/accioexterior_h3-1-600x86.jpg 600w, https:\/\/www.esplac.cat\/wp-content\/uploads\/2021\/01\/accioexterior_h3-1.jpg 728w\" sizes=\"(max-width: 260px) 100vw, 260px\" \/><\/p>\n<\/div><div class=\"fusion-clearfix\"><\/div><\/div><\/div><\/div><\/div>\n","protected":false},"excerpt":{"rendered":"","protected":false},"author":3,"featured_media":29074,"comment_status":"closed","ping_status":"open","sticky":false,"template":"","format":"standard","meta":{"om_disable_all_campaigns":false,"_monsterinsights_skip_tracking":false,"_monsterinsights_sitenote_active":false,"_monsterinsights_sitenote_note":"","_monsterinsights_sitenote_category":0,"_uf_show_specific_survey":0,"_uf_disable_surveys":false,"footnotes":""},"categories":[1112],"tags":[],"class_list":["post-29068","post","type-post","status-publish","format-standard","has-post-thumbnail","hentry","category-esplac-al-mon"],"yoast_head":"<!-- This site is optimized with the Yoast SEO plugin v27.5 - https:\/\/yoast.com\/product\/yoast-seo-wordpress\/ -->\n<title>Formaci\u00f3 feminista a Budapest: Seminari \u201cFeminist of the world, unite!\u201d - Esplac<\/title>\n<meta name=\"robots\" content=\"index, follow, max-snippet:-1, max-image-preview:large, max-video-preview:-1\" \/>\n<link rel=\"canonical\" href=\"https:\/\/www.esplac.cat\/formacio-feminista-budapest\/\" \/>\n<meta property=\"og:locale\" content=\"en_US\" \/>\n<meta property=\"og:type\" content=\"article\" \/>\n<meta property=\"og:title\" content=\"Formaci\u00f3 feminista a Budapest: Seminari \u201cFeminist of the world, unite!\u201d - Esplac\" \/>\n<meta property=\"og:url\" content=\"https:\/\/www.esplac.cat\/formacio-feminista-budapest\/\" \/>\n<meta property=\"og:site_name\" content=\"Esplac\" \/>\n<meta property=\"article:published_time\" content=\"2019-12-04T12:10:50+00:00\" \/>\n<meta property=\"article:modified_time\" content=\"2021-01-19T08:44:36+00:00\" \/>\n<meta property=\"og:image\" content=\"https:\/\/www.esplac.cat\/wp-content\/uploads\/2019\/12\/EG_M8oPXUAAxDkN.jpeg\" \/>\n\t<meta property=\"og:image:width\" content=\"847\" \/>\n\t<meta property=\"og:image:height\" content=\"350\" \/>\n\t<meta property=\"og:image:type\" content=\"image\/jpeg\" \/>\n<meta name=\"author\" content=\"Comunicaci\u00f3 Esplac\" \/>\n<meta name=\"twitter:card\" content=\"summary_large_image\" \/>\n<meta name=\"twitter:label1\" content=\"Written by\" \/>\n\t<meta name=\"twitter:data1\" content=\"Comunicaci\u00f3 Esplac\" \/>\n\t<meta name=\"twitter:label2\" content=\"Est. reading time\" \/>\n\t<meta name=\"twitter:data2\" content=\"4 minutes\" \/>\n<script type=\"application\/ld+json\" class=\"yoast-schema-graph\">{\"@context\":\"https:\\\/\\\/schema.org\",\"@graph\":[{\"@type\":\"Article\",\"@id\":\"https:\\\/\\\/www.esplac.cat\\\/formacio-feminista-budapest\\\/#article\",\"isPartOf\":{\"@id\":\"https:\\\/\\\/www.esplac.cat\\\/formacio-feminista-budapest\\\/\"},\"author\":{\"name\":\"Comunicaci\u00f3 Esplac\",\"@id\":\"https:\\\/\\\/www.esplac.cat\\\/#\\\/schema\\\/person\\\/908383cf240be18b68f8855d0583faca\"},\"headline\":\"Formaci\u00f3 feminista a Budapest: Seminari \u201cFeminist of the world, unite!\u201d\",\"datePublished\":\"2019-12-04T12:10:50+00:00\",\"dateModified\":\"2021-01-19T08:44:36+00:00\",\"mainEntityOfPage\":{\"@id\":\"https:\\\/\\\/www.esplac.cat\\\/formacio-feminista-budapest\\\/\"},\"wordCount\":715,\"publisher\":{\"@id\":\"https:\\\/\\\/www.esplac.cat\\\/#organization\"},\"image\":{\"@id\":\"https:\\\/\\\/www.esplac.cat\\\/formacio-feminista-budapest\\\/#primaryimage\"},\"thumbnailUrl\":\"https:\\\/\\\/www.esplac.cat\\\/wp-content\\\/uploads\\\/2019\\\/12\\\/EG_M8oPXUAAxDkN.jpeg\",\"articleSection\":[\"Esplac al m\u00f3n\"],\"inLanguage\":\"en-US\"},{\"@type\":\"WebPage\",\"@id\":\"https:\\\/\\\/www.esplac.cat\\\/formacio-feminista-budapest\\\/\",\"url\":\"https:\\\/\\\/www.esplac.cat\\\/formacio-feminista-budapest\\\/\",\"name\":\"Formaci\u00f3 feminista a Budapest: Seminari \u201cFeminist of the world, unite!\u201d - Esplac\",\"isPartOf\":{\"@id\":\"https:\\\/\\\/www.esplac.cat\\\/#website\"},\"primaryImageOfPage\":{\"@id\":\"https:\\\/\\\/www.esplac.cat\\\/formacio-feminista-budapest\\\/#primaryimage\"},\"image\":{\"@id\":\"https:\\\/\\\/www.esplac.cat\\\/formacio-feminista-budapest\\\/#primaryimage\"},\"thumbnailUrl\":\"https:\\\/\\\/www.esplac.cat\\\/wp-content\\\/uploads\\\/2019\\\/12\\\/EG_M8oPXUAAxDkN.jpeg\",\"datePublished\":\"2019-12-04T12:10:50+00:00\",\"dateModified\":\"2021-01-19T08:44:36+00:00\",\"breadcrumb\":{\"@id\":\"https:\\\/\\\/www.esplac.cat\\\/formacio-feminista-budapest\\\/#breadcrumb\"},\"inLanguage\":\"en-US\",\"potentialAction\":[{\"@type\":\"ReadAction\",\"target\":[\"https:\\\/\\\/www.esplac.cat\\\/formacio-feminista-budapest\\\/\"]}]},{\"@type\":\"ImageObject\",\"inLanguage\":\"en-US\",\"@id\":\"https:\\\/\\\/www.esplac.cat\\\/formacio-feminista-budapest\\\/#primaryimage\",\"url\":\"https:\\\/\\\/www.esplac.cat\\\/wp-content\\\/uploads\\\/2019\\\/12\\\/EG_M8oPXUAAxDkN.jpeg\",\"contentUrl\":\"https:\\\/\\\/www.esplac.cat\\\/wp-content\\\/uploads\\\/2019\\\/12\\\/EG_M8oPXUAAxDkN.jpeg\",\"width\":847,\"height\":350},{\"@type\":\"BreadcrumbList\",\"@id\":\"https:\\\/\\\/www.esplac.cat\\\/formacio-feminista-budapest\\\/#breadcrumb\",\"itemListElement\":[{\"@type\":\"ListItem\",\"position\":1,\"name\":\"Inici\",\"item\":\"https:\\\/\\\/www.esplac.cat\\\/en\\\/\"},{\"@type\":\"ListItem\",\"position\":2,\"name\":\"Formaci\u00f3 feminista a Budapest: Seminari \u201cFeminist of the world, unite!\u201d\"}]},{\"@type\":\"WebSite\",\"@id\":\"https:\\\/\\\/www.esplac.cat\\\/#website\",\"url\":\"https:\\\/\\\/www.esplac.cat\\\/\",\"name\":\"Esplac\",\"description\":\"Esplais Catalans\",\"publisher\":{\"@id\":\"https:\\\/\\\/www.esplac.cat\\\/#organization\"},\"potentialAction\":[{\"@type\":\"SearchAction\",\"target\":{\"@type\":\"EntryPoint\",\"urlTemplate\":\"https:\\\/\\\/www.esplac.cat\\\/?s={search_term_string}\"},\"query-input\":{\"@type\":\"PropertyValueSpecification\",\"valueRequired\":true,\"valueName\":\"search_term_string\"}}],\"inLanguage\":\"en-US\"},{\"@type\":\"Organization\",\"@id\":\"https:\\\/\\\/www.esplac.cat\\\/#organization\",\"name\":\"Esplac\",\"url\":\"https:\\\/\\\/www.esplac.cat\\\/\",\"logo\":{\"@type\":\"ImageObject\",\"inLanguage\":\"en-US\",\"@id\":\"https:\\\/\\\/www.esplac.cat\\\/#\\\/schema\\\/logo\\\/image\\\/\",\"url\":\"https:\\\/\\\/www.esplac.cat\\\/wp-content\\\/uploads\\\/2019\\\/08\\\/logox2.png\",\"contentUrl\":\"https:\\\/\\\/www.esplac.cat\\\/wp-content\\\/uploads\\\/2019\\\/08\\\/logox2.png\",\"width\":600,\"height\":295,\"caption\":\"Esplac\"},\"image\":{\"@id\":\"https:\\\/\\\/www.esplac.cat\\\/#\\\/schema\\\/logo\\\/image\\\/\"}},{\"@type\":\"Person\",\"@id\":\"https:\\\/\\\/www.esplac.cat\\\/#\\\/schema\\\/person\\\/908383cf240be18b68f8855d0583faca\",\"name\":\"Comunicaci\u00f3 Esplac\",\"image\":{\"@type\":\"ImageObject\",\"inLanguage\":\"en-US\",\"@id\":\"https:\\\/\\\/secure.gravatar.com\\\/avatar\\\/7a4cf8feb412a76ea4a740ca02d95b06b2907b5a6c648c2dd0a1082a093c3141?s=96&d=mm&r=g\",\"url\":\"https:\\\/\\\/secure.gravatar.com\\\/avatar\\\/7a4cf8feb412a76ea4a740ca02d95b06b2907b5a6c648c2dd0a1082a093c3141?s=96&d=mm&r=g\",\"contentUrl\":\"https:\\\/\\\/secure.gravatar.com\\\/avatar\\\/7a4cf8feb412a76ea4a740ca02d95b06b2907b5a6c648c2dd0a1082a093c3141?s=96&d=mm&r=g\",\"caption\":\"Comunicaci\u00f3 Esplac\"}}]}<\/script>\n<!-- \/ Yoast SEO plugin. -->","yoast_head_json":{"title":"Formaci\u00f3 feminista a Budapest: Seminari \u201cFeminist of the world, unite!\u201d - Esplac","robots":{"index":"index","follow":"follow","max-snippet":"max-snippet:-1","max-image-preview":"max-image-preview:large","max-video-preview":"max-video-preview:-1"},"canonical":"https:\/\/www.esplac.cat\/formacio-feminista-budapest\/","og_locale":"en_US","og_type":"article","og_title":"Formaci\u00f3 feminista a Budapest: Seminari \u201cFeminist of the world, unite!\u201d - Esplac","og_url":"https:\/\/www.esplac.cat\/formacio-feminista-budapest\/","og_site_name":"Esplac","article_published_time":"2019-12-04T12:10:50+00:00","article_modified_time":"2021-01-19T08:44:36+00:00","og_image":[{"width":847,"height":350,"url":"https:\/\/www.esplac.cat\/wp-content\/uploads\/2019\/12\/EG_M8oPXUAAxDkN.jpeg","type":"image\/jpeg"}],"author":"Comunicaci\u00f3 Esplac","twitter_card":"summary_large_image","twitter_misc":{"Written by":"Comunicaci\u00f3 Esplac","Est. reading time":"4 minutes"},"schema":{"@context":"https:\/\/schema.org","@graph":[{"@type":"Article","@id":"https:\/\/www.esplac.cat\/formacio-feminista-budapest\/#article","isPartOf":{"@id":"https:\/\/www.esplac.cat\/formacio-feminista-budapest\/"},"author":{"name":"Comunicaci\u00f3 Esplac","@id":"https:\/\/www.esplac.cat\/#\/schema\/person\/908383cf240be18b68f8855d0583faca"},"headline":"Formaci\u00f3 feminista a Budapest: Seminari \u201cFeminist of the world, unite!\u201d","datePublished":"2019-12-04T12:10:50+00:00","dateModified":"2021-01-19T08:44:36+00:00","mainEntityOfPage":{"@id":"https:\/\/www.esplac.cat\/formacio-feminista-budapest\/"},"wordCount":715,"publisher":{"@id":"https:\/\/www.esplac.cat\/#organization"},"image":{"@id":"https:\/\/www.esplac.cat\/formacio-feminista-budapest\/#primaryimage"},"thumbnailUrl":"https:\/\/www.esplac.cat\/wp-content\/uploads\/2019\/12\/EG_M8oPXUAAxDkN.jpeg","articleSection":["Esplac al m\u00f3n"],"inLanguage":"en-US"},{"@type":"WebPage","@id":"https:\/\/www.esplac.cat\/formacio-feminista-budapest\/","url":"https:\/\/www.esplac.cat\/formacio-feminista-budapest\/","name":"Formaci\u00f3 feminista a Budapest: Seminari \u201cFeminist of the world, unite!\u201d - Esplac","isPartOf":{"@id":"https:\/\/www.esplac.cat\/#website"},"primaryImageOfPage":{"@id":"https:\/\/www.esplac.cat\/formacio-feminista-budapest\/#primaryimage"},"image":{"@id":"https:\/\/www.esplac.cat\/formacio-feminista-budapest\/#primaryimage"},"thumbnailUrl":"https:\/\/www.esplac.cat\/wp-content\/uploads\/2019\/12\/EG_M8oPXUAAxDkN.jpeg","datePublished":"2019-12-04T12:10:50+00:00","dateModified":"2021-01-19T08:44:36+00:00","breadcrumb":{"@id":"https:\/\/www.esplac.cat\/formacio-feminista-budapest\/#breadcrumb"},"inLanguage":"en-US","potentialAction":[{"@type":"ReadAction","target":["https:\/\/www.esplac.cat\/formacio-feminista-budapest\/"]}]},{"@type":"ImageObject","inLanguage":"en-US","@id":"https:\/\/www.esplac.cat\/formacio-feminista-budapest\/#primaryimage","url":"https:\/\/www.esplac.cat\/wp-content\/uploads\/2019\/12\/EG_M8oPXUAAxDkN.jpeg","contentUrl":"https:\/\/www.esplac.cat\/wp-content\/uploads\/2019\/12\/EG_M8oPXUAAxDkN.jpeg","width":847,"height":350},{"@type":"BreadcrumbList","@id":"https:\/\/www.esplac.cat\/formacio-feminista-budapest\/#breadcrumb","itemListElement":[{"@type":"ListItem","position":1,"name":"Inici","item":"https:\/\/www.esplac.cat\/en\/"},{"@type":"ListItem","position":2,"name":"Formaci\u00f3 feminista a Budapest: Seminari \u201cFeminist of the world, unite!\u201d"}]},{"@type":"WebSite","@id":"https:\/\/www.esplac.cat\/#website","url":"https:\/\/www.esplac.cat\/","name":"Esplac","description":"Esplais Catalans","publisher":{"@id":"https:\/\/www.esplac.cat\/#organization"},"potentialAction":[{"@type":"SearchAction","target":{"@type":"EntryPoint","urlTemplate":"https:\/\/www.esplac.cat\/?s={search_term_string}"},"query-input":{"@type":"PropertyValueSpecification","valueRequired":true,"valueName":"search_term_string"}}],"inLanguage":"en-US"},{"@type":"Organization","@id":"https:\/\/www.esplac.cat\/#organization","name":"Esplac","url":"https:\/\/www.esplac.cat\/","logo":{"@type":"ImageObject","inLanguage":"en-US","@id":"https:\/\/www.esplac.cat\/#\/schema\/logo\/image\/","url":"https:\/\/www.esplac.cat\/wp-content\/uploads\/2019\/08\/logox2.png","contentUrl":"https:\/\/www.esplac.cat\/wp-content\/uploads\/2019\/08\/logox2.png","width":600,"height":295,"caption":"Esplac"},"image":{"@id":"https:\/\/www.esplac.cat\/#\/schema\/logo\/image\/"}},{"@type":"Person","@id":"https:\/\/www.esplac.cat\/#\/schema\/person\/908383cf240be18b68f8855d0583faca","name":"Comunicaci\u00f3 Esplac","image":{"@type":"ImageObject","inLanguage":"en-US","@id":"https:\/\/secure.gravatar.com\/avatar\/7a4cf8feb412a76ea4a740ca02d95b06b2907b5a6c648c2dd0a1082a093c3141?s=96&d=mm&r=g","url":"https:\/\/secure.gravatar.com\/avatar\/7a4cf8feb412a76ea4a740ca02d95b06b2907b5a6c648c2dd0a1082a093c3141?s=96&d=mm&r=g","contentUrl":"https:\/\/secure.gravatar.com\/avatar\/7a4cf8feb412a76ea4a740ca02d95b06b2907b5a6c648c2dd0a1082a093c3141?s=96&d=mm&r=g","caption":"Comunicaci\u00f3 Esplac"}}]}},"_links":{"self":[{"href":"https:\/\/www.esplac.cat\/en\/wp-json\/wp\/v2\/posts\/29068","targetHints":{"allow":["GET"]}}],"collection":[{"href":"https:\/\/www.esplac.cat\/en\/wp-json\/wp\/v2\/posts"}],"about":[{"href":"https:\/\/www.esplac.cat\/en\/wp-json\/wp\/v2\/types\/post"}],"author":[{"embeddable":true,"href":"https:\/\/www.esplac.cat\/en\/wp-json\/wp\/v2\/users\/3"}],"replies":[{"embeddable":true,"href":"https:\/\/www.esplac.cat\/en\/wp-json\/wp\/v2\/comments?post=29068"}],"version-history":[{"count":0,"href":"https:\/\/www.esplac.cat\/en\/wp-json\/wp\/v2\/posts\/29068\/revisions"}],"wp:featuredmedia":[{"embeddable":true,"href":"https:\/\/www.esplac.cat\/en\/wp-json\/wp\/v2\/media\/29074"}],"wp:attachment":[{"href":"https:\/\/www.esplac.cat\/en\/wp-json\/wp\/v2\/media?parent=29068"}],"wp:term":[{"taxonomy":"category","embeddable":true,"href":"https:\/\/www.esplac.cat\/en\/wp-json\/wp\/v2\/categories?post=29068"},{"taxonomy":"post_tag","embeddable":true,"href":"https:\/\/www.esplac.cat\/en\/wp-json\/wp\/v2\/tags?post=29068"}],"curies":[{"name":"wp","href":"https:\/\/api.w.org\/{rel}","templated":true}]}}