{"id":29600,"date":"2019-10-30T12:33:21","date_gmt":"2019-10-30T11:33:21","guid":{"rendered":"https:\/\/www.esplac.cat\/?p=29600"},"modified":"2020-10-15T17:23:11","modified_gmt":"2020-10-15T16:23:11","slug":"comunicat-suport-acampada-placa-universitat","status":"publish","type":"post","link":"https:\/\/www.esplac.cat\/en\/comunicat-suport-acampada-placa-universitat\/","title":{"rendered":"Comunicat de suport a l&#8217;acampada a Pla\u00e7a Universitat"},"content":{"rendered":"<h4>Posicionament sobre l&#8217;acampada a la Pla\u00e7a Universitat<\/h4>\n<p><span style=\"font-weight: 400;\">Davant de l\u2019excepcionalitat del moment i, per primer cop, les quatre grans entitats de l\u2019associacionisme educatiu emeten un comunicat conjunt.<\/span><\/p>\n<p style=\"text-align: justify;\"><span style=\"font-weight: 400;\">Acci\u00f3 Escolta de Catalunya, Escoltes Catalans, Esplais Catalans  som associacions de joves i per joves que des del voluntariat contribu\u00efm al desenvolupament integral d&#8217;infants i joves a trav\u00e9s d\u2019una educaci\u00f3 transformadora. <\/span><\/p>\n<p style=\"text-align: justify;\">Entenem que les joves que han decidit acampar al bell mig de Pla\u00e7a Universitat ho fan, no tan sols per denunciar la dificultat de desenvolupar-se en una societat adultoc\u00e8ntrica, sin\u00f3 tamb\u00e9, per denunciar el futur que els espera.<\/p>\n<p style=\"text-align: justify;\"><span style=\"font-weight: 400;\">En el marc de la repressi\u00f3 i la brutalitat policial, pels valors sobre els qu\u00e8 es fonamenten els nostres idearis i des dels quals eduquem, davant del moment excepcional que estem vivint, volem:twi<\/span><\/p>\n<ul style=\"text-align: justify;\">\n<li style=\"font-weight: 400;\"><b>Donar tot el suport als i les joves que han decidit acampar<\/b><span style=\"font-weight: 400;\"><span style=\"font-weight: 400;\">. Entenem que \u00e9s fruit d\u2019una visi\u00f3 cr\u00edtica, alhora que constructiva de la societat. Una proposta leg\u00edtima de protesta des de la no-viol\u00e8ncia. Un espai necessari d\u2019apoderament juvenil i autogesti\u00f3.<\/span><\/span><\/li>\n<li style=\"font-weight: 400;\"><b>Compartir les seves reivindicacions<\/b><span style=\"font-weight: 400;\"> pel que fa als drets i llibertats col\u00b7lectives <\/span><span style=\"font-weight: 400;\">fet que implica<\/span><span style=\"font-weight: 400;\"><span style=\"font-weight: 400;\"><span style=\"font-weight: 400;\"> aturar la brutalitat policial, l\u2019amnistia total contra totes les preses pol\u00edtiques, el retorn segur de les exiliades, la restituci\u00f3 dels drets civils i pol\u00edtics vulnerats per la sent\u00e8ncia del Tribunal Suprem i la negociaci\u00f3 d\u2019un refer\u00e8ndum d&#8217;autodeterminaci\u00f3.<\/span><\/span><\/span><\/li>\n<li style=\"font-weight: 400;\"><b>Reivindicar un present i un futur digne per les joves del nostre pa\u00eds<\/b><span style=\"font-weight: 400;\"><span style=\"font-weight: 400;\"><span style=\"font-weight: 400;\">, tot garantit l\u2019acc\u00e9s a un habitatge digne, apostant per una societat feminista per garantir l\u2019equitat entre homes i dones, donant respostes reals a l\u2019emerg\u00e8ncia clim\u00e0tica.<\/span><\/span><\/span><\/li>\n<li style=\"font-weight: 400;\"><b>Sumar-nos a l\u2019acampada<\/b><span style=\"font-weight: 400;\"> amb <\/span><span style=\"font-weight: 400;\"> caps i monitors de les nostres entitats amb les tendes dels seus agrupaments\/esplais.<\/span><\/li>\n<li style=\"font-weight: 400;\"><b>Fer una crida al conjunt de la societat<\/b><span style=\"font-weight: 400;\"> per a <\/span><span style=\"font-weight: 400;\">donar suport<\/span><span style=\"font-weight: 400;\"> i valorar positivament que la joventut del nostre pa\u00eds s&#8217;autoorganitzi per a millorar la nostra societat.<\/span><\/li>\n<\/ul>\n<p style=\"text-align: justify;\">Pots descarregar-te el manifest conjunt <span style=\"text-decoration: underline;\"><span style=\"color: #ff9900;\"><strong><a style=\"color: #ff9900; text-decoration: underline;\" href=\"https:\/\/www.esplac.cat\/wp-content\/uploads\/2019\/12\/Posicionament-Acampada-14O.jpg\" target=\"_blank\" rel=\"noopener noreferrer\">aqu\u00ed<\/a><\/strong><\/span><\/span> i el de l&#8217;acampada a Pl. Universitat<span style=\"text-decoration: underline;\"><strong> <span style=\"color: #ff9900; text-decoration: underline;\"><a style=\"color: #ff9900; text-decoration: underline;\" href=\"https:\/\/www.esplac.cat\/wp-content\/uploads\/2019\/12\/Manifest-acampada-generacio14o.jpg\" target=\"_blank\" rel=\"noopener noreferrer\">aqu\u00ed.<\/a><\/span><\/strong><\/span><\/p>\n<p><a href=\"https:\/\/www.esplac.cat\/wp-content\/uploads\/2019\/10\/acampada.jpeg\"><img decoding=\"async\" class=\"wp-image-22854 aligncenter\" src=\"https:\/\/www.esplac.cat\/wp-content\/uploads\/2019\/10\/acampada.jpeg\" alt=\"\" width=\"545\" height=\"679\" \/><\/a><\/p>\n","protected":false},"excerpt":{"rendered":"<p>Posicionament sobre l&#8217;acampada a la Pla\u00e7a Universitat Davant de l\u2019excepcionalitat [&hellip;]<\/p>\n","protected":false},"author":3,"featured_media":29605,"comment_status":"closed","ping_status":"open","sticky":false,"template":"","format":"standard","meta":{"om_disable_all_campaigns":false,"_monsterinsights_skip_tracking":false,"_monsterinsights_sitenote_active":false,"_monsterinsights_sitenote_note":"","_monsterinsights_sitenote_category":0,"_uf_show_specific_survey":0,"_uf_disable_surveys":false,"footnotes":""},"categories":[1127],"tags":[673,166,1222],"class_list":["post-29600","post","type-post","status-publish","format-standard","has-post-thumbnail","hentry","category-comunicats-posicionaments","tag-acampada","tag-joves","tag-placa-universitat"],"yoast_head":"<!-- This site is optimized with the Yoast SEO plugin v27.4 - https:\/\/yoast.com\/product\/yoast-seo-wordpress\/ -->\n<title>Comunicat de suport a l&#039;acampada a Pla\u00e7a Universitat - Esplac<\/title>\n<meta name=\"robots\" content=\"index, follow, max-snippet:-1, max-image-preview:large, max-video-preview:-1\" \/>\n<link rel=\"canonical\" href=\"https:\/\/www.esplac.cat\/comunicat-suport-acampada-placa-universitat\/\" \/>\n<meta property=\"og:locale\" content=\"en_US\" \/>\n<meta property=\"og:type\" content=\"article\" \/>\n<meta property=\"og:title\" content=\"Comunicat de suport a l&#039;acampada a Pla\u00e7a Universitat - Esplac\" \/>\n<meta property=\"og:description\" content=\"Posicionament sobre l&#8217;acampada a la Pla\u00e7a Universitat Davant de l\u2019excepcionalitat [&hellip;]\" \/>\n<meta property=\"og:url\" content=\"https:\/\/www.esplac.cat\/comunicat-suport-acampada-placa-universitat\/\" \/>\n<meta property=\"og:site_name\" content=\"Esplac\" \/>\n<meta property=\"article:published_time\" content=\"2019-10-30T11:33:21+00:00\" \/>\n<meta property=\"article:modified_time\" content=\"2020-10-15T16:23:11+00:00\" \/>\n<meta property=\"og:image\" content=\"https:\/\/www.esplac.cat\/wp-content\/uploads\/2019\/12\/portadaacampada.jpg\" \/>\n\t<meta property=\"og:image:width\" content=\"847\" \/>\n\t<meta property=\"og:image:height\" content=\"350\" \/>\n\t<meta property=\"og:image:type\" content=\"image\/jpeg\" \/>\n<meta name=\"author\" content=\"Comunicaci\u00f3 Esplac\" \/>\n<meta name=\"twitter:card\" content=\"summary_large_image\" \/>\n<meta name=\"twitter:label1\" content=\"Written by\" \/>\n\t<meta name=\"twitter:data1\" content=\"Comunicaci\u00f3 Esplac\" \/>\n\t<meta name=\"twitter:label2\" content=\"Est. reading time\" \/>\n\t<meta name=\"twitter:data2\" content=\"2 minutes\" \/>\n<script type=\"application\/ld+json\" class=\"yoast-schema-graph\">{\"@context\":\"https:\\\/\\\/schema.org\",\"@graph\":[{\"@type\":\"Article\",\"@id\":\"https:\\\/\\\/www.esplac.cat\\\/comunicat-suport-acampada-placa-universitat\\\/#article\",\"isPartOf\":{\"@id\":\"https:\\\/\\\/www.esplac.cat\\\/comunicat-suport-acampada-placa-universitat\\\/\"},\"author\":{\"name\":\"Comunicaci\u00f3 Esplac\",\"@id\":\"https:\\\/\\\/www.esplac.cat\\\/#\\\/schema\\\/person\\\/908383cf240be18b68f8855d0583faca\"},\"headline\":\"Comunicat de suport a l&#8217;acampada a Pla\u00e7a Universitat\",\"datePublished\":\"2019-10-30T11:33:21+00:00\",\"dateModified\":\"2020-10-15T16:23:11+00:00\",\"mainEntityOfPage\":{\"@id\":\"https:\\\/\\\/www.esplac.cat\\\/comunicat-suport-acampada-placa-universitat\\\/\"},\"wordCount\":372,\"publisher\":{\"@id\":\"https:\\\/\\\/www.esplac.cat\\\/#organization\"},\"image\":{\"@id\":\"https:\\\/\\\/www.esplac.cat\\\/comunicat-suport-acampada-placa-universitat\\\/#primaryimage\"},\"thumbnailUrl\":\"https:\\\/\\\/www.esplac.cat\\\/wp-content\\\/uploads\\\/2019\\\/12\\\/portadaacampada.jpg\",\"keywords\":[\"acampada\",\"joves\",\"Pla\u00e7a Universitat\"],\"articleSection\":[\"Comunicats i posicionaments\"],\"inLanguage\":\"en-US\"},{\"@type\":\"WebPage\",\"@id\":\"https:\\\/\\\/www.esplac.cat\\\/comunicat-suport-acampada-placa-universitat\\\/\",\"url\":\"https:\\\/\\\/www.esplac.cat\\\/comunicat-suport-acampada-placa-universitat\\\/\",\"name\":\"Comunicat de suport a l'acampada a Pla\u00e7a Universitat - Esplac\",\"isPartOf\":{\"@id\":\"https:\\\/\\\/www.esplac.cat\\\/#website\"},\"primaryImageOfPage\":{\"@id\":\"https:\\\/\\\/www.esplac.cat\\\/comunicat-suport-acampada-placa-universitat\\\/#primaryimage\"},\"image\":{\"@id\":\"https:\\\/\\\/www.esplac.cat\\\/comunicat-suport-acampada-placa-universitat\\\/#primaryimage\"},\"thumbnailUrl\":\"https:\\\/\\\/www.esplac.cat\\\/wp-content\\\/uploads\\\/2019\\\/12\\\/portadaacampada.jpg\",\"datePublished\":\"2019-10-30T11:33:21+00:00\",\"dateModified\":\"2020-10-15T16:23:11+00:00\",\"breadcrumb\":{\"@id\":\"https:\\\/\\\/www.esplac.cat\\\/comunicat-suport-acampada-placa-universitat\\\/#breadcrumb\"},\"inLanguage\":\"en-US\",\"potentialAction\":[{\"@type\":\"ReadAction\",\"target\":[\"https:\\\/\\\/www.esplac.cat\\\/comunicat-suport-acampada-placa-universitat\\\/\"]}]},{\"@type\":\"ImageObject\",\"inLanguage\":\"en-US\",\"@id\":\"https:\\\/\\\/www.esplac.cat\\\/comunicat-suport-acampada-placa-universitat\\\/#primaryimage\",\"url\":\"https:\\\/\\\/www.esplac.cat\\\/wp-content\\\/uploads\\\/2019\\\/12\\\/portadaacampada.jpg\",\"contentUrl\":\"https:\\\/\\\/www.esplac.cat\\\/wp-content\\\/uploads\\\/2019\\\/12\\\/portadaacampada.jpg\",\"width\":847,\"height\":350},{\"@type\":\"BreadcrumbList\",\"@id\":\"https:\\\/\\\/www.esplac.cat\\\/comunicat-suport-acampada-placa-universitat\\\/#breadcrumb\",\"itemListElement\":[{\"@type\":\"ListItem\",\"position\":1,\"name\":\"Inici\",\"item\":\"https:\\\/\\\/www.esplac.cat\\\/en\\\/\"},{\"@type\":\"ListItem\",\"position\":2,\"name\":\"Comunicat de suport a l&#8217;acampada a Pla\u00e7a Universitat\"}]},{\"@type\":\"WebSite\",\"@id\":\"https:\\\/\\\/www.esplac.cat\\\/#website\",\"url\":\"https:\\\/\\\/www.esplac.cat\\\/\",\"name\":\"Esplac\",\"description\":\"Esplais Catalans\",\"publisher\":{\"@id\":\"https:\\\/\\\/www.esplac.cat\\\/#organization\"},\"potentialAction\":[{\"@type\":\"SearchAction\",\"target\":{\"@type\":\"EntryPoint\",\"urlTemplate\":\"https:\\\/\\\/www.esplac.cat\\\/?s={search_term_string}\"},\"query-input\":{\"@type\":\"PropertyValueSpecification\",\"valueRequired\":true,\"valueName\":\"search_term_string\"}}],\"inLanguage\":\"en-US\"},{\"@type\":\"Organization\",\"@id\":\"https:\\\/\\\/www.esplac.cat\\\/#organization\",\"name\":\"Esplac\",\"url\":\"https:\\\/\\\/www.esplac.cat\\\/\",\"logo\":{\"@type\":\"ImageObject\",\"inLanguage\":\"en-US\",\"@id\":\"https:\\\/\\\/www.esplac.cat\\\/#\\\/schema\\\/logo\\\/image\\\/\",\"url\":\"https:\\\/\\\/www.esplac.cat\\\/wp-content\\\/uploads\\\/2019\\\/08\\\/logox2.png\",\"contentUrl\":\"https:\\\/\\\/www.esplac.cat\\\/wp-content\\\/uploads\\\/2019\\\/08\\\/logox2.png\",\"width\":600,\"height\":295,\"caption\":\"Esplac\"},\"image\":{\"@id\":\"https:\\\/\\\/www.esplac.cat\\\/#\\\/schema\\\/logo\\\/image\\\/\"}},{\"@type\":\"Person\",\"@id\":\"https:\\\/\\\/www.esplac.cat\\\/#\\\/schema\\\/person\\\/908383cf240be18b68f8855d0583faca\",\"name\":\"Comunicaci\u00f3 Esplac\",\"image\":{\"@type\":\"ImageObject\",\"inLanguage\":\"en-US\",\"@id\":\"https:\\\/\\\/secure.gravatar.com\\\/avatar\\\/7a4cf8feb412a76ea4a740ca02d95b06b2907b5a6c648c2dd0a1082a093c3141?s=96&d=mm&r=g\",\"url\":\"https:\\\/\\\/secure.gravatar.com\\\/avatar\\\/7a4cf8feb412a76ea4a740ca02d95b06b2907b5a6c648c2dd0a1082a093c3141?s=96&d=mm&r=g\",\"contentUrl\":\"https:\\\/\\\/secure.gravatar.com\\\/avatar\\\/7a4cf8feb412a76ea4a740ca02d95b06b2907b5a6c648c2dd0a1082a093c3141?s=96&d=mm&r=g\",\"caption\":\"Comunicaci\u00f3 Esplac\"}}]}<\/script>\n<!-- \/ Yoast SEO plugin. -->","yoast_head_json":{"title":"Comunicat de suport a l'acampada a Pla\u00e7a Universitat - Esplac","robots":{"index":"index","follow":"follow","max-snippet":"max-snippet:-1","max-image-preview":"max-image-preview:large","max-video-preview":"max-video-preview:-1"},"canonical":"https:\/\/www.esplac.cat\/comunicat-suport-acampada-placa-universitat\/","og_locale":"en_US","og_type":"article","og_title":"Comunicat de suport a l'acampada a Pla\u00e7a Universitat - Esplac","og_description":"Posicionament sobre l&#8217;acampada a la Pla\u00e7a Universitat Davant de l\u2019excepcionalitat [&hellip;]","og_url":"https:\/\/www.esplac.cat\/comunicat-suport-acampada-placa-universitat\/","og_site_name":"Esplac","article_published_time":"2019-10-30T11:33:21+00:00","article_modified_time":"2020-10-15T16:23:11+00:00","og_image":[{"width":847,"height":350,"url":"https:\/\/www.esplac.cat\/wp-content\/uploads\/2019\/12\/portadaacampada.jpg","type":"image\/jpeg"}],"author":"Comunicaci\u00f3 Esplac","twitter_card":"summary_large_image","twitter_misc":{"Written by":"Comunicaci\u00f3 Esplac","Est. reading time":"2 minutes"},"schema":{"@context":"https:\/\/schema.org","@graph":[{"@type":"Article","@id":"https:\/\/www.esplac.cat\/comunicat-suport-acampada-placa-universitat\/#article","isPartOf":{"@id":"https:\/\/www.esplac.cat\/comunicat-suport-acampada-placa-universitat\/"},"author":{"name":"Comunicaci\u00f3 Esplac","@id":"https:\/\/www.esplac.cat\/#\/schema\/person\/908383cf240be18b68f8855d0583faca"},"headline":"Comunicat de suport a l&#8217;acampada a Pla\u00e7a Universitat","datePublished":"2019-10-30T11:33:21+00:00","dateModified":"2020-10-15T16:23:11+00:00","mainEntityOfPage":{"@id":"https:\/\/www.esplac.cat\/comunicat-suport-acampada-placa-universitat\/"},"wordCount":372,"publisher":{"@id":"https:\/\/www.esplac.cat\/#organization"},"image":{"@id":"https:\/\/www.esplac.cat\/comunicat-suport-acampada-placa-universitat\/#primaryimage"},"thumbnailUrl":"https:\/\/www.esplac.cat\/wp-content\/uploads\/2019\/12\/portadaacampada.jpg","keywords":["acampada","joves","Pla\u00e7a Universitat"],"articleSection":["Comunicats i posicionaments"],"inLanguage":"en-US"},{"@type":"WebPage","@id":"https:\/\/www.esplac.cat\/comunicat-suport-acampada-placa-universitat\/","url":"https:\/\/www.esplac.cat\/comunicat-suport-acampada-placa-universitat\/","name":"Comunicat de suport a l'acampada a Pla\u00e7a Universitat - Esplac","isPartOf":{"@id":"https:\/\/www.esplac.cat\/#website"},"primaryImageOfPage":{"@id":"https:\/\/www.esplac.cat\/comunicat-suport-acampada-placa-universitat\/#primaryimage"},"image":{"@id":"https:\/\/www.esplac.cat\/comunicat-suport-acampada-placa-universitat\/#primaryimage"},"thumbnailUrl":"https:\/\/www.esplac.cat\/wp-content\/uploads\/2019\/12\/portadaacampada.jpg","datePublished":"2019-10-30T11:33:21+00:00","dateModified":"2020-10-15T16:23:11+00:00","breadcrumb":{"@id":"https:\/\/www.esplac.cat\/comunicat-suport-acampada-placa-universitat\/#breadcrumb"},"inLanguage":"en-US","potentialAction":[{"@type":"ReadAction","target":["https:\/\/www.esplac.cat\/comunicat-suport-acampada-placa-universitat\/"]}]},{"@type":"ImageObject","inLanguage":"en-US","@id":"https:\/\/www.esplac.cat\/comunicat-suport-acampada-placa-universitat\/#primaryimage","url":"https:\/\/www.esplac.cat\/wp-content\/uploads\/2019\/12\/portadaacampada.jpg","contentUrl":"https:\/\/www.esplac.cat\/wp-content\/uploads\/2019\/12\/portadaacampada.jpg","width":847,"height":350},{"@type":"BreadcrumbList","@id":"https:\/\/www.esplac.cat\/comunicat-suport-acampada-placa-universitat\/#breadcrumb","itemListElement":[{"@type":"ListItem","position":1,"name":"Inici","item":"https:\/\/www.esplac.cat\/en\/"},{"@type":"ListItem","position":2,"name":"Comunicat de suport a l&#8217;acampada a Pla\u00e7a Universitat"}]},{"@type":"WebSite","@id":"https:\/\/www.esplac.cat\/#website","url":"https:\/\/www.esplac.cat\/","name":"Esplac","description":"Esplais Catalans","publisher":{"@id":"https:\/\/www.esplac.cat\/#organization"},"potentialAction":[{"@type":"SearchAction","target":{"@type":"EntryPoint","urlTemplate":"https:\/\/www.esplac.cat\/?s={search_term_string}"},"query-input":{"@type":"PropertyValueSpecification","valueRequired":true,"valueName":"search_term_string"}}],"inLanguage":"en-US"},{"@type":"Organization","@id":"https:\/\/www.esplac.cat\/#organization","name":"Esplac","url":"https:\/\/www.esplac.cat\/","logo":{"@type":"ImageObject","inLanguage":"en-US","@id":"https:\/\/www.esplac.cat\/#\/schema\/logo\/image\/","url":"https:\/\/www.esplac.cat\/wp-content\/uploads\/2019\/08\/logox2.png","contentUrl":"https:\/\/www.esplac.cat\/wp-content\/uploads\/2019\/08\/logox2.png","width":600,"height":295,"caption":"Esplac"},"image":{"@id":"https:\/\/www.esplac.cat\/#\/schema\/logo\/image\/"}},{"@type":"Person","@id":"https:\/\/www.esplac.cat\/#\/schema\/person\/908383cf240be18b68f8855d0583faca","name":"Comunicaci\u00f3 Esplac","image":{"@type":"ImageObject","inLanguage":"en-US","@id":"https:\/\/secure.gravatar.com\/avatar\/7a4cf8feb412a76ea4a740ca02d95b06b2907b5a6c648c2dd0a1082a093c3141?s=96&d=mm&r=g","url":"https:\/\/secure.gravatar.com\/avatar\/7a4cf8feb412a76ea4a740ca02d95b06b2907b5a6c648c2dd0a1082a093c3141?s=96&d=mm&r=g","contentUrl":"https:\/\/secure.gravatar.com\/avatar\/7a4cf8feb412a76ea4a740ca02d95b06b2907b5a6c648c2dd0a1082a093c3141?s=96&d=mm&r=g","caption":"Comunicaci\u00f3 Esplac"}}]}},"_links":{"self":[{"href":"https:\/\/www.esplac.cat\/en\/wp-json\/wp\/v2\/posts\/29600","targetHints":{"allow":["GET"]}}],"collection":[{"href":"https:\/\/www.esplac.cat\/en\/wp-json\/wp\/v2\/posts"}],"about":[{"href":"https:\/\/www.esplac.cat\/en\/wp-json\/wp\/v2\/types\/post"}],"author":[{"embeddable":true,"href":"https:\/\/www.esplac.cat\/en\/wp-json\/wp\/v2\/users\/3"}],"replies":[{"embeddable":true,"href":"https:\/\/www.esplac.cat\/en\/wp-json\/wp\/v2\/comments?post=29600"}],"version-history":[{"count":0,"href":"https:\/\/www.esplac.cat\/en\/wp-json\/wp\/v2\/posts\/29600\/revisions"}],"wp:featuredmedia":[{"embeddable":true,"href":"https:\/\/www.esplac.cat\/en\/wp-json\/wp\/v2\/media\/29605"}],"wp:attachment":[{"href":"https:\/\/www.esplac.cat\/en\/wp-json\/wp\/v2\/media?parent=29600"}],"wp:term":[{"taxonomy":"category","embeddable":true,"href":"https:\/\/www.esplac.cat\/en\/wp-json\/wp\/v2\/categories?post=29600"},{"taxonomy":"post_tag","embeddable":true,"href":"https:\/\/www.esplac.cat\/en\/wp-json\/wp\/v2\/tags?post=29600"}],"curies":[{"name":"wp","href":"https:\/\/api.w.org\/{rel}","templated":true}]}}