{"id":29732,"date":"2019-12-20T12:28:23","date_gmt":"2019-12-20T11:28:23","guid":{"rendered":"https:\/\/www.esplac.cat\/?p=29732"},"modified":"2020-10-15T17:23:06","modified_gmt":"2020-10-15T16:23:06","slug":"placa-tecnic-dinformatic-a","status":"publish","type":"post","link":"https:\/\/www.esplac.cat\/en\/placa-tecnic-dinformatic-a\/","title":{"rendered":"Obrim una pla\u00e7a de t\u00e8cnic\/a d&#8217;inform\u00e0tica"},"content":{"rendered":"<h4>A Esplais Catalans busquem t\u00e8cnic\/a d&#8217;inform\u00e0tica. El termini de presentaci\u00f3 de curr\u00edculums finalitzar\u00e0 el 12 de gener de 2020.<\/h4>\n<p>A Esplac hem obert un termini per a la presentaci\u00f3 de curr\u00edculums amb l\u2019objectiu de cobrir una pla\u00e7a de t\u00e8cnic\/a d&#8217;inform\u00e0tica. <strong>El termini finalitza el dia 12 de gener de 2020<\/strong>. Els curr\u00edculums i les cartes de motivaci\u00f3 les heu de fer arribar a<strong>\u00a0esplac@esplac.cat<\/strong>\u00a0amb la refer\u00e8ncia \u201c<em>InformaticaST\u201d<\/em>\u00a0a l\u2019assumpte del mail.<\/p>\n<p><strong>Funcions:<\/strong><\/p>\n<ul>\n<li>Elaboraci\u00f3, execuci\u00f3 i avaluaci\u00f3 del pla de treball de les aplicacions inform\u00e0tiques que s\u2019usen a Esplac donant suport a la tasca de la coordinadora inform\u00e0tica.<\/li>\n<li>Dur a terme canvis i millores a les eines inform\u00e0tiques pr\u00f2pies de treball de l\u2019entitat: Intranets i webs.<\/li>\n<li>Coordinaci\u00f3 amb els equips de treball i dirigents de l\u2019entitat per a les funcions assignades i d\u2019altres que puguin sorgir.<\/li>\n<\/ul>\n<p><strong>Es demana:<\/strong><\/p>\n<ul>\n<li>Titulaci\u00f3 acabada o en curs de Grau en Enginyeria Inform\u00e0tica o Cicle Formatiu de Grau Superior (CFGS) de Desenvolupament d\u2019Aplicacions Web (DAW) o Desenvolupament d\u2019Aplicacions Multiplataforma (DAM) o coneixements equivalents demostrables.<\/li>\n<li>Coneixement b\u00e0sic de bases de dades.<\/li>\n<li>Coneixement o experi\u00e8ncia en desenvolupament d\u2019aplicacions web.<\/li>\n<li>Compet\u00e8ncia escrita: capacitat de redacci\u00f3 i capacitat de s\u00edntesi.<\/li>\n<li>Capacitat d\u2019organitzaci\u00f3, gesti\u00f3 del temps i compliments de terminis, treball en equip, autonomia personal, flexibilitat i adaptabilitat.<\/li>\n<li>Assist\u00e8ncia a reunions o activitats d\u2019especial inter\u00e8s fora de l\u2019horari laboral, vocaci\u00f3 de servei als esplais i comprom\u00eds amb els valors d\u2019Esplais Catalans.<\/li>\n<li>\u00a0Tenir menys de 30 anys.<\/li>\n<\/ul>\n<p><strong>Es valorar\u00e0:<\/strong><\/p>\n<ul>\n<li>Experi\u00e8ncia en les funcions descrites i facilitat per con\u00e8ixer noves eines de treball.<\/li>\n<li>Experi\u00e8ncia amb l\u2019stack MEAN i concretament amb Angular+2.<\/li>\n<li>Experi\u00e8ncia en especificaci\u00f3 i disseny de bases de dades.<\/li>\n<li>Coneixement de disseny web.<\/li>\n<li>Coneixement o experi\u00e8ncia en linux, terminal bash, gesti\u00f3 de sistemes, cron i pm2.<\/li>\n<li>Experi\u00e8ncia amb sistema de versions, especialment Git i l\u2019entorn GitLab.<\/li>\n<li>Experi\u00e8ncia en comunitats de desenvolupament de codi obert i en projectes de promoci\u00f3 de la sobirania tecnol\u00f2gica.<\/li>\n<li>Coneixement i experi\u00e8ncia en l\u2019\u00e0mbit de l\u2019associacionisme educatiu i els esplais.<\/li>\n<li>Coneixement en temes espec\u00edfics relacionats amb el projecte educatiu d\u2019Esplais Catalans.<\/li>\n<\/ul>\n<p><strong>Condicions laborals:<\/strong><\/p>\n<ul>\n<li>Contracte de 20 hores setmanals. Sou segons l\u2019escala salarial de l\u2019entitat (10.532,30 \u20ac bruts anuals).<\/li>\n<li>2 mesos de prova i incorporaci\u00f3 immediata.<\/li>\n<li>Lloc de treball habitual: Barcelona.<\/li>\n<\/ul>\n<p><span style=\"color: #ff9900;\"><strong><a style=\"color: #ff9900;\" href=\"https:\/\/www.esplac.cat\/wp-content\/uploads\/2019\/12\/Convocatoria_SUPORT_INFOR.pdf\" target=\"_blank\" rel=\"noopener noreferrer\">Aqu\u00ed<\/a><\/strong>\u00a0<\/span>us deixem\u00a0els detalls de l\u2019oferta laboral en un arxiu pdf.<\/p>\n","protected":false},"excerpt":{"rendered":"<p>A Esplais Catalans busquem t\u00e8cnic\/a d&#8217;inform\u00e0tica. El termini de presentaci\u00f3 [&hellip;]<\/p>\n","protected":false},"author":3,"featured_media":29736,"comment_status":"closed","ping_status":"open","sticky":false,"template":"","format":"standard","meta":{"om_disable_all_campaigns":false,"_monsterinsights_skip_tracking":false,"_monsterinsights_sitenote_active":false,"_monsterinsights_sitenote_note":"","_monsterinsights_sitenote_category":0,"_uf_show_specific_survey":0,"_uf_disable_surveys":false,"footnotes":""},"categories":[1116],"tags":[306,440,562,1229],"class_list":["post-29732","post","type-post","status-publish","format-standard","has-post-thumbnail","hentry","category-secretaria-esplac","tag-feina","tag-informatica","tag-oferta-laboral","tag-tecnic-dinformatica"],"yoast_head":"<!-- This site is optimized with the Yoast SEO plugin v27.4 - https:\/\/yoast.com\/product\/yoast-seo-wordpress\/ -->\n<title>Obrim una pla\u00e7a de t\u00e8cnic\/a d&#039;inform\u00e0tica - Esplac<\/title>\n<meta name=\"robots\" content=\"index, follow, max-snippet:-1, max-image-preview:large, max-video-preview:-1\" \/>\n<link rel=\"canonical\" href=\"https:\/\/www.esplac.cat\/es\/placa-tecnic-dinformatic-a\/\" \/>\n<meta property=\"og:locale\" content=\"en_US\" \/>\n<meta property=\"og:type\" content=\"article\" \/>\n<meta property=\"og:title\" content=\"Obrim una pla\u00e7a de t\u00e8cnic\/a d&#039;inform\u00e0tica - Esplac\" \/>\n<meta property=\"og:description\" content=\"A Esplais Catalans busquem t\u00e8cnic\/a d&#8217;inform\u00e0tica. El termini de presentaci\u00f3 [&hellip;]\" \/>\n<meta property=\"og:url\" content=\"https:\/\/www.esplac.cat\/es\/placa-tecnic-dinformatic-a\/\" \/>\n<meta property=\"og:site_name\" content=\"Esplac\" \/>\n<meta property=\"article:published_time\" content=\"2019-12-20T11:28:23+00:00\" \/>\n<meta property=\"article:modified_time\" content=\"2020-10-15T16:23:06+00:00\" \/>\n<meta property=\"og:image\" content=\"https:\/\/www.esplac.cat\/wp-content\/uploads\/2019\/12\/laboral-esplac-feina.jpg\" \/>\n\t<meta property=\"og:image:width\" content=\"847\" \/>\n\t<meta property=\"og:image:height\" content=\"350\" \/>\n\t<meta property=\"og:image:type\" content=\"image\/jpeg\" \/>\n<meta name=\"author\" content=\"Comunicaci\u00f3 Esplac\" \/>\n<meta name=\"twitter:card\" content=\"summary_large_image\" \/>\n<meta name=\"twitter:label1\" content=\"Written by\" \/>\n\t<meta name=\"twitter:data1\" content=\"Comunicaci\u00f3 Esplac\" \/>\n\t<meta name=\"twitter:label2\" content=\"Est. reading time\" \/>\n\t<meta name=\"twitter:data2\" content=\"2 minutes\" \/>\n<script type=\"application\/ld+json\" class=\"yoast-schema-graph\">{\"@context\":\"https:\\\/\\\/schema.org\",\"@graph\":[{\"@type\":\"Article\",\"@id\":\"https:\\\/\\\/www.esplac.cat\\\/es\\\/placa-tecnic-dinformatic-a\\\/#article\",\"isPartOf\":{\"@id\":\"https:\\\/\\\/www.esplac.cat\\\/es\\\/placa-tecnic-dinformatic-a\\\/\"},\"author\":{\"name\":\"Comunicaci\u00f3 Esplac\",\"@id\":\"https:\\\/\\\/www.esplac.cat\\\/#\\\/schema\\\/person\\\/908383cf240be18b68f8855d0583faca\"},\"headline\":\"Obrim una pla\u00e7a de t\u00e8cnic\\\/a d&#8217;inform\u00e0tica\",\"datePublished\":\"2019-12-20T11:28:23+00:00\",\"dateModified\":\"2020-10-15T16:23:06+00:00\",\"mainEntityOfPage\":{\"@id\":\"https:\\\/\\\/www.esplac.cat\\\/es\\\/placa-tecnic-dinformatic-a\\\/\"},\"wordCount\":435,\"publisher\":{\"@id\":\"https:\\\/\\\/www.esplac.cat\\\/#organization\"},\"image\":{\"@id\":\"https:\\\/\\\/www.esplac.cat\\\/es\\\/placa-tecnic-dinformatic-a\\\/#primaryimage\"},\"thumbnailUrl\":\"https:\\\/\\\/www.esplac.cat\\\/wp-content\\\/uploads\\\/2019\\\/12\\\/laboral-esplac-feina.jpg\",\"keywords\":[\"feina\",\"informatica\",\"oferta laboral\",\"t\u00e8cnic d'inform\u00e0tica\"],\"articleSection\":[\"Secretaria T\u00e8cnica\"],\"inLanguage\":\"en-US\"},{\"@type\":\"WebPage\",\"@id\":\"https:\\\/\\\/www.esplac.cat\\\/es\\\/placa-tecnic-dinformatic-a\\\/\",\"url\":\"https:\\\/\\\/www.esplac.cat\\\/es\\\/placa-tecnic-dinformatic-a\\\/\",\"name\":\"Obrim una pla\u00e7a de t\u00e8cnic\\\/a d'inform\u00e0tica - Esplac\",\"isPartOf\":{\"@id\":\"https:\\\/\\\/www.esplac.cat\\\/#website\"},\"primaryImageOfPage\":{\"@id\":\"https:\\\/\\\/www.esplac.cat\\\/es\\\/placa-tecnic-dinformatic-a\\\/#primaryimage\"},\"image\":{\"@id\":\"https:\\\/\\\/www.esplac.cat\\\/es\\\/placa-tecnic-dinformatic-a\\\/#primaryimage\"},\"thumbnailUrl\":\"https:\\\/\\\/www.esplac.cat\\\/wp-content\\\/uploads\\\/2019\\\/12\\\/laboral-esplac-feina.jpg\",\"datePublished\":\"2019-12-20T11:28:23+00:00\",\"dateModified\":\"2020-10-15T16:23:06+00:00\",\"breadcrumb\":{\"@id\":\"https:\\\/\\\/www.esplac.cat\\\/es\\\/placa-tecnic-dinformatic-a\\\/#breadcrumb\"},\"inLanguage\":\"en-US\",\"potentialAction\":[{\"@type\":\"ReadAction\",\"target\":[\"https:\\\/\\\/www.esplac.cat\\\/es\\\/placa-tecnic-dinformatic-a\\\/\"]}]},{\"@type\":\"ImageObject\",\"inLanguage\":\"en-US\",\"@id\":\"https:\\\/\\\/www.esplac.cat\\\/es\\\/placa-tecnic-dinformatic-a\\\/#primaryimage\",\"url\":\"https:\\\/\\\/www.esplac.cat\\\/wp-content\\\/uploads\\\/2019\\\/12\\\/laboral-esplac-feina.jpg\",\"contentUrl\":\"https:\\\/\\\/www.esplac.cat\\\/wp-content\\\/uploads\\\/2019\\\/12\\\/laboral-esplac-feina.jpg\",\"width\":847,\"height\":350},{\"@type\":\"BreadcrumbList\",\"@id\":\"https:\\\/\\\/www.esplac.cat\\\/es\\\/placa-tecnic-dinformatic-a\\\/#breadcrumb\",\"itemListElement\":[{\"@type\":\"ListItem\",\"position\":1,\"name\":\"Inici\",\"item\":\"https:\\\/\\\/www.esplac.cat\\\/en\\\/\"},{\"@type\":\"ListItem\",\"position\":2,\"name\":\"Obrim una pla\u00e7a de t\u00e8cnic\\\/a d&#8217;inform\u00e0tica\"}]},{\"@type\":\"WebSite\",\"@id\":\"https:\\\/\\\/www.esplac.cat\\\/#website\",\"url\":\"https:\\\/\\\/www.esplac.cat\\\/\",\"name\":\"Esplac\",\"description\":\"Esplais Catalans\",\"publisher\":{\"@id\":\"https:\\\/\\\/www.esplac.cat\\\/#organization\"},\"potentialAction\":[{\"@type\":\"SearchAction\",\"target\":{\"@type\":\"EntryPoint\",\"urlTemplate\":\"https:\\\/\\\/www.esplac.cat\\\/?s={search_term_string}\"},\"query-input\":{\"@type\":\"PropertyValueSpecification\",\"valueRequired\":true,\"valueName\":\"search_term_string\"}}],\"inLanguage\":\"en-US\"},{\"@type\":\"Organization\",\"@id\":\"https:\\\/\\\/www.esplac.cat\\\/#organization\",\"name\":\"Esplac\",\"url\":\"https:\\\/\\\/www.esplac.cat\\\/\",\"logo\":{\"@type\":\"ImageObject\",\"inLanguage\":\"en-US\",\"@id\":\"https:\\\/\\\/www.esplac.cat\\\/#\\\/schema\\\/logo\\\/image\\\/\",\"url\":\"https:\\\/\\\/www.esplac.cat\\\/wp-content\\\/uploads\\\/2019\\\/08\\\/logox2.png\",\"contentUrl\":\"https:\\\/\\\/www.esplac.cat\\\/wp-content\\\/uploads\\\/2019\\\/08\\\/logox2.png\",\"width\":600,\"height\":295,\"caption\":\"Esplac\"},\"image\":{\"@id\":\"https:\\\/\\\/www.esplac.cat\\\/#\\\/schema\\\/logo\\\/image\\\/\"}},{\"@type\":\"Person\",\"@id\":\"https:\\\/\\\/www.esplac.cat\\\/#\\\/schema\\\/person\\\/908383cf240be18b68f8855d0583faca\",\"name\":\"Comunicaci\u00f3 Esplac\",\"image\":{\"@type\":\"ImageObject\",\"inLanguage\":\"en-US\",\"@id\":\"https:\\\/\\\/secure.gravatar.com\\\/avatar\\\/7a4cf8feb412a76ea4a740ca02d95b06b2907b5a6c648c2dd0a1082a093c3141?s=96&d=mm&r=g\",\"url\":\"https:\\\/\\\/secure.gravatar.com\\\/avatar\\\/7a4cf8feb412a76ea4a740ca02d95b06b2907b5a6c648c2dd0a1082a093c3141?s=96&d=mm&r=g\",\"contentUrl\":\"https:\\\/\\\/secure.gravatar.com\\\/avatar\\\/7a4cf8feb412a76ea4a740ca02d95b06b2907b5a6c648c2dd0a1082a093c3141?s=96&d=mm&r=g\",\"caption\":\"Comunicaci\u00f3 Esplac\"}}]}<\/script>\n<!-- \/ Yoast SEO plugin. -->","yoast_head_json":{"title":"Obrim una pla\u00e7a de t\u00e8cnic\/a d'inform\u00e0tica - Esplac","robots":{"index":"index","follow":"follow","max-snippet":"max-snippet:-1","max-image-preview":"max-image-preview:large","max-video-preview":"max-video-preview:-1"},"canonical":"https:\/\/www.esplac.cat\/es\/placa-tecnic-dinformatic-a\/","og_locale":"en_US","og_type":"article","og_title":"Obrim una pla\u00e7a de t\u00e8cnic\/a d'inform\u00e0tica - Esplac","og_description":"A Esplais Catalans busquem t\u00e8cnic\/a d&#8217;inform\u00e0tica. El termini de presentaci\u00f3 [&hellip;]","og_url":"https:\/\/www.esplac.cat\/es\/placa-tecnic-dinformatic-a\/","og_site_name":"Esplac","article_published_time":"2019-12-20T11:28:23+00:00","article_modified_time":"2020-10-15T16:23:06+00:00","og_image":[{"width":847,"height":350,"url":"https:\/\/www.esplac.cat\/wp-content\/uploads\/2019\/12\/laboral-esplac-feina.jpg","type":"image\/jpeg"}],"author":"Comunicaci\u00f3 Esplac","twitter_card":"summary_large_image","twitter_misc":{"Written by":"Comunicaci\u00f3 Esplac","Est. reading time":"2 minutes"},"schema":{"@context":"https:\/\/schema.org","@graph":[{"@type":"Article","@id":"https:\/\/www.esplac.cat\/es\/placa-tecnic-dinformatic-a\/#article","isPartOf":{"@id":"https:\/\/www.esplac.cat\/es\/placa-tecnic-dinformatic-a\/"},"author":{"name":"Comunicaci\u00f3 Esplac","@id":"https:\/\/www.esplac.cat\/#\/schema\/person\/908383cf240be18b68f8855d0583faca"},"headline":"Obrim una pla\u00e7a de t\u00e8cnic\/a d&#8217;inform\u00e0tica","datePublished":"2019-12-20T11:28:23+00:00","dateModified":"2020-10-15T16:23:06+00:00","mainEntityOfPage":{"@id":"https:\/\/www.esplac.cat\/es\/placa-tecnic-dinformatic-a\/"},"wordCount":435,"publisher":{"@id":"https:\/\/www.esplac.cat\/#organization"},"image":{"@id":"https:\/\/www.esplac.cat\/es\/placa-tecnic-dinformatic-a\/#primaryimage"},"thumbnailUrl":"https:\/\/www.esplac.cat\/wp-content\/uploads\/2019\/12\/laboral-esplac-feina.jpg","keywords":["feina","informatica","oferta laboral","t\u00e8cnic d'inform\u00e0tica"],"articleSection":["Secretaria T\u00e8cnica"],"inLanguage":"en-US"},{"@type":"WebPage","@id":"https:\/\/www.esplac.cat\/es\/placa-tecnic-dinformatic-a\/","url":"https:\/\/www.esplac.cat\/es\/placa-tecnic-dinformatic-a\/","name":"Obrim una pla\u00e7a de t\u00e8cnic\/a d'inform\u00e0tica - Esplac","isPartOf":{"@id":"https:\/\/www.esplac.cat\/#website"},"primaryImageOfPage":{"@id":"https:\/\/www.esplac.cat\/es\/placa-tecnic-dinformatic-a\/#primaryimage"},"image":{"@id":"https:\/\/www.esplac.cat\/es\/placa-tecnic-dinformatic-a\/#primaryimage"},"thumbnailUrl":"https:\/\/www.esplac.cat\/wp-content\/uploads\/2019\/12\/laboral-esplac-feina.jpg","datePublished":"2019-12-20T11:28:23+00:00","dateModified":"2020-10-15T16:23:06+00:00","breadcrumb":{"@id":"https:\/\/www.esplac.cat\/es\/placa-tecnic-dinformatic-a\/#breadcrumb"},"inLanguage":"en-US","potentialAction":[{"@type":"ReadAction","target":["https:\/\/www.esplac.cat\/es\/placa-tecnic-dinformatic-a\/"]}]},{"@type":"ImageObject","inLanguage":"en-US","@id":"https:\/\/www.esplac.cat\/es\/placa-tecnic-dinformatic-a\/#primaryimage","url":"https:\/\/www.esplac.cat\/wp-content\/uploads\/2019\/12\/laboral-esplac-feina.jpg","contentUrl":"https:\/\/www.esplac.cat\/wp-content\/uploads\/2019\/12\/laboral-esplac-feina.jpg","width":847,"height":350},{"@type":"BreadcrumbList","@id":"https:\/\/www.esplac.cat\/es\/placa-tecnic-dinformatic-a\/#breadcrumb","itemListElement":[{"@type":"ListItem","position":1,"name":"Inici","item":"https:\/\/www.esplac.cat\/en\/"},{"@type":"ListItem","position":2,"name":"Obrim una pla\u00e7a de t\u00e8cnic\/a d&#8217;inform\u00e0tica"}]},{"@type":"WebSite","@id":"https:\/\/www.esplac.cat\/#website","url":"https:\/\/www.esplac.cat\/","name":"Esplac","description":"Esplais Catalans","publisher":{"@id":"https:\/\/www.esplac.cat\/#organization"},"potentialAction":[{"@type":"SearchAction","target":{"@type":"EntryPoint","urlTemplate":"https:\/\/www.esplac.cat\/?s={search_term_string}"},"query-input":{"@type":"PropertyValueSpecification","valueRequired":true,"valueName":"search_term_string"}}],"inLanguage":"en-US"},{"@type":"Organization","@id":"https:\/\/www.esplac.cat\/#organization","name":"Esplac","url":"https:\/\/www.esplac.cat\/","logo":{"@type":"ImageObject","inLanguage":"en-US","@id":"https:\/\/www.esplac.cat\/#\/schema\/logo\/image\/","url":"https:\/\/www.esplac.cat\/wp-content\/uploads\/2019\/08\/logox2.png","contentUrl":"https:\/\/www.esplac.cat\/wp-content\/uploads\/2019\/08\/logox2.png","width":600,"height":295,"caption":"Esplac"},"image":{"@id":"https:\/\/www.esplac.cat\/#\/schema\/logo\/image\/"}},{"@type":"Person","@id":"https:\/\/www.esplac.cat\/#\/schema\/person\/908383cf240be18b68f8855d0583faca","name":"Comunicaci\u00f3 Esplac","image":{"@type":"ImageObject","inLanguage":"en-US","@id":"https:\/\/secure.gravatar.com\/avatar\/7a4cf8feb412a76ea4a740ca02d95b06b2907b5a6c648c2dd0a1082a093c3141?s=96&d=mm&r=g","url":"https:\/\/secure.gravatar.com\/avatar\/7a4cf8feb412a76ea4a740ca02d95b06b2907b5a6c648c2dd0a1082a093c3141?s=96&d=mm&r=g","contentUrl":"https:\/\/secure.gravatar.com\/avatar\/7a4cf8feb412a76ea4a740ca02d95b06b2907b5a6c648c2dd0a1082a093c3141?s=96&d=mm&r=g","caption":"Comunicaci\u00f3 Esplac"}}]}},"_links":{"self":[{"href":"https:\/\/www.esplac.cat\/en\/wp-json\/wp\/v2\/posts\/29732","targetHints":{"allow":["GET"]}}],"collection":[{"href":"https:\/\/www.esplac.cat\/en\/wp-json\/wp\/v2\/posts"}],"about":[{"href":"https:\/\/www.esplac.cat\/en\/wp-json\/wp\/v2\/types\/post"}],"author":[{"embeddable":true,"href":"https:\/\/www.esplac.cat\/en\/wp-json\/wp\/v2\/users\/3"}],"replies":[{"embeddable":true,"href":"https:\/\/www.esplac.cat\/en\/wp-json\/wp\/v2\/comments?post=29732"}],"version-history":[{"count":0,"href":"https:\/\/www.esplac.cat\/en\/wp-json\/wp\/v2\/posts\/29732\/revisions"}],"wp:featuredmedia":[{"embeddable":true,"href":"https:\/\/www.esplac.cat\/en\/wp-json\/wp\/v2\/media\/29736"}],"wp:attachment":[{"href":"https:\/\/www.esplac.cat\/en\/wp-json\/wp\/v2\/media?parent=29732"}],"wp:term":[{"taxonomy":"category","embeddable":true,"href":"https:\/\/www.esplac.cat\/en\/wp-json\/wp\/v2\/categories?post=29732"},{"taxonomy":"post_tag","embeddable":true,"href":"https:\/\/www.esplac.cat\/en\/wp-json\/wp\/v2\/tags?post=29732"}],"curies":[{"name":"wp","href":"https:\/\/api.w.org\/{rel}","templated":true}]}}