{"id":29948,"date":"2020-01-09T16:01:12","date_gmt":"2020-01-09T15:01:12","guid":{"rendered":"https:\/\/www.esplac.cat\/?p=29948"},"modified":"2021-01-19T10:08:45","modified_gmt":"2021-01-19T09:08:45","slug":"experiencia-canada","status":"publish","type":"post","link":"https:\/\/www.esplac.cat\/en\/experiencia-canada\/","title":{"rendered":"El grup d\u2019Esplac que va marxar a Canad\u00e0 torna ple d\u2019energies per continuar amb el seu projecte i ens explica la seva experi\u00e8ncia a Montreal!"},"content":{"rendered":"<div class=\"fusion-fullwidth fullwidth-box fusion-builder-row-1 nonhundred-percent-fullwidth non-hundred-percent-height-scrolling\" style=\"--awb-border-radius-top-left:0px;--awb-border-radius-top-right:0px;--awb-border-radius-bottom-right:0px;--awb-border-radius-bottom-left:0px;--awb-flex-wrap:wrap;\" ><div class=\"fusion-builder-row fusion-row\"><div class=\"fusion-layout-column fusion_builder_column fusion-builder-column-0 fusion_builder_column_1_1 1_1 fusion-one-full fusion-column-first fusion-column-last\" style=\"--awb-bg-size:cover;--awb-margin-bottom:0px;\"><div class=\"fusion-column-wrapper fusion-flex-column-wrapper-legacy\"><div class=\"fusion-text fusion-text-1\"><h4>Del 4 al 9 de novembre el grup d\u2019Esplac que participa al projecte \u201cAmplifying Voices\u201d va realitzar la seva estada a Montreal.<\/h4>\n<p><span style=\"font-weight: 400;\">La seva estada al Canad\u00e0 va consistir en una trobada de m\u00e9s de 130 joves de diferents<\/span> <span style=\"font-weight: 400;\">entitats de l\u2019IFM-SEI i del Canad\u00e0 durant 4 dies. Aquesta trobada es realitzava cada dia de 9h a 18h de la tarda en un espai autogestionat anomenat <a href=\"https:\/\/www.batiment7.org\/\">Batiment 7<\/a> <\/span><span style=\"font-weight: 400;\">\u00a0gestionat per un col\u00b7lectiu sense \u00e0nim de lucre que reuneix ciutadans\/es i col\u00b7lectius d\u2019economia social i solid\u00e0ria i col\u00b7lectius culturals. <\/span><\/p>\n<p><img decoding=\"async\" class=\"aligncenter wp-image-29949\" src=\"https:\/\/www.esplac.cat\/wp-content\/uploads\/2020\/01\/01.CA_.MTLGentrification.SavannahStewart-3_900_506_90-300x169.jpg\" alt=\"\" width=\"388\" height=\"219\" srcset=\"https:\/\/www.esplac.cat\/wp-content\/uploads\/2020\/01\/01.CA_.MTLGentrification.SavannahStewart-3_900_506_90-200x112.jpg 200w, https:\/\/www.esplac.cat\/wp-content\/uploads\/2020\/01\/01.CA_.MTLGentrification.SavannahStewart-3_900_506_90-300x169.jpg 300w, https:\/\/www.esplac.cat\/wp-content\/uploads\/2020\/01\/01.CA_.MTLGentrification.SavannahStewart-3_900_506_90-400x225.jpg 400w, https:\/\/www.esplac.cat\/wp-content\/uploads\/2020\/01\/01.CA_.MTLGentrification.SavannahStewart-3_900_506_90-600x337.jpg 600w, https:\/\/www.esplac.cat\/wp-content\/uploads\/2020\/01\/01.CA_.MTLGentrification.SavannahStewart-3_900_506_90-768x432.jpg 768w, https:\/\/www.esplac.cat\/wp-content\/uploads\/2020\/01\/01.CA_.MTLGentrification.SavannahStewart-3_900_506_90-800x450.jpg 800w, https:\/\/www.esplac.cat\/wp-content\/uploads\/2020\/01\/01.CA_.MTLGentrification.SavannahStewart-3_900_506_90.jpg 900w\" sizes=\"(max-width: 388px) 100vw, 388px\" \/><\/p>\n<p><span style=\"font-weight: 400;\">Durant aquests 4 dies, es van realitzar diverses activitats i formacions: jocs i din\u00e0miques de coneixen\u00e7a, normes de conviv\u00e8ncia inclusives, espais de meditaci\u00f3 (Mindfulness), i formacions com: <\/span><i><span style=\"font-weight: 400;\">Media training, Collective action planning, Anti-oppression and creating brave spaces, Formal and non-formal education&#8230;<\/span><\/i><\/p>\n\n\t\t<style type=\"text\/css\">\n\t\t\t#gallery-1 {\n\t\t\t\tmargin: auto;\n\t\t\t}\n\t\t\t#gallery-1 .gallery-item {\n\t\t\t\tfloat: left;\n\t\t\t\tmargin-top: 10px;\n\t\t\t\ttext-align: center;\n\t\t\t\twidth: 25%;\n\t\t\t}\n\t\t\t#gallery-1 img {\n\t\t\t\tborder: 2px solid #cfcfcf;\n\t\t\t}\n\t\t\t#gallery-1 .gallery-caption {\n\t\t\t\tmargin-left: 0;\n\t\t\t}\n\t\t\t\/* see gallery_shortcode() in wp-includes\/media.php *\/\n\t\t<\/style>\n\t\t<div id='gallery-1' class='gallery galleryid-29948 gallery-columns-4 gallery-size-medium'><dl class='gallery-item'>\n\t\t\t<dt class='gallery-icon landscape'>\n\t\t\t\t<a data-rel=\"iLightbox[postimages]\" data-title=\"unnamed (8)\" data-caption=\"\" href='https:\/\/www.esplac.cat\/en\/unnamed-8-2\/'><img decoding=\"async\" width=\"300\" height=\"200\" src=\"https:\/\/www.esplac.cat\/wp-content\/uploads\/2020\/01\/unnamed-8-300x200.png\" class=\"attachment-medium size-medium\" alt=\"\" srcset=\"https:\/\/www.esplac.cat\/wp-content\/uploads\/2020\/01\/unnamed-8-200x134.png 200w, https:\/\/www.esplac.cat\/wp-content\/uploads\/2020\/01\/unnamed-8-300x200.png 300w, https:\/\/www.esplac.cat\/wp-content\/uploads\/2020\/01\/unnamed-8-400x267.png 400w, https:\/\/www.esplac.cat\/wp-content\/uploads\/2020\/01\/unnamed-8.png 512w\" sizes=\"(max-width: 300px) 100vw, 300px\" \/><\/a>\n\t\t\t<\/dt><\/dl><dl class='gallery-item'>\n\t\t\t<dt class='gallery-icon landscape'>\n\t\t\t\t<a data-rel=\"iLightbox[postimages]\" data-title=\"unnamed (9)\" data-caption=\"\" href='https:\/\/www.esplac.cat\/en\/unnamed-9-2\/'><img decoding=\"async\" width=\"300\" height=\"200\" src=\"https:\/\/www.esplac.cat\/wp-content\/uploads\/2020\/01\/unnamed-9-300x200.png\" class=\"attachment-medium size-medium\" alt=\"\" srcset=\"https:\/\/www.esplac.cat\/wp-content\/uploads\/2020\/01\/unnamed-9-200x134.png 200w, https:\/\/www.esplac.cat\/wp-content\/uploads\/2020\/01\/unnamed-9-300x200.png 300w, https:\/\/www.esplac.cat\/wp-content\/uploads\/2020\/01\/unnamed-9-400x267.png 400w, https:\/\/www.esplac.cat\/wp-content\/uploads\/2020\/01\/unnamed-9.png 512w\" sizes=\"(max-width: 300px) 100vw, 300px\" \/><\/a>\n\t\t\t<\/dt><\/dl><dl class='gallery-item'>\n\t\t\t<dt class='gallery-icon landscape'>\n\t\t\t\t<a data-rel=\"iLightbox[postimages]\" data-title=\"unnamed (5)\" data-caption=\"\" href='https:\/\/www.esplac.cat\/en\/unnamed-5-2\/'><img decoding=\"async\" width=\"300\" height=\"200\" src=\"https:\/\/www.esplac.cat\/wp-content\/uploads\/2020\/01\/unnamed-5-300x200.png\" class=\"attachment-medium size-medium\" alt=\"\" srcset=\"https:\/\/www.esplac.cat\/wp-content\/uploads\/2020\/01\/unnamed-5-200x133.png 200w, https:\/\/www.esplac.cat\/wp-content\/uploads\/2020\/01\/unnamed-5-300x200.png 300w, https:\/\/www.esplac.cat\/wp-content\/uploads\/2020\/01\/unnamed-5-400x266.png 400w, https:\/\/www.esplac.cat\/wp-content\/uploads\/2020\/01\/unnamed-5.png 512w\" sizes=\"(max-width: 300px) 100vw, 300px\" \/><\/a>\n\t\t\t<\/dt><\/dl><dl class='gallery-item'>\n\t\t\t<dt class='gallery-icon landscape'>\n\t\t\t\t<a data-rel=\"iLightbox[postimages]\" data-title=\"pasted image 0 (1)\" data-caption=\"\" href='https:\/\/www.esplac.cat\/en\/pasted-image-0-1-2\/'><img decoding=\"async\" width=\"300\" height=\"200\" src=\"https:\/\/www.esplac.cat\/wp-content\/uploads\/2020\/01\/pasted-image-0-1-300x200.png\" class=\"attachment-medium size-medium\" alt=\"\" srcset=\"https:\/\/www.esplac.cat\/wp-content\/uploads\/2020\/01\/pasted-image-0-1-200x134.png 200w, https:\/\/www.esplac.cat\/wp-content\/uploads\/2020\/01\/pasted-image-0-1-300x200.png 300w, https:\/\/www.esplac.cat\/wp-content\/uploads\/2020\/01\/pasted-image-0-1-400x267.png 400w, https:\/\/www.esplac.cat\/wp-content\/uploads\/2020\/01\/pasted-image-0-1-600x401.png 600w, https:\/\/www.esplac.cat\/wp-content\/uploads\/2020\/01\/pasted-image-0-1.png 684w\" sizes=\"(max-width: 300px) 100vw, 300px\" \/><\/a>\n\t\t\t<\/dt><\/dl><br style=\"clear: both\" \/>\n\t\t<\/div>\n\n<p><span style=\"font-weight: 400;\">Tamb\u00e9 van tenir un espai on tots els grups participants de cada pa\u00eds feien una presentaci\u00f3\/<\/span><i><span style=\"font-weight: 400;\">perfomance<\/span><\/i><span style=\"font-weight: 400;\"> del projecte que duien a terme i posteriorment es donava feedback als projectes per poder-los ajudar a millorar. A m\u00e9s a m\u00e9s, el grup d\u2019Esplac ve tenir un espai durant una tarda per poder parlar sobre la situaci\u00f3 que estava vivint Catalunya a causa de la Sent\u00e8ncia del Proc\u00e9s.\u00a0<\/span><\/p>\n<p><img decoding=\"async\" class=\"aligncenter wp-image-29997\" src=\"https:\/\/www.esplac.cat\/wp-content\/uploads\/2020\/01\/bona-300x225.jpg\" alt=\"\" width=\"367\" height=\"275\" srcset=\"https:\/\/www.esplac.cat\/wp-content\/uploads\/2020\/01\/bona-200x150.jpg 200w, https:\/\/www.esplac.cat\/wp-content\/uploads\/2020\/01\/bona-300x225.jpg 300w, https:\/\/www.esplac.cat\/wp-content\/uploads\/2020\/01\/bona-400x300.jpg 400w, https:\/\/www.esplac.cat\/wp-content\/uploads\/2020\/01\/bona.jpg 512w\" sizes=\"(max-width: 367px) 100vw, 367px\" \/><\/p>\n<p><span style=\"font-weight: 400;\">Durant la setmana que va durar el projecte, quan sortien a les 18h aprofitaven per anar a visitar diferents barris de Montreal, sopar a algun lloc i aix\u00ed fer cohesi\u00f3 amb el grup. A m\u00e9s a m\u00e9s, el cap de setmana algunes van aprofitar per visitar <\/span><i><span style=\"font-weight: 400;\">Quebec city!<\/span><\/i><\/p>\n<p><img decoding=\"async\" class=\"aligncenter wp-image-29994\" src=\"https:\/\/www.esplac.cat\/wp-content\/uploads\/2020\/01\/unnamed-300x225.png\" alt=\"\" width=\"376\" height=\"282\" srcset=\"https:\/\/www.esplac.cat\/wp-content\/uploads\/2020\/01\/unnamed-200x150.png 200w, https:\/\/www.esplac.cat\/wp-content\/uploads\/2020\/01\/unnamed-300x225.png 300w, https:\/\/www.esplac.cat\/wp-content\/uploads\/2020\/01\/unnamed-400x300.png 400w, https:\/\/www.esplac.cat\/wp-content\/uploads\/2020\/01\/unnamed.png 512w\" sizes=\"(max-width: 376px) 100vw, 376px\" \/><\/p>\n<p><span style=\"font-weight: 400;\">L\u2019experi\u00e8ncia va ser d\u2019all\u00f2 m\u00e9s enriquidora, i despr\u00e9s de con\u00e8ixer els projectes dels altres pa\u00efsos i d\u2019haver fet formacions relacionades amb la creaci\u00f3 i ideaci\u00f3 de campanyes, el grup d\u2019Esplac torna amb moltes idees i ganes de continuar amb el seu projecte sobre<\/span><i><span style=\"font-weight: 400;\"> \u201cla consci\u00e8ncia de la petjada ecol\u00f2gica de les joves associades a l\u2019hora de viatjar\u201d <\/span><\/i><span style=\"font-weight: 400;\">per tal que pugui arribar a molta gent i esdevingui una eina \u00fatil pels esplais i per Esplac.<\/span><\/p>\n<p>&nbsp;<\/p>\n<p><em>Amb la col\u00b7laboraci\u00f3 de:<br \/>\n<img decoding=\"async\" class=\"alignleft wp-image-34361 \" src=\"https:\/\/www.esplac.cat\/wp-content\/uploads\/2021\/01\/accioexterior_h3-1.jpg\" alt=\"\" width=\"260\" height=\"37\" srcset=\"https:\/\/www.esplac.cat\/wp-content\/uploads\/2021\/01\/accioexterior_h3-1-200x29.jpg 200w, https:\/\/www.esplac.cat\/wp-content\/uploads\/2021\/01\/accioexterior_h3-1-300x43.jpg 300w, https:\/\/www.esplac.cat\/wp-content\/uploads\/2021\/01\/accioexterior_h3-1-400x57.jpg 400w, https:\/\/www.esplac.cat\/wp-content\/uploads\/2021\/01\/accioexterior_h3-1-600x86.jpg 600w, https:\/\/www.esplac.cat\/wp-content\/uploads\/2021\/01\/accioexterior_h3-1.jpg 728w\" sizes=\"(max-width: 260px) 100vw, 260px\" \/><br \/>\n<\/em><\/p>\n<\/div><div class=\"fusion-clearfix\"><\/div><\/div><\/div><\/div><\/div>\n","protected":false},"excerpt":{"rendered":"","protected":false},"author":3,"featured_media":30002,"comment_status":"closed","ping_status":"open","sticky":false,"template":"","format":"standard","meta":{"om_disable_all_campaigns":false,"_monsterinsights_skip_tracking":false,"_monsterinsights_sitenote_active":false,"_monsterinsights_sitenote_note":"","_monsterinsights_sitenote_category":0,"_uf_show_specific_survey":0,"_uf_disable_surveys":false,"footnotes":""},"categories":[1112],"tags":[1230,1231,1058,1002,1037],"class_list":["post-29948","post","type-post","status-publish","format-standard","has-post-thumbnail","hentry","category-esplac-al-mon","tag-amplifying-voices","tag-batiment-7","tag-canada","tag-educacio-popular","tag-esplacalmon"],"yoast_head":"<!-- This site is optimized with the Yoast SEO plugin v27.4 - https:\/\/yoast.com\/product\/yoast-seo-wordpress\/ -->\n<title>El grup d\u2019Esplac que va marxar a Canad\u00e0 torna ple d\u2019energies per continuar amb el seu projecte i ens explica la seva experi\u00e8ncia a Montreal! - Esplac<\/title>\n<meta name=\"robots\" content=\"index, follow, max-snippet:-1, max-image-preview:large, max-video-preview:-1\" \/>\n<link rel=\"canonical\" href=\"https:\/\/www.esplac.cat\/experiencia-canada\/\" \/>\n<meta property=\"og:locale\" content=\"en_US\" \/>\n<meta property=\"og:type\" content=\"article\" \/>\n<meta property=\"og:title\" content=\"El grup d\u2019Esplac que va marxar a Canad\u00e0 torna ple d\u2019energies per continuar amb el seu projecte i ens explica la seva experi\u00e8ncia a Montreal! - Esplac\" \/>\n<meta property=\"og:url\" content=\"https:\/\/www.esplac.cat\/experiencia-canada\/\" \/>\n<meta property=\"og:site_name\" content=\"Esplac\" \/>\n<meta property=\"article:published_time\" content=\"2020-01-09T15:01:12+00:00\" \/>\n<meta property=\"article:modified_time\" content=\"2021-01-19T09:08:45+00:00\" \/>\n<meta property=\"og:image\" content=\"https:\/\/www.esplac.cat\/wp-content\/uploads\/2020\/01\/portada-canada.jpg\" \/>\n\t<meta property=\"og:image:width\" content=\"847\" \/>\n\t<meta property=\"og:image:height\" content=\"350\" \/>\n\t<meta property=\"og:image:type\" content=\"image\/jpeg\" \/>\n<meta name=\"author\" content=\"Comunicaci\u00f3 Esplac\" \/>\n<meta name=\"twitter:card\" content=\"summary_large_image\" \/>\n<meta name=\"twitter:label1\" content=\"Written by\" \/>\n\t<meta name=\"twitter:data1\" content=\"Comunicaci\u00f3 Esplac\" \/>\n\t<meta name=\"twitter:label2\" content=\"Est. reading time\" \/>\n\t<meta name=\"twitter:data2\" content=\"3 minutes\" \/>\n<script type=\"application\/ld+json\" class=\"yoast-schema-graph\">{\"@context\":\"https:\\\/\\\/schema.org\",\"@graph\":[{\"@type\":\"Article\",\"@id\":\"https:\\\/\\\/www.esplac.cat\\\/experiencia-canada\\\/#article\",\"isPartOf\":{\"@id\":\"https:\\\/\\\/www.esplac.cat\\\/experiencia-canada\\\/\"},\"author\":{\"name\":\"Comunicaci\u00f3 Esplac\",\"@id\":\"https:\\\/\\\/www.esplac.cat\\\/#\\\/schema\\\/person\\\/908383cf240be18b68f8855d0583faca\"},\"headline\":\"El grup d\u2019Esplac que va marxar a Canad\u00e0 torna ple d\u2019energies per continuar amb el seu projecte i ens explica la seva experi\u00e8ncia a Montreal!\",\"datePublished\":\"2020-01-09T15:01:12+00:00\",\"dateModified\":\"2021-01-19T09:08:45+00:00\",\"mainEntityOfPage\":{\"@id\":\"https:\\\/\\\/www.esplac.cat\\\/experiencia-canada\\\/\"},\"wordCount\":544,\"publisher\":{\"@id\":\"https:\\\/\\\/www.esplac.cat\\\/#organization\"},\"image\":{\"@id\":\"https:\\\/\\\/www.esplac.cat\\\/experiencia-canada\\\/#primaryimage\"},\"thumbnailUrl\":\"https:\\\/\\\/www.esplac.cat\\\/wp-content\\\/uploads\\\/2020\\\/01\\\/portada-canada.jpg\",\"keywords\":[\"Amplifying Voices\",\"Batiment 7\",\"Canad\u00e0\",\"educaci\u00f3 popular\",\"EsplacAlM\u00f3n\"],\"articleSection\":[\"Esplac al m\u00f3n\"],\"inLanguage\":\"en-US\"},{\"@type\":\"WebPage\",\"@id\":\"https:\\\/\\\/www.esplac.cat\\\/experiencia-canada\\\/\",\"url\":\"https:\\\/\\\/www.esplac.cat\\\/experiencia-canada\\\/\",\"name\":\"El grup d\u2019Esplac que va marxar a Canad\u00e0 torna ple d\u2019energies per continuar amb el seu projecte i ens explica la seva experi\u00e8ncia a Montreal! - Esplac\",\"isPartOf\":{\"@id\":\"https:\\\/\\\/www.esplac.cat\\\/#website\"},\"primaryImageOfPage\":{\"@id\":\"https:\\\/\\\/www.esplac.cat\\\/experiencia-canada\\\/#primaryimage\"},\"image\":{\"@id\":\"https:\\\/\\\/www.esplac.cat\\\/experiencia-canada\\\/#primaryimage\"},\"thumbnailUrl\":\"https:\\\/\\\/www.esplac.cat\\\/wp-content\\\/uploads\\\/2020\\\/01\\\/portada-canada.jpg\",\"datePublished\":\"2020-01-09T15:01:12+00:00\",\"dateModified\":\"2021-01-19T09:08:45+00:00\",\"breadcrumb\":{\"@id\":\"https:\\\/\\\/www.esplac.cat\\\/experiencia-canada\\\/#breadcrumb\"},\"inLanguage\":\"en-US\",\"potentialAction\":[{\"@type\":\"ReadAction\",\"target\":[\"https:\\\/\\\/www.esplac.cat\\\/experiencia-canada\\\/\"]}]},{\"@type\":\"ImageObject\",\"inLanguage\":\"en-US\",\"@id\":\"https:\\\/\\\/www.esplac.cat\\\/experiencia-canada\\\/#primaryimage\",\"url\":\"https:\\\/\\\/www.esplac.cat\\\/wp-content\\\/uploads\\\/2020\\\/01\\\/portada-canada.jpg\",\"contentUrl\":\"https:\\\/\\\/www.esplac.cat\\\/wp-content\\\/uploads\\\/2020\\\/01\\\/portada-canada.jpg\",\"width\":847,\"height\":350},{\"@type\":\"BreadcrumbList\",\"@id\":\"https:\\\/\\\/www.esplac.cat\\\/experiencia-canada\\\/#breadcrumb\",\"itemListElement\":[{\"@type\":\"ListItem\",\"position\":1,\"name\":\"Inici\",\"item\":\"https:\\\/\\\/www.esplac.cat\\\/en\\\/\"},{\"@type\":\"ListItem\",\"position\":2,\"name\":\"El grup d\u2019Esplac que va marxar a Canad\u00e0 torna ple d\u2019energies per continuar amb el seu projecte i ens explica la seva experi\u00e8ncia a Montreal!\"}]},{\"@type\":\"WebSite\",\"@id\":\"https:\\\/\\\/www.esplac.cat\\\/#website\",\"url\":\"https:\\\/\\\/www.esplac.cat\\\/\",\"name\":\"Esplac\",\"description\":\"Esplais Catalans\",\"publisher\":{\"@id\":\"https:\\\/\\\/www.esplac.cat\\\/#organization\"},\"potentialAction\":[{\"@type\":\"SearchAction\",\"target\":{\"@type\":\"EntryPoint\",\"urlTemplate\":\"https:\\\/\\\/www.esplac.cat\\\/?s={search_term_string}\"},\"query-input\":{\"@type\":\"PropertyValueSpecification\",\"valueRequired\":true,\"valueName\":\"search_term_string\"}}],\"inLanguage\":\"en-US\"},{\"@type\":\"Organization\",\"@id\":\"https:\\\/\\\/www.esplac.cat\\\/#organization\",\"name\":\"Esplac\",\"url\":\"https:\\\/\\\/www.esplac.cat\\\/\",\"logo\":{\"@type\":\"ImageObject\",\"inLanguage\":\"en-US\",\"@id\":\"https:\\\/\\\/www.esplac.cat\\\/#\\\/schema\\\/logo\\\/image\\\/\",\"url\":\"https:\\\/\\\/www.esplac.cat\\\/wp-content\\\/uploads\\\/2019\\\/08\\\/logox2.png\",\"contentUrl\":\"https:\\\/\\\/www.esplac.cat\\\/wp-content\\\/uploads\\\/2019\\\/08\\\/logox2.png\",\"width\":600,\"height\":295,\"caption\":\"Esplac\"},\"image\":{\"@id\":\"https:\\\/\\\/www.esplac.cat\\\/#\\\/schema\\\/logo\\\/image\\\/\"}},{\"@type\":\"Person\",\"@id\":\"https:\\\/\\\/www.esplac.cat\\\/#\\\/schema\\\/person\\\/908383cf240be18b68f8855d0583faca\",\"name\":\"Comunicaci\u00f3 Esplac\",\"image\":{\"@type\":\"ImageObject\",\"inLanguage\":\"en-US\",\"@id\":\"https:\\\/\\\/secure.gravatar.com\\\/avatar\\\/7a4cf8feb412a76ea4a740ca02d95b06b2907b5a6c648c2dd0a1082a093c3141?s=96&d=mm&r=g\",\"url\":\"https:\\\/\\\/secure.gravatar.com\\\/avatar\\\/7a4cf8feb412a76ea4a740ca02d95b06b2907b5a6c648c2dd0a1082a093c3141?s=96&d=mm&r=g\",\"contentUrl\":\"https:\\\/\\\/secure.gravatar.com\\\/avatar\\\/7a4cf8feb412a76ea4a740ca02d95b06b2907b5a6c648c2dd0a1082a093c3141?s=96&d=mm&r=g\",\"caption\":\"Comunicaci\u00f3 Esplac\"}}]}<\/script>\n<!-- \/ Yoast SEO plugin. -->","yoast_head_json":{"title":"El grup d\u2019Esplac que va marxar a Canad\u00e0 torna ple d\u2019energies per continuar amb el seu projecte i ens explica la seva experi\u00e8ncia a Montreal! - Esplac","robots":{"index":"index","follow":"follow","max-snippet":"max-snippet:-1","max-image-preview":"max-image-preview:large","max-video-preview":"max-video-preview:-1"},"canonical":"https:\/\/www.esplac.cat\/experiencia-canada\/","og_locale":"en_US","og_type":"article","og_title":"El grup d\u2019Esplac que va marxar a Canad\u00e0 torna ple d\u2019energies per continuar amb el seu projecte i ens explica la seva experi\u00e8ncia a Montreal! - Esplac","og_url":"https:\/\/www.esplac.cat\/experiencia-canada\/","og_site_name":"Esplac","article_published_time":"2020-01-09T15:01:12+00:00","article_modified_time":"2021-01-19T09:08:45+00:00","og_image":[{"width":847,"height":350,"url":"https:\/\/www.esplac.cat\/wp-content\/uploads\/2020\/01\/portada-canada.jpg","type":"image\/jpeg"}],"author":"Comunicaci\u00f3 Esplac","twitter_card":"summary_large_image","twitter_misc":{"Written by":"Comunicaci\u00f3 Esplac","Est. reading time":"3 minutes"},"schema":{"@context":"https:\/\/schema.org","@graph":[{"@type":"Article","@id":"https:\/\/www.esplac.cat\/experiencia-canada\/#article","isPartOf":{"@id":"https:\/\/www.esplac.cat\/experiencia-canada\/"},"author":{"name":"Comunicaci\u00f3 Esplac","@id":"https:\/\/www.esplac.cat\/#\/schema\/person\/908383cf240be18b68f8855d0583faca"},"headline":"El grup d\u2019Esplac que va marxar a Canad\u00e0 torna ple d\u2019energies per continuar amb el seu projecte i ens explica la seva experi\u00e8ncia a Montreal!","datePublished":"2020-01-09T15:01:12+00:00","dateModified":"2021-01-19T09:08:45+00:00","mainEntityOfPage":{"@id":"https:\/\/www.esplac.cat\/experiencia-canada\/"},"wordCount":544,"publisher":{"@id":"https:\/\/www.esplac.cat\/#organization"},"image":{"@id":"https:\/\/www.esplac.cat\/experiencia-canada\/#primaryimage"},"thumbnailUrl":"https:\/\/www.esplac.cat\/wp-content\/uploads\/2020\/01\/portada-canada.jpg","keywords":["Amplifying Voices","Batiment 7","Canad\u00e0","educaci\u00f3 popular","EsplacAlM\u00f3n"],"articleSection":["Esplac al m\u00f3n"],"inLanguage":"en-US"},{"@type":"WebPage","@id":"https:\/\/www.esplac.cat\/experiencia-canada\/","url":"https:\/\/www.esplac.cat\/experiencia-canada\/","name":"El grup d\u2019Esplac que va marxar a Canad\u00e0 torna ple d\u2019energies per continuar amb el seu projecte i ens explica la seva experi\u00e8ncia a Montreal! - Esplac","isPartOf":{"@id":"https:\/\/www.esplac.cat\/#website"},"primaryImageOfPage":{"@id":"https:\/\/www.esplac.cat\/experiencia-canada\/#primaryimage"},"image":{"@id":"https:\/\/www.esplac.cat\/experiencia-canada\/#primaryimage"},"thumbnailUrl":"https:\/\/www.esplac.cat\/wp-content\/uploads\/2020\/01\/portada-canada.jpg","datePublished":"2020-01-09T15:01:12+00:00","dateModified":"2021-01-19T09:08:45+00:00","breadcrumb":{"@id":"https:\/\/www.esplac.cat\/experiencia-canada\/#breadcrumb"},"inLanguage":"en-US","potentialAction":[{"@type":"ReadAction","target":["https:\/\/www.esplac.cat\/experiencia-canada\/"]}]},{"@type":"ImageObject","inLanguage":"en-US","@id":"https:\/\/www.esplac.cat\/experiencia-canada\/#primaryimage","url":"https:\/\/www.esplac.cat\/wp-content\/uploads\/2020\/01\/portada-canada.jpg","contentUrl":"https:\/\/www.esplac.cat\/wp-content\/uploads\/2020\/01\/portada-canada.jpg","width":847,"height":350},{"@type":"BreadcrumbList","@id":"https:\/\/www.esplac.cat\/experiencia-canada\/#breadcrumb","itemListElement":[{"@type":"ListItem","position":1,"name":"Inici","item":"https:\/\/www.esplac.cat\/en\/"},{"@type":"ListItem","position":2,"name":"El grup d\u2019Esplac que va marxar a Canad\u00e0 torna ple d\u2019energies per continuar amb el seu projecte i ens explica la seva experi\u00e8ncia a Montreal!"}]},{"@type":"WebSite","@id":"https:\/\/www.esplac.cat\/#website","url":"https:\/\/www.esplac.cat\/","name":"Esplac","description":"Esplais Catalans","publisher":{"@id":"https:\/\/www.esplac.cat\/#organization"},"potentialAction":[{"@type":"SearchAction","target":{"@type":"EntryPoint","urlTemplate":"https:\/\/www.esplac.cat\/?s={search_term_string}"},"query-input":{"@type":"PropertyValueSpecification","valueRequired":true,"valueName":"search_term_string"}}],"inLanguage":"en-US"},{"@type":"Organization","@id":"https:\/\/www.esplac.cat\/#organization","name":"Esplac","url":"https:\/\/www.esplac.cat\/","logo":{"@type":"ImageObject","inLanguage":"en-US","@id":"https:\/\/www.esplac.cat\/#\/schema\/logo\/image\/","url":"https:\/\/www.esplac.cat\/wp-content\/uploads\/2019\/08\/logox2.png","contentUrl":"https:\/\/www.esplac.cat\/wp-content\/uploads\/2019\/08\/logox2.png","width":600,"height":295,"caption":"Esplac"},"image":{"@id":"https:\/\/www.esplac.cat\/#\/schema\/logo\/image\/"}},{"@type":"Person","@id":"https:\/\/www.esplac.cat\/#\/schema\/person\/908383cf240be18b68f8855d0583faca","name":"Comunicaci\u00f3 Esplac","image":{"@type":"ImageObject","inLanguage":"en-US","@id":"https:\/\/secure.gravatar.com\/avatar\/7a4cf8feb412a76ea4a740ca02d95b06b2907b5a6c648c2dd0a1082a093c3141?s=96&d=mm&r=g","url":"https:\/\/secure.gravatar.com\/avatar\/7a4cf8feb412a76ea4a740ca02d95b06b2907b5a6c648c2dd0a1082a093c3141?s=96&d=mm&r=g","contentUrl":"https:\/\/secure.gravatar.com\/avatar\/7a4cf8feb412a76ea4a740ca02d95b06b2907b5a6c648c2dd0a1082a093c3141?s=96&d=mm&r=g","caption":"Comunicaci\u00f3 Esplac"}}]}},"_links":{"self":[{"href":"https:\/\/www.esplac.cat\/en\/wp-json\/wp\/v2\/posts\/29948","targetHints":{"allow":["GET"]}}],"collection":[{"href":"https:\/\/www.esplac.cat\/en\/wp-json\/wp\/v2\/posts"}],"about":[{"href":"https:\/\/www.esplac.cat\/en\/wp-json\/wp\/v2\/types\/post"}],"author":[{"embeddable":true,"href":"https:\/\/www.esplac.cat\/en\/wp-json\/wp\/v2\/users\/3"}],"replies":[{"embeddable":true,"href":"https:\/\/www.esplac.cat\/en\/wp-json\/wp\/v2\/comments?post=29948"}],"version-history":[{"count":0,"href":"https:\/\/www.esplac.cat\/en\/wp-json\/wp\/v2\/posts\/29948\/revisions"}],"wp:featuredmedia":[{"embeddable":true,"href":"https:\/\/www.esplac.cat\/en\/wp-json\/wp\/v2\/media\/30002"}],"wp:attachment":[{"href":"https:\/\/www.esplac.cat\/en\/wp-json\/wp\/v2\/media?parent=29948"}],"wp:term":[{"taxonomy":"category","embeddable":true,"href":"https:\/\/www.esplac.cat\/en\/wp-json\/wp\/v2\/categories?post=29948"},{"taxonomy":"post_tag","embeddable":true,"href":"https:\/\/www.esplac.cat\/en\/wp-json\/wp\/v2\/tags?post=29948"}],"curies":[{"name":"wp","href":"https:\/\/api.w.org\/{rel}","templated":true}]}}