{"id":30007,"date":"2020-01-24T13:23:09","date_gmt":"2020-01-24T12:23:09","guid":{"rendered":"https:\/\/www.esplac.cat\/?p=30007"},"modified":"2020-10-15T17:23:03","modified_gmt":"2020-10-15T16:23:03","slug":"qui-es-qui-equico","status":"publish","type":"post","link":"https:\/\/www.esplac.cat\/en\/qui-es-qui-equico\/","title":{"rendered":"QUI \u00e9s QUI a l&#8217;Equip de Coordinaci\u00f3 (Equico)?"},"content":{"rendered":"<p><div class=\"fusion-fullwidth fullwidth-box fusion-builder-row-1 nonhundred-percent-fullwidth non-hundred-percent-height-scrolling\" style=\"--awb-border-radius-top-left:0px;--awb-border-radius-top-right:0px;--awb-border-radius-bottom-right:0px;--awb-border-radius-bottom-left:0px;--awb-flex-wrap:wrap;\" ><div class=\"fusion-builder-row fusion-row\"><div class=\"fusion-layout-column fusion_builder_column fusion-builder-column-0 fusion_builder_column_1_1 1_1 fusion-one-full fusion-column-first fusion-column-last\" style=\"--awb-bg-size:cover;--awb-margin-bottom:0px;\"><div class=\"fusion-column-wrapper fusion-flex-column-wrapper-legacy\"><div class=\"fusion-text fusion-text-1\"><h4 data-fontsize=\"17\" data-lineheight=\"22\">A l&#8217;AGO d&#8217;aquest passat novembre els esplais van escollir les noves membres de l&#8217;Equico d&#8217;aquest curs! Aqu\u00ed les podeu con\u00e8ixer millor i veure de quins projectes s&#8217;encarreguen!<\/h4>\n<p><img decoding=\"async\" class=\"aligncenter wp-image-30508 size-full\" src=\"https:\/\/www.esplac.cat\/wp-content\/uploads\/2020\/01\/equicos_carrecs.png\" alt=\"\" width=\"2000\" height=\"2257\" srcset=\"https:\/\/www.esplac.cat\/wp-content\/uploads\/2020\/01\/equicos_carrecs-200x226.png 200w, https:\/\/www.esplac.cat\/wp-content\/uploads\/2020\/01\/equicos_carrecs-266x300.png 266w, https:\/\/www.esplac.cat\/wp-content\/uploads\/2020\/01\/equicos_carrecs-400x451.png 400w, https:\/\/www.esplac.cat\/wp-content\/uploads\/2020\/01\/equicos_carrecs-600x677.png 600w, https:\/\/www.esplac.cat\/wp-content\/uploads\/2020\/01\/equicos_carrecs-768x867.png 768w, https:\/\/www.esplac.cat\/wp-content\/uploads\/2020\/01\/equicos_carrecs-800x903.png 800w, https:\/\/www.esplac.cat\/wp-content\/uploads\/2020\/01\/equicos_carrecs-907x1024.png 907w, https:\/\/www.esplac.cat\/wp-content\/uploads\/2020\/01\/equicos_carrecs-1200x1354.png 1200w, https:\/\/www.esplac.cat\/wp-content\/uploads\/2020\/01\/equicos_carrecs-1361x1536.png 1361w, https:\/\/www.esplac.cat\/wp-content\/uploads\/2020\/01\/equicos_carrecs-1815x2048.png 1815w, https:\/\/www.esplac.cat\/wp-content\/uploads\/2020\/01\/equicos_carrecs.png 2000w\" sizes=\"(max-width: 2000px) 100vw, 2000px\" \/><\/p>\n<p>La presidenta d&#8217;Esplac \u00e9s la <strong>Caterina Pedregal<\/strong>. T\u00e9 30 anys i \u00e9s de l&#8217;esplai <strong>Peti ki Peti<\/strong> (Baix Llobregat). La Kate (podeu dir-li aix\u00ed) ser\u00e0 aquest curs referent del Sector <a href=\"https:\/\/www.esplac.cat\/sectors-geografics\/maresme\/\"><span style=\"color: #ff9900;\"><strong>Maresme<\/strong><\/span><\/a> i del <a href=\"https:\/\/www.esplac.cat\/sectors-geografics\/valles-oriental\/\"><span style=\"color: #ff9900;\"><strong>Vall\u00e8s Oriental<\/strong><\/span><\/a>, de la comissi\u00f3 <a href=\"https:\/\/www.esplac.cat\/comissions\/genere\/\"><strong><span style=\"color: #ff9900;\">GSDD<\/span><\/strong><\/a>, i dels projectes de <span style=\"color: #ff9900;\"><a style=\"color: #ff9900;\" href=\"https:\/\/www.esplac.cat\/projectes\/protocol-violencia-abus\/\"><strong>Protocol contra agressions<\/strong><\/a><\/span> i de <span style=\"color: #ff9900;\"><a style=\"color: #ff9900;\" href=\"https:\/\/www.esplac.cat\/projectes\/pla-participacio\/\"><strong>Pla de Participaci\u00f3<\/strong><\/a><\/span>! Tamb\u00e9 ser\u00e0 la nostra representant al <span style=\"color: #ff9900;\"><a style=\"color: #ff9900;\" href=\"https:\/\/www.cnjc.cat\/ca\"><strong>CNJC<\/strong><\/a><\/span> i a la <a href=\"http:\/\/www.tiac.cat\"><strong><span style=\"color: #ff9900;\">TIAC<\/span><\/strong><\/a>. Totes tenim les nostres rareses, i en cas de la Kate, hem descobert un secret que pot fer patir a m\u00e9s d&#8217;una. Sht! No li digueu a ning\u00fa&#8230;per\u00f2 li agrada la pizza amb pinya!<\/p>\n<p>A la vice-presid\u00e8ncia tenim en <strong>Pau Campderr\u00f3s,<\/strong> 26 anys, de l&#8217;esplai <strong>Totikap <\/strong>(Barcelona). \u00c9s el referent del Sector <span style=\"color: #ff9900;\"><a style=\"color: #ff9900;\" href=\"https:\/\/www.esplac.cat\/sectors-geografics\/barcelones-nord\/\"><strong>Barcelon\u00e8s-Nord<\/strong><\/a><\/span> i dels Sector <a href=\"https:\/\/www.esplac.cat\/sectors-geografics\/ripolles-osona-i-moianes\/\"><span style=\"color: #ff9900;\"><strong>Ripoll\u00e8s, Osona i Moian\u00e8s<\/strong><\/span><\/a>, i alhora coordina el projecte d&#8217;<span style=\"color: #ff9900;\"><a style=\"color: #ff9900;\" href=\"https:\/\/www.esplac.cat\/projectes\/inclusio-diversitat\/\"><strong>Inclusi\u00f3 i Diversitat<\/strong><\/a><\/span>, l&#8217;<span style=\"color: #ff9900;\"><a style=\"color: #ff9900;\" href=\"https:\/\/www.esplac.cat\/formacions\/escola-desplac\/\"><strong>Escola d&#8217;Esplac<\/strong><\/a><\/span> i el <span style=\"color: #ff9900;\"><a style=\"color: #ff9900;\" href=\"https:\/\/www.somesplai.cat\/\"><strong>Som Esplai<\/strong><\/a><\/span>. A m\u00e9s a m\u00e9s, es responsabilitzar\u00e0 del nou grup d&#8217;<strong>Incid\u00e8ncia pol\u00edtica<\/strong>, i ser\u00e0 el nostre contacte amb la <strong>TIAC<\/strong> (juntament amb la Kate). Si mai voleu anar a veure un musical, demaneu-li quin us recomana&#8230;perqu\u00e8 li encanten! El que m\u00e9s: Mary Poppins.<\/p>\n<p>La <strong>Irene Nadal<\/strong> \u00e9s la secret\u00e0ria. T\u00e9 28 anys i \u00e9s de l&#8217;esplai <strong>Guai!<\/strong> (Vall\u00e8s Oriental). La Irene \u00e9s la referent del Sector <span style=\"color: #ff9900;\"><a style=\"color: #ff9900;\" href=\"https:\/\/www.esplac.cat\/sectors-geografics\/bages-bergueda\/\"><strong>Bages i Bergued\u00e0<\/strong><\/a><\/span> i del Sector <span style=\"color: #ff9900;\"><a style=\"color: #ff9900;\" href=\"https:\/\/www.esplac.cat\/sectors-geografics\/valles-occidental\/\"><strong>Vall\u00e8s Occidental<\/strong><\/a><\/span>. Tamb\u00e9 participa de la comissi\u00f3 <span style=\"color: #ff9900;\"><a style=\"color: #ff9900;\" href=\"https:\/\/www.esplac.cat\/comissions\/reduint-petjada\/\"><strong>Reduint Petjada<\/strong><\/a><\/span>, de l&#8217;\u00e0rea d&#8217;<strong>inform\u00e0tica<\/strong> i del projecte d&#8217;<span style=\"color: #ff9900;\"><a style=\"color: #ff9900;\" href=\"https:\/\/www.esplac.cat\/projectes\/infancia-esplaiada\/\"><strong>Inf\u00e0ncia<\/strong><\/a><\/span>. Amb la Kate, representa Esplac al <strong>CNJC<\/strong> i s&#8217;encarrega de la relaci\u00f3 amb <a href=\"https:\/\/incoop.cat\/\"><strong><span style=\"color: #ff9900;\">INCOOP<\/span><\/strong><\/a>. Era la monitora perfecta pels campaments: no nom\u00e9s no li fa f\u00e0stic, sin\u00f3 que li agrada (li genera plaer!) treure els polls del cap de les altres persones!<\/p>\n<p>A la tresoreria tenim la <strong>Carmen Alonso-Villaverde<\/strong>, 26 anys, de l&#8217;esplai <strong>Sarau<\/strong> (Vall\u00e8s Occidental). La Carmen \u00e9s la referent del Sector <a href=\"https:\/\/www.esplac.cat\/sectors-geografics\/barcelona\/\"><span style=\"color: #ff9900;\"><strong>Barcelona<\/strong><\/span><\/a> i del Sector <a href=\"https:\/\/www.esplac.cat\/sectors-geografics\/penedes-garraf-i-anoia\/\"><span style=\"color: #ff9900;\"><strong>Pened\u00e8s, Garraf i Anoia<\/strong><\/span><\/a>. Tamb\u00e9 s&#8217;encarrega del <strong>Grup de Coordinaci\u00f3 Internacional<\/strong>, de l&#8217;\u00e0rea de <strong>comunicaci\u00f3<\/strong> i del projecte de <a href=\"https:\/\/www.esplac.cat\/projectes\/linies-pedagogiques\/\"><span style=\"color: #ff9900;\"><strong>L\u00ednies Pedag\u00f2giques<\/strong><\/span><\/a>. Es responsabilitzar\u00e0, juntament amb en Pau, del nou grup d&#8217;<strong>Incid\u00e8ncia Pol\u00edtica<\/strong>, i ser\u00e0 l&#8217;encarregada de la <strong>Gesti\u00f3 de Recursos<\/strong> i de la relaci\u00f3 d&#8217;Esplac amb la <a href=\"http:\/\/focir.cat\/\"><span style=\"color: #ff9900;\"><strong>FOCIR<\/strong><\/span><\/a>. I s\u00ed, us vol confessar que a ella&#8230;tamb\u00e9 li agrada la pizza amb pinya!!! (Qu\u00e8 li passa a aquest Equip de Coordinaci\u00f3 a la llengua?)<\/p>\n<p>I, per \u00faltim, com a Secretari General tenim en <strong>Xavier Planas<\/strong>, 30 anys, del <strong>Movi de Sarri\u00e0<\/strong> (Barcelona). En Xavi \u00e9s referent dels sectors <span style=\"color: #ff9900;\"><a style=\"color: #ff9900;\" href=\"https:\/\/www.esplac.cat\/sectors-geografics\/camp-de-tarragona\/\"><strong>Camp de Tarragona<\/strong><\/a><\/span>, <a href=\"https:\/\/www.esplac.cat\/sectors-geografics\/baix-llobregat\/\"><span style=\"color: #ff9900;\"><strong>Baix Llobregat<\/strong> <\/span><\/a>i <strong><span style=\"color: #ff9900;\"><a style=\"color: #ff9900;\" href=\"https:\/\/www.esplac.cat\/sectors-geografics\/girona\/\">Girona<\/a><\/span>,<\/strong> aix\u00ed com tamb\u00e9 del <strong>Pla de Formaci\u00f3<\/strong>. \u00c9s el contacte de l&#8217;Equico amb l&#8217;<a href=\"http:\/\/www.escolaelsol.org\/es\/index.htm\"><span style=\"color: #ff9900;\"><strong>Escola Lliure el Sol<\/strong><\/span><\/a>, i coordina les reunions de <strong>CT<\/strong> (Coordinaci\u00f3 Territorial). El seu secret confessable \u00e9s que, com a m\u00ednim una vegada a l&#8217;any, li agrada llegir-se de nou tots els llibres de Harry Potter!<\/p>\n<p>Qu\u00e8 us penseu, que aquest equip\u00e0s coordina l&#8217;entitat tot solet? En absolut! Esplac tamb\u00e9 compta amb les figures de les <strong>Representants de Comissi\u00f3<\/strong> i amb els <strong>Equips Generals dels Sectors<\/strong>. Les primeres, com el seu nom indica, son portaveus i representants de les de les opinions preses i les l\u00ednies marcades en cada <a href=\"https:\/\/www.esplac.cat\/comissions\/\"><span style=\"color: #ff9900;\">comissi\u00f3<\/span><\/a>. Els Equips Generals dels Sectors estan formats per les persones que coordinen l\u2019acci\u00f3 dels sectors geogr\u00e0fics amb unes funcions semblants a l\u2019Equip de Coordinaci\u00f3, per\u00f2 en l\u2019\u00e0mbit del sector geogr\u00e0fic. <span style=\"color: #ff9900;\"><a style=\"color: #ff9900;\" href=\"https:\/\/www.esplac.cat\/equips\/#representants\">Aqu\u00ed<\/a><\/span> i <span style=\"color: #ff9900;\"><a style=\"color: #ff9900;\" href=\"https:\/\/www.esplac.cat\/equips\/#egs\">aqu\u00ed<\/a><\/span> podeu con\u00e8xier-les a totes!<\/p>\n<p>Probablement ja ho sabeu, per\u00f2 \u00e9s important especificar que totes les persones que formen part de l&#8217;equip de dirigents d&#8217;Esplac (ja siguin EGS, RdC o Equico) realitzen la seva tasca de manera <strong>volunt\u00e0ria<\/strong>.<\/p>\n<\/div><div class=\"fusion-clearfix\"><\/div><\/div><\/div><\/div><\/div><div class=\"fusion-fullwidth fullwidth-box fusion-builder-row-2 nonhundred-percent-fullwidth non-hundred-percent-height-scrolling\" style=\"--awb-border-radius-top-left:0px;--awb-border-radius-top-right:0px;--awb-border-radius-bottom-right:0px;--awb-border-radius-bottom-left:0px;--awb-flex-wrap:wrap;\" ><div class=\"fusion-builder-row fusion-row\"><div class=\"fusion-layout-column fusion_builder_column fusion-builder-column-1 fusion_builder_column_1_1 1_1 fusion-one-full fusion-column-first fusion-column-last\" style=\"--awb-bg-size:cover;\"><div class=\"fusion-column-wrapper fusion-column-has-shadow fusion-flex-column-wrapper-legacy\"><div class=\"fusion-testimonials classic awb-speech-bubble-show fusion-testimonials-1\" style=\"--awb-textcolor:#747474;--awb-backgroundcolor:#f6f6f6;--awb-testimonial-border-style:solid;--awb-testimonial-border-color:var(--awb-color3);--awb-border-top-left-radius:0px;--awb-border-top-right-radius:0px;--awb-border-bottom-left-radius:0px;--awb-border-bottom-right-radius:0px;--testimonial-border-width-top:0px;--testimonial-border-width-right:0px;--testimonial-border-width-bottom:0px;--testimonial-border-width-left:0px;\" data-random=\"0\" data-speed=\"4000\"><div class=\"reviews\"><div class=\"review active-testimonial no-avatar\"><blockquote><div class=\"awb-quote\"><div class=\"awb-quote-content\">\n<p>Us heu quedat amb ganes de m\u00e9s? Si voleu fer preguntes a les dirigents d&#8217;Esplac per con\u00e8ixer millor la tasca que realitzen, podeu fer-ho a trav\u00e9s de les xarxes socials de l&#8217;associaci\u00f3 i tamb\u00e9 enviant un correu a comunicacio@esplac.cat.<\/p>\n<\/div><\/div><span class=\"awb-triangle\"><\/span><\/blockquote><div class=\"author\"><span class=\"company-name\"><\/span><\/div><\/div><\/div><\/div><div class=\"fusion-clearfix\"><\/div><\/div><\/div><\/div><\/div><\/p>\n","protected":false},"excerpt":{"rendered":"","protected":false},"author":3,"featured_media":30535,"comment_status":"closed","ping_status":"open","sticky":false,"template":"","format":"standard","meta":{"om_disable_all_campaigns":false,"_monsterinsights_skip_tracking":false,"_monsterinsights_sitenote_active":false,"_monsterinsights_sitenote_note":"","_monsterinsights_sitenote_category":0,"_uf_show_specific_survey":0,"_uf_disable_surveys":false,"footnotes":""},"categories":[1247],"tags":[780,356,1257,824,1256,148,1258,1255],"class_list":["post-30007","post","type-post","status-publish","format-standard","has-post-thumbnail","hentry","category-gran-comite","tag-dirigents","tag-c5-egs","tag-equico","tag-equip-de-coordinacio","tag-equips-generals-de-sector","tag-gran-comite","tag-rdc","tag-representants-de-les-comissions"],"yoast_head":"<!-- This site is optimized with the Yoast SEO plugin v27.4 - https:\/\/yoast.com\/product\/yoast-seo-wordpress\/ -->\n<title>QUI \u00e9s QUI a l&#039;Equip de Coordinaci\u00f3 (Equico)? - Esplac<\/title>\n<meta name=\"robots\" content=\"index, follow, max-snippet:-1, max-image-preview:large, max-video-preview:-1\" \/>\n<link rel=\"canonical\" href=\"https:\/\/www.esplac.cat\/es\/qui-es-qui-equico\/\" \/>\n<meta property=\"og:locale\" content=\"en_US\" \/>\n<meta property=\"og:type\" content=\"article\" \/>\n<meta property=\"og:title\" content=\"QUI \u00e9s QUI a l&#039;Equip de Coordinaci\u00f3 (Equico)? - Esplac\" \/>\n<meta property=\"og:url\" content=\"https:\/\/www.esplac.cat\/es\/qui-es-qui-equico\/\" \/>\n<meta property=\"og:site_name\" content=\"Esplac\" \/>\n<meta property=\"article:published_time\" content=\"2020-01-24T12:23:09+00:00\" \/>\n<meta property=\"article:modified_time\" content=\"2020-10-15T16:23:03+00:00\" \/>\n<meta property=\"og:image\" content=\"https:\/\/www.esplac.cat\/wp-content\/uploads\/2020\/01\/equicos.jpg\" \/>\n\t<meta property=\"og:image:width\" content=\"2541\" \/>\n\t<meta property=\"og:image:height\" content=\"1050\" \/>\n\t<meta property=\"og:image:type\" content=\"image\/jpeg\" \/>\n<meta name=\"author\" content=\"Comunicaci\u00f3 Esplac\" \/>\n<meta name=\"twitter:card\" content=\"summary_large_image\" \/>\n<meta name=\"twitter:label1\" content=\"Written by\" \/>\n\t<meta name=\"twitter:data1\" content=\"Comunicaci\u00f3 Esplac\" \/>\n\t<meta name=\"twitter:label2\" content=\"Est. reading time\" \/>\n\t<meta name=\"twitter:data2\" content=\"5 minutes\" \/>\n<script type=\"application\/ld+json\" class=\"yoast-schema-graph\">{\"@context\":\"https:\\\/\\\/schema.org\",\"@graph\":[{\"@type\":\"Article\",\"@id\":\"https:\\\/\\\/www.esplac.cat\\\/es\\\/qui-es-qui-equico\\\/#article\",\"isPartOf\":{\"@id\":\"https:\\\/\\\/www.esplac.cat\\\/es\\\/qui-es-qui-equico\\\/\"},\"author\":{\"name\":\"Comunicaci\u00f3 Esplac\",\"@id\":\"https:\\\/\\\/www.esplac.cat\\\/#\\\/schema\\\/person\\\/908383cf240be18b68f8855d0583faca\"},\"headline\":\"QUI \u00e9s QUI a l&#8217;Equip de Coordinaci\u00f3 (Equico)?\",\"datePublished\":\"2020-01-24T12:23:09+00:00\",\"dateModified\":\"2020-10-15T16:23:03+00:00\",\"mainEntityOfPage\":{\"@id\":\"https:\\\/\\\/www.esplac.cat\\\/es\\\/qui-es-qui-equico\\\/\"},\"wordCount\":1134,\"publisher\":{\"@id\":\"https:\\\/\\\/www.esplac.cat\\\/#organization\"},\"image\":{\"@id\":\"https:\\\/\\\/www.esplac.cat\\\/es\\\/qui-es-qui-equico\\\/#primaryimage\"},\"thumbnailUrl\":\"https:\\\/\\\/www.esplac.cat\\\/wp-content\\\/uploads\\\/2020\\\/01\\\/equicos.jpg\",\"keywords\":[\"dirigents\",\"EGS\",\"Equico\",\"Equip de Coordinaci\u00f3\",\"Equips Generals de Sector\",\"gran comite\",\"RdC\",\"Representants de les Comissions\"],\"articleSection\":[\"Gran Comit\u00e8\"],\"inLanguage\":\"en-US\"},{\"@type\":\"WebPage\",\"@id\":\"https:\\\/\\\/www.esplac.cat\\\/es\\\/qui-es-qui-equico\\\/\",\"url\":\"https:\\\/\\\/www.esplac.cat\\\/es\\\/qui-es-qui-equico\\\/\",\"name\":\"QUI \u00e9s QUI a l'Equip de Coordinaci\u00f3 (Equico)? - Esplac\",\"isPartOf\":{\"@id\":\"https:\\\/\\\/www.esplac.cat\\\/#website\"},\"primaryImageOfPage\":{\"@id\":\"https:\\\/\\\/www.esplac.cat\\\/es\\\/qui-es-qui-equico\\\/#primaryimage\"},\"image\":{\"@id\":\"https:\\\/\\\/www.esplac.cat\\\/es\\\/qui-es-qui-equico\\\/#primaryimage\"},\"thumbnailUrl\":\"https:\\\/\\\/www.esplac.cat\\\/wp-content\\\/uploads\\\/2020\\\/01\\\/equicos.jpg\",\"datePublished\":\"2020-01-24T12:23:09+00:00\",\"dateModified\":\"2020-10-15T16:23:03+00:00\",\"breadcrumb\":{\"@id\":\"https:\\\/\\\/www.esplac.cat\\\/es\\\/qui-es-qui-equico\\\/#breadcrumb\"},\"inLanguage\":\"en-US\",\"potentialAction\":[{\"@type\":\"ReadAction\",\"target\":[\"https:\\\/\\\/www.esplac.cat\\\/es\\\/qui-es-qui-equico\\\/\"]}]},{\"@type\":\"ImageObject\",\"inLanguage\":\"en-US\",\"@id\":\"https:\\\/\\\/www.esplac.cat\\\/es\\\/qui-es-qui-equico\\\/#primaryimage\",\"url\":\"https:\\\/\\\/www.esplac.cat\\\/wp-content\\\/uploads\\\/2020\\\/01\\\/equicos.jpg\",\"contentUrl\":\"https:\\\/\\\/www.esplac.cat\\\/wp-content\\\/uploads\\\/2020\\\/01\\\/equicos.jpg\",\"width\":2541,\"height\":1050},{\"@type\":\"BreadcrumbList\",\"@id\":\"https:\\\/\\\/www.esplac.cat\\\/es\\\/qui-es-qui-equico\\\/#breadcrumb\",\"itemListElement\":[{\"@type\":\"ListItem\",\"position\":1,\"name\":\"Inici\",\"item\":\"https:\\\/\\\/www.esplac.cat\\\/en\\\/\"},{\"@type\":\"ListItem\",\"position\":2,\"name\":\"QUI \u00e9s QUI a l&#8217;Equip de Coordinaci\u00f3 (Equico)?\"}]},{\"@type\":\"WebSite\",\"@id\":\"https:\\\/\\\/www.esplac.cat\\\/#website\",\"url\":\"https:\\\/\\\/www.esplac.cat\\\/\",\"name\":\"Esplac\",\"description\":\"Esplais Catalans\",\"publisher\":{\"@id\":\"https:\\\/\\\/www.esplac.cat\\\/#organization\"},\"potentialAction\":[{\"@type\":\"SearchAction\",\"target\":{\"@type\":\"EntryPoint\",\"urlTemplate\":\"https:\\\/\\\/www.esplac.cat\\\/?s={search_term_string}\"},\"query-input\":{\"@type\":\"PropertyValueSpecification\",\"valueRequired\":true,\"valueName\":\"search_term_string\"}}],\"inLanguage\":\"en-US\"},{\"@type\":\"Organization\",\"@id\":\"https:\\\/\\\/www.esplac.cat\\\/#organization\",\"name\":\"Esplac\",\"url\":\"https:\\\/\\\/www.esplac.cat\\\/\",\"logo\":{\"@type\":\"ImageObject\",\"inLanguage\":\"en-US\",\"@id\":\"https:\\\/\\\/www.esplac.cat\\\/#\\\/schema\\\/logo\\\/image\\\/\",\"url\":\"https:\\\/\\\/www.esplac.cat\\\/wp-content\\\/uploads\\\/2019\\\/08\\\/logox2.png\",\"contentUrl\":\"https:\\\/\\\/www.esplac.cat\\\/wp-content\\\/uploads\\\/2019\\\/08\\\/logox2.png\",\"width\":600,\"height\":295,\"caption\":\"Esplac\"},\"image\":{\"@id\":\"https:\\\/\\\/www.esplac.cat\\\/#\\\/schema\\\/logo\\\/image\\\/\"}},{\"@type\":\"Person\",\"@id\":\"https:\\\/\\\/www.esplac.cat\\\/#\\\/schema\\\/person\\\/908383cf240be18b68f8855d0583faca\",\"name\":\"Comunicaci\u00f3 Esplac\",\"image\":{\"@type\":\"ImageObject\",\"inLanguage\":\"en-US\",\"@id\":\"https:\\\/\\\/secure.gravatar.com\\\/avatar\\\/7a4cf8feb412a76ea4a740ca02d95b06b2907b5a6c648c2dd0a1082a093c3141?s=96&d=mm&r=g\",\"url\":\"https:\\\/\\\/secure.gravatar.com\\\/avatar\\\/7a4cf8feb412a76ea4a740ca02d95b06b2907b5a6c648c2dd0a1082a093c3141?s=96&d=mm&r=g\",\"contentUrl\":\"https:\\\/\\\/secure.gravatar.com\\\/avatar\\\/7a4cf8feb412a76ea4a740ca02d95b06b2907b5a6c648c2dd0a1082a093c3141?s=96&d=mm&r=g\",\"caption\":\"Comunicaci\u00f3 Esplac\"}}]}<\/script>\n<!-- \/ Yoast SEO plugin. -->","yoast_head_json":{"title":"QUI \u00e9s QUI a l'Equip de Coordinaci\u00f3 (Equico)? - Esplac","robots":{"index":"index","follow":"follow","max-snippet":"max-snippet:-1","max-image-preview":"max-image-preview:large","max-video-preview":"max-video-preview:-1"},"canonical":"https:\/\/www.esplac.cat\/es\/qui-es-qui-equico\/","og_locale":"en_US","og_type":"article","og_title":"QUI \u00e9s QUI a l'Equip de Coordinaci\u00f3 (Equico)? - Esplac","og_url":"https:\/\/www.esplac.cat\/es\/qui-es-qui-equico\/","og_site_name":"Esplac","article_published_time":"2020-01-24T12:23:09+00:00","article_modified_time":"2020-10-15T16:23:03+00:00","og_image":[{"width":2541,"height":1050,"url":"https:\/\/www.esplac.cat\/wp-content\/uploads\/2020\/01\/equicos.jpg","type":"image\/jpeg"}],"author":"Comunicaci\u00f3 Esplac","twitter_card":"summary_large_image","twitter_misc":{"Written by":"Comunicaci\u00f3 Esplac","Est. reading time":"5 minutes"},"schema":{"@context":"https:\/\/schema.org","@graph":[{"@type":"Article","@id":"https:\/\/www.esplac.cat\/es\/qui-es-qui-equico\/#article","isPartOf":{"@id":"https:\/\/www.esplac.cat\/es\/qui-es-qui-equico\/"},"author":{"name":"Comunicaci\u00f3 Esplac","@id":"https:\/\/www.esplac.cat\/#\/schema\/person\/908383cf240be18b68f8855d0583faca"},"headline":"QUI \u00e9s QUI a l&#8217;Equip de Coordinaci\u00f3 (Equico)?","datePublished":"2020-01-24T12:23:09+00:00","dateModified":"2020-10-15T16:23:03+00:00","mainEntityOfPage":{"@id":"https:\/\/www.esplac.cat\/es\/qui-es-qui-equico\/"},"wordCount":1134,"publisher":{"@id":"https:\/\/www.esplac.cat\/#organization"},"image":{"@id":"https:\/\/www.esplac.cat\/es\/qui-es-qui-equico\/#primaryimage"},"thumbnailUrl":"https:\/\/www.esplac.cat\/wp-content\/uploads\/2020\/01\/equicos.jpg","keywords":["dirigents","EGS","Equico","Equip de Coordinaci\u00f3","Equips Generals de Sector","gran comite","RdC","Representants de les Comissions"],"articleSection":["Gran Comit\u00e8"],"inLanguage":"en-US"},{"@type":"WebPage","@id":"https:\/\/www.esplac.cat\/es\/qui-es-qui-equico\/","url":"https:\/\/www.esplac.cat\/es\/qui-es-qui-equico\/","name":"QUI \u00e9s QUI a l'Equip de Coordinaci\u00f3 (Equico)? - Esplac","isPartOf":{"@id":"https:\/\/www.esplac.cat\/#website"},"primaryImageOfPage":{"@id":"https:\/\/www.esplac.cat\/es\/qui-es-qui-equico\/#primaryimage"},"image":{"@id":"https:\/\/www.esplac.cat\/es\/qui-es-qui-equico\/#primaryimage"},"thumbnailUrl":"https:\/\/www.esplac.cat\/wp-content\/uploads\/2020\/01\/equicos.jpg","datePublished":"2020-01-24T12:23:09+00:00","dateModified":"2020-10-15T16:23:03+00:00","breadcrumb":{"@id":"https:\/\/www.esplac.cat\/es\/qui-es-qui-equico\/#breadcrumb"},"inLanguage":"en-US","potentialAction":[{"@type":"ReadAction","target":["https:\/\/www.esplac.cat\/es\/qui-es-qui-equico\/"]}]},{"@type":"ImageObject","inLanguage":"en-US","@id":"https:\/\/www.esplac.cat\/es\/qui-es-qui-equico\/#primaryimage","url":"https:\/\/www.esplac.cat\/wp-content\/uploads\/2020\/01\/equicos.jpg","contentUrl":"https:\/\/www.esplac.cat\/wp-content\/uploads\/2020\/01\/equicos.jpg","width":2541,"height":1050},{"@type":"BreadcrumbList","@id":"https:\/\/www.esplac.cat\/es\/qui-es-qui-equico\/#breadcrumb","itemListElement":[{"@type":"ListItem","position":1,"name":"Inici","item":"https:\/\/www.esplac.cat\/en\/"},{"@type":"ListItem","position":2,"name":"QUI \u00e9s QUI a l&#8217;Equip de Coordinaci\u00f3 (Equico)?"}]},{"@type":"WebSite","@id":"https:\/\/www.esplac.cat\/#website","url":"https:\/\/www.esplac.cat\/","name":"Esplac","description":"Esplais Catalans","publisher":{"@id":"https:\/\/www.esplac.cat\/#organization"},"potentialAction":[{"@type":"SearchAction","target":{"@type":"EntryPoint","urlTemplate":"https:\/\/www.esplac.cat\/?s={search_term_string}"},"query-input":{"@type":"PropertyValueSpecification","valueRequired":true,"valueName":"search_term_string"}}],"inLanguage":"en-US"},{"@type":"Organization","@id":"https:\/\/www.esplac.cat\/#organization","name":"Esplac","url":"https:\/\/www.esplac.cat\/","logo":{"@type":"ImageObject","inLanguage":"en-US","@id":"https:\/\/www.esplac.cat\/#\/schema\/logo\/image\/","url":"https:\/\/www.esplac.cat\/wp-content\/uploads\/2019\/08\/logox2.png","contentUrl":"https:\/\/www.esplac.cat\/wp-content\/uploads\/2019\/08\/logox2.png","width":600,"height":295,"caption":"Esplac"},"image":{"@id":"https:\/\/www.esplac.cat\/#\/schema\/logo\/image\/"}},{"@type":"Person","@id":"https:\/\/www.esplac.cat\/#\/schema\/person\/908383cf240be18b68f8855d0583faca","name":"Comunicaci\u00f3 Esplac","image":{"@type":"ImageObject","inLanguage":"en-US","@id":"https:\/\/secure.gravatar.com\/avatar\/7a4cf8feb412a76ea4a740ca02d95b06b2907b5a6c648c2dd0a1082a093c3141?s=96&d=mm&r=g","url":"https:\/\/secure.gravatar.com\/avatar\/7a4cf8feb412a76ea4a740ca02d95b06b2907b5a6c648c2dd0a1082a093c3141?s=96&d=mm&r=g","contentUrl":"https:\/\/secure.gravatar.com\/avatar\/7a4cf8feb412a76ea4a740ca02d95b06b2907b5a6c648c2dd0a1082a093c3141?s=96&d=mm&r=g","caption":"Comunicaci\u00f3 Esplac"}}]}},"_links":{"self":[{"href":"https:\/\/www.esplac.cat\/en\/wp-json\/wp\/v2\/posts\/30007","targetHints":{"allow":["GET"]}}],"collection":[{"href":"https:\/\/www.esplac.cat\/en\/wp-json\/wp\/v2\/posts"}],"about":[{"href":"https:\/\/www.esplac.cat\/en\/wp-json\/wp\/v2\/types\/post"}],"author":[{"embeddable":true,"href":"https:\/\/www.esplac.cat\/en\/wp-json\/wp\/v2\/users\/3"}],"replies":[{"embeddable":true,"href":"https:\/\/www.esplac.cat\/en\/wp-json\/wp\/v2\/comments?post=30007"}],"version-history":[{"count":0,"href":"https:\/\/www.esplac.cat\/en\/wp-json\/wp\/v2\/posts\/30007\/revisions"}],"wp:featuredmedia":[{"embeddable":true,"href":"https:\/\/www.esplac.cat\/en\/wp-json\/wp\/v2\/media\/30535"}],"wp:attachment":[{"href":"https:\/\/www.esplac.cat\/en\/wp-json\/wp\/v2\/media?parent=30007"}],"wp:term":[{"taxonomy":"category","embeddable":true,"href":"https:\/\/www.esplac.cat\/en\/wp-json\/wp\/v2\/categories?post=30007"},{"taxonomy":"post_tag","embeddable":true,"href":"https:\/\/www.esplac.cat\/en\/wp-json\/wp\/v2\/tags?post=30007"}],"curies":[{"name":"wp","href":"https:\/\/api.w.org\/{rel}","templated":true}]}}