{"id":30694,"date":"2020-02-04T13:54:17","date_gmt":"2020-02-04T12:54:17","guid":{"rendered":"https:\/\/www.esplac.cat\/?p=30694"},"modified":"2020-10-15T17:23:02","modified_gmt":"2020-10-15T16:23:02","slug":"vols-treballar-desenvolupant-aplicacions-web","status":"publish","type":"post","link":"https:\/\/www.esplac.cat\/en\/vols-treballar-desenvolupant-aplicacions-web\/","title":{"rendered":"Vols treballar desenvolupant aplicacions web?"},"content":{"rendered":"<h4>Busquem t\u00e8cnic\/a d&#8217;inform\u00e0tica perqu\u00e8 s&#8217;incorpori a l&#8217;equip d&#8217;Esplais Catalans. El termini de presentaci\u00f3 de curr\u00edculums finalitzar\u00e0 el 16 de febrer de 2020.<\/h4>\n<p>A Esplac hem obert un termini per a la presentaci\u00f3 de curr\u00edculums amb l\u2019objectiu de cobrir una pla\u00e7a de t\u00e8cnic\/a d&#8217;inform\u00e0tica. <strong>El termini finalitza el dia 16 febrer de 2020<\/strong>. Els curr\u00edculums i les cartes de motivaci\u00f3 les heu de fer arribar a<strong>\u00a0esplac@esplac.cat<\/strong>\u00a0amb la refer\u00e8ncia \u201c<em>InformaticaST\u201d<\/em>\u00a0a l\u2019assumpte del mail.<\/p>\n<p><strong>Funcions:<\/strong><\/p>\n<ul>\n<li style=\"font-weight: 400;\"><span style=\"font-weight: 400;\">Desenvolupament i manteniment de l\u2019<\/span><b>aplicaci\u00f3 web <\/b><span style=\"font-weight: 400;\">de gesti\u00f3 de l\u2019entitat: programaci\u00f3 en <\/span><b>javascript\/typescript <\/b><span style=\"font-weight: 400;\">amb els frameworks <\/span><b>Angular i NodeJS\/ExpressJS <\/b><span style=\"font-weight: 400;\">i model <\/span><b>client-servidor amb API REST<\/b><\/li>\n<li style=\"font-weight: 400;\"><span style=\"font-weight: 400;\">Elaboraci\u00f3, execuci\u00f3 i avaluaci\u00f3 del pla de treball de les aplicacions inform\u00e0tiques que s&#8217;usen a Esplac donant suport a la tasca de la coordinadora inform\u00e0tica.<\/span><\/li>\n<li style=\"font-weight: 400;\"><span style=\"font-weight: 400;\">Coordinaci\u00f3 amb els equips de treball i dirigents de l\u2019entitat per a les funcions assignades i d&#8217;altres que puguin sorgir.<\/span><\/li>\n<\/ul>\n<p><strong>Es demana:<\/strong><\/p>\n<ul>\n<li style=\"font-weight: 400;\"><span style=\"font-weight: 400;\">Titulaci\u00f3 acabada o en curs de Grau en Enginyeria Inform\u00e0tica o Cicle Formatiu de Grau Superior (CFGS) de Desenvolupament d&#8217;Aplicacions Web (DAW) o Desenvolupament d\u2019Aplicacions Multiplataforma (DAM) o coneixements equivalents demostrables.<\/span><\/li>\n<li style=\"font-weight: 400;\"><span style=\"font-weight: 400;\">Coneixement b\u00e0sic de bases de dades.<\/span><\/li>\n<li style=\"font-weight: 400;\"><span style=\"font-weight: 400;\">Coneixement o experi\u00e8ncia en desenvolupament d&#8217;aplicacions web.<\/span><\/li>\n<li style=\"font-weight: 400;\"><span style=\"font-weight: 400;\">Compet\u00e8ncia escrita: capacitat de redacci\u00f3 i capacitat de s\u00edntesi.<\/span><\/li>\n<li style=\"font-weight: 400;\"><span style=\"font-weight: 400;\">Capacitat d&#8217;organitzaci\u00f3, gesti\u00f3 del temps i compliments de terminis, treball en equip, autonomia personal, flexibilitat i adaptabilitat.<\/span><\/li>\n<li style=\"font-weight: 400;\"><span style=\"font-weight: 400;\">Assist\u00e8ncia a reunions o activitats d\u2019especial inter\u00e8s fora de l\u2019horari laboral, vocaci\u00f3 de servei als esplais i comprom\u00eds amb els valors d&#8217;Esplais Catalans.<\/span><\/li>\n<\/ul>\n<p><strong>Es valorar\u00e0:<\/strong><\/p>\n<ul>\n<li style=\"font-weight: 400;\"><span style=\"font-weight: 400;\">Experi\u00e8ncia en les funcions descrites i facilitat per con\u00e8ixer noves eines de treball.<\/span><\/li>\n<li style=\"font-weight: 400;\"><span style=\"font-weight: 400;\">Experi\u00e8ncia en desenvolupament amb tecnologies web, espec\u00edficament Angular i NodeJS.<\/span><\/li>\n<li style=\"font-weight: 400;\"><span style=\"font-weight: 400;\">Experi\u00e8ncia en especificaci\u00f3 i disseny de bases de dades no relacionals.<\/span><\/li>\n<li style=\"font-weight: 400;\"><span style=\"font-weight: 400;\">Coneixement de disseny web.<\/span><\/li>\n<li style=\"font-weight: 400;\"><span style=\"font-weight: 400;\">Coneixement o experi\u00e8ncia en linux, terminal bash i administraci\u00f3 de sistemes.<\/span><\/li>\n<li style=\"font-weight: 400;\"><span style=\"font-weight: 400;\">Experi\u00e8ncia amb sistema de versions, especialment Git i l&#8217;entorn GitLab.<\/span><\/li>\n<li style=\"font-weight: 400;\"><span style=\"font-weight: 400;\">Experi\u00e8ncia en comunitats de desenvolupament de codi obert i en projectes de promoci\u00f3 de la sobirania tecnol\u00f2gica.<\/span><\/li>\n<li style=\"font-weight: 400;\"><span style=\"font-weight: 400;\">Coneixement i experi\u00e8ncia en l&#8217;\u00e0mbit de l&#8217;associacionisme educatiu i els esplais.<\/span><\/li>\n<li style=\"font-weight: 400;\"><span style=\"font-weight: 400;\">Coneixement en temes espec\u00edfics relacionats amb el projecte educatiu d\u2019Esplais Catalans.<\/span><\/li>\n<\/ul>\n<p><strong>Condicions laborals:<\/strong><\/p>\n<ul>\n<li style=\"font-weight: 400;\"><span style=\"font-weight: 400;\">Contracte de 20 hores setmanals. Sou segons l&#8217;escala salarial de l&#8217;entitat (11.010,99 \u20ac bruts anuals).<\/span><\/li>\n<li style=\"font-weight: 400;\"><span style=\"font-weight: 400;\">2 mesos de prova i incorporaci\u00f3 immediata.<\/span><\/li>\n<li style=\"font-weight: 400;\"><span style=\"font-weight: 400;\">Lloc de treball habitual: Barcelona.<\/span><\/li>\n<\/ul>\n<p><span style=\"color: #ff9900;\"><strong><a style=\"color: #ff9900;\" href=\"https:\/\/www.esplac.cat\/wp-content\/uploads\/2020\/02\/convocatoria_SUPORT_INFOR_2020p.pdf\" target=\"_blank\" rel=\"noopener noreferrer\">Aqu\u00ed<\/a><\/strong>\u00a0<\/span>us deixem\u00a0els detalls de l\u2019oferta laboral en un arxiu pdf.<\/p>\n","protected":false},"excerpt":{"rendered":"<p>Busquem t\u00e8cnic\/a d&#8217;inform\u00e0tica perqu\u00e8 s&#8217;incorpori a l&#8217;equip d&#8217;Esplais Catalans. El [&hellip;]<\/p>\n","protected":false},"author":3,"featured_media":29737,"comment_status":"closed","ping_status":"open","sticky":false,"template":"","format":"standard","meta":{"om_disable_all_campaigns":false,"_monsterinsights_skip_tracking":false,"_monsterinsights_sitenote_active":false,"_monsterinsights_sitenote_note":"","_monsterinsights_sitenote_category":0,"_uf_show_specific_survey":0,"_uf_disable_surveys":false,"footnotes":""},"categories":[1116],"tags":[306,440,441,767,1263,206],"class_list":["post-30694","post","type-post","status-publish","format-standard","has-post-thumbnail","hentry","category-secretaria-esplac","tag-feina","tag-informatica","tag-laboral","tag-oferta","tag-software","tag-web"],"yoast_head":"<!-- This site is optimized with the Yoast SEO plugin v27.4 - https:\/\/yoast.com\/product\/yoast-seo-wordpress\/ -->\n<title>Vols treballar desenvolupant aplicacions web? - Esplac<\/title>\n<meta name=\"robots\" content=\"index, follow, max-snippet:-1, max-image-preview:large, max-video-preview:-1\" \/>\n<link rel=\"canonical\" href=\"https:\/\/www.esplac.cat\/es\/vols-treballar-desenvolupant-aplicacions-web\/\" \/>\n<meta property=\"og:locale\" content=\"en_US\" \/>\n<meta property=\"og:type\" content=\"article\" \/>\n<meta property=\"og:title\" content=\"Vols treballar desenvolupant aplicacions web? - Esplac\" \/>\n<meta property=\"og:description\" content=\"Busquem t\u00e8cnic\/a d&#8217;inform\u00e0tica perqu\u00e8 s&#8217;incorpori a l&#8217;equip d&#8217;Esplais Catalans. El [&hellip;]\" \/>\n<meta property=\"og:url\" content=\"https:\/\/www.esplac.cat\/es\/vols-treballar-desenvolupant-aplicacions-web\/\" \/>\n<meta property=\"og:site_name\" content=\"Esplac\" \/>\n<meta property=\"article:published_time\" content=\"2020-02-04T12:54:17+00:00\" \/>\n<meta property=\"article:modified_time\" content=\"2020-10-15T16:23:02+00:00\" \/>\n<meta property=\"og:image\" content=\"https:\/\/www.esplac.cat\/wp-content\/uploads\/2019\/12\/laboral-esplac-feina.jpg\" \/>\n\t<meta property=\"og:image:width\" content=\"847\" \/>\n\t<meta property=\"og:image:height\" content=\"350\" \/>\n\t<meta property=\"og:image:type\" content=\"image\/jpeg\" \/>\n<meta name=\"author\" content=\"Comunicaci\u00f3 Esplac\" \/>\n<meta name=\"twitter:card\" content=\"summary_large_image\" \/>\n<meta name=\"twitter:label1\" content=\"Written by\" \/>\n\t<meta name=\"twitter:data1\" content=\"Comunicaci\u00f3 Esplac\" \/>\n\t<meta name=\"twitter:label2\" content=\"Est. reading time\" \/>\n\t<meta name=\"twitter:data2\" content=\"2 minutes\" \/>\n<script type=\"application\/ld+json\" class=\"yoast-schema-graph\">{\"@context\":\"https:\\\/\\\/schema.org\",\"@graph\":[{\"@type\":\"Article\",\"@id\":\"https:\\\/\\\/www.esplac.cat\\\/es\\\/vols-treballar-desenvolupant-aplicacions-web\\\/#article\",\"isPartOf\":{\"@id\":\"https:\\\/\\\/www.esplac.cat\\\/es\\\/vols-treballar-desenvolupant-aplicacions-web\\\/\"},\"author\":{\"name\":\"Comunicaci\u00f3 Esplac\",\"@id\":\"https:\\\/\\\/www.esplac.cat\\\/#\\\/schema\\\/person\\\/908383cf240be18b68f8855d0583faca\"},\"headline\":\"Vols treballar desenvolupant aplicacions web?\",\"datePublished\":\"2020-02-04T12:54:17+00:00\",\"dateModified\":\"2020-10-15T16:23:02+00:00\",\"mainEntityOfPage\":{\"@id\":\"https:\\\/\\\/www.esplac.cat\\\/es\\\/vols-treballar-desenvolupant-aplicacions-web\\\/\"},\"wordCount\":440,\"publisher\":{\"@id\":\"https:\\\/\\\/www.esplac.cat\\\/#organization\"},\"image\":{\"@id\":\"https:\\\/\\\/www.esplac.cat\\\/es\\\/vols-treballar-desenvolupant-aplicacions-web\\\/#primaryimage\"},\"thumbnailUrl\":\"https:\\\/\\\/www.esplac.cat\\\/wp-content\\\/uploads\\\/2019\\\/12\\\/laboral-esplac-feina.jpg\",\"keywords\":[\"feina\",\"informatica\",\"laboral\",\"oferta\",\"Software\",\"web\"],\"articleSection\":[\"Secretaria T\u00e8cnica\"],\"inLanguage\":\"en-US\"},{\"@type\":\"WebPage\",\"@id\":\"https:\\\/\\\/www.esplac.cat\\\/es\\\/vols-treballar-desenvolupant-aplicacions-web\\\/\",\"url\":\"https:\\\/\\\/www.esplac.cat\\\/es\\\/vols-treballar-desenvolupant-aplicacions-web\\\/\",\"name\":\"Vols treballar desenvolupant aplicacions web? - Esplac\",\"isPartOf\":{\"@id\":\"https:\\\/\\\/www.esplac.cat\\\/#website\"},\"primaryImageOfPage\":{\"@id\":\"https:\\\/\\\/www.esplac.cat\\\/es\\\/vols-treballar-desenvolupant-aplicacions-web\\\/#primaryimage\"},\"image\":{\"@id\":\"https:\\\/\\\/www.esplac.cat\\\/es\\\/vols-treballar-desenvolupant-aplicacions-web\\\/#primaryimage\"},\"thumbnailUrl\":\"https:\\\/\\\/www.esplac.cat\\\/wp-content\\\/uploads\\\/2019\\\/12\\\/laboral-esplac-feina.jpg\",\"datePublished\":\"2020-02-04T12:54:17+00:00\",\"dateModified\":\"2020-10-15T16:23:02+00:00\",\"breadcrumb\":{\"@id\":\"https:\\\/\\\/www.esplac.cat\\\/es\\\/vols-treballar-desenvolupant-aplicacions-web\\\/#breadcrumb\"},\"inLanguage\":\"en-US\",\"potentialAction\":[{\"@type\":\"ReadAction\",\"target\":[\"https:\\\/\\\/www.esplac.cat\\\/es\\\/vols-treballar-desenvolupant-aplicacions-web\\\/\"]}]},{\"@type\":\"ImageObject\",\"inLanguage\":\"en-US\",\"@id\":\"https:\\\/\\\/www.esplac.cat\\\/es\\\/vols-treballar-desenvolupant-aplicacions-web\\\/#primaryimage\",\"url\":\"https:\\\/\\\/www.esplac.cat\\\/wp-content\\\/uploads\\\/2019\\\/12\\\/laboral-esplac-feina.jpg\",\"contentUrl\":\"https:\\\/\\\/www.esplac.cat\\\/wp-content\\\/uploads\\\/2019\\\/12\\\/laboral-esplac-feina.jpg\",\"width\":847,\"height\":350},{\"@type\":\"BreadcrumbList\",\"@id\":\"https:\\\/\\\/www.esplac.cat\\\/es\\\/vols-treballar-desenvolupant-aplicacions-web\\\/#breadcrumb\",\"itemListElement\":[{\"@type\":\"ListItem\",\"position\":1,\"name\":\"Inici\",\"item\":\"https:\\\/\\\/www.esplac.cat\\\/en\\\/\"},{\"@type\":\"ListItem\",\"position\":2,\"name\":\"Vols treballar desenvolupant aplicacions web?\"}]},{\"@type\":\"WebSite\",\"@id\":\"https:\\\/\\\/www.esplac.cat\\\/#website\",\"url\":\"https:\\\/\\\/www.esplac.cat\\\/\",\"name\":\"Esplac\",\"description\":\"Esplais Catalans\",\"publisher\":{\"@id\":\"https:\\\/\\\/www.esplac.cat\\\/#organization\"},\"potentialAction\":[{\"@type\":\"SearchAction\",\"target\":{\"@type\":\"EntryPoint\",\"urlTemplate\":\"https:\\\/\\\/www.esplac.cat\\\/?s={search_term_string}\"},\"query-input\":{\"@type\":\"PropertyValueSpecification\",\"valueRequired\":true,\"valueName\":\"search_term_string\"}}],\"inLanguage\":\"en-US\"},{\"@type\":\"Organization\",\"@id\":\"https:\\\/\\\/www.esplac.cat\\\/#organization\",\"name\":\"Esplac\",\"url\":\"https:\\\/\\\/www.esplac.cat\\\/\",\"logo\":{\"@type\":\"ImageObject\",\"inLanguage\":\"en-US\",\"@id\":\"https:\\\/\\\/www.esplac.cat\\\/#\\\/schema\\\/logo\\\/image\\\/\",\"url\":\"https:\\\/\\\/www.esplac.cat\\\/wp-content\\\/uploads\\\/2019\\\/08\\\/logox2.png\",\"contentUrl\":\"https:\\\/\\\/www.esplac.cat\\\/wp-content\\\/uploads\\\/2019\\\/08\\\/logox2.png\",\"width\":600,\"height\":295,\"caption\":\"Esplac\"},\"image\":{\"@id\":\"https:\\\/\\\/www.esplac.cat\\\/#\\\/schema\\\/logo\\\/image\\\/\"}},{\"@type\":\"Person\",\"@id\":\"https:\\\/\\\/www.esplac.cat\\\/#\\\/schema\\\/person\\\/908383cf240be18b68f8855d0583faca\",\"name\":\"Comunicaci\u00f3 Esplac\",\"image\":{\"@type\":\"ImageObject\",\"inLanguage\":\"en-US\",\"@id\":\"https:\\\/\\\/secure.gravatar.com\\\/avatar\\\/7a4cf8feb412a76ea4a740ca02d95b06b2907b5a6c648c2dd0a1082a093c3141?s=96&d=mm&r=g\",\"url\":\"https:\\\/\\\/secure.gravatar.com\\\/avatar\\\/7a4cf8feb412a76ea4a740ca02d95b06b2907b5a6c648c2dd0a1082a093c3141?s=96&d=mm&r=g\",\"contentUrl\":\"https:\\\/\\\/secure.gravatar.com\\\/avatar\\\/7a4cf8feb412a76ea4a740ca02d95b06b2907b5a6c648c2dd0a1082a093c3141?s=96&d=mm&r=g\",\"caption\":\"Comunicaci\u00f3 Esplac\"}}]}<\/script>\n<!-- \/ Yoast SEO plugin. -->","yoast_head_json":{"title":"Vols treballar desenvolupant aplicacions web? - Esplac","robots":{"index":"index","follow":"follow","max-snippet":"max-snippet:-1","max-image-preview":"max-image-preview:large","max-video-preview":"max-video-preview:-1"},"canonical":"https:\/\/www.esplac.cat\/es\/vols-treballar-desenvolupant-aplicacions-web\/","og_locale":"en_US","og_type":"article","og_title":"Vols treballar desenvolupant aplicacions web? - Esplac","og_description":"Busquem t\u00e8cnic\/a d&#8217;inform\u00e0tica perqu\u00e8 s&#8217;incorpori a l&#8217;equip d&#8217;Esplais Catalans. El [&hellip;]","og_url":"https:\/\/www.esplac.cat\/es\/vols-treballar-desenvolupant-aplicacions-web\/","og_site_name":"Esplac","article_published_time":"2020-02-04T12:54:17+00:00","article_modified_time":"2020-10-15T16:23:02+00:00","og_image":[{"width":847,"height":350,"url":"https:\/\/www.esplac.cat\/wp-content\/uploads\/2019\/12\/laboral-esplac-feina.jpg","type":"image\/jpeg"}],"author":"Comunicaci\u00f3 Esplac","twitter_card":"summary_large_image","twitter_misc":{"Written by":"Comunicaci\u00f3 Esplac","Est. reading time":"2 minutes"},"schema":{"@context":"https:\/\/schema.org","@graph":[{"@type":"Article","@id":"https:\/\/www.esplac.cat\/es\/vols-treballar-desenvolupant-aplicacions-web\/#article","isPartOf":{"@id":"https:\/\/www.esplac.cat\/es\/vols-treballar-desenvolupant-aplicacions-web\/"},"author":{"name":"Comunicaci\u00f3 Esplac","@id":"https:\/\/www.esplac.cat\/#\/schema\/person\/908383cf240be18b68f8855d0583faca"},"headline":"Vols treballar desenvolupant aplicacions web?","datePublished":"2020-02-04T12:54:17+00:00","dateModified":"2020-10-15T16:23:02+00:00","mainEntityOfPage":{"@id":"https:\/\/www.esplac.cat\/es\/vols-treballar-desenvolupant-aplicacions-web\/"},"wordCount":440,"publisher":{"@id":"https:\/\/www.esplac.cat\/#organization"},"image":{"@id":"https:\/\/www.esplac.cat\/es\/vols-treballar-desenvolupant-aplicacions-web\/#primaryimage"},"thumbnailUrl":"https:\/\/www.esplac.cat\/wp-content\/uploads\/2019\/12\/laboral-esplac-feina.jpg","keywords":["feina","informatica","laboral","oferta","Software","web"],"articleSection":["Secretaria T\u00e8cnica"],"inLanguage":"en-US"},{"@type":"WebPage","@id":"https:\/\/www.esplac.cat\/es\/vols-treballar-desenvolupant-aplicacions-web\/","url":"https:\/\/www.esplac.cat\/es\/vols-treballar-desenvolupant-aplicacions-web\/","name":"Vols treballar desenvolupant aplicacions web? - Esplac","isPartOf":{"@id":"https:\/\/www.esplac.cat\/#website"},"primaryImageOfPage":{"@id":"https:\/\/www.esplac.cat\/es\/vols-treballar-desenvolupant-aplicacions-web\/#primaryimage"},"image":{"@id":"https:\/\/www.esplac.cat\/es\/vols-treballar-desenvolupant-aplicacions-web\/#primaryimage"},"thumbnailUrl":"https:\/\/www.esplac.cat\/wp-content\/uploads\/2019\/12\/laboral-esplac-feina.jpg","datePublished":"2020-02-04T12:54:17+00:00","dateModified":"2020-10-15T16:23:02+00:00","breadcrumb":{"@id":"https:\/\/www.esplac.cat\/es\/vols-treballar-desenvolupant-aplicacions-web\/#breadcrumb"},"inLanguage":"en-US","potentialAction":[{"@type":"ReadAction","target":["https:\/\/www.esplac.cat\/es\/vols-treballar-desenvolupant-aplicacions-web\/"]}]},{"@type":"ImageObject","inLanguage":"en-US","@id":"https:\/\/www.esplac.cat\/es\/vols-treballar-desenvolupant-aplicacions-web\/#primaryimage","url":"https:\/\/www.esplac.cat\/wp-content\/uploads\/2019\/12\/laboral-esplac-feina.jpg","contentUrl":"https:\/\/www.esplac.cat\/wp-content\/uploads\/2019\/12\/laboral-esplac-feina.jpg","width":847,"height":350},{"@type":"BreadcrumbList","@id":"https:\/\/www.esplac.cat\/es\/vols-treballar-desenvolupant-aplicacions-web\/#breadcrumb","itemListElement":[{"@type":"ListItem","position":1,"name":"Inici","item":"https:\/\/www.esplac.cat\/en\/"},{"@type":"ListItem","position":2,"name":"Vols treballar desenvolupant aplicacions web?"}]},{"@type":"WebSite","@id":"https:\/\/www.esplac.cat\/#website","url":"https:\/\/www.esplac.cat\/","name":"Esplac","description":"Esplais Catalans","publisher":{"@id":"https:\/\/www.esplac.cat\/#organization"},"potentialAction":[{"@type":"SearchAction","target":{"@type":"EntryPoint","urlTemplate":"https:\/\/www.esplac.cat\/?s={search_term_string}"},"query-input":{"@type":"PropertyValueSpecification","valueRequired":true,"valueName":"search_term_string"}}],"inLanguage":"en-US"},{"@type":"Organization","@id":"https:\/\/www.esplac.cat\/#organization","name":"Esplac","url":"https:\/\/www.esplac.cat\/","logo":{"@type":"ImageObject","inLanguage":"en-US","@id":"https:\/\/www.esplac.cat\/#\/schema\/logo\/image\/","url":"https:\/\/www.esplac.cat\/wp-content\/uploads\/2019\/08\/logox2.png","contentUrl":"https:\/\/www.esplac.cat\/wp-content\/uploads\/2019\/08\/logox2.png","width":600,"height":295,"caption":"Esplac"},"image":{"@id":"https:\/\/www.esplac.cat\/#\/schema\/logo\/image\/"}},{"@type":"Person","@id":"https:\/\/www.esplac.cat\/#\/schema\/person\/908383cf240be18b68f8855d0583faca","name":"Comunicaci\u00f3 Esplac","image":{"@type":"ImageObject","inLanguage":"en-US","@id":"https:\/\/secure.gravatar.com\/avatar\/7a4cf8feb412a76ea4a740ca02d95b06b2907b5a6c648c2dd0a1082a093c3141?s=96&d=mm&r=g","url":"https:\/\/secure.gravatar.com\/avatar\/7a4cf8feb412a76ea4a740ca02d95b06b2907b5a6c648c2dd0a1082a093c3141?s=96&d=mm&r=g","contentUrl":"https:\/\/secure.gravatar.com\/avatar\/7a4cf8feb412a76ea4a740ca02d95b06b2907b5a6c648c2dd0a1082a093c3141?s=96&d=mm&r=g","caption":"Comunicaci\u00f3 Esplac"}}]}},"_links":{"self":[{"href":"https:\/\/www.esplac.cat\/en\/wp-json\/wp\/v2\/posts\/30694","targetHints":{"allow":["GET"]}}],"collection":[{"href":"https:\/\/www.esplac.cat\/en\/wp-json\/wp\/v2\/posts"}],"about":[{"href":"https:\/\/www.esplac.cat\/en\/wp-json\/wp\/v2\/types\/post"}],"author":[{"embeddable":true,"href":"https:\/\/www.esplac.cat\/en\/wp-json\/wp\/v2\/users\/3"}],"replies":[{"embeddable":true,"href":"https:\/\/www.esplac.cat\/en\/wp-json\/wp\/v2\/comments?post=30694"}],"version-history":[{"count":0,"href":"https:\/\/www.esplac.cat\/en\/wp-json\/wp\/v2\/posts\/30694\/revisions"}],"wp:featuredmedia":[{"embeddable":true,"href":"https:\/\/www.esplac.cat\/en\/wp-json\/wp\/v2\/media\/29737"}],"wp:attachment":[{"href":"https:\/\/www.esplac.cat\/en\/wp-json\/wp\/v2\/media?parent=30694"}],"wp:term":[{"taxonomy":"category","embeddable":true,"href":"https:\/\/www.esplac.cat\/en\/wp-json\/wp\/v2\/categories?post=30694"},{"taxonomy":"post_tag","embeddable":true,"href":"https:\/\/www.esplac.cat\/en\/wp-json\/wp\/v2\/tags?post=30694"}],"curies":[{"name":"wp","href":"https:\/\/api.w.org\/{rel}","templated":true}]}}