{"id":30795,"date":"2020-02-09T13:33:08","date_gmt":"2020-02-09T12:33:08","guid":{"rendered":"https:\/\/www.esplac.cat\/inscripcions-obertes-escola-esplac-2020-2\/"},"modified":"2020-10-15T17:23:01","modified_gmt":"2020-10-15T16:23:01","slug":"inscripcions-obertes-escola-esplac-externes","status":"publish","type":"post","link":"https:\/\/www.esplac.cat\/en\/inscripcions-obertes-escola-esplac-externes\/","title":{"rendered":"Obrim inscripcions a l&#8217;Escola d&#8217;Esplac 2020 per a persones externes a Esplac"},"content":{"rendered":"<div class=\"fusion-fullwidth fullwidth-box fusion-builder-row-1 nonhundred-percent-fullwidth non-hundred-percent-height-scrolling\" style=\"--awb-border-radius-top-left:0px;--awb-border-radius-top-right:0px;--awb-border-radius-bottom-right:0px;--awb-border-radius-bottom-left:0px;--awb-flex-wrap:wrap;\" ><div class=\"fusion-builder-row fusion-row\"><div class=\"fusion-layout-column fusion_builder_column fusion-builder-column-0 fusion_builder_column_1_1 1_1 fusion-one-full fusion-column-first fusion-column-last\" style=\"--awb-bg-size:cover;--awb-margin-bottom:0px;\"><div class=\"fusion-column-wrapper fusion-flex-column-wrapper-legacy\"><div class=\"fusion-text fusion-text-1\"><h6><strong>\u201cI tu, en quins valors eduques?\u201d Aquest \u00e9s el t\u00edtol de l\u2019edici\u00f3 d\u2019enguany de l\u2019Escola d\u2019Esplac, que tindr\u00e0 lloc el diumenge 15 de mar\u00e7 a Vic i que se centrar\u00e0 en la relaci\u00f3 entre l\u2019educaci\u00f3 i la pol\u00edtica, i m\u00e9s concretament en quins s\u00f3n els valors en els que eduquem als infants.\u00a0<\/strong><\/h6>\n<p><a href=\"https:\/\/www.esplac.cat\/\"><b>Esplais Catalans<\/b> <\/a><span style=\"font-weight: 400;\">organitza des de fa set anys l\u2019Escola d\u2019Esplac, amb el suport de l\u2019<\/span><b>Escola Lliure El Sol<\/b><span style=\"font-weight: 400;\">. Es tracta d\u2019unes jornades destinades a crear debat, compartir experi\u00e8ncies, formar i estimular el pensament de totes les participants i persones vinculades al m\u00f3n de l\u2019educaci\u00f3.<\/span><\/p>\n<p><span style=\"font-weight: 400;\">L\u2019edici\u00f3 d\u2019aquest any se celebrar\u00e0 el <\/span><b>15 de mar\u00e7 de 2020 a l\u2019<\/b><a href=\"https:\/\/goo.gl\/maps\/mekngXyCZ1tfQGFu7\"><b>IES Jaume Call\u00eds de Vic<\/b><\/a><b>. <\/b><span style=\"font-weight: 400;\">El dia 14 tamb\u00e9 es realitzaran activitats, per\u00f2 en aquest cas estaran destinades \u00fanicament a les monitores i monitors de l\u2019associaci\u00f3 organitzadora.\u00a0<\/span><\/p>\n<p><span style=\"font-weight: 400;\">El mat\u00ed constar\u00e0 de 3 xerrades:<\/span><\/p>\n<ul>\n<li style=\"font-weight: 400;\"><span style=\"font-weight: 400;\">1\u00aa Pon\u00e8ncia \u2013 <\/span><b>Educaci\u00f3 en Valors<\/b><span style=\"font-weight: 400;\">: qu\u00e8 \u00e9s i qu\u00e8 no \u00e9s un valor? Quina relaci\u00f3 tenen aquests amb les emocions? Com influencia la metodologia que emprem a l\u2019hora d\u2019educar en valors? Quan fem educaci\u00f3 en valors, estem adoctrinant?<\/span><\/li>\n<li style=\"font-weight: 400;\"><span style=\"font-weight: 400;\">2\u00aa Pon\u00e8ncia \u2013 <\/span><b>Evoluci\u00f3 dels valors amb perspectiva hist\u00f2rica<\/b><span style=\"font-weight: 400;\">: quina \u00e9s i ha estat l\u2019evoluci\u00f3 del valors al llarg de la hist\u00f2ria? Qui marca la tend\u00e8ncia dels valors? A qu\u00e8 ens referim quan parlem de crisi de valors?<\/span><\/li>\n<li style=\"font-weight: 400;\"><span style=\"font-weight: 400;\">3\u00aa Pon\u00e8ncia \u2013 <\/span><b>Valors i Cultura<\/b><span style=\"font-weight: 400;\">: els valors fan la cultura? Com eduquem en valors en una societat que \u00e9s pluricultural? Jutgem i discriminem valors que no s\u00f3n de la nostra cultura?\u00a0<\/span><\/li>\n<\/ul>\n<h4><span style=\"color: #ff9900;\"><b>Tota la informaci\u00f3<\/b><\/span><\/h4>\n<p><span style=\"font-weight: 400;\">En <\/span><span style=\"color: #ff9900;\"><a style=\"color: #ff9900;\" href=\"https:\/\/www.esplac.cat\/formacions\/escola-desplac\/\" target=\"_blank\" rel=\"noopener noreferrer\">aquest enlla\u00e7<\/a><\/span><span style=\"font-weight: 400;\"> trobareu informaci\u00f3 sobre les ponents, el cartell, el programa, els espais de debat i el proc\u00e9s d\u2019inscripci\u00f3.<\/span><\/p>\n<h4><span style=\"color: #ff9900;\"><b>Publicacions<\/b><\/span><\/h4>\n<ul>\n<li style=\"font-weight: 400;\"><span style=\"color: #ff9900;\"><a style=\"color: #ff9900;\" href=\"https:\/\/diarieducacio.cat\/i-tu-en-quins-valors-eduques\/\" target=\"_blank\" rel=\"noopener noreferrer\">\u201cI tu, en quins valors eduques?\u201d<\/a><\/span><span style=\"font-weight: 400;\"> de Caterina Pedregal, publicat al Diari de l\u2019Educaci\u00f3.<\/span><\/li>\n<li style=\"font-weight: 400;\"><span style=\"color: #ff9900;\"><a style=\"color: #ff9900;\" href=\"https:\/\/www.somesplai.cat\/index.php\/la-coherencia-que-immobilitza\/\" target=\"_blank\" rel=\"noopener noreferrer\">\u201cLa coher\u00e8ncia que immobilitza\u201d<\/a><\/span><span style=\"font-weight: 400;\"> de Francesca Nogales, publicat a la revista Som Esplai.<\/span><\/li>\n<\/ul>\n<h4><span style=\"color: #ff9900;\"><b>V\u00eddeo<\/b><\/span><\/h4>\n<p><span style=\"color: #ff9900;\"><a style=\"color: #ff9900;\" href=\"https:\/\/www.youtube.com\/watch?v=RXBFp-viCcg\" target=\"_blank\" rel=\"noopener noreferrer\">Aquest<\/a> <\/span><span style=\"font-weight: 400;\">\u00e9s el v\u00eddeo de presentaci\u00f3 de l\u2019Escola d\u2019Esplac 2020.<\/span><\/p>\n<p style=\"text-align: left;\"><div class=\"fusion-video fusion-youtube fusion-aligncenter\" style=\"--awb-max-width:600px;--awb-max-height:338px;--awb-width:100%;\"><div class=\"video-shortcode\"><div class=\"fluid-width-video-wrapper\" style=\"padding-top:56.33%;\" ><iframe class=\"fusion-hidden\" data-privacy-type=\"youtube\" src=\"\" title=\"YouTube video player 1\" data-privacy-src=\"https:\/\/www.youtube.com\/embed\/RXBFp-viCcg?wmode=transparent&autoplay=0\" width=\"600\" height=\"338\" allowfullscreen allow=\"autoplay; fullscreen\"><\/iframe><div class=\"fusion-privacy-placeholder\" style=\"width:600px; height:338px;\" data-privacy-type=\"youtube\"><div class=\"fusion-privacy-placeholder-content\"><div class=\"fusion-privacy-label\">For privacy reasons YouTube needs your permission to be loaded. For more details, please see our <a class=\"privacy-policy-link\" href=\"https:\/\/www.esplac.cat\/avis-legal\/\" rel=\"privacy-policy\">Av\u00eds Legal<\/a>.<\/div><a href=\"\" data-privacy-type=\"youtube\" class=\"fusion-button button-default fusion-button-default-size button fusion-privacy-consent\">I Accept<\/a><\/div><\/div><\/div><\/div><\/div><\/p>\n<h4><span style=\"color: #ff9900;\"><b>Inscripcions<\/b><\/span><\/h4>\n<p><span style=\"font-weight: 400;\">En <\/span><span style=\"color: #ff9900;\"><a style=\"color: #ff9900;\" href=\"https:\/\/infoesplac.typeform.com\/to\/c6VhKN\" target=\"_blank\" rel=\"noopener noreferrer\">aquest enlla\u00e7<\/a><\/span><span style=\"font-weight: 400;\"> us podeu inscriure directament a l\u2019Escola d\u2019Esplac.\u00a0<\/span><\/p>\n<\/div><div class=\"fusion-clearfix\"><\/div><\/div><\/div><\/div><\/div>\n","protected":false},"excerpt":{"rendered":"","protected":false},"author":3,"featured_media":30796,"comment_status":"closed","ping_status":"open","sticky":false,"template":"","format":"standard","meta":{"om_disable_all_campaigns":false,"_monsterinsights_skip_tracking":false,"_monsterinsights_sitenote_active":false,"_monsterinsights_sitenote_note":"","_monsterinsights_sitenote_category":0,"_uf_show_specific_survey":0,"_uf_disable_surveys":false,"footnotes":""},"categories":[1129],"tags":[92,1002,54,211,212,134,1034],"class_list":["post-30795","post","type-post","status-publish","format-standard","has-post-thumbnail","hentry","category-escola-desplac","tag-educacio","tag-educacio-popular","tag-formacio","tag-monitores","tag-monitors","tag-transformacio-social","tag-valors"],"yoast_head":"<!-- This site is optimized with the Yoast SEO plugin v27.4 - https:\/\/yoast.com\/product\/yoast-seo-wordpress\/ -->\n<title>Obrim inscripcions a l&#039;Escola d&#039;Esplac 2020 per a persones externes a Esplac - Esplac<\/title>\n<meta name=\"robots\" content=\"index, follow, max-snippet:-1, max-image-preview:large, max-video-preview:-1\" \/>\n<link rel=\"canonical\" href=\"https:\/\/www.esplac.cat\/en\/inscripcions-obertes-escola-esplac-externes\/\" \/>\n<meta property=\"og:locale\" content=\"en_US\" \/>\n<meta property=\"og:type\" content=\"article\" \/>\n<meta property=\"og:title\" content=\"Obrim inscripcions a l&#039;Escola d&#039;Esplac 2020 per a persones externes a Esplac - Esplac\" \/>\n<meta property=\"og:url\" content=\"https:\/\/www.esplac.cat\/en\/inscripcions-obertes-escola-esplac-externes\/\" \/>\n<meta property=\"og:site_name\" content=\"Esplac\" \/>\n<meta property=\"article:published_time\" content=\"2020-02-09T12:33:08+00:00\" \/>\n<meta property=\"article:modified_time\" content=\"2020-10-15T16:23:01+00:00\" \/>\n<meta property=\"og:image\" content=\"https:\/\/www.esplac.cat\/wp-content\/uploads\/2019\/11\/Apaisat_xarxes.png\" \/>\n\t<meta property=\"og:image:width\" content=\"946\" \/>\n\t<meta property=\"og:image:height\" content=\"350\" \/>\n\t<meta property=\"og:image:type\" content=\"image\/png\" \/>\n<meta name=\"author\" content=\"Comunicaci\u00f3 Esplac\" \/>\n<meta name=\"twitter:card\" content=\"summary_large_image\" \/>\n<meta name=\"twitter:label1\" content=\"Written by\" \/>\n\t<meta name=\"twitter:data1\" content=\"Comunicaci\u00f3 Esplac\" \/>\n\t<meta name=\"twitter:label2\" content=\"Est. reading time\" \/>\n\t<meta name=\"twitter:data2\" content=\"3 minutes\" \/>\n<script type=\"application\/ld+json\" class=\"yoast-schema-graph\">{\"@context\":\"https:\\\/\\\/schema.org\",\"@graph\":[{\"@type\":\"Article\",\"@id\":\"https:\\\/\\\/www.esplac.cat\\\/en\\\/inscripcions-obertes-escola-esplac-externes\\\/#article\",\"isPartOf\":{\"@id\":\"https:\\\/\\\/www.esplac.cat\\\/en\\\/inscripcions-obertes-escola-esplac-externes\\\/\"},\"author\":{\"name\":\"Comunicaci\u00f3 Esplac\",\"@id\":\"https:\\\/\\\/www.esplac.cat\\\/#\\\/schema\\\/person\\\/908383cf240be18b68f8855d0583faca\"},\"headline\":\"Obrim inscripcions a l&#8217;Escola d&#8217;Esplac 2020 per a persones externes a Esplac\",\"datePublished\":\"2020-02-09T12:33:08+00:00\",\"dateModified\":\"2020-10-15T16:23:01+00:00\",\"mainEntityOfPage\":{\"@id\":\"https:\\\/\\\/www.esplac.cat\\\/en\\\/inscripcions-obertes-escola-esplac-externes\\\/\"},\"wordCount\":554,\"publisher\":{\"@id\":\"https:\\\/\\\/www.esplac.cat\\\/#organization\"},\"image\":{\"@id\":\"https:\\\/\\\/www.esplac.cat\\\/en\\\/inscripcions-obertes-escola-esplac-externes\\\/#primaryimage\"},\"thumbnailUrl\":\"https:\\\/\\\/www.esplac.cat\\\/wp-content\\\/uploads\\\/2019\\\/11\\\/Apaisat_xarxes.png\",\"keywords\":[\"educaci\u00f3\",\"educaci\u00f3 popular\",\"formaci\u00f3\",\"monitores\",\"monitors\",\"transformaci\u00f3 social\",\"valors\"],\"articleSection\":[\"Escola d'Esplac\"],\"inLanguage\":\"en-US\"},{\"@type\":\"WebPage\",\"@id\":\"https:\\\/\\\/www.esplac.cat\\\/en\\\/inscripcions-obertes-escola-esplac-externes\\\/\",\"url\":\"https:\\\/\\\/www.esplac.cat\\\/en\\\/inscripcions-obertes-escola-esplac-externes\\\/\",\"name\":\"Obrim inscripcions a l'Escola d'Esplac 2020 per a persones externes a Esplac - Esplac\",\"isPartOf\":{\"@id\":\"https:\\\/\\\/www.esplac.cat\\\/#website\"},\"primaryImageOfPage\":{\"@id\":\"https:\\\/\\\/www.esplac.cat\\\/en\\\/inscripcions-obertes-escola-esplac-externes\\\/#primaryimage\"},\"image\":{\"@id\":\"https:\\\/\\\/www.esplac.cat\\\/en\\\/inscripcions-obertes-escola-esplac-externes\\\/#primaryimage\"},\"thumbnailUrl\":\"https:\\\/\\\/www.esplac.cat\\\/wp-content\\\/uploads\\\/2019\\\/11\\\/Apaisat_xarxes.png\",\"datePublished\":\"2020-02-09T12:33:08+00:00\",\"dateModified\":\"2020-10-15T16:23:01+00:00\",\"breadcrumb\":{\"@id\":\"https:\\\/\\\/www.esplac.cat\\\/en\\\/inscripcions-obertes-escola-esplac-externes\\\/#breadcrumb\"},\"inLanguage\":\"en-US\",\"potentialAction\":[{\"@type\":\"ReadAction\",\"target\":[\"https:\\\/\\\/www.esplac.cat\\\/en\\\/inscripcions-obertes-escola-esplac-externes\\\/\"]}]},{\"@type\":\"ImageObject\",\"inLanguage\":\"en-US\",\"@id\":\"https:\\\/\\\/www.esplac.cat\\\/en\\\/inscripcions-obertes-escola-esplac-externes\\\/#primaryimage\",\"url\":\"https:\\\/\\\/www.esplac.cat\\\/wp-content\\\/uploads\\\/2019\\\/11\\\/Apaisat_xarxes.png\",\"contentUrl\":\"https:\\\/\\\/www.esplac.cat\\\/wp-content\\\/uploads\\\/2019\\\/11\\\/Apaisat_xarxes.png\",\"width\":946,\"height\":350},{\"@type\":\"BreadcrumbList\",\"@id\":\"https:\\\/\\\/www.esplac.cat\\\/en\\\/inscripcions-obertes-escola-esplac-externes\\\/#breadcrumb\",\"itemListElement\":[{\"@type\":\"ListItem\",\"position\":1,\"name\":\"Inici\",\"item\":\"https:\\\/\\\/www.esplac.cat\\\/en\\\/\"},{\"@type\":\"ListItem\",\"position\":2,\"name\":\"Obrim inscripcions a l&#8217;Escola d&#8217;Esplac 2020 per a persones externes a Esplac\"}]},{\"@type\":\"WebSite\",\"@id\":\"https:\\\/\\\/www.esplac.cat\\\/#website\",\"url\":\"https:\\\/\\\/www.esplac.cat\\\/\",\"name\":\"Esplac\",\"description\":\"Esplais Catalans\",\"publisher\":{\"@id\":\"https:\\\/\\\/www.esplac.cat\\\/#organization\"},\"potentialAction\":[{\"@type\":\"SearchAction\",\"target\":{\"@type\":\"EntryPoint\",\"urlTemplate\":\"https:\\\/\\\/www.esplac.cat\\\/?s={search_term_string}\"},\"query-input\":{\"@type\":\"PropertyValueSpecification\",\"valueRequired\":true,\"valueName\":\"search_term_string\"}}],\"inLanguage\":\"en-US\"},{\"@type\":\"Organization\",\"@id\":\"https:\\\/\\\/www.esplac.cat\\\/#organization\",\"name\":\"Esplac\",\"url\":\"https:\\\/\\\/www.esplac.cat\\\/\",\"logo\":{\"@type\":\"ImageObject\",\"inLanguage\":\"en-US\",\"@id\":\"https:\\\/\\\/www.esplac.cat\\\/#\\\/schema\\\/logo\\\/image\\\/\",\"url\":\"https:\\\/\\\/www.esplac.cat\\\/wp-content\\\/uploads\\\/2019\\\/08\\\/logox2.png\",\"contentUrl\":\"https:\\\/\\\/www.esplac.cat\\\/wp-content\\\/uploads\\\/2019\\\/08\\\/logox2.png\",\"width\":600,\"height\":295,\"caption\":\"Esplac\"},\"image\":{\"@id\":\"https:\\\/\\\/www.esplac.cat\\\/#\\\/schema\\\/logo\\\/image\\\/\"}},{\"@type\":\"Person\",\"@id\":\"https:\\\/\\\/www.esplac.cat\\\/#\\\/schema\\\/person\\\/908383cf240be18b68f8855d0583faca\",\"name\":\"Comunicaci\u00f3 Esplac\",\"image\":{\"@type\":\"ImageObject\",\"inLanguage\":\"en-US\",\"@id\":\"https:\\\/\\\/secure.gravatar.com\\\/avatar\\\/7a4cf8feb412a76ea4a740ca02d95b06b2907b5a6c648c2dd0a1082a093c3141?s=96&d=mm&r=g\",\"url\":\"https:\\\/\\\/secure.gravatar.com\\\/avatar\\\/7a4cf8feb412a76ea4a740ca02d95b06b2907b5a6c648c2dd0a1082a093c3141?s=96&d=mm&r=g\",\"contentUrl\":\"https:\\\/\\\/secure.gravatar.com\\\/avatar\\\/7a4cf8feb412a76ea4a740ca02d95b06b2907b5a6c648c2dd0a1082a093c3141?s=96&d=mm&r=g\",\"caption\":\"Comunicaci\u00f3 Esplac\"}}]}<\/script>\n<!-- \/ Yoast SEO plugin. -->","yoast_head_json":{"title":"Obrim inscripcions a l'Escola d'Esplac 2020 per a persones externes a Esplac - Esplac","robots":{"index":"index","follow":"follow","max-snippet":"max-snippet:-1","max-image-preview":"max-image-preview:large","max-video-preview":"max-video-preview:-1"},"canonical":"https:\/\/www.esplac.cat\/en\/inscripcions-obertes-escola-esplac-externes\/","og_locale":"en_US","og_type":"article","og_title":"Obrim inscripcions a l'Escola d'Esplac 2020 per a persones externes a Esplac - Esplac","og_url":"https:\/\/www.esplac.cat\/en\/inscripcions-obertes-escola-esplac-externes\/","og_site_name":"Esplac","article_published_time":"2020-02-09T12:33:08+00:00","article_modified_time":"2020-10-15T16:23:01+00:00","og_image":[{"width":946,"height":350,"url":"https:\/\/www.esplac.cat\/wp-content\/uploads\/2019\/11\/Apaisat_xarxes.png","type":"image\/png"}],"author":"Comunicaci\u00f3 Esplac","twitter_card":"summary_large_image","twitter_misc":{"Written by":"Comunicaci\u00f3 Esplac","Est. reading time":"3 minutes"},"schema":{"@context":"https:\/\/schema.org","@graph":[{"@type":"Article","@id":"https:\/\/www.esplac.cat\/en\/inscripcions-obertes-escola-esplac-externes\/#article","isPartOf":{"@id":"https:\/\/www.esplac.cat\/en\/inscripcions-obertes-escola-esplac-externes\/"},"author":{"name":"Comunicaci\u00f3 Esplac","@id":"https:\/\/www.esplac.cat\/#\/schema\/person\/908383cf240be18b68f8855d0583faca"},"headline":"Obrim inscripcions a l&#8217;Escola d&#8217;Esplac 2020 per a persones externes a Esplac","datePublished":"2020-02-09T12:33:08+00:00","dateModified":"2020-10-15T16:23:01+00:00","mainEntityOfPage":{"@id":"https:\/\/www.esplac.cat\/en\/inscripcions-obertes-escola-esplac-externes\/"},"wordCount":554,"publisher":{"@id":"https:\/\/www.esplac.cat\/#organization"},"image":{"@id":"https:\/\/www.esplac.cat\/en\/inscripcions-obertes-escola-esplac-externes\/#primaryimage"},"thumbnailUrl":"https:\/\/www.esplac.cat\/wp-content\/uploads\/2019\/11\/Apaisat_xarxes.png","keywords":["educaci\u00f3","educaci\u00f3 popular","formaci\u00f3","monitores","monitors","transformaci\u00f3 social","valors"],"articleSection":["Escola d'Esplac"],"inLanguage":"en-US"},{"@type":"WebPage","@id":"https:\/\/www.esplac.cat\/en\/inscripcions-obertes-escola-esplac-externes\/","url":"https:\/\/www.esplac.cat\/en\/inscripcions-obertes-escola-esplac-externes\/","name":"Obrim inscripcions a l'Escola d'Esplac 2020 per a persones externes a Esplac - Esplac","isPartOf":{"@id":"https:\/\/www.esplac.cat\/#website"},"primaryImageOfPage":{"@id":"https:\/\/www.esplac.cat\/en\/inscripcions-obertes-escola-esplac-externes\/#primaryimage"},"image":{"@id":"https:\/\/www.esplac.cat\/en\/inscripcions-obertes-escola-esplac-externes\/#primaryimage"},"thumbnailUrl":"https:\/\/www.esplac.cat\/wp-content\/uploads\/2019\/11\/Apaisat_xarxes.png","datePublished":"2020-02-09T12:33:08+00:00","dateModified":"2020-10-15T16:23:01+00:00","breadcrumb":{"@id":"https:\/\/www.esplac.cat\/en\/inscripcions-obertes-escola-esplac-externes\/#breadcrumb"},"inLanguage":"en-US","potentialAction":[{"@type":"ReadAction","target":["https:\/\/www.esplac.cat\/en\/inscripcions-obertes-escola-esplac-externes\/"]}]},{"@type":"ImageObject","inLanguage":"en-US","@id":"https:\/\/www.esplac.cat\/en\/inscripcions-obertes-escola-esplac-externes\/#primaryimage","url":"https:\/\/www.esplac.cat\/wp-content\/uploads\/2019\/11\/Apaisat_xarxes.png","contentUrl":"https:\/\/www.esplac.cat\/wp-content\/uploads\/2019\/11\/Apaisat_xarxes.png","width":946,"height":350},{"@type":"BreadcrumbList","@id":"https:\/\/www.esplac.cat\/en\/inscripcions-obertes-escola-esplac-externes\/#breadcrumb","itemListElement":[{"@type":"ListItem","position":1,"name":"Inici","item":"https:\/\/www.esplac.cat\/en\/"},{"@type":"ListItem","position":2,"name":"Obrim inscripcions a l&#8217;Escola d&#8217;Esplac 2020 per a persones externes a Esplac"}]},{"@type":"WebSite","@id":"https:\/\/www.esplac.cat\/#website","url":"https:\/\/www.esplac.cat\/","name":"Esplac","description":"Esplais Catalans","publisher":{"@id":"https:\/\/www.esplac.cat\/#organization"},"potentialAction":[{"@type":"SearchAction","target":{"@type":"EntryPoint","urlTemplate":"https:\/\/www.esplac.cat\/?s={search_term_string}"},"query-input":{"@type":"PropertyValueSpecification","valueRequired":true,"valueName":"search_term_string"}}],"inLanguage":"en-US"},{"@type":"Organization","@id":"https:\/\/www.esplac.cat\/#organization","name":"Esplac","url":"https:\/\/www.esplac.cat\/","logo":{"@type":"ImageObject","inLanguage":"en-US","@id":"https:\/\/www.esplac.cat\/#\/schema\/logo\/image\/","url":"https:\/\/www.esplac.cat\/wp-content\/uploads\/2019\/08\/logox2.png","contentUrl":"https:\/\/www.esplac.cat\/wp-content\/uploads\/2019\/08\/logox2.png","width":600,"height":295,"caption":"Esplac"},"image":{"@id":"https:\/\/www.esplac.cat\/#\/schema\/logo\/image\/"}},{"@type":"Person","@id":"https:\/\/www.esplac.cat\/#\/schema\/person\/908383cf240be18b68f8855d0583faca","name":"Comunicaci\u00f3 Esplac","image":{"@type":"ImageObject","inLanguage":"en-US","@id":"https:\/\/secure.gravatar.com\/avatar\/7a4cf8feb412a76ea4a740ca02d95b06b2907b5a6c648c2dd0a1082a093c3141?s=96&d=mm&r=g","url":"https:\/\/secure.gravatar.com\/avatar\/7a4cf8feb412a76ea4a740ca02d95b06b2907b5a6c648c2dd0a1082a093c3141?s=96&d=mm&r=g","contentUrl":"https:\/\/secure.gravatar.com\/avatar\/7a4cf8feb412a76ea4a740ca02d95b06b2907b5a6c648c2dd0a1082a093c3141?s=96&d=mm&r=g","caption":"Comunicaci\u00f3 Esplac"}}]}},"_links":{"self":[{"href":"https:\/\/www.esplac.cat\/en\/wp-json\/wp\/v2\/posts\/30795","targetHints":{"allow":["GET"]}}],"collection":[{"href":"https:\/\/www.esplac.cat\/en\/wp-json\/wp\/v2\/posts"}],"about":[{"href":"https:\/\/www.esplac.cat\/en\/wp-json\/wp\/v2\/types\/post"}],"author":[{"embeddable":true,"href":"https:\/\/www.esplac.cat\/en\/wp-json\/wp\/v2\/users\/3"}],"replies":[{"embeddable":true,"href":"https:\/\/www.esplac.cat\/en\/wp-json\/wp\/v2\/comments?post=30795"}],"version-history":[{"count":0,"href":"https:\/\/www.esplac.cat\/en\/wp-json\/wp\/v2\/posts\/30795\/revisions"}],"wp:featuredmedia":[{"embeddable":true,"href":"https:\/\/www.esplac.cat\/en\/wp-json\/wp\/v2\/media\/30796"}],"wp:attachment":[{"href":"https:\/\/www.esplac.cat\/en\/wp-json\/wp\/v2\/media?parent=30795"}],"wp:term":[{"taxonomy":"category","embeddable":true,"href":"https:\/\/www.esplac.cat\/en\/wp-json\/wp\/v2\/categories?post=30795"},{"taxonomy":"post_tag","embeddable":true,"href":"https:\/\/www.esplac.cat\/en\/wp-json\/wp\/v2\/tags?post=30795"}],"curies":[{"name":"wp","href":"https:\/\/api.w.org\/{rel}","templated":true}]}}