{"id":30858,"date":"2020-02-14T12:06:22","date_gmt":"2020-02-14T11:06:22","guid":{"rendered":"https:\/\/www.esplac.cat\/?p=30858"},"modified":"2021-03-24T13:17:14","modified_gmt":"2021-03-24T12:17:14","slug":"retorn-jornades-dissidents","status":"publish","type":"post","link":"https:\/\/www.esplac.cat\/en\/retorn-jornades-dissidents\/","title":{"rendered":"Revisant privilegis i coneixent realitats trans* a les primeres Jornades Dissidents!"},"content":{"rendered":"<div class=\"fusion-fullwidth fullwidth-box fusion-builder-row-1 nonhundred-percent-fullwidth non-hundred-percent-height-scrolling\" style=\"--awb-border-radius-top-left:0px;--awb-border-radius-top-right:0px;--awb-border-radius-bottom-right:0px;--awb-border-radius-bottom-left:0px;--awb-flex-wrap:wrap;\" ><div class=\"fusion-builder-row fusion-row\"><div class=\"fusion-layout-column fusion_builder_column fusion-builder-column-0 fusion_builder_column_1_1 1_1 fusion-one-full fusion-column-first fusion-column-last\" style=\"--awb-bg-size:cover;--awb-margin-bottom:0px;\"><div class=\"fusion-column-wrapper fusion-flex-column-wrapper-legacy\"><div class=\"fusion-text fusion-text-1\"><h4>El passat diumenge 9 de febrer es van celebrar les primeres Jornades Dissidents a l&#8217;espai ve\u00efnal Cal\u00e0bria 66, organitzades per la Comissi\u00f3 de G\u00e8neres i Sexualitats Diverses i Dissidents (GSDD). Van ser tot un \u00e8xit!<\/h4>\n<div dir=\"auto\">La comi de G\u00e8neres i Sexualitats Diverses i Dissidents d\u2019Esplac, formada fa dos anys, ha organitzat aquest diumenge 9 de febrer les seves primeres jornades des que s&#8217;ha constitu\u00eft com a comissi\u00f3. La tem\u00e0tica escollida va ser <strong>perspectiva trans*<\/strong>, per poder donar veu a aquestes persones i oferir un espai on visibilitzar aquesta realitat i poder formar a monitores i s\u00f2cies per tal que siguin capaces d&#8217;educar de forma m\u00e9s transinclusiva.<\/div>\n<div dir=\"auto\"><\/div>\n<div dir=\"auto\">Durant al mat\u00ed, despr\u00e9s d\u2019una breu introducci\u00f3 als conceptes de sexe, g\u00e8nere, orientaci\u00f3 sexual&#8230;, es van realitzar tres rallers: transf\u00f2bia i capacitisme a c\u00e0rrec del Leo; taller drag a c\u00e0rrec de Las Marikarmen (Vict\u00f2ria i Contamina) i el taller sobre privilegis i realitats trans* a c\u00e0rrec de la Mart\u00ed i el Zoe.<\/div>\n<div dir=\"auto\" style=\"text-align: center;\">_<\/div>\n<p><img decoding=\"async\" class=\"aligncenter wp-image-30875\" src=\"https:\/\/www.esplac.cat\/wp-content\/uploads\/2020\/02\/IMG-20200210-WA0007-1.jpg\" alt=\"Fotografia feta amb un m\u00f2bil al mirall on surten 10 persones disfressades amb perruques, vesits, faldilles, barrets i maquillatge!\" width=\"482\" height=\"361\" srcset=\"https:\/\/www.esplac.cat\/wp-content\/uploads\/2020\/02\/IMG-20200210-WA0007-1-200x150.jpg 200w, https:\/\/www.esplac.cat\/wp-content\/uploads\/2020\/02\/IMG-20200210-WA0007-1-300x225.jpg 300w, https:\/\/www.esplac.cat\/wp-content\/uploads\/2020\/02\/IMG-20200210-WA0007-1-400x300.jpg 400w, https:\/\/www.esplac.cat\/wp-content\/uploads\/2020\/02\/IMG-20200210-WA0007-1-600x450.jpg 600w, https:\/\/www.esplac.cat\/wp-content\/uploads\/2020\/02\/IMG-20200210-WA0007-1-768x576.jpg 768w, https:\/\/www.esplac.cat\/wp-content\/uploads\/2020\/02\/IMG-20200210-WA0007-1-800x600.jpg 800w, https:\/\/www.esplac.cat\/wp-content\/uploads\/2020\/02\/IMG-20200210-WA0007-1-1024x768.jpg 1024w, https:\/\/www.esplac.cat\/wp-content\/uploads\/2020\/02\/IMG-20200210-WA0007-1-1200x900.jpg 1200w, https:\/\/www.esplac.cat\/wp-content\/uploads\/2020\/02\/IMG-20200210-WA0007-1-1536x1152.jpg 1536w, https:\/\/www.esplac.cat\/wp-content\/uploads\/2020\/02\/IMG-20200210-WA0007-1.jpg 1600w\" sizes=\"(max-width: 482px) 100vw, 482px\" \/><\/p>\n<div dir=\"auto\">Per dinar, l\u2019esplai Totikap de Sant Antoni van oferir un arr\u00f2s amb verdures, com a part d&#8217;una campanya econ\u00f2mica pr\u00f2pia de l&#8217;esplai. Despr\u00e9s, va venir la sorpresa del dia: recital de poesia trans* a c\u00e0rrec del Bruno, la Cristina (guitarra), i que va ser tradu\u00eft simult\u00e0niament a la <strong>llengua de signes.<\/strong><\/div>\n<div dir=\"auto\"><\/div>\n<div dir=\"auto\">Finalment, a la tarda, es van dur a terme dos tallers sobre <strong>acompanyament a infants trans*<\/strong> i l\u2019altre m\u00e9s encarat a <strong>joves trans*<\/strong>. Per tancar les jornades, cada participant va escriure un titular o frase sobre el que m\u00e9s li havia agradat, apr\u00e8s o sorpr\u00e8s. Es van pensar, tamb\u00e9, activitats espec\u00edfiques<\/div>\n<div dir=\"auto\">per cada grup d&#8217;edat. La comi GSDD les recollir\u00e0 en un document i crear\u00e0 un recurs pels esplais i caus.<\/div>\n<div dir=\"auto\"><\/div>\n<div dir=\"auto\">La comi valora molt positivament les jornades i continua l\u2019any amb m\u00e9s ganes que mai de continuar transformant l\u2019entorn per fer-lo m\u00e9s lliure i segur per totes les persones. Vol donar les gr\u00e0cies a totes les talleristes i ponents per venir a les jornades i fer-les possibles. Tamb\u00e9, agrair a tota la gent que va assistir-hi com a participant!<\/div>\n<div dir=\"auto\"><\/div>\n<div dir=\"auto\">Si tu tamb\u00e9 vols formar part d&#8217;aquesta comissi\u00f3, recorda que la pr\u00f2xima reuni\u00f3 es far\u00e0 el dia 12 de mar\u00e7 a l&#8217;espai Cal\u00e0bria 66. Us animem molt fort a compartir aquests espais amb la resta de companyes!<\/div>\n<div dir=\"auto\" style=\"text-align: center;\">_<\/div>\n<p><img decoding=\"async\" class=\"aligncenter wp-image-30862\" src=\"https:\/\/www.esplac.cat\/wp-content\/uploads\/2020\/02\/portadajortrans3.jpg\" alt=\"Fotografia on surten dues persones amb un micr\u00f2fon al davant fent la pon\u00e8ncia introduct\u00f2ria a les jornades. Veiem tamb\u00e9 unes quantes persones del p\u00fablic. \" width=\"469\" height=\"194\" srcset=\"https:\/\/www.esplac.cat\/wp-content\/uploads\/2020\/02\/portadajortrans3-200x83.jpg 200w, https:\/\/www.esplac.cat\/wp-content\/uploads\/2020\/02\/portadajortrans3-300x124.jpg 300w, https:\/\/www.esplac.cat\/wp-content\/uploads\/2020\/02\/portadajortrans3-400x165.jpg 400w, https:\/\/www.esplac.cat\/wp-content\/uploads\/2020\/02\/portadajortrans3-600x248.jpg 600w, https:\/\/www.esplac.cat\/wp-content\/uploads\/2020\/02\/portadajortrans3-768x317.jpg 768w, https:\/\/www.esplac.cat\/wp-content\/uploads\/2020\/02\/portadajortrans3-800x331.jpg 800w, https:\/\/www.esplac.cat\/wp-content\/uploads\/2020\/02\/portadajortrans3-1024x423.jpg 1024w, https:\/\/www.esplac.cat\/wp-content\/uploads\/2020\/02\/portadajortrans3-1200x496.jpg 1200w, https:\/\/www.esplac.cat\/wp-content\/uploads\/2020\/02\/portadajortrans3-1536x635.jpg 1536w, https:\/\/www.esplac.cat\/wp-content\/uploads\/2020\/02\/portadajortrans3.jpg 1694w\" sizes=\"(max-width: 469px) 100vw, 469px\" \/><img decoding=\"async\" class=\"aligncenter wp-image-30859\" src=\"https:\/\/www.esplac.cat\/wp-content\/uploads\/2020\/02\/portadajortrans4.jpg\" alt=\"Fotografia general de les jornades on veiem tot l'espai ple de cadires amb les assistents i al fons, a l'escenari, dues persones amb un micr\u00f2fon fent la xerrada inagural.\" width=\"471\" height=\"195\" srcset=\"https:\/\/www.esplac.cat\/wp-content\/uploads\/2020\/02\/portadajortrans4-200x83.jpg 200w, https:\/\/www.esplac.cat\/wp-content\/uploads\/2020\/02\/portadajortrans4-300x124.jpg 300w, https:\/\/www.esplac.cat\/wp-content\/uploads\/2020\/02\/portadajortrans4-400x165.jpg 400w, https:\/\/www.esplac.cat\/wp-content\/uploads\/2020\/02\/portadajortrans4-600x248.jpg 600w, https:\/\/www.esplac.cat\/wp-content\/uploads\/2020\/02\/portadajortrans4-768x317.jpg 768w, https:\/\/www.esplac.cat\/wp-content\/uploads\/2020\/02\/portadajortrans4-800x331.jpg 800w, https:\/\/www.esplac.cat\/wp-content\/uploads\/2020\/02\/portadajortrans4-1024x423.jpg 1024w, https:\/\/www.esplac.cat\/wp-content\/uploads\/2020\/02\/portadajortrans4-1200x496.jpg 1200w, https:\/\/www.esplac.cat\/wp-content\/uploads\/2020\/02\/portadajortrans4-1536x635.jpg 1536w, https:\/\/www.esplac.cat\/wp-content\/uploads\/2020\/02\/portadajortrans4.jpg 1694w\" sizes=\"(max-width: 471px) 100vw, 471px\" \/><\/p>\n<\/div><div class=\"fusion-clearfix\"><\/div><\/div><\/div><\/div><\/div>\n","protected":false},"excerpt":{"rendered":"","protected":false},"author":3,"featured_media":30868,"comment_status":"closed","ping_status":"open","sticky":false,"template":"","format":"standard","meta":{"om_disable_all_campaigns":false,"_monsterinsights_skip_tracking":false,"_monsterinsights_sitenote_active":false,"_monsterinsights_sitenote_note":"","_monsterinsights_sitenote_category":0,"_uf_show_specific_survey":0,"_uf_disable_surveys":false,"footnotes":""},"categories":[1119,1160],"tags":[1242,1002,1269,1241,1268,134],"class_list":["post-30858","post","type-post","status-publish","format-standard","has-post-thumbnail","hentry","category-activitats-comissions-grups-de-treball","category-comissio-gsdd","tag-calabria-66","tag-educacio-popular","tag-generes","tag-jornades-dissidents","tag-perspectiva-trans","tag-transformacio-social"],"yoast_head":"<!-- This site is optimized with the Yoast SEO plugin v27.4 - https:\/\/yoast.com\/product\/yoast-seo-wordpress\/ -->\n<title>Revisant privilegis i coneixent realitats trans* a les primeres Jornades Dissidents! - Esplac<\/title>\n<meta name=\"robots\" content=\"index, follow, max-snippet:-1, max-image-preview:large, max-video-preview:-1\" \/>\n<link rel=\"canonical\" href=\"https:\/\/www.esplac.cat\/retorn-jornades-dissidents\/\" \/>\n<meta property=\"og:locale\" content=\"en_US\" \/>\n<meta property=\"og:type\" content=\"article\" \/>\n<meta property=\"og:title\" content=\"Revisant privilegis i coneixent realitats trans* a les primeres Jornades Dissidents! - Esplac\" \/>\n<meta property=\"og:url\" content=\"https:\/\/www.esplac.cat\/retorn-jornades-dissidents\/\" \/>\n<meta property=\"og:site_name\" content=\"Esplac\" \/>\n<meta property=\"article:published_time\" content=\"2020-02-14T11:06:22+00:00\" \/>\n<meta property=\"article:modified_time\" content=\"2021-03-24T12:17:14+00:00\" \/>\n<meta property=\"og:image\" content=\"https:\/\/www.esplac.cat\/wp-content\/uploads\/2020\/02\/portadajjornades1.jpg\" \/>\n\t<meta property=\"og:image:width\" content=\"1694\" \/>\n\t<meta property=\"og:image:height\" content=\"700\" \/>\n\t<meta property=\"og:image:type\" content=\"image\/jpeg\" \/>\n<meta name=\"author\" content=\"Comunicaci\u00f3 Esplac\" \/>\n<meta name=\"twitter:card\" content=\"summary_large_image\" \/>\n<meta name=\"twitter:image\" content=\"https:\/\/www.esplac.cat\/wp-content\/uploads\/2020\/02\/portadajjornades1.jpg\" \/>\n<meta name=\"twitter:label1\" content=\"Written by\" \/>\n\t<meta name=\"twitter:data1\" content=\"Comunicaci\u00f3 Esplac\" \/>\n\t<meta name=\"twitter:label2\" content=\"Est. reading time\" \/>\n\t<meta name=\"twitter:data2\" content=\"3 minutes\" \/>\n<script type=\"application\/ld+json\" class=\"yoast-schema-graph\">{\"@context\":\"https:\\\/\\\/schema.org\",\"@graph\":[{\"@type\":\"Article\",\"@id\":\"https:\\\/\\\/www.esplac.cat\\\/retorn-jornades-dissidents\\\/#article\",\"isPartOf\":{\"@id\":\"https:\\\/\\\/www.esplac.cat\\\/retorn-jornades-dissidents\\\/\"},\"author\":{\"name\":\"Comunicaci\u00f3 Esplac\",\"@id\":\"https:\\\/\\\/www.esplac.cat\\\/#\\\/schema\\\/person\\\/908383cf240be18b68f8855d0583faca\"},\"headline\":\"Revisant privilegis i coneixent realitats trans* a les primeres Jornades Dissidents!\",\"datePublished\":\"2020-02-14T11:06:22+00:00\",\"dateModified\":\"2021-03-24T12:17:14+00:00\",\"mainEntityOfPage\":{\"@id\":\"https:\\\/\\\/www.esplac.cat\\\/retorn-jornades-dissidents\\\/\"},\"wordCount\":619,\"publisher\":{\"@id\":\"https:\\\/\\\/www.esplac.cat\\\/#organization\"},\"image\":{\"@id\":\"https:\\\/\\\/www.esplac.cat\\\/retorn-jornades-dissidents\\\/#primaryimage\"},\"thumbnailUrl\":\"https:\\\/\\\/www.esplac.cat\\\/wp-content\\\/uploads\\\/2020\\\/02\\\/portadajjornades1.jpg\",\"keywords\":[\"Cal\u00e0bria 66\",\"educaci\u00f3 popular\",\"G\u00e8neres\",\"Jornades Dissidents\",\"perspectiva trans\",\"transformaci\u00f3 social\"],\"articleSection\":[\"Activitats comissions i grups de treball\",\"Comissi\u00f3 GSDD\"],\"inLanguage\":\"en-US\"},{\"@type\":\"WebPage\",\"@id\":\"https:\\\/\\\/www.esplac.cat\\\/retorn-jornades-dissidents\\\/\",\"url\":\"https:\\\/\\\/www.esplac.cat\\\/retorn-jornades-dissidents\\\/\",\"name\":\"Revisant privilegis i coneixent realitats trans* a les primeres Jornades Dissidents! - Esplac\",\"isPartOf\":{\"@id\":\"https:\\\/\\\/www.esplac.cat\\\/#website\"},\"primaryImageOfPage\":{\"@id\":\"https:\\\/\\\/www.esplac.cat\\\/retorn-jornades-dissidents\\\/#primaryimage\"},\"image\":{\"@id\":\"https:\\\/\\\/www.esplac.cat\\\/retorn-jornades-dissidents\\\/#primaryimage\"},\"thumbnailUrl\":\"https:\\\/\\\/www.esplac.cat\\\/wp-content\\\/uploads\\\/2020\\\/02\\\/portadajjornades1.jpg\",\"datePublished\":\"2020-02-14T11:06:22+00:00\",\"dateModified\":\"2021-03-24T12:17:14+00:00\",\"breadcrumb\":{\"@id\":\"https:\\\/\\\/www.esplac.cat\\\/retorn-jornades-dissidents\\\/#breadcrumb\"},\"inLanguage\":\"en-US\",\"potentialAction\":[{\"@type\":\"ReadAction\",\"target\":[\"https:\\\/\\\/www.esplac.cat\\\/retorn-jornades-dissidents\\\/\"]}]},{\"@type\":\"ImageObject\",\"inLanguage\":\"en-US\",\"@id\":\"https:\\\/\\\/www.esplac.cat\\\/retorn-jornades-dissidents\\\/#primaryimage\",\"url\":\"https:\\\/\\\/www.esplac.cat\\\/wp-content\\\/uploads\\\/2020\\\/02\\\/portadajjornades1.jpg\",\"contentUrl\":\"https:\\\/\\\/www.esplac.cat\\\/wp-content\\\/uploads\\\/2020\\\/02\\\/portadajjornades1.jpg\",\"width\":1694,\"height\":700},{\"@type\":\"BreadcrumbList\",\"@id\":\"https:\\\/\\\/www.esplac.cat\\\/retorn-jornades-dissidents\\\/#breadcrumb\",\"itemListElement\":[{\"@type\":\"ListItem\",\"position\":1,\"name\":\"Inici\",\"item\":\"https:\\\/\\\/www.esplac.cat\\\/en\\\/\"},{\"@type\":\"ListItem\",\"position\":2,\"name\":\"Revisant privilegis i coneixent realitats trans* a les primeres Jornades Dissidents!\"}]},{\"@type\":\"WebSite\",\"@id\":\"https:\\\/\\\/www.esplac.cat\\\/#website\",\"url\":\"https:\\\/\\\/www.esplac.cat\\\/\",\"name\":\"Esplac\",\"description\":\"Esplais Catalans\",\"publisher\":{\"@id\":\"https:\\\/\\\/www.esplac.cat\\\/#organization\"},\"potentialAction\":[{\"@type\":\"SearchAction\",\"target\":{\"@type\":\"EntryPoint\",\"urlTemplate\":\"https:\\\/\\\/www.esplac.cat\\\/?s={search_term_string}\"},\"query-input\":{\"@type\":\"PropertyValueSpecification\",\"valueRequired\":true,\"valueName\":\"search_term_string\"}}],\"inLanguage\":\"en-US\"},{\"@type\":\"Organization\",\"@id\":\"https:\\\/\\\/www.esplac.cat\\\/#organization\",\"name\":\"Esplac\",\"url\":\"https:\\\/\\\/www.esplac.cat\\\/\",\"logo\":{\"@type\":\"ImageObject\",\"inLanguage\":\"en-US\",\"@id\":\"https:\\\/\\\/www.esplac.cat\\\/#\\\/schema\\\/logo\\\/image\\\/\",\"url\":\"https:\\\/\\\/www.esplac.cat\\\/wp-content\\\/uploads\\\/2019\\\/08\\\/logox2.png\",\"contentUrl\":\"https:\\\/\\\/www.esplac.cat\\\/wp-content\\\/uploads\\\/2019\\\/08\\\/logox2.png\",\"width\":600,\"height\":295,\"caption\":\"Esplac\"},\"image\":{\"@id\":\"https:\\\/\\\/www.esplac.cat\\\/#\\\/schema\\\/logo\\\/image\\\/\"}},{\"@type\":\"Person\",\"@id\":\"https:\\\/\\\/www.esplac.cat\\\/#\\\/schema\\\/person\\\/908383cf240be18b68f8855d0583faca\",\"name\":\"Comunicaci\u00f3 Esplac\",\"image\":{\"@type\":\"ImageObject\",\"inLanguage\":\"en-US\",\"@id\":\"https:\\\/\\\/secure.gravatar.com\\\/avatar\\\/7a4cf8feb412a76ea4a740ca02d95b06b2907b5a6c648c2dd0a1082a093c3141?s=96&d=mm&r=g\",\"url\":\"https:\\\/\\\/secure.gravatar.com\\\/avatar\\\/7a4cf8feb412a76ea4a740ca02d95b06b2907b5a6c648c2dd0a1082a093c3141?s=96&d=mm&r=g\",\"contentUrl\":\"https:\\\/\\\/secure.gravatar.com\\\/avatar\\\/7a4cf8feb412a76ea4a740ca02d95b06b2907b5a6c648c2dd0a1082a093c3141?s=96&d=mm&r=g\",\"caption\":\"Comunicaci\u00f3 Esplac\"}}]}<\/script>\n<!-- \/ Yoast SEO plugin. -->","yoast_head_json":{"title":"Revisant privilegis i coneixent realitats trans* a les primeres Jornades Dissidents! - Esplac","robots":{"index":"index","follow":"follow","max-snippet":"max-snippet:-1","max-image-preview":"max-image-preview:large","max-video-preview":"max-video-preview:-1"},"canonical":"https:\/\/www.esplac.cat\/retorn-jornades-dissidents\/","og_locale":"en_US","og_type":"article","og_title":"Revisant privilegis i coneixent realitats trans* a les primeres Jornades Dissidents! - Esplac","og_url":"https:\/\/www.esplac.cat\/retorn-jornades-dissidents\/","og_site_name":"Esplac","article_published_time":"2020-02-14T11:06:22+00:00","article_modified_time":"2021-03-24T12:17:14+00:00","og_image":[{"width":1694,"height":700,"url":"https:\/\/www.esplac.cat\/wp-content\/uploads\/2020\/02\/portadajjornades1.jpg","type":"image\/jpeg"}],"author":"Comunicaci\u00f3 Esplac","twitter_card":"summary_large_image","twitter_image":"https:\/\/www.esplac.cat\/wp-content\/uploads\/2020\/02\/portadajjornades1.jpg","twitter_misc":{"Written by":"Comunicaci\u00f3 Esplac","Est. reading time":"3 minutes"},"schema":{"@context":"https:\/\/schema.org","@graph":[{"@type":"Article","@id":"https:\/\/www.esplac.cat\/retorn-jornades-dissidents\/#article","isPartOf":{"@id":"https:\/\/www.esplac.cat\/retorn-jornades-dissidents\/"},"author":{"name":"Comunicaci\u00f3 Esplac","@id":"https:\/\/www.esplac.cat\/#\/schema\/person\/908383cf240be18b68f8855d0583faca"},"headline":"Revisant privilegis i coneixent realitats trans* a les primeres Jornades Dissidents!","datePublished":"2020-02-14T11:06:22+00:00","dateModified":"2021-03-24T12:17:14+00:00","mainEntityOfPage":{"@id":"https:\/\/www.esplac.cat\/retorn-jornades-dissidents\/"},"wordCount":619,"publisher":{"@id":"https:\/\/www.esplac.cat\/#organization"},"image":{"@id":"https:\/\/www.esplac.cat\/retorn-jornades-dissidents\/#primaryimage"},"thumbnailUrl":"https:\/\/www.esplac.cat\/wp-content\/uploads\/2020\/02\/portadajjornades1.jpg","keywords":["Cal\u00e0bria 66","educaci\u00f3 popular","G\u00e8neres","Jornades Dissidents","perspectiva trans","transformaci\u00f3 social"],"articleSection":["Activitats comissions i grups de treball","Comissi\u00f3 GSDD"],"inLanguage":"en-US"},{"@type":"WebPage","@id":"https:\/\/www.esplac.cat\/retorn-jornades-dissidents\/","url":"https:\/\/www.esplac.cat\/retorn-jornades-dissidents\/","name":"Revisant privilegis i coneixent realitats trans* a les primeres Jornades Dissidents! - Esplac","isPartOf":{"@id":"https:\/\/www.esplac.cat\/#website"},"primaryImageOfPage":{"@id":"https:\/\/www.esplac.cat\/retorn-jornades-dissidents\/#primaryimage"},"image":{"@id":"https:\/\/www.esplac.cat\/retorn-jornades-dissidents\/#primaryimage"},"thumbnailUrl":"https:\/\/www.esplac.cat\/wp-content\/uploads\/2020\/02\/portadajjornades1.jpg","datePublished":"2020-02-14T11:06:22+00:00","dateModified":"2021-03-24T12:17:14+00:00","breadcrumb":{"@id":"https:\/\/www.esplac.cat\/retorn-jornades-dissidents\/#breadcrumb"},"inLanguage":"en-US","potentialAction":[{"@type":"ReadAction","target":["https:\/\/www.esplac.cat\/retorn-jornades-dissidents\/"]}]},{"@type":"ImageObject","inLanguage":"en-US","@id":"https:\/\/www.esplac.cat\/retorn-jornades-dissidents\/#primaryimage","url":"https:\/\/www.esplac.cat\/wp-content\/uploads\/2020\/02\/portadajjornades1.jpg","contentUrl":"https:\/\/www.esplac.cat\/wp-content\/uploads\/2020\/02\/portadajjornades1.jpg","width":1694,"height":700},{"@type":"BreadcrumbList","@id":"https:\/\/www.esplac.cat\/retorn-jornades-dissidents\/#breadcrumb","itemListElement":[{"@type":"ListItem","position":1,"name":"Inici","item":"https:\/\/www.esplac.cat\/en\/"},{"@type":"ListItem","position":2,"name":"Revisant privilegis i coneixent realitats trans* a les primeres Jornades Dissidents!"}]},{"@type":"WebSite","@id":"https:\/\/www.esplac.cat\/#website","url":"https:\/\/www.esplac.cat\/","name":"Esplac","description":"Esplais Catalans","publisher":{"@id":"https:\/\/www.esplac.cat\/#organization"},"potentialAction":[{"@type":"SearchAction","target":{"@type":"EntryPoint","urlTemplate":"https:\/\/www.esplac.cat\/?s={search_term_string}"},"query-input":{"@type":"PropertyValueSpecification","valueRequired":true,"valueName":"search_term_string"}}],"inLanguage":"en-US"},{"@type":"Organization","@id":"https:\/\/www.esplac.cat\/#organization","name":"Esplac","url":"https:\/\/www.esplac.cat\/","logo":{"@type":"ImageObject","inLanguage":"en-US","@id":"https:\/\/www.esplac.cat\/#\/schema\/logo\/image\/","url":"https:\/\/www.esplac.cat\/wp-content\/uploads\/2019\/08\/logox2.png","contentUrl":"https:\/\/www.esplac.cat\/wp-content\/uploads\/2019\/08\/logox2.png","width":600,"height":295,"caption":"Esplac"},"image":{"@id":"https:\/\/www.esplac.cat\/#\/schema\/logo\/image\/"}},{"@type":"Person","@id":"https:\/\/www.esplac.cat\/#\/schema\/person\/908383cf240be18b68f8855d0583faca","name":"Comunicaci\u00f3 Esplac","image":{"@type":"ImageObject","inLanguage":"en-US","@id":"https:\/\/secure.gravatar.com\/avatar\/7a4cf8feb412a76ea4a740ca02d95b06b2907b5a6c648c2dd0a1082a093c3141?s=96&d=mm&r=g","url":"https:\/\/secure.gravatar.com\/avatar\/7a4cf8feb412a76ea4a740ca02d95b06b2907b5a6c648c2dd0a1082a093c3141?s=96&d=mm&r=g","contentUrl":"https:\/\/secure.gravatar.com\/avatar\/7a4cf8feb412a76ea4a740ca02d95b06b2907b5a6c648c2dd0a1082a093c3141?s=96&d=mm&r=g","caption":"Comunicaci\u00f3 Esplac"}}]}},"_links":{"self":[{"href":"https:\/\/www.esplac.cat\/en\/wp-json\/wp\/v2\/posts\/30858","targetHints":{"allow":["GET"]}}],"collection":[{"href":"https:\/\/www.esplac.cat\/en\/wp-json\/wp\/v2\/posts"}],"about":[{"href":"https:\/\/www.esplac.cat\/en\/wp-json\/wp\/v2\/types\/post"}],"author":[{"embeddable":true,"href":"https:\/\/www.esplac.cat\/en\/wp-json\/wp\/v2\/users\/3"}],"replies":[{"embeddable":true,"href":"https:\/\/www.esplac.cat\/en\/wp-json\/wp\/v2\/comments?post=30858"}],"version-history":[{"count":0,"href":"https:\/\/www.esplac.cat\/en\/wp-json\/wp\/v2\/posts\/30858\/revisions"}],"wp:featuredmedia":[{"embeddable":true,"href":"https:\/\/www.esplac.cat\/en\/wp-json\/wp\/v2\/media\/30868"}],"wp:attachment":[{"href":"https:\/\/www.esplac.cat\/en\/wp-json\/wp\/v2\/media?parent=30858"}],"wp:term":[{"taxonomy":"category","embeddable":true,"href":"https:\/\/www.esplac.cat\/en\/wp-json\/wp\/v2\/categories?post=30858"},{"taxonomy":"post_tag","embeddable":true,"href":"https:\/\/www.esplac.cat\/en\/wp-json\/wp\/v2\/tags?post=30858"}],"curies":[{"name":"wp","href":"https:\/\/api.w.org\/{rel}","templated":true}]}}