{"id":30889,"date":"2020-02-12T11:45:33","date_gmt":"2020-02-12T10:45:33","guid":{"rendered":"https:\/\/www.esplac.cat\/?p=30889"},"modified":"2020-10-15T17:23:01","modified_gmt":"2020-10-15T16:23:01","slug":"vota-posicionament-8m","status":"publish","type":"post","link":"https:\/\/www.esplac.cat\/en\/vota-posicionament-8m\/","title":{"rendered":"Vota el posicionament del 8M: Dia de la dona treballadora"},"content":{"rendered":"<blockquote><p><em>\u201cDes dels esplais tenim una tasca educativa per transformar la societat, i la societat que volem \u00e9s feminista<\/em><em>\u201d.<\/em><\/p><\/blockquote>\n<p style=\"text-align: justify;\">Els esplais ja podeu votar a favor o en contra del <strong>&#8220;Posicionament 8M: Dia de la dona treballadora!&#8221;\u00a0<\/strong>creat per la Comissi\u00f3 de G\u00e8neres i Sexualitats Diverses i Dissidents.<\/p>\n<p style=\"text-align: justify;\">Aquesta votaci\u00f3 t\u00e9 un car\u00e0cter d&#8217;urg\u00e8ncia i, tal i com marca el protocol, es far\u00e0 a trav\u00e9s de l\u2019<a href=\"https:\/\/era.esplac.cat\" target=\"_blank\" rel=\"noopener noreferrer\">Era.<\/a> ; a l&#8217;apartat d&#8217;avisos trobareu el Posicionament 8m, s&#8217;obrir\u00e0 un formulari i, despr\u00e9s de posar el vostre nom i el vostre esplai, podreu llegir-lo i votar. Recordeu que nom\u00e9s hi ha un vot per esplai! Es tancar\u00e0 la votaci\u00f3 el dia<strong> 7 de mar\u00e7 a les 23.59 h.<\/strong><\/p>\n<p style=\"text-align: justify;\">Tots els esplais podeu votar a favor, en blanc o en contra del text proposat. Els posicionaments s\u2019aprovaran en cas que hi hagi majoria absoluta dels esplais que hagin votat dins del termini, a no ser que es consideri votaci\u00f3 irrellevant. Es considerar\u00e0 irrellevant una votaci\u00f3 amb menys d\u2019un 20% de participaci\u00f3.<\/p>\n<p style=\"text-align: justify;\">Recordeu que no es podr\u00e0 difondre p\u00fablicament el posicionament durant l\u2019etapa de votaci\u00f3, ja que no ha estat aprovat encara.<\/p>\n","protected":false},"excerpt":{"rendered":"<p>\u201cDes dels esplais tenim una tasca educativa per transformar la [&hellip;]<\/p>\n","protected":false},"author":3,"featured_media":30891,"comment_status":"closed","ping_status":"open","sticky":false,"template":"","format":"standard","meta":{"om_disable_all_campaigns":false,"_monsterinsights_skip_tracking":false,"_monsterinsights_sitenote_active":false,"_monsterinsights_sitenote_note":"","_monsterinsights_sitenote_category":0,"_uf_show_specific_survey":0,"_uf_disable_surveys":false,"footnotes":""},"categories":[1160,1],"tags":[463,1270,1251,1002,337,326,1271],"class_list":["post-30889","post","type-post","status-publish","format-standard","has-post-thumbnail","hentry","category-comissio-gsdd","category-sense-categoria","tag-8-de-marc","tag-dona-treballadora","tag-educacio-amb-perspectiva-de-genere","tag-educacio-popular","tag-esplais","tag-posicionament","tag-vota"],"yoast_head":"<!-- This site is optimized with the Yoast SEO plugin v27.5 - https:\/\/yoast.com\/product\/yoast-seo-wordpress\/ -->\n<title>Vota el posicionament del 8M: Dia de la dona treballadora - Esplac<\/title>\n<meta name=\"robots\" content=\"index, follow, max-snippet:-1, max-image-preview:large, max-video-preview:-1\" \/>\n<link rel=\"canonical\" href=\"https:\/\/www.esplac.cat\/vota-posicionament-8m\/\" \/>\n<meta property=\"og:locale\" content=\"en_US\" \/>\n<meta property=\"og:type\" content=\"article\" \/>\n<meta property=\"og:title\" content=\"Vota el posicionament del 8M: Dia de la dona treballadora - Esplac\" \/>\n<meta property=\"og:description\" content=\"\u201cDes dels esplais tenim una tasca educativa per transformar la [&hellip;]\" \/>\n<meta property=\"og:url\" content=\"https:\/\/www.esplac.cat\/vota-posicionament-8m\/\" \/>\n<meta property=\"og:site_name\" content=\"Esplac\" \/>\n<meta property=\"article:published_time\" content=\"2020-02-12T10:45:33+00:00\" \/>\n<meta property=\"article:modified_time\" content=\"2020-10-15T16:23:01+00:00\" \/>\n<meta property=\"og:image\" content=\"https:\/\/www.esplac.cat\/wp-content\/uploads\/2020\/02\/portada8M.jpg\" \/>\n\t<meta property=\"og:image:width\" content=\"1694\" \/>\n\t<meta property=\"og:image:height\" content=\"700\" \/>\n\t<meta property=\"og:image:type\" content=\"image\/jpeg\" \/>\n<meta name=\"author\" content=\"Comunicaci\u00f3 Esplac\" \/>\n<meta name=\"twitter:card\" content=\"summary_large_image\" \/>\n<meta name=\"twitter:label1\" content=\"Written by\" \/>\n\t<meta name=\"twitter:data1\" content=\"Comunicaci\u00f3 Esplac\" \/>\n\t<meta name=\"twitter:label2\" content=\"Est. reading time\" \/>\n\t<meta name=\"twitter:data2\" content=\"1 minute\" \/>\n<script type=\"application\/ld+json\" class=\"yoast-schema-graph\">{\"@context\":\"https:\\\/\\\/schema.org\",\"@graph\":[{\"@type\":\"Article\",\"@id\":\"https:\\\/\\\/www.esplac.cat\\\/vota-posicionament-8m\\\/#article\",\"isPartOf\":{\"@id\":\"https:\\\/\\\/www.esplac.cat\\\/vota-posicionament-8m\\\/\"},\"author\":{\"name\":\"Comunicaci\u00f3 Esplac\",\"@id\":\"https:\\\/\\\/www.esplac.cat\\\/#\\\/schema\\\/person\\\/908383cf240be18b68f8855d0583faca\"},\"headline\":\"Vota el posicionament del 8M: Dia de la dona treballadora\",\"datePublished\":\"2020-02-12T10:45:33+00:00\",\"dateModified\":\"2020-10-15T16:23:01+00:00\",\"mainEntityOfPage\":{\"@id\":\"https:\\\/\\\/www.esplac.cat\\\/vota-posicionament-8m\\\/\"},\"wordCount\":207,\"publisher\":{\"@id\":\"https:\\\/\\\/www.esplac.cat\\\/#organization\"},\"image\":{\"@id\":\"https:\\\/\\\/www.esplac.cat\\\/vota-posicionament-8m\\\/#primaryimage\"},\"thumbnailUrl\":\"https:\\\/\\\/www.esplac.cat\\\/wp-content\\\/uploads\\\/2020\\\/02\\\/portada8M.jpg\",\"keywords\":[\"8 de mar\u00e7\",\"dona treballadora\",\"educaci\u00f3 amb perspectiva de g\u00e8nere\",\"educaci\u00f3 popular\",\"esplais\",\"posicionament\",\"vota\"],\"articleSection\":[\"Comissi\u00f3 GSDD\",\"Sense categoria\"],\"inLanguage\":\"en-US\"},{\"@type\":\"WebPage\",\"@id\":\"https:\\\/\\\/www.esplac.cat\\\/vota-posicionament-8m\\\/\",\"url\":\"https:\\\/\\\/www.esplac.cat\\\/vota-posicionament-8m\\\/\",\"name\":\"Vota el posicionament del 8M: Dia de la dona treballadora - Esplac\",\"isPartOf\":{\"@id\":\"https:\\\/\\\/www.esplac.cat\\\/#website\"},\"primaryImageOfPage\":{\"@id\":\"https:\\\/\\\/www.esplac.cat\\\/vota-posicionament-8m\\\/#primaryimage\"},\"image\":{\"@id\":\"https:\\\/\\\/www.esplac.cat\\\/vota-posicionament-8m\\\/#primaryimage\"},\"thumbnailUrl\":\"https:\\\/\\\/www.esplac.cat\\\/wp-content\\\/uploads\\\/2020\\\/02\\\/portada8M.jpg\",\"datePublished\":\"2020-02-12T10:45:33+00:00\",\"dateModified\":\"2020-10-15T16:23:01+00:00\",\"breadcrumb\":{\"@id\":\"https:\\\/\\\/www.esplac.cat\\\/vota-posicionament-8m\\\/#breadcrumb\"},\"inLanguage\":\"en-US\",\"potentialAction\":[{\"@type\":\"ReadAction\",\"target\":[\"https:\\\/\\\/www.esplac.cat\\\/vota-posicionament-8m\\\/\"]}]},{\"@type\":\"ImageObject\",\"inLanguage\":\"en-US\",\"@id\":\"https:\\\/\\\/www.esplac.cat\\\/vota-posicionament-8m\\\/#primaryimage\",\"url\":\"https:\\\/\\\/www.esplac.cat\\\/wp-content\\\/uploads\\\/2020\\\/02\\\/portada8M.jpg\",\"contentUrl\":\"https:\\\/\\\/www.esplac.cat\\\/wp-content\\\/uploads\\\/2020\\\/02\\\/portada8M.jpg\",\"width\":1694,\"height\":700},{\"@type\":\"BreadcrumbList\",\"@id\":\"https:\\\/\\\/www.esplac.cat\\\/vota-posicionament-8m\\\/#breadcrumb\",\"itemListElement\":[{\"@type\":\"ListItem\",\"position\":1,\"name\":\"Inici\",\"item\":\"https:\\\/\\\/www.esplac.cat\\\/en\\\/\"},{\"@type\":\"ListItem\",\"position\":2,\"name\":\"Vota el posicionament del 8M: Dia de la dona treballadora\"}]},{\"@type\":\"WebSite\",\"@id\":\"https:\\\/\\\/www.esplac.cat\\\/#website\",\"url\":\"https:\\\/\\\/www.esplac.cat\\\/\",\"name\":\"Esplac\",\"description\":\"Esplais Catalans\",\"publisher\":{\"@id\":\"https:\\\/\\\/www.esplac.cat\\\/#organization\"},\"potentialAction\":[{\"@type\":\"SearchAction\",\"target\":{\"@type\":\"EntryPoint\",\"urlTemplate\":\"https:\\\/\\\/www.esplac.cat\\\/?s={search_term_string}\"},\"query-input\":{\"@type\":\"PropertyValueSpecification\",\"valueRequired\":true,\"valueName\":\"search_term_string\"}}],\"inLanguage\":\"en-US\"},{\"@type\":\"Organization\",\"@id\":\"https:\\\/\\\/www.esplac.cat\\\/#organization\",\"name\":\"Esplac\",\"url\":\"https:\\\/\\\/www.esplac.cat\\\/\",\"logo\":{\"@type\":\"ImageObject\",\"inLanguage\":\"en-US\",\"@id\":\"https:\\\/\\\/www.esplac.cat\\\/#\\\/schema\\\/logo\\\/image\\\/\",\"url\":\"https:\\\/\\\/www.esplac.cat\\\/wp-content\\\/uploads\\\/2019\\\/08\\\/logox2.png\",\"contentUrl\":\"https:\\\/\\\/www.esplac.cat\\\/wp-content\\\/uploads\\\/2019\\\/08\\\/logox2.png\",\"width\":600,\"height\":295,\"caption\":\"Esplac\"},\"image\":{\"@id\":\"https:\\\/\\\/www.esplac.cat\\\/#\\\/schema\\\/logo\\\/image\\\/\"}},{\"@type\":\"Person\",\"@id\":\"https:\\\/\\\/www.esplac.cat\\\/#\\\/schema\\\/person\\\/908383cf240be18b68f8855d0583faca\",\"name\":\"Comunicaci\u00f3 Esplac\",\"image\":{\"@type\":\"ImageObject\",\"inLanguage\":\"en-US\",\"@id\":\"https:\\\/\\\/secure.gravatar.com\\\/avatar\\\/7a4cf8feb412a76ea4a740ca02d95b06b2907b5a6c648c2dd0a1082a093c3141?s=96&d=mm&r=g\",\"url\":\"https:\\\/\\\/secure.gravatar.com\\\/avatar\\\/7a4cf8feb412a76ea4a740ca02d95b06b2907b5a6c648c2dd0a1082a093c3141?s=96&d=mm&r=g\",\"contentUrl\":\"https:\\\/\\\/secure.gravatar.com\\\/avatar\\\/7a4cf8feb412a76ea4a740ca02d95b06b2907b5a6c648c2dd0a1082a093c3141?s=96&d=mm&r=g\",\"caption\":\"Comunicaci\u00f3 Esplac\"}}]}<\/script>\n<!-- \/ Yoast SEO plugin. -->","yoast_head_json":{"title":"Vota el posicionament del 8M: Dia de la dona treballadora - Esplac","robots":{"index":"index","follow":"follow","max-snippet":"max-snippet:-1","max-image-preview":"max-image-preview:large","max-video-preview":"max-video-preview:-1"},"canonical":"https:\/\/www.esplac.cat\/vota-posicionament-8m\/","og_locale":"en_US","og_type":"article","og_title":"Vota el posicionament del 8M: Dia de la dona treballadora - Esplac","og_description":"\u201cDes dels esplais tenim una tasca educativa per transformar la [&hellip;]","og_url":"https:\/\/www.esplac.cat\/vota-posicionament-8m\/","og_site_name":"Esplac","article_published_time":"2020-02-12T10:45:33+00:00","article_modified_time":"2020-10-15T16:23:01+00:00","og_image":[{"width":1694,"height":700,"url":"https:\/\/www.esplac.cat\/wp-content\/uploads\/2020\/02\/portada8M.jpg","type":"image\/jpeg"}],"author":"Comunicaci\u00f3 Esplac","twitter_card":"summary_large_image","twitter_misc":{"Written by":"Comunicaci\u00f3 Esplac","Est. reading time":"1 minute"},"schema":{"@context":"https:\/\/schema.org","@graph":[{"@type":"Article","@id":"https:\/\/www.esplac.cat\/vota-posicionament-8m\/#article","isPartOf":{"@id":"https:\/\/www.esplac.cat\/vota-posicionament-8m\/"},"author":{"name":"Comunicaci\u00f3 Esplac","@id":"https:\/\/www.esplac.cat\/#\/schema\/person\/908383cf240be18b68f8855d0583faca"},"headline":"Vota el posicionament del 8M: Dia de la dona treballadora","datePublished":"2020-02-12T10:45:33+00:00","dateModified":"2020-10-15T16:23:01+00:00","mainEntityOfPage":{"@id":"https:\/\/www.esplac.cat\/vota-posicionament-8m\/"},"wordCount":207,"publisher":{"@id":"https:\/\/www.esplac.cat\/#organization"},"image":{"@id":"https:\/\/www.esplac.cat\/vota-posicionament-8m\/#primaryimage"},"thumbnailUrl":"https:\/\/www.esplac.cat\/wp-content\/uploads\/2020\/02\/portada8M.jpg","keywords":["8 de mar\u00e7","dona treballadora","educaci\u00f3 amb perspectiva de g\u00e8nere","educaci\u00f3 popular","esplais","posicionament","vota"],"articleSection":["Comissi\u00f3 GSDD","Sense categoria"],"inLanguage":"en-US"},{"@type":"WebPage","@id":"https:\/\/www.esplac.cat\/vota-posicionament-8m\/","url":"https:\/\/www.esplac.cat\/vota-posicionament-8m\/","name":"Vota el posicionament del 8M: Dia de la dona treballadora - Esplac","isPartOf":{"@id":"https:\/\/www.esplac.cat\/#website"},"primaryImageOfPage":{"@id":"https:\/\/www.esplac.cat\/vota-posicionament-8m\/#primaryimage"},"image":{"@id":"https:\/\/www.esplac.cat\/vota-posicionament-8m\/#primaryimage"},"thumbnailUrl":"https:\/\/www.esplac.cat\/wp-content\/uploads\/2020\/02\/portada8M.jpg","datePublished":"2020-02-12T10:45:33+00:00","dateModified":"2020-10-15T16:23:01+00:00","breadcrumb":{"@id":"https:\/\/www.esplac.cat\/vota-posicionament-8m\/#breadcrumb"},"inLanguage":"en-US","potentialAction":[{"@type":"ReadAction","target":["https:\/\/www.esplac.cat\/vota-posicionament-8m\/"]}]},{"@type":"ImageObject","inLanguage":"en-US","@id":"https:\/\/www.esplac.cat\/vota-posicionament-8m\/#primaryimage","url":"https:\/\/www.esplac.cat\/wp-content\/uploads\/2020\/02\/portada8M.jpg","contentUrl":"https:\/\/www.esplac.cat\/wp-content\/uploads\/2020\/02\/portada8M.jpg","width":1694,"height":700},{"@type":"BreadcrumbList","@id":"https:\/\/www.esplac.cat\/vota-posicionament-8m\/#breadcrumb","itemListElement":[{"@type":"ListItem","position":1,"name":"Inici","item":"https:\/\/www.esplac.cat\/en\/"},{"@type":"ListItem","position":2,"name":"Vota el posicionament del 8M: Dia de la dona treballadora"}]},{"@type":"WebSite","@id":"https:\/\/www.esplac.cat\/#website","url":"https:\/\/www.esplac.cat\/","name":"Esplac","description":"Esplais Catalans","publisher":{"@id":"https:\/\/www.esplac.cat\/#organization"},"potentialAction":[{"@type":"SearchAction","target":{"@type":"EntryPoint","urlTemplate":"https:\/\/www.esplac.cat\/?s={search_term_string}"},"query-input":{"@type":"PropertyValueSpecification","valueRequired":true,"valueName":"search_term_string"}}],"inLanguage":"en-US"},{"@type":"Organization","@id":"https:\/\/www.esplac.cat\/#organization","name":"Esplac","url":"https:\/\/www.esplac.cat\/","logo":{"@type":"ImageObject","inLanguage":"en-US","@id":"https:\/\/www.esplac.cat\/#\/schema\/logo\/image\/","url":"https:\/\/www.esplac.cat\/wp-content\/uploads\/2019\/08\/logox2.png","contentUrl":"https:\/\/www.esplac.cat\/wp-content\/uploads\/2019\/08\/logox2.png","width":600,"height":295,"caption":"Esplac"},"image":{"@id":"https:\/\/www.esplac.cat\/#\/schema\/logo\/image\/"}},{"@type":"Person","@id":"https:\/\/www.esplac.cat\/#\/schema\/person\/908383cf240be18b68f8855d0583faca","name":"Comunicaci\u00f3 Esplac","image":{"@type":"ImageObject","inLanguage":"en-US","@id":"https:\/\/secure.gravatar.com\/avatar\/7a4cf8feb412a76ea4a740ca02d95b06b2907b5a6c648c2dd0a1082a093c3141?s=96&d=mm&r=g","url":"https:\/\/secure.gravatar.com\/avatar\/7a4cf8feb412a76ea4a740ca02d95b06b2907b5a6c648c2dd0a1082a093c3141?s=96&d=mm&r=g","contentUrl":"https:\/\/secure.gravatar.com\/avatar\/7a4cf8feb412a76ea4a740ca02d95b06b2907b5a6c648c2dd0a1082a093c3141?s=96&d=mm&r=g","caption":"Comunicaci\u00f3 Esplac"}}]}},"_links":{"self":[{"href":"https:\/\/www.esplac.cat\/en\/wp-json\/wp\/v2\/posts\/30889","targetHints":{"allow":["GET"]}}],"collection":[{"href":"https:\/\/www.esplac.cat\/en\/wp-json\/wp\/v2\/posts"}],"about":[{"href":"https:\/\/www.esplac.cat\/en\/wp-json\/wp\/v2\/types\/post"}],"author":[{"embeddable":true,"href":"https:\/\/www.esplac.cat\/en\/wp-json\/wp\/v2\/users\/3"}],"replies":[{"embeddable":true,"href":"https:\/\/www.esplac.cat\/en\/wp-json\/wp\/v2\/comments?post=30889"}],"version-history":[{"count":0,"href":"https:\/\/www.esplac.cat\/en\/wp-json\/wp\/v2\/posts\/30889\/revisions"}],"wp:featuredmedia":[{"embeddable":true,"href":"https:\/\/www.esplac.cat\/en\/wp-json\/wp\/v2\/media\/30891"}],"wp:attachment":[{"href":"https:\/\/www.esplac.cat\/en\/wp-json\/wp\/v2\/media?parent=30889"}],"wp:term":[{"taxonomy":"category","embeddable":true,"href":"https:\/\/www.esplac.cat\/en\/wp-json\/wp\/v2\/categories?post=30889"},{"taxonomy":"post_tag","embeddable":true,"href":"https:\/\/www.esplac.cat\/en\/wp-json\/wp\/v2\/tags?post=30889"}],"curies":[{"name":"wp","href":"https:\/\/api.w.org\/{rel}","templated":true}]}}