{"id":31127,"date":"2020-03-02T12:05:05","date_gmt":"2020-03-02T11:05:05","guid":{"rendered":"https:\/\/www.esplac.cat\/?p=31127"},"modified":"2020-10-15T17:22:59","modified_gmt":"2020-10-15T16:22:59","slug":"vota-posicionament-31m-dia-visibilitat-trans","status":"publish","type":"post","link":"https:\/\/www.esplac.cat\/en\/vota-posicionament-31m-dia-visibilitat-trans\/","title":{"rendered":"Vota el posicionament del 31M: Dia de la visibilitat Trans*"},"content":{"rendered":"<blockquote><p><em>\u201cEl que no es veu, no existeix, i si no existeix no se\u2019n parla i no es normalitza.<\/em><em>\u201d.<\/em><\/p><\/blockquote>\n<p style=\"text-align: justify;\">Els esplais ja podeu votar a favor o en contra del <strong>&#8220;Posicionament 31M: Dia de la visibilitat Trans*&#8221; <\/strong>creat per la Comissi\u00f3 de G\u00e8neres i Sexualitats Diverses i Dissidents.<\/p>\n<p style=\"text-align: justify;\">Tal i com marca el protocol, es far\u00e0 a trav\u00e9s de l\u2019<a href=\"https:\/\/era.esplac.cat\" target=\"_blank\" rel=\"noopener noreferrer\">Era<\/a>; a l&#8217;apartat &#8220;avisos&#8221; trobareu el formulari i despr\u00e9s de posar el vostre nom i esplai, podreu llegir el posicionament i votar. Recordeu que nom\u00e9s hi ha un vot per esplai! Es tancar\u00e0 la votaci\u00f3 el dia<strong> 30 de mar\u00e7 a les 23.59 h.<\/strong><\/p>\n<p style=\"text-align: justify;\">Tots els esplais podeu votar a favor, en blanc o en contra del text proposat. Els posicionaments s\u2019aprovaran en cas que hi hagi majoria absoluta dels esplais que hagin votat dins del termini, a no ser que es consideri votaci\u00f3 irrellevant. Es considerar\u00e0 irrellevant una votaci\u00f3 amb menys d\u2019un 20% de participaci\u00f3.<\/p>\n<p style=\"text-align: justify;\">Recordeu que no es podr\u00e0 difondre p\u00fablicament el posicionament durant l\u2019etapa de votaci\u00f3, ja que no ha estat aprovat encara.<\/p>\n","protected":false},"excerpt":{"rendered":"<p>\u201cEl que no es veu, no existeix, i si no [&hellip;]<\/p>\n","protected":false},"author":3,"featured_media":31148,"comment_status":"closed","ping_status":"open","sticky":false,"template":"","format":"standard","meta":{"om_disable_all_campaigns":false,"_monsterinsights_skip_tracking":false,"_monsterinsights_sitenote_active":false,"_monsterinsights_sitenote_note":"","_monsterinsights_sitenote_category":0,"_uf_show_specific_survey":0,"_uf_disable_surveys":false,"footnotes":""},"categories":[1160],"tags":[326,1292],"class_list":["post-31127","post","type-post","status-publish","format-standard","has-post-thumbnail","hentry","category-comissio-gsdd","tag-posicionament","tag-trans"],"yoast_head":"<!-- This site is optimized with the Yoast SEO plugin v27.5 - https:\/\/yoast.com\/product\/yoast-seo-wordpress\/ -->\n<title>Vota el posicionament del 31M: Dia de la visibilitat Trans* - Esplac<\/title>\n<meta name=\"robots\" content=\"index, follow, max-snippet:-1, max-image-preview:large, max-video-preview:-1\" \/>\n<link rel=\"canonical\" href=\"https:\/\/www.esplac.cat\/vota-posicionament-31m-dia-visibilitat-trans\/\" \/>\n<meta property=\"og:locale\" content=\"en_US\" \/>\n<meta property=\"og:type\" content=\"article\" \/>\n<meta property=\"og:title\" content=\"Vota el posicionament del 31M: Dia de la visibilitat Trans* - Esplac\" \/>\n<meta property=\"og:description\" content=\"\u201cEl que no es veu, no existeix, i si no [&hellip;]\" \/>\n<meta property=\"og:url\" content=\"https:\/\/www.esplac.cat\/vota-posicionament-31m-dia-visibilitat-trans\/\" \/>\n<meta property=\"og:site_name\" content=\"Esplac\" \/>\n<meta property=\"article:published_time\" content=\"2020-03-02T11:05:05+00:00\" \/>\n<meta property=\"article:modified_time\" content=\"2020-10-15T16:22:59+00:00\" \/>\n<meta property=\"og:image\" content=\"https:\/\/www.esplac.cat\/wp-content\/uploads\/2020\/03\/Untitled-111.jpg\" \/>\n\t<meta property=\"og:image:width\" content=\"1694\" \/>\n\t<meta property=\"og:image:height\" content=\"700\" \/>\n\t<meta property=\"og:image:type\" content=\"image\/jpeg\" \/>\n<meta name=\"author\" content=\"Comunicaci\u00f3 Esplac\" \/>\n<meta name=\"twitter:card\" content=\"summary_large_image\" \/>\n<meta name=\"twitter:label1\" content=\"Written by\" \/>\n\t<meta name=\"twitter:data1\" content=\"Comunicaci\u00f3 Esplac\" \/>\n\t<meta name=\"twitter:label2\" content=\"Est. reading time\" \/>\n\t<meta name=\"twitter:data2\" content=\"1 minute\" \/>\n<script type=\"application\/ld+json\" class=\"yoast-schema-graph\">{\"@context\":\"https:\\\/\\\/schema.org\",\"@graph\":[{\"@type\":\"Article\",\"@id\":\"https:\\\/\\\/www.esplac.cat\\\/vota-posicionament-31m-dia-visibilitat-trans\\\/#article\",\"isPartOf\":{\"@id\":\"https:\\\/\\\/www.esplac.cat\\\/vota-posicionament-31m-dia-visibilitat-trans\\\/\"},\"author\":{\"name\":\"Comunicaci\u00f3 Esplac\",\"@id\":\"https:\\\/\\\/www.esplac.cat\\\/#\\\/schema\\\/person\\\/908383cf240be18b68f8855d0583faca\"},\"headline\":\"Vota el posicionament del 31M: Dia de la visibilitat Trans*\",\"datePublished\":\"2020-03-02T11:05:05+00:00\",\"dateModified\":\"2020-10-15T16:22:59+00:00\",\"mainEntityOfPage\":{\"@id\":\"https:\\\/\\\/www.esplac.cat\\\/vota-posicionament-31m-dia-visibilitat-trans\\\/\"},\"wordCount\":192,\"publisher\":{\"@id\":\"https:\\\/\\\/www.esplac.cat\\\/#organization\"},\"image\":{\"@id\":\"https:\\\/\\\/www.esplac.cat\\\/vota-posicionament-31m-dia-visibilitat-trans\\\/#primaryimage\"},\"thumbnailUrl\":\"https:\\\/\\\/www.esplac.cat\\\/wp-content\\\/uploads\\\/2020\\\/03\\\/Untitled-111.jpg\",\"keywords\":[\"posicionament\",\"Trans\"],\"articleSection\":[\"Comissi\u00f3 GSDD\"],\"inLanguage\":\"en-US\"},{\"@type\":\"WebPage\",\"@id\":\"https:\\\/\\\/www.esplac.cat\\\/vota-posicionament-31m-dia-visibilitat-trans\\\/\",\"url\":\"https:\\\/\\\/www.esplac.cat\\\/vota-posicionament-31m-dia-visibilitat-trans\\\/\",\"name\":\"Vota el posicionament del 31M: Dia de la visibilitat Trans* - Esplac\",\"isPartOf\":{\"@id\":\"https:\\\/\\\/www.esplac.cat\\\/#website\"},\"primaryImageOfPage\":{\"@id\":\"https:\\\/\\\/www.esplac.cat\\\/vota-posicionament-31m-dia-visibilitat-trans\\\/#primaryimage\"},\"image\":{\"@id\":\"https:\\\/\\\/www.esplac.cat\\\/vota-posicionament-31m-dia-visibilitat-trans\\\/#primaryimage\"},\"thumbnailUrl\":\"https:\\\/\\\/www.esplac.cat\\\/wp-content\\\/uploads\\\/2020\\\/03\\\/Untitled-111.jpg\",\"datePublished\":\"2020-03-02T11:05:05+00:00\",\"dateModified\":\"2020-10-15T16:22:59+00:00\",\"breadcrumb\":{\"@id\":\"https:\\\/\\\/www.esplac.cat\\\/vota-posicionament-31m-dia-visibilitat-trans\\\/#breadcrumb\"},\"inLanguage\":\"en-US\",\"potentialAction\":[{\"@type\":\"ReadAction\",\"target\":[\"https:\\\/\\\/www.esplac.cat\\\/vota-posicionament-31m-dia-visibilitat-trans\\\/\"]}]},{\"@type\":\"ImageObject\",\"inLanguage\":\"en-US\",\"@id\":\"https:\\\/\\\/www.esplac.cat\\\/vota-posicionament-31m-dia-visibilitat-trans\\\/#primaryimage\",\"url\":\"https:\\\/\\\/www.esplac.cat\\\/wp-content\\\/uploads\\\/2020\\\/03\\\/Untitled-111.jpg\",\"contentUrl\":\"https:\\\/\\\/www.esplac.cat\\\/wp-content\\\/uploads\\\/2020\\\/03\\\/Untitled-111.jpg\",\"width\":1694,\"height\":700},{\"@type\":\"BreadcrumbList\",\"@id\":\"https:\\\/\\\/www.esplac.cat\\\/vota-posicionament-31m-dia-visibilitat-trans\\\/#breadcrumb\",\"itemListElement\":[{\"@type\":\"ListItem\",\"position\":1,\"name\":\"Inici\",\"item\":\"https:\\\/\\\/www.esplac.cat\\\/en\\\/\"},{\"@type\":\"ListItem\",\"position\":2,\"name\":\"Vota el posicionament del 31M: Dia de la visibilitat Trans*\"}]},{\"@type\":\"WebSite\",\"@id\":\"https:\\\/\\\/www.esplac.cat\\\/#website\",\"url\":\"https:\\\/\\\/www.esplac.cat\\\/\",\"name\":\"Esplac\",\"description\":\"Esplais Catalans\",\"publisher\":{\"@id\":\"https:\\\/\\\/www.esplac.cat\\\/#organization\"},\"potentialAction\":[{\"@type\":\"SearchAction\",\"target\":{\"@type\":\"EntryPoint\",\"urlTemplate\":\"https:\\\/\\\/www.esplac.cat\\\/?s={search_term_string}\"},\"query-input\":{\"@type\":\"PropertyValueSpecification\",\"valueRequired\":true,\"valueName\":\"search_term_string\"}}],\"inLanguage\":\"en-US\"},{\"@type\":\"Organization\",\"@id\":\"https:\\\/\\\/www.esplac.cat\\\/#organization\",\"name\":\"Esplac\",\"url\":\"https:\\\/\\\/www.esplac.cat\\\/\",\"logo\":{\"@type\":\"ImageObject\",\"inLanguage\":\"en-US\",\"@id\":\"https:\\\/\\\/www.esplac.cat\\\/#\\\/schema\\\/logo\\\/image\\\/\",\"url\":\"https:\\\/\\\/www.esplac.cat\\\/wp-content\\\/uploads\\\/2019\\\/08\\\/logox2.png\",\"contentUrl\":\"https:\\\/\\\/www.esplac.cat\\\/wp-content\\\/uploads\\\/2019\\\/08\\\/logox2.png\",\"width\":600,\"height\":295,\"caption\":\"Esplac\"},\"image\":{\"@id\":\"https:\\\/\\\/www.esplac.cat\\\/#\\\/schema\\\/logo\\\/image\\\/\"}},{\"@type\":\"Person\",\"@id\":\"https:\\\/\\\/www.esplac.cat\\\/#\\\/schema\\\/person\\\/908383cf240be18b68f8855d0583faca\",\"name\":\"Comunicaci\u00f3 Esplac\",\"image\":{\"@type\":\"ImageObject\",\"inLanguage\":\"en-US\",\"@id\":\"https:\\\/\\\/secure.gravatar.com\\\/avatar\\\/7a4cf8feb412a76ea4a740ca02d95b06b2907b5a6c648c2dd0a1082a093c3141?s=96&d=mm&r=g\",\"url\":\"https:\\\/\\\/secure.gravatar.com\\\/avatar\\\/7a4cf8feb412a76ea4a740ca02d95b06b2907b5a6c648c2dd0a1082a093c3141?s=96&d=mm&r=g\",\"contentUrl\":\"https:\\\/\\\/secure.gravatar.com\\\/avatar\\\/7a4cf8feb412a76ea4a740ca02d95b06b2907b5a6c648c2dd0a1082a093c3141?s=96&d=mm&r=g\",\"caption\":\"Comunicaci\u00f3 Esplac\"}}]}<\/script>\n<!-- \/ Yoast SEO plugin. -->","yoast_head_json":{"title":"Vota el posicionament del 31M: Dia de la visibilitat Trans* - Esplac","robots":{"index":"index","follow":"follow","max-snippet":"max-snippet:-1","max-image-preview":"max-image-preview:large","max-video-preview":"max-video-preview:-1"},"canonical":"https:\/\/www.esplac.cat\/vota-posicionament-31m-dia-visibilitat-trans\/","og_locale":"en_US","og_type":"article","og_title":"Vota el posicionament del 31M: Dia de la visibilitat Trans* - Esplac","og_description":"\u201cEl que no es veu, no existeix, i si no [&hellip;]","og_url":"https:\/\/www.esplac.cat\/vota-posicionament-31m-dia-visibilitat-trans\/","og_site_name":"Esplac","article_published_time":"2020-03-02T11:05:05+00:00","article_modified_time":"2020-10-15T16:22:59+00:00","og_image":[{"width":1694,"height":700,"url":"https:\/\/www.esplac.cat\/wp-content\/uploads\/2020\/03\/Untitled-111.jpg","type":"image\/jpeg"}],"author":"Comunicaci\u00f3 Esplac","twitter_card":"summary_large_image","twitter_misc":{"Written by":"Comunicaci\u00f3 Esplac","Est. reading time":"1 minute"},"schema":{"@context":"https:\/\/schema.org","@graph":[{"@type":"Article","@id":"https:\/\/www.esplac.cat\/vota-posicionament-31m-dia-visibilitat-trans\/#article","isPartOf":{"@id":"https:\/\/www.esplac.cat\/vota-posicionament-31m-dia-visibilitat-trans\/"},"author":{"name":"Comunicaci\u00f3 Esplac","@id":"https:\/\/www.esplac.cat\/#\/schema\/person\/908383cf240be18b68f8855d0583faca"},"headline":"Vota el posicionament del 31M: Dia de la visibilitat Trans*","datePublished":"2020-03-02T11:05:05+00:00","dateModified":"2020-10-15T16:22:59+00:00","mainEntityOfPage":{"@id":"https:\/\/www.esplac.cat\/vota-posicionament-31m-dia-visibilitat-trans\/"},"wordCount":192,"publisher":{"@id":"https:\/\/www.esplac.cat\/#organization"},"image":{"@id":"https:\/\/www.esplac.cat\/vota-posicionament-31m-dia-visibilitat-trans\/#primaryimage"},"thumbnailUrl":"https:\/\/www.esplac.cat\/wp-content\/uploads\/2020\/03\/Untitled-111.jpg","keywords":["posicionament","Trans"],"articleSection":["Comissi\u00f3 GSDD"],"inLanguage":"en-US"},{"@type":"WebPage","@id":"https:\/\/www.esplac.cat\/vota-posicionament-31m-dia-visibilitat-trans\/","url":"https:\/\/www.esplac.cat\/vota-posicionament-31m-dia-visibilitat-trans\/","name":"Vota el posicionament del 31M: Dia de la visibilitat Trans* - Esplac","isPartOf":{"@id":"https:\/\/www.esplac.cat\/#website"},"primaryImageOfPage":{"@id":"https:\/\/www.esplac.cat\/vota-posicionament-31m-dia-visibilitat-trans\/#primaryimage"},"image":{"@id":"https:\/\/www.esplac.cat\/vota-posicionament-31m-dia-visibilitat-trans\/#primaryimage"},"thumbnailUrl":"https:\/\/www.esplac.cat\/wp-content\/uploads\/2020\/03\/Untitled-111.jpg","datePublished":"2020-03-02T11:05:05+00:00","dateModified":"2020-10-15T16:22:59+00:00","breadcrumb":{"@id":"https:\/\/www.esplac.cat\/vota-posicionament-31m-dia-visibilitat-trans\/#breadcrumb"},"inLanguage":"en-US","potentialAction":[{"@type":"ReadAction","target":["https:\/\/www.esplac.cat\/vota-posicionament-31m-dia-visibilitat-trans\/"]}]},{"@type":"ImageObject","inLanguage":"en-US","@id":"https:\/\/www.esplac.cat\/vota-posicionament-31m-dia-visibilitat-trans\/#primaryimage","url":"https:\/\/www.esplac.cat\/wp-content\/uploads\/2020\/03\/Untitled-111.jpg","contentUrl":"https:\/\/www.esplac.cat\/wp-content\/uploads\/2020\/03\/Untitled-111.jpg","width":1694,"height":700},{"@type":"BreadcrumbList","@id":"https:\/\/www.esplac.cat\/vota-posicionament-31m-dia-visibilitat-trans\/#breadcrumb","itemListElement":[{"@type":"ListItem","position":1,"name":"Inici","item":"https:\/\/www.esplac.cat\/en\/"},{"@type":"ListItem","position":2,"name":"Vota el posicionament del 31M: Dia de la visibilitat Trans*"}]},{"@type":"WebSite","@id":"https:\/\/www.esplac.cat\/#website","url":"https:\/\/www.esplac.cat\/","name":"Esplac","description":"Esplais Catalans","publisher":{"@id":"https:\/\/www.esplac.cat\/#organization"},"potentialAction":[{"@type":"SearchAction","target":{"@type":"EntryPoint","urlTemplate":"https:\/\/www.esplac.cat\/?s={search_term_string}"},"query-input":{"@type":"PropertyValueSpecification","valueRequired":true,"valueName":"search_term_string"}}],"inLanguage":"en-US"},{"@type":"Organization","@id":"https:\/\/www.esplac.cat\/#organization","name":"Esplac","url":"https:\/\/www.esplac.cat\/","logo":{"@type":"ImageObject","inLanguage":"en-US","@id":"https:\/\/www.esplac.cat\/#\/schema\/logo\/image\/","url":"https:\/\/www.esplac.cat\/wp-content\/uploads\/2019\/08\/logox2.png","contentUrl":"https:\/\/www.esplac.cat\/wp-content\/uploads\/2019\/08\/logox2.png","width":600,"height":295,"caption":"Esplac"},"image":{"@id":"https:\/\/www.esplac.cat\/#\/schema\/logo\/image\/"}},{"@type":"Person","@id":"https:\/\/www.esplac.cat\/#\/schema\/person\/908383cf240be18b68f8855d0583faca","name":"Comunicaci\u00f3 Esplac","image":{"@type":"ImageObject","inLanguage":"en-US","@id":"https:\/\/secure.gravatar.com\/avatar\/7a4cf8feb412a76ea4a740ca02d95b06b2907b5a6c648c2dd0a1082a093c3141?s=96&d=mm&r=g","url":"https:\/\/secure.gravatar.com\/avatar\/7a4cf8feb412a76ea4a740ca02d95b06b2907b5a6c648c2dd0a1082a093c3141?s=96&d=mm&r=g","contentUrl":"https:\/\/secure.gravatar.com\/avatar\/7a4cf8feb412a76ea4a740ca02d95b06b2907b5a6c648c2dd0a1082a093c3141?s=96&d=mm&r=g","caption":"Comunicaci\u00f3 Esplac"}}]}},"_links":{"self":[{"href":"https:\/\/www.esplac.cat\/en\/wp-json\/wp\/v2\/posts\/31127","targetHints":{"allow":["GET"]}}],"collection":[{"href":"https:\/\/www.esplac.cat\/en\/wp-json\/wp\/v2\/posts"}],"about":[{"href":"https:\/\/www.esplac.cat\/en\/wp-json\/wp\/v2\/types\/post"}],"author":[{"embeddable":true,"href":"https:\/\/www.esplac.cat\/en\/wp-json\/wp\/v2\/users\/3"}],"replies":[{"embeddable":true,"href":"https:\/\/www.esplac.cat\/en\/wp-json\/wp\/v2\/comments?post=31127"}],"version-history":[{"count":0,"href":"https:\/\/www.esplac.cat\/en\/wp-json\/wp\/v2\/posts\/31127\/revisions"}],"wp:featuredmedia":[{"embeddable":true,"href":"https:\/\/www.esplac.cat\/en\/wp-json\/wp\/v2\/media\/31148"}],"wp:attachment":[{"href":"https:\/\/www.esplac.cat\/en\/wp-json\/wp\/v2\/media?parent=31127"}],"wp:term":[{"taxonomy":"category","embeddable":true,"href":"https:\/\/www.esplac.cat\/en\/wp-json\/wp\/v2\/categories?post=31127"},{"taxonomy":"post_tag","embeddable":true,"href":"https:\/\/www.esplac.cat\/en\/wp-json\/wp\/v2\/tags?post=31127"}],"curies":[{"name":"wp","href":"https:\/\/api.w.org\/{rel}","templated":true}]}}