{"id":31267,"date":"2020-03-11T10:56:11","date_gmt":"2020-03-11T09:56:11","guid":{"rendered":"https:\/\/www.esplac.cat\/?p=31267"},"modified":"2021-01-19T10:05:25","modified_gmt":"2021-01-19T09:05:25","slug":"accio-local-projecte-amplify","status":"publish","type":"post","link":"https:\/\/www.esplac.cat\/en\/accio-local-projecte-amplify\/","title":{"rendered":"Comen\u00e7a l&#8217;acci\u00f3 local del projecte &#8216;Amplify the voices of young people&#8217;!"},"content":{"rendered":"<div class=\"fusion-fullwidth fullwidth-box fusion-builder-row-1 nonhundred-percent-fullwidth non-hundred-percent-height-scrolling\" style=\"--awb-border-radius-top-left:0px;--awb-border-radius-top-right:0px;--awb-border-radius-bottom-right:0px;--awb-border-radius-bottom-left:0px;--awb-flex-wrap:wrap;\" ><div class=\"fusion-builder-row fusion-row\"><div class=\"fusion-layout-column fusion_builder_column fusion-builder-column-0 fusion_builder_column_1_1 1_1 fusion-one-full fusion-column-first fusion-column-last\" style=\"--awb-bg-size:cover;--awb-margin-bottom:0px;\"><div class=\"fusion-column-wrapper fusion-flex-column-wrapper-legacy\"><div class=\"fusion-text fusion-text-1\"><h6><strong>El passat 1 i 2 de febrer el grup d\u2019Esplac del projecte <\/strong><strong>&#8220;Amplify the voices of young people&#8221; <\/strong><strong>format per 9 joves es va reunir a Vallvidrera durant dos dies per comen\u00e7ar a concretar la segona fase del projecte internacional amb entitats d&#8217;Europa i del Canad\u00e0.<\/strong><\/h6>\n<p>Per refrescar-vos la mem\u00f2ria, el grup d&#8217;Esplac del projecte &#8220;Amplify the voices of young people&#8221; va decidir investigar i incidir al voltant de la seg\u00fcent pregunta: <strong>com de conscients s\u00f3n les joves entre 18 i 30 anys associades de Barcelona i de l&#8217;\u00e0rea metropolitan del seu impacte ecol\u00f2gic quan viatgen o fan activitats? <\/strong>Es va realitzar una enquesta que va obtenir 202 respostes juntament amb v\u00e0ries entrevistes, una d&#8217;elles a la Comissi\u00f3 Reduint Petjada d&#8217;Esplac.<\/p>\n<p>Despr\u00e9s de fer l&#8217;an\u00e0lisi dels resultats, el grup va marxar al Canad\u00e0 a presentar el projecte i a con\u00e8ixer i discutir els altres temes escollits per les entitats.<\/p>\n<p><strong>Algunes de les conclusions<\/strong> d&#8217;aquesta trobada transatl\u00e0ntica dels projectes sobre medi ambient van ser:<\/p>\n<ul>\n<li>Hi ha una sensaci\u00f3 creixent d&#8217;impot\u00e8ncia, frustraci\u00f3 i por dels joves davant la crisi clim\u00e0tica.<\/li>\n<li>El jovent ha apostat per reduir la seva petjada ecol\u00f2gica a nivell individual davant la percepci\u00f3 de la inacci\u00f3 per part de les institucions per abordar les causes principals de les emissions mundials de carboni: governs poc efectius i grans corporacions.<\/li>\n<\/ul>\n<p>Davant d&#8217;aquesta situaci\u00f3, <strong>algunes de les recomanacions que van sorgir s\u00f3n<\/strong>: eines que cre\u00efn una millor transpar\u00e8ncia per a les persones consumidores, que s&#8217;orientin cap a una planificaci\u00f3 urbana sostenible, mesures que incentivin pr\u00e0ctiques empresarials sostenibles i amplificar les veus menys escoltades de\u00a0 l&#8217;activisme clim\u00e0tic.<\/p>\n<p>En aquesta segona fase del projecte, el grup d&#8217;Esplac <strong>ha decidit quatre actuacions a realitzar entre maig i octubre<\/strong> que tenen la intenci\u00f3 d&#8217;aterrar aquests conceptes, conscienciar, difondre i actuar en la lluita contra el canvi clim\u00e0tic. Algunes de les accions s\u00f3n, per exemple, organitzaran juntament amb la Comissi\u00f3 Reduint Petjada les Jornades Ambientals 2020, realitzar una campanya de fotografia innovadora i fomentar activitats i rutes d&#8217;\u00e0mbit local. El grup s&#8217;ha organitzat per comissions, una per cada acci\u00f3. A mida que es vagin concretant, us anirem explicant el format de cada una!<\/p>\n<p>Si voleu saber m\u00e9s del projecte, teniu inter\u00e8s en aportar el vostre granet de sorra o teniu qualsevol dubte, podeu contactar amb internacional@esplac.cat!<\/p>\n<p><img decoding=\"async\" class=\"aligncenter wp-image-31274\" src=\"https:\/\/www.esplac.cat\/wp-content\/uploads\/2020\/03\/canada1-scaled.jpg\" alt=\"\" width=\"575\" height=\"432\" srcset=\"https:\/\/www.esplac.cat\/wp-content\/uploads\/2020\/03\/canada1-200x150.jpg 200w, https:\/\/www.esplac.cat\/wp-content\/uploads\/2020\/03\/canada1-300x225.jpg 300w, https:\/\/www.esplac.cat\/wp-content\/uploads\/2020\/03\/canada1-400x300.jpg 400w, https:\/\/www.esplac.cat\/wp-content\/uploads\/2020\/03\/canada1-600x450.jpg 600w, https:\/\/www.esplac.cat\/wp-content\/uploads\/2020\/03\/canada1-768x576.jpg 768w, https:\/\/www.esplac.cat\/wp-content\/uploads\/2020\/03\/canada1-800x600.jpg 800w, https:\/\/www.esplac.cat\/wp-content\/uploads\/2020\/03\/canada1-1024x768.jpg 1024w, https:\/\/www.esplac.cat\/wp-content\/uploads\/2020\/03\/canada1-1200x900.jpg 1200w, https:\/\/www.esplac.cat\/wp-content\/uploads\/2020\/03\/canada1-1536x1152.jpg 1536w, https:\/\/www.esplac.cat\/wp-content\/uploads\/2020\/03\/canada1-scaled.jpg 2560w\" sizes=\"(max-width: 575px) 100vw, 575px\" \/><\/p>\n<p><img decoding=\"async\" class=\"aligncenter wp-image-31271\" src=\"https:\/\/www.esplac.cat\/wp-content\/uploads\/2020\/03\/canada2-scaled.jpg\" alt=\"\" width=\"573\" height=\"430\" srcset=\"https:\/\/www.esplac.cat\/wp-content\/uploads\/2020\/03\/canada2-200x150.jpg 200w, https:\/\/www.esplac.cat\/wp-content\/uploads\/2020\/03\/canada2-300x225.jpg 300w, https:\/\/www.esplac.cat\/wp-content\/uploads\/2020\/03\/canada2-400x300.jpg 400w, https:\/\/www.esplac.cat\/wp-content\/uploads\/2020\/03\/canada2-600x450.jpg 600w, https:\/\/www.esplac.cat\/wp-content\/uploads\/2020\/03\/canada2-768x576.jpg 768w, https:\/\/www.esplac.cat\/wp-content\/uploads\/2020\/03\/canada2-800x600.jpg 800w, https:\/\/www.esplac.cat\/wp-content\/uploads\/2020\/03\/canada2-1024x768.jpg 1024w, https:\/\/www.esplac.cat\/wp-content\/uploads\/2020\/03\/canada2-1200x900.jpg 1200w, https:\/\/www.esplac.cat\/wp-content\/uploads\/2020\/03\/canada2-1536x1152.jpg 1536w, https:\/\/www.esplac.cat\/wp-content\/uploads\/2020\/03\/canada2-scaled.jpg 2560w\" sizes=\"(max-width: 573px) 100vw, 573px\" \/><\/p>\n<p><em>Amb la col\u00b7laboraci\u00f3 de:<br \/>\n<img decoding=\"async\" class=\"alignleft wp-image-34361 \" src=\"https:\/\/www.esplac.cat\/wp-content\/uploads\/2021\/01\/accioexterior_h3-1.jpg\" alt=\"\" width=\"260\" height=\"37\" srcset=\"https:\/\/www.esplac.cat\/wp-content\/uploads\/2021\/01\/accioexterior_h3-1-200x29.jpg 200w, https:\/\/www.esplac.cat\/wp-content\/uploads\/2021\/01\/accioexterior_h3-1-300x43.jpg 300w, https:\/\/www.esplac.cat\/wp-content\/uploads\/2021\/01\/accioexterior_h3-1-400x57.jpg 400w, https:\/\/www.esplac.cat\/wp-content\/uploads\/2021\/01\/accioexterior_h3-1-600x86.jpg 600w, https:\/\/www.esplac.cat\/wp-content\/uploads\/2021\/01\/accioexterior_h3-1.jpg 728w\" sizes=\"(max-width: 260px) 100vw, 260px\" \/><br \/>\n<\/em><\/p>\n<\/div><div class=\"fusion-clearfix\"><\/div><\/div><\/div><\/div><\/div>\n","protected":false},"excerpt":{"rendered":"","protected":false},"author":3,"featured_media":31268,"comment_status":"closed","ping_status":"open","sticky":false,"template":"","format":"standard","meta":{"om_disable_all_campaigns":false,"_monsterinsights_skip_tracking":false,"_monsterinsights_sitenote_active":false,"_monsterinsights_sitenote_note":"","_monsterinsights_sitenote_category":0,"_uf_show_specific_survey":0,"_uf_disable_surveys":false,"footnotes":""},"categories":[1112],"tags":[481,1058,1089,109],"class_list":["post-31267","post","type-post","status-publish","format-standard","has-post-thumbnail","hentry","category-esplac-al-mon","tag-barcelona","tag-canada","tag-canvi-climatic","tag-internacionalisme"],"yoast_head":"<!-- This site is optimized with the Yoast SEO plugin v27.5 - https:\/\/yoast.com\/product\/yoast-seo-wordpress\/ -->\n<title>Comen\u00e7a l&#039;acci\u00f3 local del projecte &#039;Amplify the voices of young people&#039;! - Esplac<\/title>\n<meta name=\"robots\" content=\"index, follow, max-snippet:-1, max-image-preview:large, max-video-preview:-1\" \/>\n<link rel=\"canonical\" href=\"https:\/\/www.esplac.cat\/accio-local-projecte-amplify\/\" \/>\n<meta property=\"og:locale\" content=\"en_US\" \/>\n<meta property=\"og:type\" content=\"article\" \/>\n<meta property=\"og:title\" content=\"Comen\u00e7a l&#039;acci\u00f3 local del projecte &#039;Amplify the voices of young people&#039;! - Esplac\" \/>\n<meta property=\"og:url\" content=\"https:\/\/www.esplac.cat\/accio-local-projecte-amplify\/\" \/>\n<meta property=\"og:site_name\" content=\"Esplac\" \/>\n<meta property=\"article:published_time\" content=\"2020-03-11T09:56:11+00:00\" \/>\n<meta property=\"article:modified_time\" content=\"2021-01-19T09:05:25+00:00\" \/>\n<meta property=\"og:image\" content=\"https:\/\/www.esplac.cat\/wp-content\/uploads\/2020\/03\/portadacanada.jpg\" \/>\n\t<meta property=\"og:image:width\" content=\"1694\" \/>\n\t<meta property=\"og:image:height\" content=\"700\" \/>\n\t<meta property=\"og:image:type\" content=\"image\/jpeg\" \/>\n<meta name=\"author\" content=\"Comunicaci\u00f3 Esplac\" \/>\n<meta name=\"twitter:card\" content=\"summary_large_image\" \/>\n<meta name=\"twitter:label1\" content=\"Written by\" \/>\n\t<meta name=\"twitter:data1\" content=\"Comunicaci\u00f3 Esplac\" \/>\n\t<meta name=\"twitter:label2\" content=\"Est. reading time\" \/>\n\t<meta name=\"twitter:data2\" content=\"3 minutes\" \/>\n<script type=\"application\/ld+json\" class=\"yoast-schema-graph\">{\"@context\":\"https:\\\/\\\/schema.org\",\"@graph\":[{\"@type\":\"Article\",\"@id\":\"https:\\\/\\\/www.esplac.cat\\\/accio-local-projecte-amplify\\\/#article\",\"isPartOf\":{\"@id\":\"https:\\\/\\\/www.esplac.cat\\\/accio-local-projecte-amplify\\\/\"},\"author\":{\"name\":\"Comunicaci\u00f3 Esplac\",\"@id\":\"https:\\\/\\\/www.esplac.cat\\\/#\\\/schema\\\/person\\\/908383cf240be18b68f8855d0583faca\"},\"headline\":\"Comen\u00e7a l&#8217;acci\u00f3 local del projecte &#8216;Amplify the voices of young people&#8217;!\",\"datePublished\":\"2020-03-11T09:56:11+00:00\",\"dateModified\":\"2021-01-19T09:05:25+00:00\",\"mainEntityOfPage\":{\"@id\":\"https:\\\/\\\/www.esplac.cat\\\/accio-local-projecte-amplify\\\/\"},\"wordCount\":591,\"publisher\":{\"@id\":\"https:\\\/\\\/www.esplac.cat\\\/#organization\"},\"image\":{\"@id\":\"https:\\\/\\\/www.esplac.cat\\\/accio-local-projecte-amplify\\\/#primaryimage\"},\"thumbnailUrl\":\"https:\\\/\\\/www.esplac.cat\\\/wp-content\\\/uploads\\\/2020\\\/03\\\/portadacanada.jpg\",\"keywords\":[\"barcelona\",\"Canad\u00e0\",\"canvi clim\u00e0tic\",\"internacionalisme\"],\"articleSection\":[\"Esplac al m\u00f3n\"],\"inLanguage\":\"en-US\"},{\"@type\":\"WebPage\",\"@id\":\"https:\\\/\\\/www.esplac.cat\\\/accio-local-projecte-amplify\\\/\",\"url\":\"https:\\\/\\\/www.esplac.cat\\\/accio-local-projecte-amplify\\\/\",\"name\":\"Comen\u00e7a l'acci\u00f3 local del projecte 'Amplify the voices of young people'! - Esplac\",\"isPartOf\":{\"@id\":\"https:\\\/\\\/www.esplac.cat\\\/#website\"},\"primaryImageOfPage\":{\"@id\":\"https:\\\/\\\/www.esplac.cat\\\/accio-local-projecte-amplify\\\/#primaryimage\"},\"image\":{\"@id\":\"https:\\\/\\\/www.esplac.cat\\\/accio-local-projecte-amplify\\\/#primaryimage\"},\"thumbnailUrl\":\"https:\\\/\\\/www.esplac.cat\\\/wp-content\\\/uploads\\\/2020\\\/03\\\/portadacanada.jpg\",\"datePublished\":\"2020-03-11T09:56:11+00:00\",\"dateModified\":\"2021-01-19T09:05:25+00:00\",\"breadcrumb\":{\"@id\":\"https:\\\/\\\/www.esplac.cat\\\/accio-local-projecte-amplify\\\/#breadcrumb\"},\"inLanguage\":\"en-US\",\"potentialAction\":[{\"@type\":\"ReadAction\",\"target\":[\"https:\\\/\\\/www.esplac.cat\\\/accio-local-projecte-amplify\\\/\"]}]},{\"@type\":\"ImageObject\",\"inLanguage\":\"en-US\",\"@id\":\"https:\\\/\\\/www.esplac.cat\\\/accio-local-projecte-amplify\\\/#primaryimage\",\"url\":\"https:\\\/\\\/www.esplac.cat\\\/wp-content\\\/uploads\\\/2020\\\/03\\\/portadacanada.jpg\",\"contentUrl\":\"https:\\\/\\\/www.esplac.cat\\\/wp-content\\\/uploads\\\/2020\\\/03\\\/portadacanada.jpg\",\"width\":1694,\"height\":700},{\"@type\":\"BreadcrumbList\",\"@id\":\"https:\\\/\\\/www.esplac.cat\\\/accio-local-projecte-amplify\\\/#breadcrumb\",\"itemListElement\":[{\"@type\":\"ListItem\",\"position\":1,\"name\":\"Inici\",\"item\":\"https:\\\/\\\/www.esplac.cat\\\/en\\\/\"},{\"@type\":\"ListItem\",\"position\":2,\"name\":\"Comen\u00e7a l&#8217;acci\u00f3 local del projecte &#8216;Amplify the voices of young people&#8217;!\"}]},{\"@type\":\"WebSite\",\"@id\":\"https:\\\/\\\/www.esplac.cat\\\/#website\",\"url\":\"https:\\\/\\\/www.esplac.cat\\\/\",\"name\":\"Esplac\",\"description\":\"Esplais Catalans\",\"publisher\":{\"@id\":\"https:\\\/\\\/www.esplac.cat\\\/#organization\"},\"potentialAction\":[{\"@type\":\"SearchAction\",\"target\":{\"@type\":\"EntryPoint\",\"urlTemplate\":\"https:\\\/\\\/www.esplac.cat\\\/?s={search_term_string}\"},\"query-input\":{\"@type\":\"PropertyValueSpecification\",\"valueRequired\":true,\"valueName\":\"search_term_string\"}}],\"inLanguage\":\"en-US\"},{\"@type\":\"Organization\",\"@id\":\"https:\\\/\\\/www.esplac.cat\\\/#organization\",\"name\":\"Esplac\",\"url\":\"https:\\\/\\\/www.esplac.cat\\\/\",\"logo\":{\"@type\":\"ImageObject\",\"inLanguage\":\"en-US\",\"@id\":\"https:\\\/\\\/www.esplac.cat\\\/#\\\/schema\\\/logo\\\/image\\\/\",\"url\":\"https:\\\/\\\/www.esplac.cat\\\/wp-content\\\/uploads\\\/2019\\\/08\\\/logox2.png\",\"contentUrl\":\"https:\\\/\\\/www.esplac.cat\\\/wp-content\\\/uploads\\\/2019\\\/08\\\/logox2.png\",\"width\":600,\"height\":295,\"caption\":\"Esplac\"},\"image\":{\"@id\":\"https:\\\/\\\/www.esplac.cat\\\/#\\\/schema\\\/logo\\\/image\\\/\"}},{\"@type\":\"Person\",\"@id\":\"https:\\\/\\\/www.esplac.cat\\\/#\\\/schema\\\/person\\\/908383cf240be18b68f8855d0583faca\",\"name\":\"Comunicaci\u00f3 Esplac\",\"image\":{\"@type\":\"ImageObject\",\"inLanguage\":\"en-US\",\"@id\":\"https:\\\/\\\/secure.gravatar.com\\\/avatar\\\/7a4cf8feb412a76ea4a740ca02d95b06b2907b5a6c648c2dd0a1082a093c3141?s=96&d=mm&r=g\",\"url\":\"https:\\\/\\\/secure.gravatar.com\\\/avatar\\\/7a4cf8feb412a76ea4a740ca02d95b06b2907b5a6c648c2dd0a1082a093c3141?s=96&d=mm&r=g\",\"contentUrl\":\"https:\\\/\\\/secure.gravatar.com\\\/avatar\\\/7a4cf8feb412a76ea4a740ca02d95b06b2907b5a6c648c2dd0a1082a093c3141?s=96&d=mm&r=g\",\"caption\":\"Comunicaci\u00f3 Esplac\"}}]}<\/script>\n<!-- \/ Yoast SEO plugin. -->","yoast_head_json":{"title":"Comen\u00e7a l'acci\u00f3 local del projecte 'Amplify the voices of young people'! - Esplac","robots":{"index":"index","follow":"follow","max-snippet":"max-snippet:-1","max-image-preview":"max-image-preview:large","max-video-preview":"max-video-preview:-1"},"canonical":"https:\/\/www.esplac.cat\/accio-local-projecte-amplify\/","og_locale":"en_US","og_type":"article","og_title":"Comen\u00e7a l'acci\u00f3 local del projecte 'Amplify the voices of young people'! - Esplac","og_url":"https:\/\/www.esplac.cat\/accio-local-projecte-amplify\/","og_site_name":"Esplac","article_published_time":"2020-03-11T09:56:11+00:00","article_modified_time":"2021-01-19T09:05:25+00:00","og_image":[{"width":1694,"height":700,"url":"https:\/\/www.esplac.cat\/wp-content\/uploads\/2020\/03\/portadacanada.jpg","type":"image\/jpeg"}],"author":"Comunicaci\u00f3 Esplac","twitter_card":"summary_large_image","twitter_misc":{"Written by":"Comunicaci\u00f3 Esplac","Est. reading time":"3 minutes"},"schema":{"@context":"https:\/\/schema.org","@graph":[{"@type":"Article","@id":"https:\/\/www.esplac.cat\/accio-local-projecte-amplify\/#article","isPartOf":{"@id":"https:\/\/www.esplac.cat\/accio-local-projecte-amplify\/"},"author":{"name":"Comunicaci\u00f3 Esplac","@id":"https:\/\/www.esplac.cat\/#\/schema\/person\/908383cf240be18b68f8855d0583faca"},"headline":"Comen\u00e7a l&#8217;acci\u00f3 local del projecte &#8216;Amplify the voices of young people&#8217;!","datePublished":"2020-03-11T09:56:11+00:00","dateModified":"2021-01-19T09:05:25+00:00","mainEntityOfPage":{"@id":"https:\/\/www.esplac.cat\/accio-local-projecte-amplify\/"},"wordCount":591,"publisher":{"@id":"https:\/\/www.esplac.cat\/#organization"},"image":{"@id":"https:\/\/www.esplac.cat\/accio-local-projecte-amplify\/#primaryimage"},"thumbnailUrl":"https:\/\/www.esplac.cat\/wp-content\/uploads\/2020\/03\/portadacanada.jpg","keywords":["barcelona","Canad\u00e0","canvi clim\u00e0tic","internacionalisme"],"articleSection":["Esplac al m\u00f3n"],"inLanguage":"en-US"},{"@type":"WebPage","@id":"https:\/\/www.esplac.cat\/accio-local-projecte-amplify\/","url":"https:\/\/www.esplac.cat\/accio-local-projecte-amplify\/","name":"Comen\u00e7a l'acci\u00f3 local del projecte 'Amplify the voices of young people'! - Esplac","isPartOf":{"@id":"https:\/\/www.esplac.cat\/#website"},"primaryImageOfPage":{"@id":"https:\/\/www.esplac.cat\/accio-local-projecte-amplify\/#primaryimage"},"image":{"@id":"https:\/\/www.esplac.cat\/accio-local-projecte-amplify\/#primaryimage"},"thumbnailUrl":"https:\/\/www.esplac.cat\/wp-content\/uploads\/2020\/03\/portadacanada.jpg","datePublished":"2020-03-11T09:56:11+00:00","dateModified":"2021-01-19T09:05:25+00:00","breadcrumb":{"@id":"https:\/\/www.esplac.cat\/accio-local-projecte-amplify\/#breadcrumb"},"inLanguage":"en-US","potentialAction":[{"@type":"ReadAction","target":["https:\/\/www.esplac.cat\/accio-local-projecte-amplify\/"]}]},{"@type":"ImageObject","inLanguage":"en-US","@id":"https:\/\/www.esplac.cat\/accio-local-projecte-amplify\/#primaryimage","url":"https:\/\/www.esplac.cat\/wp-content\/uploads\/2020\/03\/portadacanada.jpg","contentUrl":"https:\/\/www.esplac.cat\/wp-content\/uploads\/2020\/03\/portadacanada.jpg","width":1694,"height":700},{"@type":"BreadcrumbList","@id":"https:\/\/www.esplac.cat\/accio-local-projecte-amplify\/#breadcrumb","itemListElement":[{"@type":"ListItem","position":1,"name":"Inici","item":"https:\/\/www.esplac.cat\/en\/"},{"@type":"ListItem","position":2,"name":"Comen\u00e7a l&#8217;acci\u00f3 local del projecte &#8216;Amplify the voices of young people&#8217;!"}]},{"@type":"WebSite","@id":"https:\/\/www.esplac.cat\/#website","url":"https:\/\/www.esplac.cat\/","name":"Esplac","description":"Esplais Catalans","publisher":{"@id":"https:\/\/www.esplac.cat\/#organization"},"potentialAction":[{"@type":"SearchAction","target":{"@type":"EntryPoint","urlTemplate":"https:\/\/www.esplac.cat\/?s={search_term_string}"},"query-input":{"@type":"PropertyValueSpecification","valueRequired":true,"valueName":"search_term_string"}}],"inLanguage":"en-US"},{"@type":"Organization","@id":"https:\/\/www.esplac.cat\/#organization","name":"Esplac","url":"https:\/\/www.esplac.cat\/","logo":{"@type":"ImageObject","inLanguage":"en-US","@id":"https:\/\/www.esplac.cat\/#\/schema\/logo\/image\/","url":"https:\/\/www.esplac.cat\/wp-content\/uploads\/2019\/08\/logox2.png","contentUrl":"https:\/\/www.esplac.cat\/wp-content\/uploads\/2019\/08\/logox2.png","width":600,"height":295,"caption":"Esplac"},"image":{"@id":"https:\/\/www.esplac.cat\/#\/schema\/logo\/image\/"}},{"@type":"Person","@id":"https:\/\/www.esplac.cat\/#\/schema\/person\/908383cf240be18b68f8855d0583faca","name":"Comunicaci\u00f3 Esplac","image":{"@type":"ImageObject","inLanguage":"en-US","@id":"https:\/\/secure.gravatar.com\/avatar\/7a4cf8feb412a76ea4a740ca02d95b06b2907b5a6c648c2dd0a1082a093c3141?s=96&d=mm&r=g","url":"https:\/\/secure.gravatar.com\/avatar\/7a4cf8feb412a76ea4a740ca02d95b06b2907b5a6c648c2dd0a1082a093c3141?s=96&d=mm&r=g","contentUrl":"https:\/\/secure.gravatar.com\/avatar\/7a4cf8feb412a76ea4a740ca02d95b06b2907b5a6c648c2dd0a1082a093c3141?s=96&d=mm&r=g","caption":"Comunicaci\u00f3 Esplac"}}]}},"_links":{"self":[{"href":"https:\/\/www.esplac.cat\/en\/wp-json\/wp\/v2\/posts\/31267","targetHints":{"allow":["GET"]}}],"collection":[{"href":"https:\/\/www.esplac.cat\/en\/wp-json\/wp\/v2\/posts"}],"about":[{"href":"https:\/\/www.esplac.cat\/en\/wp-json\/wp\/v2\/types\/post"}],"author":[{"embeddable":true,"href":"https:\/\/www.esplac.cat\/en\/wp-json\/wp\/v2\/users\/3"}],"replies":[{"embeddable":true,"href":"https:\/\/www.esplac.cat\/en\/wp-json\/wp\/v2\/comments?post=31267"}],"version-history":[{"count":0,"href":"https:\/\/www.esplac.cat\/en\/wp-json\/wp\/v2\/posts\/31267\/revisions"}],"wp:featuredmedia":[{"embeddable":true,"href":"https:\/\/www.esplac.cat\/en\/wp-json\/wp\/v2\/media\/31268"}],"wp:attachment":[{"href":"https:\/\/www.esplac.cat\/en\/wp-json\/wp\/v2\/media?parent=31267"}],"wp:term":[{"taxonomy":"category","embeddable":true,"href":"https:\/\/www.esplac.cat\/en\/wp-json\/wp\/v2\/categories?post=31267"},{"taxonomy":"post_tag","embeddable":true,"href":"https:\/\/www.esplac.cat\/en\/wp-json\/wp\/v2\/tags?post=31267"}],"curies":[{"name":"wp","href":"https:\/\/api.w.org\/{rel}","templated":true}]}}