{"id":31329,"date":"2020-03-16T12:06:24","date_gmt":"2020-03-16T11:06:24","guid":{"rendered":"https:\/\/www.esplac.cat\/?p=31329"},"modified":"2020-10-15T17:22:56","modified_gmt":"2020-10-15T16:22:56","slug":"ens-quedem-a-casa-seguim-fent-esplai-som-monisimparables","status":"publish","type":"post","link":"https:\/\/www.esplac.cat\/en\/ens-quedem-a-casa-seguim-fent-esplai-som-monisimparables\/","title":{"rendered":"Ens quedem a casa per\u00f2 seguim fent esplai! Som #MonisImparables!"},"content":{"rendered":"<h6><strong>Aquest passat cap de setmana 14 i 15 de mar\u00e7 ha estat el primer de confinament a causa del coronavirus COVID-19 i alguns esplais d&#8217;Esplac han creat alternatives per seguir amb l&#8217;activitat sense sortir de casa.<\/strong><\/h6>\n<p>Degut al confinament a causa de l&#8217;expansi\u00f3 del COVID-19, s&#8217;han anul\u00b7lat totes les activitats d&#8217;esplai presencials de dissabte i les excursions fins el dia 30 de mar\u00e7. Malgrat aquesta situaci\u00f3, les monitores i monitors de diferents esplais d&#8217;Esplac no s&#8217;han quedat de bra\u00e7os creuats i han posat a la pr\u00e0ctica diferents alternatives per poder fer esplai des de casa!<\/p>\n<p>Des del compte d&#8217;Instagram d&#8217;Esplac (<span style=\"color: #ff9900;\"><a style=\"color: #ff9900;\" href=\"http:\/\/instagram.com\/esplaiscatalans\" target=\"_blank\" rel=\"noopener noreferrer\">@esplaiscatalans<\/a><\/span>) vam animar a que els esplais compartissin totes les din\u00e0miques i activitats que farien durant el cap de setmana i van sortir idees molt divertides i originals:<\/p>\n<ul>\n<li>Jugar al joc del llop amb l&#8217;app &#8220;werewolf online&#8221; o per telegram, com ho va fer l&#8217;Esplai Guai (<span style=\"color: #ff9900;\"><a style=\"color: #ff9900;\" href=\"http:\/\/instagram.com\/esplaiguai\" target=\"_blank\" rel=\"noopener noreferrer\">@esplaiguai<\/a><\/span>) o fer gimcanes per WhatsApp!<\/li>\n<\/ul>\n<p><img decoding=\"async\" class=\"aligncenter wp-image-31331\" src=\"https:\/\/www.esplac.cat\/wp-content\/uploads\/2020\/03\/IMG_1088.jpg\" alt=\"\" width=\"205\" height=\"362\" srcset=\"https:\/\/www.esplac.cat\/wp-content\/uploads\/2020\/03\/IMG_1088-170x300.jpg 170w, https:\/\/www.esplac.cat\/wp-content\/uploads\/2020\/03\/IMG_1088-200x353.jpg 200w, https:\/\/www.esplac.cat\/wp-content\/uploads\/2020\/03\/IMG_1088-400x707.jpg 400w, https:\/\/www.esplac.cat\/wp-content\/uploads\/2020\/03\/IMG_1088-580x1024.jpg 580w, https:\/\/www.esplac.cat\/wp-content\/uploads\/2020\/03\/IMG_1088-600x1060.jpg 600w, https:\/\/www.esplac.cat\/wp-content\/uploads\/2020\/03\/IMG_1088-768x1357.jpg 768w, https:\/\/www.esplac.cat\/wp-content\/uploads\/2020\/03\/IMG_1088-800x1414.jpg 800w, https:\/\/www.esplac.cat\/wp-content\/uploads\/2020\/03\/IMG_1088.jpg 828w\" sizes=\"(max-width: 205px) 100vw, 205px\" \/><\/p>\n<ul>\n<li>L&#8217;esplai Vol i Vol (<span style=\"color: #ff9900;\"><a style=\"color: #ff9900;\" href=\"http:\/\/instagram.com\/esplaivolivol\" target=\"_blank\" rel=\"noopener noreferrer\">@esplaivolivol<\/a><\/span>) han creat reptes per les families de l&#8217;esplai sota l&#8217;etiqueta #EsplaiACasa, i l&#8217;esplai Boix (<a href=\"http:\/\/instagram.com\/esplaiboix\" target=\"_blank\" rel=\"noopener noreferrer\"><span style=\"color: #ff9900;\">@esplaiboix<\/span><\/a>) tamb\u00e9!\n\t\t<style type=\"text\/css\">\n\t\t\t#gallery-1 {\n\t\t\t\tmargin: auto;\n\t\t\t}\n\t\t\t#gallery-1 .gallery-item {\n\t\t\t\tfloat: left;\n\t\t\t\tmargin-top: 10px;\n\t\t\t\ttext-align: center;\n\t\t\t\twidth: 50%;\n\t\t\t}\n\t\t\t#gallery-1 img {\n\t\t\t\tborder: 2px solid #cfcfcf;\n\t\t\t}\n\t\t\t#gallery-1 .gallery-caption {\n\t\t\t\tmargin-left: 0;\n\t\t\t}\n\t\t\t\/* see gallery_shortcode() in wp-includes\/media.php *\/\n\t\t<\/style>\n\t\t<div id='gallery-1' class='gallery galleryid-31329 gallery-columns-2 gallery-size-medium'><dl class='gallery-item'>\n\t\t\t<dt class='gallery-icon portrait'>\n\t\t\t\t<a data-rel=\"iLightbox[postimages]\" data-title=\"IMG_1098\" data-caption=\"\" href='https:\/\/www.esplac.cat\/wp-content\/uploads\/2020\/03\/IMG_1098.jpg'><img decoding=\"async\" width=\"170\" height=\"300\" src=\"https:\/\/www.esplac.cat\/wp-content\/uploads\/2020\/03\/IMG_1098-170x300.jpg\" class=\"attachment-medium size-medium\" alt=\"\" srcset=\"https:\/\/www.esplac.cat\/wp-content\/uploads\/2020\/03\/IMG_1098-170x300.jpg 170w, https:\/\/www.esplac.cat\/wp-content\/uploads\/2020\/03\/IMG_1098-200x352.jpg 200w, https:\/\/www.esplac.cat\/wp-content\/uploads\/2020\/03\/IMG_1098-400x704.jpg 400w, https:\/\/www.esplac.cat\/wp-content\/uploads\/2020\/03\/IMG_1098-582x1024.jpg 582w, https:\/\/www.esplac.cat\/wp-content\/uploads\/2020\/03\/IMG_1098-600x1057.jpg 600w, https:\/\/www.esplac.cat\/wp-content\/uploads\/2020\/03\/IMG_1098-768x1352.jpg 768w, https:\/\/www.esplac.cat\/wp-content\/uploads\/2020\/03\/IMG_1098-800x1409.jpg 800w, https:\/\/www.esplac.cat\/wp-content\/uploads\/2020\/03\/IMG_1098.jpg 828w\" sizes=\"(max-width: 170px) 100vw, 170px\" \/><\/a>\n\t\t\t<\/dt><\/dl><dl class='gallery-item'>\n\t\t\t<dt class='gallery-icon portrait'>\n\t\t\t\t<a data-rel=\"iLightbox[postimages]\" data-title=\"IMG_1097\" data-caption=\"\" href='https:\/\/www.esplac.cat\/wp-content\/uploads\/2020\/03\/IMG_1097.jpg'><img decoding=\"async\" width=\"170\" height=\"300\" src=\"https:\/\/www.esplac.cat\/wp-content\/uploads\/2020\/03\/IMG_1097-170x300.jpg\" class=\"attachment-medium size-medium\" alt=\"\" srcset=\"https:\/\/www.esplac.cat\/wp-content\/uploads\/2020\/03\/IMG_1097-170x300.jpg 170w, https:\/\/www.esplac.cat\/wp-content\/uploads\/2020\/03\/IMG_1097-200x353.jpg 200w, https:\/\/www.esplac.cat\/wp-content\/uploads\/2020\/03\/IMG_1097-400x706.jpg 400w, https:\/\/www.esplac.cat\/wp-content\/uploads\/2020\/03\/IMG_1097-580x1024.jpg 580w, https:\/\/www.esplac.cat\/wp-content\/uploads\/2020\/03\/IMG_1097-600x1059.jpg 600w, https:\/\/www.esplac.cat\/wp-content\/uploads\/2020\/03\/IMG_1097-768x1356.jpg 768w, https:\/\/www.esplac.cat\/wp-content\/uploads\/2020\/03\/IMG_1097-800x1413.jpg 800w, https:\/\/www.esplac.cat\/wp-content\/uploads\/2020\/03\/IMG_1097.jpg 828w\" sizes=\"(max-width: 170px) 100vw, 170px\" \/><\/a>\n\t\t\t<\/dt><\/dl><br style=\"clear: both\" \/>\n\t\t<\/div>\n<\/li>\n<li>El grup de joves de l&#8217;esplai Sarau (<a href=\"http:\/\/instagram.com\/esplaisarau\" target=\"_blank\" rel=\"noopener noreferrer\"><span style=\"color: #ff9900;\">@esplaisarau<\/span><\/a>) van fer dissabte videotrucada esplaiera per fer activitats, cantar i berenar plegades! Una moni recomana fer servir l&#8217;aplicaci\u00f3 &#8220;Zoom&#8221; de videotrucades perqu\u00e8 es pot connectar molta gent a la vegada i la qualitat de v\u00eddeo i so \u00e9s molt bona!<\/li>\n<\/ul>\n\n\t\t<style type=\"text\/css\">\n\t\t\t#gallery-2 {\n\t\t\t\tmargin: auto;\n\t\t\t}\n\t\t\t#gallery-2 .gallery-item {\n\t\t\t\tfloat: left;\n\t\t\t\tmargin-top: 10px;\n\t\t\t\ttext-align: center;\n\t\t\t\twidth: 50%;\n\t\t\t}\n\t\t\t#gallery-2 img {\n\t\t\t\tborder: 2px solid #cfcfcf;\n\t\t\t}\n\t\t\t#gallery-2 .gallery-caption {\n\t\t\t\tmargin-left: 0;\n\t\t\t}\n\t\t\t\/* see gallery_shortcode() in wp-includes\/media.php *\/\n\t\t<\/style>\n\t\t<div id='gallery-2' class='gallery galleryid-31329 gallery-columns-2 gallery-size-medium'><dl class='gallery-item'>\n\t\t\t<dt class='gallery-icon portrait'>\n\t\t\t\t<a data-rel=\"iLightbox[postimages]\" data-title=\"IMG_1087\" data-caption=\"\" href='https:\/\/www.esplac.cat\/wp-content\/uploads\/2020\/03\/IMG_1087.jpg'><img decoding=\"async\" width=\"168\" height=\"300\" src=\"https:\/\/www.esplac.cat\/wp-content\/uploads\/2020\/03\/IMG_1087-168x300.jpg\" class=\"attachment-medium size-medium\" alt=\"\" srcset=\"https:\/\/www.esplac.cat\/wp-content\/uploads\/2020\/03\/IMG_1087-168x300.jpg 168w, https:\/\/www.esplac.cat\/wp-content\/uploads\/2020\/03\/IMG_1087-200x357.jpg 200w, https:\/\/www.esplac.cat\/wp-content\/uploads\/2020\/03\/IMG_1087-400x713.jpg 400w, https:\/\/www.esplac.cat\/wp-content\/uploads\/2020\/03\/IMG_1087-574x1024.jpg 574w, https:\/\/www.esplac.cat\/wp-content\/uploads\/2020\/03\/IMG_1087-600x1070.jpg 600w, https:\/\/www.esplac.cat\/wp-content\/uploads\/2020\/03\/IMG_1087-768x1370.jpg 768w, https:\/\/www.esplac.cat\/wp-content\/uploads\/2020\/03\/IMG_1087-800x1427.jpg 800w, https:\/\/www.esplac.cat\/wp-content\/uploads\/2020\/03\/IMG_1087.jpg 817w\" sizes=\"(max-width: 168px) 100vw, 168px\" \/><\/a>\n\t\t\t<\/dt><\/dl><dl class='gallery-item'>\n\t\t\t<dt class='gallery-icon portrait'>\n\t\t\t\t<a data-rel=\"iLightbox[postimages]\" data-title=\"IMG_1093\" data-caption=\"\" href='https:\/\/www.esplac.cat\/wp-content\/uploads\/2020\/03\/IMG_1093.jpg'><img decoding=\"async\" width=\"171\" height=\"300\" src=\"https:\/\/www.esplac.cat\/wp-content\/uploads\/2020\/03\/IMG_1093-171x300.jpg\" class=\"attachment-medium size-medium\" alt=\"\" srcset=\"https:\/\/www.esplac.cat\/wp-content\/uploads\/2020\/03\/IMG_1093-171x300.jpg 171w, https:\/\/www.esplac.cat\/wp-content\/uploads\/2020\/03\/IMG_1093-200x351.jpg 200w, https:\/\/www.esplac.cat\/wp-content\/uploads\/2020\/03\/IMG_1093-400x702.jpg 400w, https:\/\/www.esplac.cat\/wp-content\/uploads\/2020\/03\/IMG_1093-584x1024.jpg 584w, https:\/\/www.esplac.cat\/wp-content\/uploads\/2020\/03\/IMG_1093-600x1053.jpg 600w, https:\/\/www.esplac.cat\/wp-content\/uploads\/2020\/03\/IMG_1093-768x1348.jpg 768w, https:\/\/www.esplac.cat\/wp-content\/uploads\/2020\/03\/IMG_1093-800x1404.jpg 800w, https:\/\/www.esplac.cat\/wp-content\/uploads\/2020\/03\/IMG_1093.jpg 828w\" sizes=\"(max-width: 171px) 100vw, 171px\" \/><\/a>\n\t\t\t<\/dt><\/dl><br style=\"clear: both\" \/>\n\t\t<\/div>\n\n<p>&nbsp;<\/p>\n<ul>\n<li>L&#8217;esplai SCV El clot (<a href=\"http:\/\/instagram.com\/scvelclot\" target=\"_blank\" rel=\"noopener noreferrer\"><span style=\"color: #ff9900;\">@scvelclot<\/span><\/a>) anima als infants i joves de l&#8217;esplai que dibuixin les seves monitores i els hi envi\u00efn o pengin a Instagram amb l&#8217;etiqueta #MonisImparables. Tamb\u00e9, anima a tots els esplais que utilitzin la seva plantilla per fer l&#8217;activitat i compartir-ho amb tothom!<\/li>\n<\/ul>\n\n\t\t<style type=\"text\/css\">\n\t\t\t#gallery-3 {\n\t\t\t\tmargin: auto;\n\t\t\t}\n\t\t\t#gallery-3 .gallery-item {\n\t\t\t\tfloat: left;\n\t\t\t\tmargin-top: 10px;\n\t\t\t\ttext-align: center;\n\t\t\t\twidth: 50%;\n\t\t\t}\n\t\t\t#gallery-3 img {\n\t\t\t\tborder: 2px solid #cfcfcf;\n\t\t\t}\n\t\t\t#gallery-3 .gallery-caption {\n\t\t\t\tmargin-left: 0;\n\t\t\t}\n\t\t\t\/* see gallery_shortcode() in wp-includes\/media.php *\/\n\t\t<\/style>\n\t\t<div id='gallery-3' class='gallery galleryid-31329 gallery-columns-2 gallery-size-medium'><dl class='gallery-item'>\n\t\t\t<dt class='gallery-icon portrait'>\n\t\t\t\t<a data-rel=\"iLightbox[postimages]\" data-title=\"IMG_1089\" data-caption=\"\" href='https:\/\/www.esplac.cat\/wp-content\/uploads\/2020\/03\/IMG_1089.jpg'><img decoding=\"async\" width=\"170\" height=\"300\" src=\"https:\/\/www.esplac.cat\/wp-content\/uploads\/2020\/03\/IMG_1089-170x300.jpg\" class=\"attachment-medium size-medium\" alt=\"\" srcset=\"https:\/\/www.esplac.cat\/wp-content\/uploads\/2020\/03\/IMG_1089-170x300.jpg 170w, https:\/\/www.esplac.cat\/wp-content\/uploads\/2020\/03\/IMG_1089-200x352.jpg 200w, https:\/\/www.esplac.cat\/wp-content\/uploads\/2020\/03\/IMG_1089-400x705.jpg 400w, https:\/\/www.esplac.cat\/wp-content\/uploads\/2020\/03\/IMG_1089-581x1024.jpg 581w, https:\/\/www.esplac.cat\/wp-content\/uploads\/2020\/03\/IMG_1089-600x1057.jpg 600w, https:\/\/www.esplac.cat\/wp-content\/uploads\/2020\/03\/IMG_1089-768x1353.jpg 768w, https:\/\/www.esplac.cat\/wp-content\/uploads\/2020\/03\/IMG_1089-800x1410.jpg 800w, https:\/\/www.esplac.cat\/wp-content\/uploads\/2020\/03\/IMG_1089.jpg 828w\" sizes=\"(max-width: 170px) 100vw, 170px\" \/><\/a>\n\t\t\t<\/dt><\/dl><dl class='gallery-item'>\n\t\t\t<dt class='gallery-icon portrait'>\n\t\t\t\t<a data-rel=\"iLightbox[postimages]\" data-title=\"IMG_1092\" data-caption=\"\" href='https:\/\/www.esplac.cat\/wp-content\/uploads\/2020\/03\/IMG_1092.jpg'><img decoding=\"async\" width=\"170\" height=\"300\" src=\"https:\/\/www.esplac.cat\/wp-content\/uploads\/2020\/03\/IMG_1092-170x300.jpg\" class=\"attachment-medium size-medium\" alt=\"\" srcset=\"https:\/\/www.esplac.cat\/wp-content\/uploads\/2020\/03\/IMG_1092-170x300.jpg 170w, https:\/\/www.esplac.cat\/wp-content\/uploads\/2020\/03\/IMG_1092-200x353.jpg 200w, https:\/\/www.esplac.cat\/wp-content\/uploads\/2020\/03\/IMG_1092-400x706.jpg 400w, https:\/\/www.esplac.cat\/wp-content\/uploads\/2020\/03\/IMG_1092-580x1024.jpg 580w, https:\/\/www.esplac.cat\/wp-content\/uploads\/2020\/03\/IMG_1092-600x1059.jpg 600w, https:\/\/www.esplac.cat\/wp-content\/uploads\/2020\/03\/IMG_1092-768x1356.jpg 768w, https:\/\/www.esplac.cat\/wp-content\/uploads\/2020\/03\/IMG_1092-800x1413.jpg 800w, https:\/\/www.esplac.cat\/wp-content\/uploads\/2020\/03\/IMG_1092.jpg 828w\" sizes=\"(max-width: 170px) 100vw, 170px\" \/><\/a>\n\t\t\t<\/dt><\/dl><br style=\"clear: both\" \/>\n\t\t<\/div>\n\n<ul>\n<li>L&#8217;esplai Farfalla (<a href=\"http:\/\/instagram.com\/esplaifarfalla\" target=\"_blank\" rel=\"noopener noreferrer\"><span style=\"color: #ff9900;\">@esplaifarfalla<\/span><\/a>) ha decidit fer reptes diaris i els infants i joves han d&#8217;enviar v\u00eddeos o fotos demostrant que ho han fet!<\/li>\n<li><a href=\"http:\/\/instagram.com\/kaotiks_lafera\" target=\"_blank\" rel=\"noopener noreferrer\"><span style=\"color: #ff9900;\">@Kaotiks_lafera<\/span><\/a> de l&#8217;esplai La Fera van fer un llistat de 10 idees per fer a casa i el l&#8217;han publicat al seu compte d&#8217;Instagram.<\/li>\n<li>L&#8217;esplai Xang\u00f3 (<a href=\"http:\/\/instagram.com\/xangoesplai\" target=\"_blank\" rel=\"noopener noreferrer\"><span style=\"color: #ff9900;\">@xangoesplai<\/span><\/a>) ens ha dit que en Donko de la cova de Capicap\u00fa s&#8217;ha perdut i l&#8217;estan ajudant. Aneu al seu perfil d&#8217;Instagram i ajudeu-los, les monis del Xang\u00f3 han fet uns v\u00eddeos molt divertits!<img decoding=\"async\" class=\"aligncenter wp-image-31356\" src=\"https:\/\/www.esplac.cat\/wp-content\/uploads\/2020\/03\/IMG_1090.jpg\" alt=\"\" width=\"193\" height=\"342\" srcset=\"https:\/\/www.esplac.cat\/wp-content\/uploads\/2020\/03\/IMG_1090-169x300.jpg 169w, https:\/\/www.esplac.cat\/wp-content\/uploads\/2020\/03\/IMG_1090-200x355.jpg 200w, https:\/\/www.esplac.cat\/wp-content\/uploads\/2020\/03\/IMG_1090-400x710.jpg 400w, https:\/\/www.esplac.cat\/wp-content\/uploads\/2020\/03\/IMG_1090-577x1024.jpg 577w, https:\/\/www.esplac.cat\/wp-content\/uploads\/2020\/03\/IMG_1090-600x1064.jpg 600w, https:\/\/www.esplac.cat\/wp-content\/uploads\/2020\/03\/IMG_1090-768x1363.jpg 768w, https:\/\/www.esplac.cat\/wp-content\/uploads\/2020\/03\/IMG_1090-800x1419.jpg 800w, https:\/\/www.esplac.cat\/wp-content\/uploads\/2020\/03\/IMG_1090.jpg 828w\" sizes=\"(max-width: 193px) 100vw, 193px\" \/><\/li>\n<\/ul>\n<p>Animem a tots els esplais a seguir fent activitats adaptades des de casa perqu\u00e8 els infants i joves puguin participar-hi i entre totes i tots aconseguim fer esplai tot i les condicions actuals. Si voleu compartir les vostres activitats podeu penjar-ho amb l&#8217;etiqueta #SomMonisImparables i #EsplaiACasa, i etiquetant al compte @esplaiscatalans. Molta for\u00e7a i \u00e0nims: <strong>#SomMonisImparables <\/strong>i als esplais<strong> #ResNoEnsAtura!<\/strong><\/p>\n<p>&nbsp;<\/p>\n","protected":false},"excerpt":{"rendered":"<p>Aquest passat cap de setmana 14 i 15 de mar\u00e7 [&hellip;]<\/p>\n","protected":false},"author":3,"featured_media":31359,"comment_status":"closed","ping_status":"open","sticky":false,"template":"","format":"standard","meta":{"om_disable_all_campaigns":false,"_monsterinsights_skip_tracking":false,"_monsterinsights_sitenote_active":false,"_monsterinsights_sitenote_note":"","_monsterinsights_sitenote_category":0,"_uf_show_specific_survey":0,"_uf_disable_surveys":false,"footnotes":""},"categories":[1117],"tags":[671,1031,1304,1296,1003,211,212],"class_list":["post-31329","post","type-post","status-publish","format-standard","has-post-thumbnail","hentry","category-activitats-esplais","tag-monisimparables","tag-activitats","tag-coronavirus","tag-covid-19","tag-esplai","tag-monitores","tag-monitors"],"yoast_head":"<!-- This site is optimized with the Yoast SEO plugin v27.4 - https:\/\/yoast.com\/product\/yoast-seo-wordpress\/ -->\n<title>Ens quedem a casa per\u00f2 seguim fent esplai! Som #MonisImparables! - Esplac<\/title>\n<meta name=\"robots\" content=\"index, follow, max-snippet:-1, max-image-preview:large, max-video-preview:-1\" \/>\n<link rel=\"canonical\" href=\"https:\/\/www.esplac.cat\/ens-quedem-a-casa-seguim-fent-esplai-som-monisimparables\/\" \/>\n<meta property=\"og:locale\" content=\"en_US\" \/>\n<meta property=\"og:type\" content=\"article\" \/>\n<meta property=\"og:title\" content=\"Ens quedem a casa per\u00f2 seguim fent esplai! Som #MonisImparables! - Esplac\" \/>\n<meta property=\"og:description\" content=\"Aquest passat cap de setmana 14 i 15 de mar\u00e7 [&hellip;]\" \/>\n<meta property=\"og:url\" content=\"https:\/\/www.esplac.cat\/ens-quedem-a-casa-seguim-fent-esplai-som-monisimparables\/\" \/>\n<meta property=\"og:site_name\" content=\"Esplac\" \/>\n<meta property=\"article:published_time\" content=\"2020-03-16T11:06:24+00:00\" \/>\n<meta property=\"article:modified_time\" content=\"2020-10-15T16:22:56+00:00\" \/>\n<meta property=\"og:image\" content=\"https:\/\/www.esplac.cat\/wp-content\/uploads\/2020\/03\/Disen\u0303o-sin-ti\u0301tulo.jpg\" \/>\n\t<meta property=\"og:image:width\" content=\"1694\" \/>\n\t<meta property=\"og:image:height\" content=\"700\" \/>\n\t<meta property=\"og:image:type\" content=\"image\/jpeg\" \/>\n<meta name=\"author\" content=\"Comunicaci\u00f3 Esplac\" \/>\n<meta name=\"twitter:card\" content=\"summary_large_image\" \/>\n<meta name=\"twitter:label1\" content=\"Written by\" \/>\n\t<meta name=\"twitter:data1\" content=\"Comunicaci\u00f3 Esplac\" \/>\n\t<meta name=\"twitter:label2\" content=\"Est. reading time\" \/>\n\t<meta name=\"twitter:data2\" content=\"2 minutes\" \/>\n<script type=\"application\/ld+json\" class=\"yoast-schema-graph\">{\"@context\":\"https:\\\/\\\/schema.org\",\"@graph\":[{\"@type\":\"Article\",\"@id\":\"https:\\\/\\\/www.esplac.cat\\\/ens-quedem-a-casa-seguim-fent-esplai-som-monisimparables\\\/#article\",\"isPartOf\":{\"@id\":\"https:\\\/\\\/www.esplac.cat\\\/ens-quedem-a-casa-seguim-fent-esplai-som-monisimparables\\\/\"},\"author\":{\"name\":\"Comunicaci\u00f3 Esplac\",\"@id\":\"https:\\\/\\\/www.esplac.cat\\\/#\\\/schema\\\/person\\\/908383cf240be18b68f8855d0583faca\"},\"headline\":\"Ens quedem a casa per\u00f2 seguim fent esplai! Som #MonisImparables!\",\"datePublished\":\"2020-03-16T11:06:24+00:00\",\"dateModified\":\"2020-10-15T16:22:56+00:00\",\"mainEntityOfPage\":{\"@id\":\"https:\\\/\\\/www.esplac.cat\\\/ens-quedem-a-casa-seguim-fent-esplai-som-monisimparables\\\/\"},\"wordCount\":480,\"publisher\":{\"@id\":\"https:\\\/\\\/www.esplac.cat\\\/#organization\"},\"image\":{\"@id\":\"https:\\\/\\\/www.esplac.cat\\\/ens-quedem-a-casa-seguim-fent-esplai-som-monisimparables\\\/#primaryimage\"},\"thumbnailUrl\":\"https:\\\/\\\/www.esplac.cat\\\/wp-content\\\/uploads\\\/2020\\\/03\\\/Disen\u0303o-sin-ti\u0301tulo.jpg\",\"keywords\":[\"#MonisImparables\",\"activitats\",\"Coronavirus\",\"covid-19\",\"esplai\",\"monitores\",\"monitors\"],\"articleSection\":[\"Activitats esplais\"],\"inLanguage\":\"en-US\"},{\"@type\":\"WebPage\",\"@id\":\"https:\\\/\\\/www.esplac.cat\\\/ens-quedem-a-casa-seguim-fent-esplai-som-monisimparables\\\/\",\"url\":\"https:\\\/\\\/www.esplac.cat\\\/ens-quedem-a-casa-seguim-fent-esplai-som-monisimparables\\\/\",\"name\":\"Ens quedem a casa per\u00f2 seguim fent esplai! Som #MonisImparables! - Esplac\",\"isPartOf\":{\"@id\":\"https:\\\/\\\/www.esplac.cat\\\/#website\"},\"primaryImageOfPage\":{\"@id\":\"https:\\\/\\\/www.esplac.cat\\\/ens-quedem-a-casa-seguim-fent-esplai-som-monisimparables\\\/#primaryimage\"},\"image\":{\"@id\":\"https:\\\/\\\/www.esplac.cat\\\/ens-quedem-a-casa-seguim-fent-esplai-som-monisimparables\\\/#primaryimage\"},\"thumbnailUrl\":\"https:\\\/\\\/www.esplac.cat\\\/wp-content\\\/uploads\\\/2020\\\/03\\\/Disen\u0303o-sin-ti\u0301tulo.jpg\",\"datePublished\":\"2020-03-16T11:06:24+00:00\",\"dateModified\":\"2020-10-15T16:22:56+00:00\",\"breadcrumb\":{\"@id\":\"https:\\\/\\\/www.esplac.cat\\\/ens-quedem-a-casa-seguim-fent-esplai-som-monisimparables\\\/#breadcrumb\"},\"inLanguage\":\"en-US\",\"potentialAction\":[{\"@type\":\"ReadAction\",\"target\":[\"https:\\\/\\\/www.esplac.cat\\\/ens-quedem-a-casa-seguim-fent-esplai-som-monisimparables\\\/\"]}]},{\"@type\":\"ImageObject\",\"inLanguage\":\"en-US\",\"@id\":\"https:\\\/\\\/www.esplac.cat\\\/ens-quedem-a-casa-seguim-fent-esplai-som-monisimparables\\\/#primaryimage\",\"url\":\"https:\\\/\\\/www.esplac.cat\\\/wp-content\\\/uploads\\\/2020\\\/03\\\/Disen\u0303o-sin-ti\u0301tulo.jpg\",\"contentUrl\":\"https:\\\/\\\/www.esplac.cat\\\/wp-content\\\/uploads\\\/2020\\\/03\\\/Disen\u0303o-sin-ti\u0301tulo.jpg\",\"width\":1694,\"height\":700},{\"@type\":\"BreadcrumbList\",\"@id\":\"https:\\\/\\\/www.esplac.cat\\\/ens-quedem-a-casa-seguim-fent-esplai-som-monisimparables\\\/#breadcrumb\",\"itemListElement\":[{\"@type\":\"ListItem\",\"position\":1,\"name\":\"Inici\",\"item\":\"https:\\\/\\\/www.esplac.cat\\\/en\\\/\"},{\"@type\":\"ListItem\",\"position\":2,\"name\":\"Ens quedem a casa per\u00f2 seguim fent esplai! Som #MonisImparables!\"}]},{\"@type\":\"WebSite\",\"@id\":\"https:\\\/\\\/www.esplac.cat\\\/#website\",\"url\":\"https:\\\/\\\/www.esplac.cat\\\/\",\"name\":\"Esplac\",\"description\":\"Esplais Catalans\",\"publisher\":{\"@id\":\"https:\\\/\\\/www.esplac.cat\\\/#organization\"},\"potentialAction\":[{\"@type\":\"SearchAction\",\"target\":{\"@type\":\"EntryPoint\",\"urlTemplate\":\"https:\\\/\\\/www.esplac.cat\\\/?s={search_term_string}\"},\"query-input\":{\"@type\":\"PropertyValueSpecification\",\"valueRequired\":true,\"valueName\":\"search_term_string\"}}],\"inLanguage\":\"en-US\"},{\"@type\":\"Organization\",\"@id\":\"https:\\\/\\\/www.esplac.cat\\\/#organization\",\"name\":\"Esplac\",\"url\":\"https:\\\/\\\/www.esplac.cat\\\/\",\"logo\":{\"@type\":\"ImageObject\",\"inLanguage\":\"en-US\",\"@id\":\"https:\\\/\\\/www.esplac.cat\\\/#\\\/schema\\\/logo\\\/image\\\/\",\"url\":\"https:\\\/\\\/www.esplac.cat\\\/wp-content\\\/uploads\\\/2019\\\/08\\\/logox2.png\",\"contentUrl\":\"https:\\\/\\\/www.esplac.cat\\\/wp-content\\\/uploads\\\/2019\\\/08\\\/logox2.png\",\"width\":600,\"height\":295,\"caption\":\"Esplac\"},\"image\":{\"@id\":\"https:\\\/\\\/www.esplac.cat\\\/#\\\/schema\\\/logo\\\/image\\\/\"}},{\"@type\":\"Person\",\"@id\":\"https:\\\/\\\/www.esplac.cat\\\/#\\\/schema\\\/person\\\/908383cf240be18b68f8855d0583faca\",\"name\":\"Comunicaci\u00f3 Esplac\",\"image\":{\"@type\":\"ImageObject\",\"inLanguage\":\"en-US\",\"@id\":\"https:\\\/\\\/secure.gravatar.com\\\/avatar\\\/7a4cf8feb412a76ea4a740ca02d95b06b2907b5a6c648c2dd0a1082a093c3141?s=96&d=mm&r=g\",\"url\":\"https:\\\/\\\/secure.gravatar.com\\\/avatar\\\/7a4cf8feb412a76ea4a740ca02d95b06b2907b5a6c648c2dd0a1082a093c3141?s=96&d=mm&r=g\",\"contentUrl\":\"https:\\\/\\\/secure.gravatar.com\\\/avatar\\\/7a4cf8feb412a76ea4a740ca02d95b06b2907b5a6c648c2dd0a1082a093c3141?s=96&d=mm&r=g\",\"caption\":\"Comunicaci\u00f3 Esplac\"}}]}<\/script>\n<!-- \/ Yoast SEO plugin. -->","yoast_head_json":{"title":"Ens quedem a casa per\u00f2 seguim fent esplai! Som #MonisImparables! - Esplac","robots":{"index":"index","follow":"follow","max-snippet":"max-snippet:-1","max-image-preview":"max-image-preview:large","max-video-preview":"max-video-preview:-1"},"canonical":"https:\/\/www.esplac.cat\/ens-quedem-a-casa-seguim-fent-esplai-som-monisimparables\/","og_locale":"en_US","og_type":"article","og_title":"Ens quedem a casa per\u00f2 seguim fent esplai! Som #MonisImparables! - Esplac","og_description":"Aquest passat cap de setmana 14 i 15 de mar\u00e7 [&hellip;]","og_url":"https:\/\/www.esplac.cat\/ens-quedem-a-casa-seguim-fent-esplai-som-monisimparables\/","og_site_name":"Esplac","article_published_time":"2020-03-16T11:06:24+00:00","article_modified_time":"2020-10-15T16:22:56+00:00","og_image":[{"width":1694,"height":700,"url":"https:\/\/www.esplac.cat\/wp-content\/uploads\/2020\/03\/Disen\u0303o-sin-ti\u0301tulo.jpg","type":"image\/jpeg"}],"author":"Comunicaci\u00f3 Esplac","twitter_card":"summary_large_image","twitter_misc":{"Written by":"Comunicaci\u00f3 Esplac","Est. reading time":"2 minutes"},"schema":{"@context":"https:\/\/schema.org","@graph":[{"@type":"Article","@id":"https:\/\/www.esplac.cat\/ens-quedem-a-casa-seguim-fent-esplai-som-monisimparables\/#article","isPartOf":{"@id":"https:\/\/www.esplac.cat\/ens-quedem-a-casa-seguim-fent-esplai-som-monisimparables\/"},"author":{"name":"Comunicaci\u00f3 Esplac","@id":"https:\/\/www.esplac.cat\/#\/schema\/person\/908383cf240be18b68f8855d0583faca"},"headline":"Ens quedem a casa per\u00f2 seguim fent esplai! Som #MonisImparables!","datePublished":"2020-03-16T11:06:24+00:00","dateModified":"2020-10-15T16:22:56+00:00","mainEntityOfPage":{"@id":"https:\/\/www.esplac.cat\/ens-quedem-a-casa-seguim-fent-esplai-som-monisimparables\/"},"wordCount":480,"publisher":{"@id":"https:\/\/www.esplac.cat\/#organization"},"image":{"@id":"https:\/\/www.esplac.cat\/ens-quedem-a-casa-seguim-fent-esplai-som-monisimparables\/#primaryimage"},"thumbnailUrl":"https:\/\/www.esplac.cat\/wp-content\/uploads\/2020\/03\/Disen\u0303o-sin-ti\u0301tulo.jpg","keywords":["#MonisImparables","activitats","Coronavirus","covid-19","esplai","monitores","monitors"],"articleSection":["Activitats esplais"],"inLanguage":"en-US"},{"@type":"WebPage","@id":"https:\/\/www.esplac.cat\/ens-quedem-a-casa-seguim-fent-esplai-som-monisimparables\/","url":"https:\/\/www.esplac.cat\/ens-quedem-a-casa-seguim-fent-esplai-som-monisimparables\/","name":"Ens quedem a casa per\u00f2 seguim fent esplai! Som #MonisImparables! - Esplac","isPartOf":{"@id":"https:\/\/www.esplac.cat\/#website"},"primaryImageOfPage":{"@id":"https:\/\/www.esplac.cat\/ens-quedem-a-casa-seguim-fent-esplai-som-monisimparables\/#primaryimage"},"image":{"@id":"https:\/\/www.esplac.cat\/ens-quedem-a-casa-seguim-fent-esplai-som-monisimparables\/#primaryimage"},"thumbnailUrl":"https:\/\/www.esplac.cat\/wp-content\/uploads\/2020\/03\/Disen\u0303o-sin-ti\u0301tulo.jpg","datePublished":"2020-03-16T11:06:24+00:00","dateModified":"2020-10-15T16:22:56+00:00","breadcrumb":{"@id":"https:\/\/www.esplac.cat\/ens-quedem-a-casa-seguim-fent-esplai-som-monisimparables\/#breadcrumb"},"inLanguage":"en-US","potentialAction":[{"@type":"ReadAction","target":["https:\/\/www.esplac.cat\/ens-quedem-a-casa-seguim-fent-esplai-som-monisimparables\/"]}]},{"@type":"ImageObject","inLanguage":"en-US","@id":"https:\/\/www.esplac.cat\/ens-quedem-a-casa-seguim-fent-esplai-som-monisimparables\/#primaryimage","url":"https:\/\/www.esplac.cat\/wp-content\/uploads\/2020\/03\/Disen\u0303o-sin-ti\u0301tulo.jpg","contentUrl":"https:\/\/www.esplac.cat\/wp-content\/uploads\/2020\/03\/Disen\u0303o-sin-ti\u0301tulo.jpg","width":1694,"height":700},{"@type":"BreadcrumbList","@id":"https:\/\/www.esplac.cat\/ens-quedem-a-casa-seguim-fent-esplai-som-monisimparables\/#breadcrumb","itemListElement":[{"@type":"ListItem","position":1,"name":"Inici","item":"https:\/\/www.esplac.cat\/en\/"},{"@type":"ListItem","position":2,"name":"Ens quedem a casa per\u00f2 seguim fent esplai! Som #MonisImparables!"}]},{"@type":"WebSite","@id":"https:\/\/www.esplac.cat\/#website","url":"https:\/\/www.esplac.cat\/","name":"Esplac","description":"Esplais Catalans","publisher":{"@id":"https:\/\/www.esplac.cat\/#organization"},"potentialAction":[{"@type":"SearchAction","target":{"@type":"EntryPoint","urlTemplate":"https:\/\/www.esplac.cat\/?s={search_term_string}"},"query-input":{"@type":"PropertyValueSpecification","valueRequired":true,"valueName":"search_term_string"}}],"inLanguage":"en-US"},{"@type":"Organization","@id":"https:\/\/www.esplac.cat\/#organization","name":"Esplac","url":"https:\/\/www.esplac.cat\/","logo":{"@type":"ImageObject","inLanguage":"en-US","@id":"https:\/\/www.esplac.cat\/#\/schema\/logo\/image\/","url":"https:\/\/www.esplac.cat\/wp-content\/uploads\/2019\/08\/logox2.png","contentUrl":"https:\/\/www.esplac.cat\/wp-content\/uploads\/2019\/08\/logox2.png","width":600,"height":295,"caption":"Esplac"},"image":{"@id":"https:\/\/www.esplac.cat\/#\/schema\/logo\/image\/"}},{"@type":"Person","@id":"https:\/\/www.esplac.cat\/#\/schema\/person\/908383cf240be18b68f8855d0583faca","name":"Comunicaci\u00f3 Esplac","image":{"@type":"ImageObject","inLanguage":"en-US","@id":"https:\/\/secure.gravatar.com\/avatar\/7a4cf8feb412a76ea4a740ca02d95b06b2907b5a6c648c2dd0a1082a093c3141?s=96&d=mm&r=g","url":"https:\/\/secure.gravatar.com\/avatar\/7a4cf8feb412a76ea4a740ca02d95b06b2907b5a6c648c2dd0a1082a093c3141?s=96&d=mm&r=g","contentUrl":"https:\/\/secure.gravatar.com\/avatar\/7a4cf8feb412a76ea4a740ca02d95b06b2907b5a6c648c2dd0a1082a093c3141?s=96&d=mm&r=g","caption":"Comunicaci\u00f3 Esplac"}}]}},"_links":{"self":[{"href":"https:\/\/www.esplac.cat\/en\/wp-json\/wp\/v2\/posts\/31329","targetHints":{"allow":["GET"]}}],"collection":[{"href":"https:\/\/www.esplac.cat\/en\/wp-json\/wp\/v2\/posts"}],"about":[{"href":"https:\/\/www.esplac.cat\/en\/wp-json\/wp\/v2\/types\/post"}],"author":[{"embeddable":true,"href":"https:\/\/www.esplac.cat\/en\/wp-json\/wp\/v2\/users\/3"}],"replies":[{"embeddable":true,"href":"https:\/\/www.esplac.cat\/en\/wp-json\/wp\/v2\/comments?post=31329"}],"version-history":[{"count":0,"href":"https:\/\/www.esplac.cat\/en\/wp-json\/wp\/v2\/posts\/31329\/revisions"}],"wp:featuredmedia":[{"embeddable":true,"href":"https:\/\/www.esplac.cat\/en\/wp-json\/wp\/v2\/media\/31359"}],"wp:attachment":[{"href":"https:\/\/www.esplac.cat\/en\/wp-json\/wp\/v2\/media?parent=31329"}],"wp:term":[{"taxonomy":"category","embeddable":true,"href":"https:\/\/www.esplac.cat\/en\/wp-json\/wp\/v2\/categories?post=31329"},{"taxonomy":"post_tag","embeddable":true,"href":"https:\/\/www.esplac.cat\/en\/wp-json\/wp\/v2\/tags?post=31329"}],"curies":[{"name":"wp","href":"https:\/\/api.w.org\/{rel}","templated":true}]}}