{"id":31413,"date":"2020-03-24T13:58:21","date_gmt":"2020-03-24T12:58:21","guid":{"rendered":"https:\/\/www.esplac.cat\/?p=31413"},"modified":"2020-10-15T17:22:55","modified_gmt":"2020-10-15T16:22:55","slug":"campaments-com-quan-eres-infant","status":"publish","type":"post","link":"https:\/\/www.esplac.cat\/en\/campaments-com-quan-eres-infant\/","title":{"rendered":"Vols tornar a viure els campaments com quan eres infant?"},"content":{"rendered":"<div class=\"fusion-fullwidth fullwidth-box fusion-builder-row-1 nonhundred-percent-fullwidth non-hundred-percent-height-scrolling\" style=\"--awb-border-radius-top-left:0px;--awb-border-radius-top-right:0px;--awb-border-radius-bottom-right:0px;--awb-border-radius-bottom-left:0px;--awb-flex-wrap:wrap;\" ><div class=\"fusion-builder-row fusion-row\"><div class=\"fusion-layout-column fusion_builder_column fusion-builder-column-0 fusion_builder_column_1_1 1_1 fusion-one-full fusion-column-first fusion-column-last\" style=\"--awb-bg-size:cover;--awb-margin-bottom:0px;\"><div class=\"fusion-column-wrapper fusion-flex-column-wrapper-legacy\"><div class=\"fusion-text fusion-text-1\"><h6 dir=\"auto\" data-fontsize=\"19\" data-lineheight=\"24\">ACTUALITZACI\u00d3:<\/h6>\n<p><span class=\"JsGRdQ\">Malgrat la situaci\u00f3 actual, els campaments pedag\u00f2gics d&#8217;Esplac <\/span><span class=\"JsGRdQ\">no s&#8217;anul\u00b7len<\/span><span class=\"JsGRdQ\">, es transformen virtualment!<\/span><\/p>\n<p>\u00a0<\/p>\n<div><b>Dissabte 20 de juny. <\/b><b>De 10.30 h a 13.30 h<\/b><\/div>\n<div>\n<p class=\"_04xlpA direction-ltr align-center para-style-body\"><span class=\"JsGRdQ\">Imaginem col\u00b7lectivament la tornada a l&#8217;esplai! Crearem un espai per compartir com podem encarar la tornada a l&#8217;esplai de forma presencial.<\/span><span class=\"JsGRdQ\"> Treballarem propostes pedag\u00f2giques i de gesti\u00f3 emocional.<\/span><\/p>\n<\/div>\n<div>\u00a0<\/div>\n<div><b>Diumenge 21 de juny. <\/b><b>A partir de les 12 h.<\/b><\/div>\n<div>Vermut i guitarreig pedag\u00f2gic, que consistir\u00e0 en:\u00a0<\/div>\n<ol>\n<li>Joc interactiu<\/li>\n<li>\u00a0Guitarreig!<\/li>\n<\/ol>\n<div>Per a aquesta activitat us animem a quedar per esplais!\u00a0<\/div>\n<div>\u00a0<\/div>\n<div><strong>Podeu inscriure-us a trav\u00e9s de l&#8217;Era!<\/strong><\/div>\n<h6 dir=\"auto\" data-fontsize=\"19\" data-lineheight=\"24\">\u00a0<\/h6>\n<hr \/>\n<p dir=\"auto\" data-fontsize=\"19\" data-lineheight=\"24\"><em>Not\u00edcia previa:<\/em><\/p>\n<h6 dir=\"auto\" data-fontsize=\"19\" data-lineheight=\"24\"><strong>Inscripcions obertes per als Campaments Pedag\u00f2gics d&#8217;Esplac! Del 19 al 21 de juny al terreny d&#8217;acampada de Can Girona.<\/strong><\/h6>\n<div dir=\"auto\">Ets moni i trobes a faltar viure uns campaments com abans? Tens ganes de reflexionar sobre com i per qu\u00e8 fem pedagogia a l\u2019esplai d\u2019una manera vivencial? Est\u00e0s cansada d&#8217;estar tot el dia a casa i nom\u00e9s pots pensar en tendes, natura i veure altra gent? Doncs ja estan obertes les inscripcions pels Campaments Pedag\u00f2gics d&#8217;Esplac!<\/div>\n<p><span style=\"color: var(--body_typography-color); font-family: var(--body_typography-font-family); font-size: var(--body_typography-font-size); font-style: var(--body_typography-font-style,normal); font-weight: var(--body_typography-font-weight); letter-spacing: var(--body_typography-letter-spacing); background-color: rgba(255, 255, 255, 0);\">\u00a0<\/span><\/p>\n<p><span style=\"color: var(--body_typography-color); font-family: var(--body_typography-font-family); font-size: var(--body_typography-font-size); font-style: var(--body_typography-font-style,normal); font-weight: var(--body_typography-font-weight); letter-spacing: var(--body_typography-letter-spacing); background-color: rgba(255, 255, 255, 0);\">El Grup de Treball de L\u00ednies Pedag\u00f2giques han organitzat uns campaments pedag\u00f2gics per poder tornar a viure els campaments de l&#8217;esplai com quan erem infants o joves. <\/span><strong style=\"color: var(--body_typography-color); font-family: var(--body_typography-font-family); font-size: var(--body_typography-font-size); font-style: var(--body_typography-font-style,normal); letter-spacing: var(--body_typography-letter-spacing); background-color: rgba(255, 255, 255, 0);\">Les inscripcions ja estan obertes<\/strong><span style=\"color: var(--body_typography-color); font-family: var(--body_typography-font-family); font-size: var(--body_typography-font-size); font-style: var(--body_typography-font-style,normal); font-weight: var(--body_typography-font-weight); letter-spacing: var(--body_typography-letter-spacing); background-color: rgba(255, 255, 255, 0);\"> per a totes les monis que vulguin viure aquesta oportunitat. De<\/span><span style=\"background-color: rgba(255, 255, 255, 0); color: var(--body_typography-color); font-family: var(--body_typography-font-family); font-size: var(--body_typography-font-size); font-style: var(--body_typography-font-style,normal); font-weight: var(--body_typography-font-weight); letter-spacing: var(--body_typography-letter-spacing);\">l<\/span><span style=\"background-color: rgba(255, 255, 255, 0); color: var(--body_typography-color); font-family: var(--body_typography-font-family); font-size: var(--body_typography-font-size); font-style: var(--body_typography-font-style,normal); letter-spacing: var(--body_typography-letter-spacing);\"><b> 19 al 21 de Juny <\/b><\/span><span style=\"background-color: rgba(255, 255, 255, 0); color: var(--body_typography-color); font-family: var(--body_typography-font-family); font-size: var(--body_typography-font-size); font-style: var(--body_typography-font-style,normal); font-weight: var(--body_typography-font-weight); letter-spacing: var(--body_typography-letter-spacing);\">farem activitats, gimcanes, serveis, jocs de nit, debats&#8230; per tal de repensar entre totes, les l\u00ednies pedag\u00f2giques que tenim.<\/span><\/p>\n<div dir=\"auto\"><span style=\"color: #ffffff;\">.<\/span><\/div>\n<div dir=\"auto\">Hi haur\u00e0 dos per\u00edodes d&#8217;inscripcions (a trav\u00e9s de l&#8217;Era):<\/div>\n<ul>\n<li dir=\"auto\">Primer per\u00edode d&#8217;inscripcions: <strong>fins el 30 d&#8217;abril<\/strong> per 20\u20ac<\/li>\n<li dir=\"auto\">Segon per\u00edode d&#8217;inscripcions: <strong>de l&#8217;1 de maig al 5 de juny<\/strong> per 24\u20ac<\/li>\n<\/ul>\n<div dir=\"auto\">No us perdeu aquesta experi\u00e8ncia! Si teniu qualsevol dubte podeu posar-vos en contacte amb esplac@esplac.cat<\/div>\n<\/div><div class=\"fusion-clearfix\"><\/div><\/div><\/div><\/div><\/div>\n","protected":false},"excerpt":{"rendered":"","protected":false},"author":3,"featured_media":31424,"comment_status":"closed","ping_status":"open","sticky":false,"template":"","format":"standard","meta":{"om_disable_all_campaigns":false,"_monsterinsights_skip_tracking":false,"_monsterinsights_sitenote_active":false,"_monsterinsights_sitenote_note":"","_monsterinsights_sitenote_category":0,"_uf_show_specific_survey":0,"_uf_disable_surveys":false,"footnotes":""},"categories":[1162],"tags":[53,1305,1249],"class_list":["post-31413","post","type-post","status-publish","format-standard","has-post-thumbnail","hentry","category-linies-pedagogiques","tag-campaments","tag-campaments-pedagogics","tag-linies-pedagogiques"],"yoast_head":"<!-- This site is optimized with the Yoast SEO plugin v27.5 - https:\/\/yoast.com\/product\/yoast-seo-wordpress\/ -->\n<title>Vols tornar a viure els campaments com quan eres infant? - Esplac<\/title>\n<meta name=\"robots\" content=\"index, follow, max-snippet:-1, max-image-preview:large, max-video-preview:-1\" \/>\n<link rel=\"canonical\" href=\"https:\/\/www.esplac.cat\/es\/campaments-com-quan-eres-infant\/\" \/>\n<meta property=\"og:locale\" content=\"en_US\" \/>\n<meta property=\"og:type\" content=\"article\" \/>\n<meta property=\"og:title\" content=\"Vols tornar a viure els campaments com quan eres infant? - Esplac\" \/>\n<meta property=\"og:url\" content=\"https:\/\/www.esplac.cat\/es\/campaments-com-quan-eres-infant\/\" \/>\n<meta property=\"og:site_name\" content=\"Esplac\" \/>\n<meta property=\"article:published_time\" content=\"2020-03-24T12:58:21+00:00\" \/>\n<meta property=\"article:modified_time\" content=\"2020-10-15T16:22:55+00:00\" \/>\n<meta property=\"og:image\" content=\"https:\/\/www.esplac.cat\/wp-content\/uploads\/2020\/03\/Disen\u0303o-sin-ti\u0301tulo-5.jpg\" \/>\n\t<meta property=\"og:image:width\" content=\"1452\" \/>\n\t<meta property=\"og:image:height\" content=\"600\" \/>\n\t<meta property=\"og:image:type\" content=\"image\/jpeg\" \/>\n<meta name=\"author\" content=\"Comunicaci\u00f3 Esplac\" \/>\n<meta name=\"twitter:card\" content=\"summary_large_image\" \/>\n<meta name=\"twitter:label1\" content=\"Written by\" \/>\n\t<meta name=\"twitter:data1\" content=\"Comunicaci\u00f3 Esplac\" \/>\n\t<meta name=\"twitter:label2\" content=\"Est. reading time\" \/>\n\t<meta name=\"twitter:data2\" content=\"2 minutes\" \/>\n<script type=\"application\/ld+json\" class=\"yoast-schema-graph\">{\"@context\":\"https:\\\/\\\/schema.org\",\"@graph\":[{\"@type\":\"Article\",\"@id\":\"https:\\\/\\\/www.esplac.cat\\\/es\\\/campaments-com-quan-eres-infant\\\/#article\",\"isPartOf\":{\"@id\":\"https:\\\/\\\/www.esplac.cat\\\/es\\\/campaments-com-quan-eres-infant\\\/\"},\"author\":{\"name\":\"Comunicaci\u00f3 Esplac\",\"@id\":\"https:\\\/\\\/www.esplac.cat\\\/#\\\/schema\\\/person\\\/908383cf240be18b68f8855d0583faca\"},\"headline\":\"Vols tornar a viure els campaments com quan eres infant?\",\"datePublished\":\"2020-03-24T12:58:21+00:00\",\"dateModified\":\"2020-10-15T16:22:55+00:00\",\"mainEntityOfPage\":{\"@id\":\"https:\\\/\\\/www.esplac.cat\\\/es\\\/campaments-com-quan-eres-infant\\\/\"},\"wordCount\":477,\"publisher\":{\"@id\":\"https:\\\/\\\/www.esplac.cat\\\/#organization\"},\"image\":{\"@id\":\"https:\\\/\\\/www.esplac.cat\\\/es\\\/campaments-com-quan-eres-infant\\\/#primaryimage\"},\"thumbnailUrl\":\"https:\\\/\\\/www.esplac.cat\\\/wp-content\\\/uploads\\\/2020\\\/03\\\/Disen\u0303o-sin-ti\u0301tulo-5.jpg\",\"keywords\":[\"campaments\",\"Campaments pedag\u00f2gics\",\"l\u00ednies pedag\u00f2giques\"],\"articleSection\":[\"L\u00ednies pedag\u00f2giques\"],\"inLanguage\":\"en-US\"},{\"@type\":\"WebPage\",\"@id\":\"https:\\\/\\\/www.esplac.cat\\\/es\\\/campaments-com-quan-eres-infant\\\/\",\"url\":\"https:\\\/\\\/www.esplac.cat\\\/es\\\/campaments-com-quan-eres-infant\\\/\",\"name\":\"Vols tornar a viure els campaments com quan eres infant? - Esplac\",\"isPartOf\":{\"@id\":\"https:\\\/\\\/www.esplac.cat\\\/#website\"},\"primaryImageOfPage\":{\"@id\":\"https:\\\/\\\/www.esplac.cat\\\/es\\\/campaments-com-quan-eres-infant\\\/#primaryimage\"},\"image\":{\"@id\":\"https:\\\/\\\/www.esplac.cat\\\/es\\\/campaments-com-quan-eres-infant\\\/#primaryimage\"},\"thumbnailUrl\":\"https:\\\/\\\/www.esplac.cat\\\/wp-content\\\/uploads\\\/2020\\\/03\\\/Disen\u0303o-sin-ti\u0301tulo-5.jpg\",\"datePublished\":\"2020-03-24T12:58:21+00:00\",\"dateModified\":\"2020-10-15T16:22:55+00:00\",\"breadcrumb\":{\"@id\":\"https:\\\/\\\/www.esplac.cat\\\/es\\\/campaments-com-quan-eres-infant\\\/#breadcrumb\"},\"inLanguage\":\"en-US\",\"potentialAction\":[{\"@type\":\"ReadAction\",\"target\":[\"https:\\\/\\\/www.esplac.cat\\\/es\\\/campaments-com-quan-eres-infant\\\/\"]}]},{\"@type\":\"ImageObject\",\"inLanguage\":\"en-US\",\"@id\":\"https:\\\/\\\/www.esplac.cat\\\/es\\\/campaments-com-quan-eres-infant\\\/#primaryimage\",\"url\":\"https:\\\/\\\/www.esplac.cat\\\/wp-content\\\/uploads\\\/2020\\\/03\\\/Disen\u0303o-sin-ti\u0301tulo-5.jpg\",\"contentUrl\":\"https:\\\/\\\/www.esplac.cat\\\/wp-content\\\/uploads\\\/2020\\\/03\\\/Disen\u0303o-sin-ti\u0301tulo-5.jpg\",\"width\":1452,\"height\":600},{\"@type\":\"BreadcrumbList\",\"@id\":\"https:\\\/\\\/www.esplac.cat\\\/es\\\/campaments-com-quan-eres-infant\\\/#breadcrumb\",\"itemListElement\":[{\"@type\":\"ListItem\",\"position\":1,\"name\":\"Inici\",\"item\":\"https:\\\/\\\/www.esplac.cat\\\/en\\\/\"},{\"@type\":\"ListItem\",\"position\":2,\"name\":\"Vols tornar a viure els campaments com quan eres infant?\"}]},{\"@type\":\"WebSite\",\"@id\":\"https:\\\/\\\/www.esplac.cat\\\/#website\",\"url\":\"https:\\\/\\\/www.esplac.cat\\\/\",\"name\":\"Esplac\",\"description\":\"Esplais Catalans\",\"publisher\":{\"@id\":\"https:\\\/\\\/www.esplac.cat\\\/#organization\"},\"potentialAction\":[{\"@type\":\"SearchAction\",\"target\":{\"@type\":\"EntryPoint\",\"urlTemplate\":\"https:\\\/\\\/www.esplac.cat\\\/?s={search_term_string}\"},\"query-input\":{\"@type\":\"PropertyValueSpecification\",\"valueRequired\":true,\"valueName\":\"search_term_string\"}}],\"inLanguage\":\"en-US\"},{\"@type\":\"Organization\",\"@id\":\"https:\\\/\\\/www.esplac.cat\\\/#organization\",\"name\":\"Esplac\",\"url\":\"https:\\\/\\\/www.esplac.cat\\\/\",\"logo\":{\"@type\":\"ImageObject\",\"inLanguage\":\"en-US\",\"@id\":\"https:\\\/\\\/www.esplac.cat\\\/#\\\/schema\\\/logo\\\/image\\\/\",\"url\":\"https:\\\/\\\/www.esplac.cat\\\/wp-content\\\/uploads\\\/2019\\\/08\\\/logox2.png\",\"contentUrl\":\"https:\\\/\\\/www.esplac.cat\\\/wp-content\\\/uploads\\\/2019\\\/08\\\/logox2.png\",\"width\":600,\"height\":295,\"caption\":\"Esplac\"},\"image\":{\"@id\":\"https:\\\/\\\/www.esplac.cat\\\/#\\\/schema\\\/logo\\\/image\\\/\"}},{\"@type\":\"Person\",\"@id\":\"https:\\\/\\\/www.esplac.cat\\\/#\\\/schema\\\/person\\\/908383cf240be18b68f8855d0583faca\",\"name\":\"Comunicaci\u00f3 Esplac\",\"image\":{\"@type\":\"ImageObject\",\"inLanguage\":\"en-US\",\"@id\":\"https:\\\/\\\/secure.gravatar.com\\\/avatar\\\/7a4cf8feb412a76ea4a740ca02d95b06b2907b5a6c648c2dd0a1082a093c3141?s=96&d=mm&r=g\",\"url\":\"https:\\\/\\\/secure.gravatar.com\\\/avatar\\\/7a4cf8feb412a76ea4a740ca02d95b06b2907b5a6c648c2dd0a1082a093c3141?s=96&d=mm&r=g\",\"contentUrl\":\"https:\\\/\\\/secure.gravatar.com\\\/avatar\\\/7a4cf8feb412a76ea4a740ca02d95b06b2907b5a6c648c2dd0a1082a093c3141?s=96&d=mm&r=g\",\"caption\":\"Comunicaci\u00f3 Esplac\"}}]}<\/script>\n<!-- \/ Yoast SEO plugin. -->","yoast_head_json":{"title":"Vols tornar a viure els campaments com quan eres infant? - Esplac","robots":{"index":"index","follow":"follow","max-snippet":"max-snippet:-1","max-image-preview":"max-image-preview:large","max-video-preview":"max-video-preview:-1"},"canonical":"https:\/\/www.esplac.cat\/es\/campaments-com-quan-eres-infant\/","og_locale":"en_US","og_type":"article","og_title":"Vols tornar a viure els campaments com quan eres infant? - Esplac","og_url":"https:\/\/www.esplac.cat\/es\/campaments-com-quan-eres-infant\/","og_site_name":"Esplac","article_published_time":"2020-03-24T12:58:21+00:00","article_modified_time":"2020-10-15T16:22:55+00:00","og_image":[{"width":1452,"height":600,"url":"https:\/\/www.esplac.cat\/wp-content\/uploads\/2020\/03\/Disen\u0303o-sin-ti\u0301tulo-5.jpg","type":"image\/jpeg"}],"author":"Comunicaci\u00f3 Esplac","twitter_card":"summary_large_image","twitter_misc":{"Written by":"Comunicaci\u00f3 Esplac","Est. reading time":"2 minutes"},"schema":{"@context":"https:\/\/schema.org","@graph":[{"@type":"Article","@id":"https:\/\/www.esplac.cat\/es\/campaments-com-quan-eres-infant\/#article","isPartOf":{"@id":"https:\/\/www.esplac.cat\/es\/campaments-com-quan-eres-infant\/"},"author":{"name":"Comunicaci\u00f3 Esplac","@id":"https:\/\/www.esplac.cat\/#\/schema\/person\/908383cf240be18b68f8855d0583faca"},"headline":"Vols tornar a viure els campaments com quan eres infant?","datePublished":"2020-03-24T12:58:21+00:00","dateModified":"2020-10-15T16:22:55+00:00","mainEntityOfPage":{"@id":"https:\/\/www.esplac.cat\/es\/campaments-com-quan-eres-infant\/"},"wordCount":477,"publisher":{"@id":"https:\/\/www.esplac.cat\/#organization"},"image":{"@id":"https:\/\/www.esplac.cat\/es\/campaments-com-quan-eres-infant\/#primaryimage"},"thumbnailUrl":"https:\/\/www.esplac.cat\/wp-content\/uploads\/2020\/03\/Disen\u0303o-sin-ti\u0301tulo-5.jpg","keywords":["campaments","Campaments pedag\u00f2gics","l\u00ednies pedag\u00f2giques"],"articleSection":["L\u00ednies pedag\u00f2giques"],"inLanguage":"en-US"},{"@type":"WebPage","@id":"https:\/\/www.esplac.cat\/es\/campaments-com-quan-eres-infant\/","url":"https:\/\/www.esplac.cat\/es\/campaments-com-quan-eres-infant\/","name":"Vols tornar a viure els campaments com quan eres infant? - Esplac","isPartOf":{"@id":"https:\/\/www.esplac.cat\/#website"},"primaryImageOfPage":{"@id":"https:\/\/www.esplac.cat\/es\/campaments-com-quan-eres-infant\/#primaryimage"},"image":{"@id":"https:\/\/www.esplac.cat\/es\/campaments-com-quan-eres-infant\/#primaryimage"},"thumbnailUrl":"https:\/\/www.esplac.cat\/wp-content\/uploads\/2020\/03\/Disen\u0303o-sin-ti\u0301tulo-5.jpg","datePublished":"2020-03-24T12:58:21+00:00","dateModified":"2020-10-15T16:22:55+00:00","breadcrumb":{"@id":"https:\/\/www.esplac.cat\/es\/campaments-com-quan-eres-infant\/#breadcrumb"},"inLanguage":"en-US","potentialAction":[{"@type":"ReadAction","target":["https:\/\/www.esplac.cat\/es\/campaments-com-quan-eres-infant\/"]}]},{"@type":"ImageObject","inLanguage":"en-US","@id":"https:\/\/www.esplac.cat\/es\/campaments-com-quan-eres-infant\/#primaryimage","url":"https:\/\/www.esplac.cat\/wp-content\/uploads\/2020\/03\/Disen\u0303o-sin-ti\u0301tulo-5.jpg","contentUrl":"https:\/\/www.esplac.cat\/wp-content\/uploads\/2020\/03\/Disen\u0303o-sin-ti\u0301tulo-5.jpg","width":1452,"height":600},{"@type":"BreadcrumbList","@id":"https:\/\/www.esplac.cat\/es\/campaments-com-quan-eres-infant\/#breadcrumb","itemListElement":[{"@type":"ListItem","position":1,"name":"Inici","item":"https:\/\/www.esplac.cat\/en\/"},{"@type":"ListItem","position":2,"name":"Vols tornar a viure els campaments com quan eres infant?"}]},{"@type":"WebSite","@id":"https:\/\/www.esplac.cat\/#website","url":"https:\/\/www.esplac.cat\/","name":"Esplac","description":"Esplais Catalans","publisher":{"@id":"https:\/\/www.esplac.cat\/#organization"},"potentialAction":[{"@type":"SearchAction","target":{"@type":"EntryPoint","urlTemplate":"https:\/\/www.esplac.cat\/?s={search_term_string}"},"query-input":{"@type":"PropertyValueSpecification","valueRequired":true,"valueName":"search_term_string"}}],"inLanguage":"en-US"},{"@type":"Organization","@id":"https:\/\/www.esplac.cat\/#organization","name":"Esplac","url":"https:\/\/www.esplac.cat\/","logo":{"@type":"ImageObject","inLanguage":"en-US","@id":"https:\/\/www.esplac.cat\/#\/schema\/logo\/image\/","url":"https:\/\/www.esplac.cat\/wp-content\/uploads\/2019\/08\/logox2.png","contentUrl":"https:\/\/www.esplac.cat\/wp-content\/uploads\/2019\/08\/logox2.png","width":600,"height":295,"caption":"Esplac"},"image":{"@id":"https:\/\/www.esplac.cat\/#\/schema\/logo\/image\/"}},{"@type":"Person","@id":"https:\/\/www.esplac.cat\/#\/schema\/person\/908383cf240be18b68f8855d0583faca","name":"Comunicaci\u00f3 Esplac","image":{"@type":"ImageObject","inLanguage":"en-US","@id":"https:\/\/secure.gravatar.com\/avatar\/7a4cf8feb412a76ea4a740ca02d95b06b2907b5a6c648c2dd0a1082a093c3141?s=96&d=mm&r=g","url":"https:\/\/secure.gravatar.com\/avatar\/7a4cf8feb412a76ea4a740ca02d95b06b2907b5a6c648c2dd0a1082a093c3141?s=96&d=mm&r=g","contentUrl":"https:\/\/secure.gravatar.com\/avatar\/7a4cf8feb412a76ea4a740ca02d95b06b2907b5a6c648c2dd0a1082a093c3141?s=96&d=mm&r=g","caption":"Comunicaci\u00f3 Esplac"}}]}},"_links":{"self":[{"href":"https:\/\/www.esplac.cat\/en\/wp-json\/wp\/v2\/posts\/31413","targetHints":{"allow":["GET"]}}],"collection":[{"href":"https:\/\/www.esplac.cat\/en\/wp-json\/wp\/v2\/posts"}],"about":[{"href":"https:\/\/www.esplac.cat\/en\/wp-json\/wp\/v2\/types\/post"}],"author":[{"embeddable":true,"href":"https:\/\/www.esplac.cat\/en\/wp-json\/wp\/v2\/users\/3"}],"replies":[{"embeddable":true,"href":"https:\/\/www.esplac.cat\/en\/wp-json\/wp\/v2\/comments?post=31413"}],"version-history":[{"count":0,"href":"https:\/\/www.esplac.cat\/en\/wp-json\/wp\/v2\/posts\/31413\/revisions"}],"wp:featuredmedia":[{"embeddable":true,"href":"https:\/\/www.esplac.cat\/en\/wp-json\/wp\/v2\/media\/31424"}],"wp:attachment":[{"href":"https:\/\/www.esplac.cat\/en\/wp-json\/wp\/v2\/media?parent=31413"}],"wp:term":[{"taxonomy":"category","embeddable":true,"href":"https:\/\/www.esplac.cat\/en\/wp-json\/wp\/v2\/categories?post=31413"},{"taxonomy":"post_tag","embeddable":true,"href":"https:\/\/www.esplac.cat\/en\/wp-json\/wp\/v2\/tags?post=31413"}],"curies":[{"name":"wp","href":"https:\/\/api.w.org\/{rel}","templated":true}]}}