{"id":31452,"date":"2020-03-31T13:01:03","date_gmt":"2020-03-31T12:01:03","guid":{"rendered":"https:\/\/www.esplac.cat\/?p=31452"},"modified":"2020-10-15T17:22:55","modified_gmt":"2020-10-15T16:22:55","slug":"cultura-visibilitza-trans","status":"publish","type":"post","link":"https:\/\/www.esplac.cat\/en\/cultura-visibilitza-trans\/","title":{"rendered":"Cultura que visibilitza el col\u00b7lectiu TRANS\/TRANS*"},"content":{"rendered":"<p><div class=\"fusion-fullwidth fullwidth-box fusion-builder-row-1 nonhundred-percent-fullwidth non-hundred-percent-height-scrolling\" style=\"--awb-border-radius-top-left:0px;--awb-border-radius-top-right:0px;--awb-border-radius-bottom-right:0px;--awb-border-radius-bottom-left:0px;--awb-flex-wrap:wrap;\" ><div class=\"fusion-builder-row fusion-row\"><div class=\"fusion-layout-column fusion_builder_column fusion-builder-column-0 fusion_builder_column_1_1 1_1 fusion-one-full fusion-column-first fusion-column-last\" style=\"--awb-bg-size:cover;--awb-margin-bottom:0px;\"><div class=\"fusion-column-wrapper fusion-flex-column-wrapper-legacy\"><div class=\"fusion-text fusion-text-1\"><p>En motiu del 31 de mar\u00e7 (<strong>dia de la Visibilitat Trans*, podeu llegir el posicionament d&#8217;Esplac <a href=\"https:\/\/www.esplac.cat\/wp-content\/uploads\/2020\/04\/Posicionament-31M.pdf\" target=\"_blank\" rel=\"noopener noreferrer\"><span style=\"color: #ff9900;\">aqu\u00ed<\/span><\/a><\/strong>) us passem <strong>recursos que visibilitzen el col\u00b7lectiu<\/strong> perqu\u00e8 pugueu aprofitar aquests dies per mirar-vos-ho, i que poden servir per tractar el g\u00e8nere i tem\u00e0tica trans* amb infants, joves, assemblees i fam\u00edlies. En general, hem adjuntat en la majoria l\u2019edat legal recomanada, tot i que creiem que cada equip de monitores pot valorar en funci\u00f3 de les necessitats del grup. Les edats les entenem de la forma seg\u00fcent: Peques (5-8), Mitjanes (8-11), Grans (11-14) i Joves (14-17).<\/p>\n<p>Posem \u00e8mfasi en que alguns d\u2019aquests recursos estan dirigits, treballats i creats per a persones trans*, i d\u2019altres no, per\u00f2 \u00e9s important visibilitzar que tamb\u00e9 tenen el seu lloc dins la creaci\u00f3 art\u00edstica i la interpretaci\u00f3, que sol estar aclaparat per persones cisg\u00e8nere.<\/p>\n<p>Hem fet recerca i afortunadament hi ha molts m\u00e9s recursos (alguns que reprodueixen clix\u00e9s i estereotips i d&#8217;altres que menys), aix\u00ed que, per tal que la visibilitzaci\u00f3 i la lluita no es quedi en un sol dia i pugui ser diversa, us animem a fer m\u00e9s recerca, i per part nostra al transcurs del que queda d\u2019any n\u2019anirem passant m\u00e9s, i de diversos tipus, com ara activitats i contactes de formadores de les Jornades Dissidents del passat febrer, webs amb informaci\u00f3, m\u00e9s recursos, etc.<\/p>\n<\/div><div class=\"fusion-clearfix\"><\/div><\/div><\/div><div class=\"fusion-layout-column fusion_builder_column fusion-builder-column-1 fusion_builder_column_1_1 1_1 fusion-one-full fusion-column-first fusion-column-last\" style=\"--awb-bg-size:cover;--awb-margin-bottom:0px;\"><div class=\"fusion-column-wrapper fusion-flex-column-wrapper-legacy\"><div class=\"fusion-text fusion-text-2\"><p><strong>CINEMA<\/strong><\/p>\n<\/div>\n<div class=\"table-1\">\n<table width=\"100%\">\n<thead>\n<tr>\n<th align=\"left\">T\u00edtol pel\u00b7l\u00edcula<\/th>\n<th align=\"left\">Adre\u00e7at a partir de<\/th>\n<th align=\"left\">ALERTA!<\/th>\n<\/tr>\n<\/thead>\n<tbody>\n<tr>\n<td align=\"left\"><span style=\"font-weight: 400;\">Boys don\u2019t cry (1999)<\/span><\/td>\n<td align=\"left\"><span style=\"font-weight: 400;\">(+18)<\/span><\/td>\n<td align=\"left\"><span style=\"font-weight: 400;\">Viol\u00e8ncia i violaci\u00f3 expl\u00edcites<\/span><\/td>\n<\/tr>\n<tr>\n<td align=\"left\"><span style=\"font-weight: 400;\">Les aventures de Priscilla, reina del desert (1994)<\/span><\/td>\n<td align=\"left\"><span style=\"font-weight: 400;\">Grans (+13)<\/span><\/td>\n<td align=\"left\"><span style=\"font-weight: 400;\">Viol\u00e8ncia expl\u00edcita<\/span><\/td>\n<\/tr>\n<tr>\n<td align=\"left\"><span style=\"font-weight: 400;\">Laurence anyways (2012)<\/span><\/td>\n<td align=\"left\"><span style=\"font-weight: 400;\">Grans (+12)<\/span><\/td>\n<td align=\"left\"><span style=\"font-weight: 400;\">Viol\u00e8ncia expl\u00edcita<\/span><\/td>\n<\/tr>\n<tr>\n<td align=\"left\"><span style=\"font-weight: 400;\">About Ray (3 generaciones) (2015)<\/span><\/td>\n<td align=\"left\"><span style=\"font-weight: 400;\">Grans (+13)<\/span><\/td>\n<td align=\"left\"><\/td>\n<\/tr>\n<tr>\n<td align=\"left\"><span style=\"font-weight: 400;\">Tomboy (2011)<\/span><\/td>\n<td align=\"left\"><span style=\"font-weight: 400;\">(tots els p\u00fablics)<\/span><\/td>\n<td align=\"left\"><\/td>\n<\/tr>\n<\/tbody>\n<\/table>\n<\/div>\n<div class=\"fusion-text fusion-text-3\"><p>&nbsp;<\/p>\n<p><strong>S\u00c8RIES<\/strong><\/p>\n<\/div>\n<div class=\"table-1\">\n<table width=\"100%\">\n<thead>\n<tr>\n<th align=\"left\">T\u00edtol s\u00e8rie<\/th>\n<th align=\"left\">Plataforma<\/th>\n<th align=\"left\">Adre\u00e7at a partir de<\/th>\n<th align=\"left\">ALERTA!<\/th>\n<\/tr>\n<\/thead>\n<tbody>\n<tr>\n<td align=\"left\">Pose<\/td>\n<td align=\"left\">Netflix<\/td>\n<td align=\"left\">Joves<\/td>\n<td align=\"left\">Viol\u00e8ncia expl\u00edcita, drogues<\/td>\n<\/tr>\n<tr>\n<td align=\"left\">Transparent<\/td>\n<td align=\"left\">Amazon \/ Movistar s\u00e8ries<\/td>\n<td align=\"left\">Grans<\/td>\n<td align=\"left\"><\/td>\n<\/tr>\n<tr>\n<td align=\"left\">I&#8217;m Jazz<\/td>\n<td align=\"left\"><\/td>\n<td align=\"left\">Grans<\/td>\n<td align=\"left\"><\/td>\n<\/tr>\n<\/tbody>\n<\/table>\n<\/div>\n<div class=\"fusion-text fusion-text-4\"><p>&nbsp;<\/p>\n<p><strong>LITERATURA<\/strong><\/p>\n<\/div>\n<div class=\"table-1\">\n<table width=\"100%\">\n<thead>\n<tr>\n<th align=\"left\">T\u00edtol llibre<\/th>\n<th align=\"left\">Autoria<\/th>\n<th align=\"left\">Adre\u00e7at a partir de<\/th>\n<\/tr>\n<\/thead>\n<tbody>\n<tr>\n<td align=\"left\"><span style=\"font-weight: 400;\">A la conquesta del cos equivocat\u00a0 (2018)<\/span><\/td>\n<td align=\"left\"><span style=\"font-weight: 400;\">Miquel Miss\u00e9<\/span><\/td>\n<td align=\"left\"><span style=\"font-weight: 400;\">Joves<\/span><\/td>\n<\/tr>\n<tr>\n<td align=\"left\">Ll\u00e1mame Paula (2016)<\/td>\n<td align=\"left\"><span style=\"font-weight: 400;\">Concepci\u00f3n Rodr\u00edguez Gash<\/span><\/td>\n<td align=\"left\">Mitjanes (+10)<\/td>\n<\/tr>\n<tr>\n<td align=\"left\"><span style=\"color: #ff9900;\"><a style=\"color: #ff9900;\" href=\"https:\/\/issuu.com\/ed-bellaterra.com\/docs\/cua_de_sirena_baja\" target=\"_blank\" rel=\"noopener noreferrer\"><span style=\"font-weight: 400;\">Cua de Sirena (2016)<\/span><\/a><\/span><\/td>\n<td align=\"left\"><span style=\"font-weight: 400;\">Alba Barb\u00e9\u00a0 i Sara Carro.<br \/>\n<\/span><span style=\"font-weight: 400;\">Il\u00b7lustrat pel Joan Turu<\/span><\/td>\n<td align=\"left\">Peques<\/td>\n<\/tr>\n<tr>\n<td align=\"left\"><span style=\"font-weight: 400;\">Vidas Trans (2019)<\/span><\/td>\n<td align=\"left\">A. Portero, A. Mac\u00edas, D.G. Blanco, C. Vera i A. Bioque<\/td>\n<td align=\"left\">Joves<\/td>\n<\/tr>\n<tr>\n<td align=\"left\"><span style=\"font-weight: 400;\">Pelos y hogares: Poemario trans* (2019)<\/span><\/td>\n<td align=\"left\">Bruno Cimiano<\/td>\n<td align=\"left\">Joves<\/td>\n<\/tr>\n<tr>\n<td align=\"left\"><span style=\"font-weight: 400;\">Julia, la ni\u00f1a que ten\u00eda sombra de chico (1997)<\/span><\/td>\n<td align=\"left\">C. Bruel, A. Galland i A.Bozellec<\/td>\n<td align=\"left\">Peques \/ Mitjanes (+7)<\/td>\n<\/tr>\n<\/tbody>\n<\/table>\n<\/div>\n<div class=\"fusion-text fusion-text-5\"><p>&nbsp;<\/p>\n<p><strong>DOCUMENTAL<\/strong><\/p>\n<\/div>\n<div class=\"table-1\">\n<table width=\"100%\">\n<thead>\n<tr>\n<th align=\"left\">T\u00edtol documental<\/th>\n<th align=\"left\">Plataforma<\/th>\n<th align=\"left\">Adre\u00e7at a partir de<\/th>\n<\/tr>\n<\/thead>\n<tbody>\n<tr>\n<td align=\"left\">Paris is Burning (1991)<\/td>\n<td align=\"left\">Netflix<\/td>\n<td align=\"left\">Joves<\/td>\n<\/tr>\n<tr>\n<td align=\"left\"><span style=\"color: #ff9900;\"><a style=\"color: #ff9900;\" href=\"https:\/\/www.youtube.com\/watch?v=xdhhV66wZX8\" target=\"_blank\" rel=\"noopener noreferrer\">Guerriller@s (2010)<\/a><\/span><\/td>\n<td align=\"left\">Youtube<\/td>\n<td align=\"left\">Column 3 Value 2<\/td>\n<\/tr>\n<tr>\n<td align=\"left\"><span style=\"font-weight: 400;\">Les travestis pleurent aussi (2006)<\/span><\/td>\n<td align=\"left\"><\/td>\n<td align=\"left\">(+18)<\/td>\n<\/tr>\n<\/tbody>\n<\/table>\n<\/div>\n<div class=\"fusion-text fusion-text-6\"><p>&nbsp;<\/p>\n<p><strong>CURTMETRATGES<\/strong><\/p>\n<\/div>\n<div class=\"table-1\">\n<table width=\"100%\">\n<thead>\n<tr>\n<th align=\"left\">T\u00edtol curtmetratge<\/th>\n<th align=\"left\">Plataforma<\/th>\n<th align=\"left\">Adre\u00e7at a partir de<\/th>\n<\/tr>\n<\/thead>\n<tbody>\n<tr>\n<td align=\"left\"><span style=\"color: #ff9900;\"><a style=\"color: #ff9900;\" href=\"https:\/\/www.youtube.com\/watch?v=Cf79KXBCIDg\" target=\"_blank\" rel=\"noopener noreferrer\">The light (2014)<\/a><\/span><\/td>\n<td align=\"left\">Youtube<\/td>\n<td align=\"left\">Tots els p\u00fablics<\/td>\n<\/tr>\n<tr>\n<td align=\"left\"><span style=\"color: #ff9900;\"><a style=\"color: #ff9900;\" href=\"https:\/\/www.youtube.com\/watch?v=WwV7ENOTeek&amp;t\" target=\"_blank\" rel=\"noopener noreferrer\">Boy (2014)<\/a><\/span><\/td>\n<td align=\"left\">Youtube<\/td>\n<td align=\"left\">Mitjanes<\/td>\n<\/tr>\n<tr>\n<td align=\"left\"><span style=\"color: #ff9900;\"><a style=\"color: #ff9900;\" href=\"https:\/\/vimeo.com\/26781224\" target=\"_blank\" rel=\"noopener noreferrer\">1977 (2007)<\/a><\/span><\/td>\n<td align=\"left\">Vimeo<\/td>\n<td align=\"left\">Grans<\/td>\n<\/tr>\n<\/tbody>\n<\/table>\n<\/div>\n<div class=\"fusion-text fusion-text-7\"><p>&nbsp;<\/p>\n<p><span style=\"background-color: rgba(255, 255, 255, 0); color: var(--body_typography-color); font-family: var(--body_typography-font-family); font-size: var(--body_typography-font-size); font-style: var(--body_typography-font-style,normal); letter-spacing: var(--body_typography-letter-spacing);\">I per acabar, els 4 v\u00eddeos divulgatius per a tots els p\u00fablics: <\/span><strong style=\"background-color: rgba(255, 255, 255, 0); color: var(--body_typography-color); font-family: var(--body_typography-font-family); font-size: var(--body_typography-font-size); font-style: var(--body_typography-font-style,normal); letter-spacing: var(--body_typography-letter-spacing);\"><span style=\"color: #ff9900;\"><a style=\"color: #ff9900;\" href=\"https:\/\/www.youtube.com\/channel\/UCy-EInfqJ08c_hU5VFzcODQ\">Dibuixant el g\u00e8nere.<\/a><\/span><\/strong><\/p>\n<p><span style=\"font-weight: 400;\">Creiem que \u00e9s important veure i entendre diferents contextos passats en qu\u00e8 els drets de les persones trans* estaven encara m\u00e9s vulnerats i tenien encara menys visibilitat, ja que \u00e9s una part de la mem\u00f2ria hist\u00f2rica que no se\u2019ns ha ensenyat i que ajuda a comprendre com hem arribat a on som, i com s\u2019han anat aconseguint alguns d\u2019aquests drets. Ha costat i segueix costant la vida i el temps de moltes persones.<\/span><\/p>\n<p><span style=\"font-weight: 400;\">Esperem que tingueu una bona i reivindicativa diada de la Visibilitzaci\u00f3 Trans* des de casa, que aprofitem per seguir treballant i aprenent, i que puguem dur a terme activitats i reflexions encara que sigui a dist\u00e0ncia! <strong>Seguim fent del nostre entorn un espai m\u00e9s inclusiu, divers i segur.<\/strong><\/span><\/p>\n<\/div><div class=\"fusion-clearfix\"><\/div><\/div><\/div><\/div><\/div><div class=\"fusion-fullwidth fullwidth-box fusion-builder-row-2 nonhundred-percent-fullwidth non-hundred-percent-height-scrolling\" style=\"--awb-border-radius-top-left:0px;--awb-border-radius-top-right:0px;--awb-border-radius-bottom-right:0px;--awb-border-radius-bottom-left:0px;--awb-flex-wrap:wrap;\" ><div class=\"fusion-builder-row fusion-row\"><div class=\"fusion-layout-column fusion_builder_column fusion-builder-column-2 fusion_builder_column_1_1 1_1 fusion-one-full fusion-column-first fusion-column-last\" style=\"--awb-bg-size:cover;--awb-margin-bottom:0px;\"><div class=\"fusion-column-wrapper fusion-flex-column-wrapper-legacy\"><div class=\"fusion-text fusion-text-8\"><p>&nbsp;<\/p>\n<\/div><div class=\"fusion-clearfix\"><\/div><\/div><\/div><\/div><\/div><\/p>\n","protected":false},"excerpt":{"rendered":"","protected":false},"author":3,"featured_media":31483,"comment_status":"closed","ping_status":"open","sticky":false,"template":"","format":"standard","meta":{"om_disable_all_campaigns":false,"_monsterinsights_skip_tracking":false,"_monsterinsights_sitenote_active":false,"_monsterinsights_sitenote_note":"","_monsterinsights_sitenote_category":0,"_uf_show_specific_survey":0,"_uf_disable_surveys":false,"footnotes":""},"categories":[1160],"tags":[1306,284,1292],"class_list":["post-31452","post","type-post","status-publish","format-standard","has-post-thumbnail","hentry","category-comissio-gsdd","tag-dia-visibilitat-trans","tag-recursos","tag-trans"],"yoast_head":"<!-- This site is optimized with the Yoast SEO plugin v27.5 - https:\/\/yoast.com\/product\/yoast-seo-wordpress\/ -->\n<title>Cultura que visibilitza el col\u00b7lectiu TRANS\/TRANS* - Esplac<\/title>\n<meta name=\"robots\" content=\"index, follow, max-snippet:-1, max-image-preview:large, max-video-preview:-1\" \/>\n<link rel=\"canonical\" href=\"https:\/\/www.esplac.cat\/cultura-visibilitza-trans\/\" \/>\n<meta property=\"og:locale\" content=\"en_US\" \/>\n<meta property=\"og:type\" content=\"article\" \/>\n<meta property=\"og:title\" content=\"Cultura que visibilitza el col\u00b7lectiu TRANS\/TRANS* - Esplac\" \/>\n<meta property=\"og:url\" content=\"https:\/\/www.esplac.cat\/cultura-visibilitza-trans\/\" \/>\n<meta property=\"og:site_name\" content=\"Esplac\" \/>\n<meta property=\"article:published_time\" content=\"2020-03-31T12:01:03+00:00\" \/>\n<meta property=\"article:modified_time\" content=\"2020-10-15T16:22:55+00:00\" \/>\n<meta property=\"og:image\" content=\"https:\/\/www.esplac.cat\/wp-content\/uploads\/2020\/03\/portadatrans.jpg\" \/>\n\t<meta property=\"og:image:width\" content=\"1697\" \/>\n\t<meta property=\"og:image:height\" content=\"700\" \/>\n\t<meta property=\"og:image:type\" content=\"image\/jpeg\" \/>\n<meta name=\"author\" content=\"Comunicaci\u00f3 Esplac\" \/>\n<meta name=\"twitter:card\" content=\"summary_large_image\" \/>\n<meta name=\"twitter:label1\" content=\"Written by\" \/>\n\t<meta name=\"twitter:data1\" content=\"Comunicaci\u00f3 Esplac\" \/>\n\t<meta name=\"twitter:label2\" content=\"Est. reading time\" \/>\n\t<meta name=\"twitter:data2\" content=\"7 minutes\" \/>\n<script type=\"application\/ld+json\" class=\"yoast-schema-graph\">{\"@context\":\"https:\\\/\\\/schema.org\",\"@graph\":[{\"@type\":\"Article\",\"@id\":\"https:\\\/\\\/www.esplac.cat\\\/cultura-visibilitza-trans\\\/#article\",\"isPartOf\":{\"@id\":\"https:\\\/\\\/www.esplac.cat\\\/cultura-visibilitza-trans\\\/\"},\"author\":{\"name\":\"Comunicaci\u00f3 Esplac\",\"@id\":\"https:\\\/\\\/www.esplac.cat\\\/#\\\/schema\\\/person\\\/908383cf240be18b68f8855d0583faca\"},\"headline\":\"Cultura que visibilitza el col\u00b7lectiu TRANS\\\/TRANS*\",\"datePublished\":\"2020-03-31T12:01:03+00:00\",\"dateModified\":\"2020-10-15T16:22:55+00:00\",\"mainEntityOfPage\":{\"@id\":\"https:\\\/\\\/www.esplac.cat\\\/cultura-visibilitza-trans\\\/\"},\"wordCount\":1317,\"publisher\":{\"@id\":\"https:\\\/\\\/www.esplac.cat\\\/#organization\"},\"image\":{\"@id\":\"https:\\\/\\\/www.esplac.cat\\\/cultura-visibilitza-trans\\\/#primaryimage\"},\"thumbnailUrl\":\"https:\\\/\\\/www.esplac.cat\\\/wp-content\\\/uploads\\\/2020\\\/03\\\/portadatrans.jpg\",\"keywords\":[\"Dia Visibilitat Trans\",\"recursos\",\"Trans\"],\"articleSection\":[\"Comissi\u00f3 GSDD\"],\"inLanguage\":\"en-US\"},{\"@type\":\"WebPage\",\"@id\":\"https:\\\/\\\/www.esplac.cat\\\/cultura-visibilitza-trans\\\/\",\"url\":\"https:\\\/\\\/www.esplac.cat\\\/cultura-visibilitza-trans\\\/\",\"name\":\"Cultura que visibilitza el col\u00b7lectiu TRANS\\\/TRANS* - Esplac\",\"isPartOf\":{\"@id\":\"https:\\\/\\\/www.esplac.cat\\\/#website\"},\"primaryImageOfPage\":{\"@id\":\"https:\\\/\\\/www.esplac.cat\\\/cultura-visibilitza-trans\\\/#primaryimage\"},\"image\":{\"@id\":\"https:\\\/\\\/www.esplac.cat\\\/cultura-visibilitza-trans\\\/#primaryimage\"},\"thumbnailUrl\":\"https:\\\/\\\/www.esplac.cat\\\/wp-content\\\/uploads\\\/2020\\\/03\\\/portadatrans.jpg\",\"datePublished\":\"2020-03-31T12:01:03+00:00\",\"dateModified\":\"2020-10-15T16:22:55+00:00\",\"breadcrumb\":{\"@id\":\"https:\\\/\\\/www.esplac.cat\\\/cultura-visibilitza-trans\\\/#breadcrumb\"},\"inLanguage\":\"en-US\",\"potentialAction\":[{\"@type\":\"ReadAction\",\"target\":[\"https:\\\/\\\/www.esplac.cat\\\/cultura-visibilitza-trans\\\/\"]}]},{\"@type\":\"ImageObject\",\"inLanguage\":\"en-US\",\"@id\":\"https:\\\/\\\/www.esplac.cat\\\/cultura-visibilitza-trans\\\/#primaryimage\",\"url\":\"https:\\\/\\\/www.esplac.cat\\\/wp-content\\\/uploads\\\/2020\\\/03\\\/portadatrans.jpg\",\"contentUrl\":\"https:\\\/\\\/www.esplac.cat\\\/wp-content\\\/uploads\\\/2020\\\/03\\\/portadatrans.jpg\",\"width\":1697,\"height\":700},{\"@type\":\"BreadcrumbList\",\"@id\":\"https:\\\/\\\/www.esplac.cat\\\/cultura-visibilitza-trans\\\/#breadcrumb\",\"itemListElement\":[{\"@type\":\"ListItem\",\"position\":1,\"name\":\"Inici\",\"item\":\"https:\\\/\\\/www.esplac.cat\\\/en\\\/\"},{\"@type\":\"ListItem\",\"position\":2,\"name\":\"Cultura que visibilitza el col\u00b7lectiu TRANS\\\/TRANS*\"}]},{\"@type\":\"WebSite\",\"@id\":\"https:\\\/\\\/www.esplac.cat\\\/#website\",\"url\":\"https:\\\/\\\/www.esplac.cat\\\/\",\"name\":\"Esplac\",\"description\":\"Esplais Catalans\",\"publisher\":{\"@id\":\"https:\\\/\\\/www.esplac.cat\\\/#organization\"},\"potentialAction\":[{\"@type\":\"SearchAction\",\"target\":{\"@type\":\"EntryPoint\",\"urlTemplate\":\"https:\\\/\\\/www.esplac.cat\\\/?s={search_term_string}\"},\"query-input\":{\"@type\":\"PropertyValueSpecification\",\"valueRequired\":true,\"valueName\":\"search_term_string\"}}],\"inLanguage\":\"en-US\"},{\"@type\":\"Organization\",\"@id\":\"https:\\\/\\\/www.esplac.cat\\\/#organization\",\"name\":\"Esplac\",\"url\":\"https:\\\/\\\/www.esplac.cat\\\/\",\"logo\":{\"@type\":\"ImageObject\",\"inLanguage\":\"en-US\",\"@id\":\"https:\\\/\\\/www.esplac.cat\\\/#\\\/schema\\\/logo\\\/image\\\/\",\"url\":\"https:\\\/\\\/www.esplac.cat\\\/wp-content\\\/uploads\\\/2019\\\/08\\\/logox2.png\",\"contentUrl\":\"https:\\\/\\\/www.esplac.cat\\\/wp-content\\\/uploads\\\/2019\\\/08\\\/logox2.png\",\"width\":600,\"height\":295,\"caption\":\"Esplac\"},\"image\":{\"@id\":\"https:\\\/\\\/www.esplac.cat\\\/#\\\/schema\\\/logo\\\/image\\\/\"}},{\"@type\":\"Person\",\"@id\":\"https:\\\/\\\/www.esplac.cat\\\/#\\\/schema\\\/person\\\/908383cf240be18b68f8855d0583faca\",\"name\":\"Comunicaci\u00f3 Esplac\",\"image\":{\"@type\":\"ImageObject\",\"inLanguage\":\"en-US\",\"@id\":\"https:\\\/\\\/secure.gravatar.com\\\/avatar\\\/7a4cf8feb412a76ea4a740ca02d95b06b2907b5a6c648c2dd0a1082a093c3141?s=96&d=mm&r=g\",\"url\":\"https:\\\/\\\/secure.gravatar.com\\\/avatar\\\/7a4cf8feb412a76ea4a740ca02d95b06b2907b5a6c648c2dd0a1082a093c3141?s=96&d=mm&r=g\",\"contentUrl\":\"https:\\\/\\\/secure.gravatar.com\\\/avatar\\\/7a4cf8feb412a76ea4a740ca02d95b06b2907b5a6c648c2dd0a1082a093c3141?s=96&d=mm&r=g\",\"caption\":\"Comunicaci\u00f3 Esplac\"}}]}<\/script>\n<!-- \/ Yoast SEO plugin. -->","yoast_head_json":{"title":"Cultura que visibilitza el col\u00b7lectiu TRANS\/TRANS* - Esplac","robots":{"index":"index","follow":"follow","max-snippet":"max-snippet:-1","max-image-preview":"max-image-preview:large","max-video-preview":"max-video-preview:-1"},"canonical":"https:\/\/www.esplac.cat\/cultura-visibilitza-trans\/","og_locale":"en_US","og_type":"article","og_title":"Cultura que visibilitza el col\u00b7lectiu TRANS\/TRANS* - Esplac","og_url":"https:\/\/www.esplac.cat\/cultura-visibilitza-trans\/","og_site_name":"Esplac","article_published_time":"2020-03-31T12:01:03+00:00","article_modified_time":"2020-10-15T16:22:55+00:00","og_image":[{"width":1697,"height":700,"url":"https:\/\/www.esplac.cat\/wp-content\/uploads\/2020\/03\/portadatrans.jpg","type":"image\/jpeg"}],"author":"Comunicaci\u00f3 Esplac","twitter_card":"summary_large_image","twitter_misc":{"Written by":"Comunicaci\u00f3 Esplac","Est. reading time":"7 minutes"},"schema":{"@context":"https:\/\/schema.org","@graph":[{"@type":"Article","@id":"https:\/\/www.esplac.cat\/cultura-visibilitza-trans\/#article","isPartOf":{"@id":"https:\/\/www.esplac.cat\/cultura-visibilitza-trans\/"},"author":{"name":"Comunicaci\u00f3 Esplac","@id":"https:\/\/www.esplac.cat\/#\/schema\/person\/908383cf240be18b68f8855d0583faca"},"headline":"Cultura que visibilitza el col\u00b7lectiu TRANS\/TRANS*","datePublished":"2020-03-31T12:01:03+00:00","dateModified":"2020-10-15T16:22:55+00:00","mainEntityOfPage":{"@id":"https:\/\/www.esplac.cat\/cultura-visibilitza-trans\/"},"wordCount":1317,"publisher":{"@id":"https:\/\/www.esplac.cat\/#organization"},"image":{"@id":"https:\/\/www.esplac.cat\/cultura-visibilitza-trans\/#primaryimage"},"thumbnailUrl":"https:\/\/www.esplac.cat\/wp-content\/uploads\/2020\/03\/portadatrans.jpg","keywords":["Dia Visibilitat Trans","recursos","Trans"],"articleSection":["Comissi\u00f3 GSDD"],"inLanguage":"en-US"},{"@type":"WebPage","@id":"https:\/\/www.esplac.cat\/cultura-visibilitza-trans\/","url":"https:\/\/www.esplac.cat\/cultura-visibilitza-trans\/","name":"Cultura que visibilitza el col\u00b7lectiu TRANS\/TRANS* - Esplac","isPartOf":{"@id":"https:\/\/www.esplac.cat\/#website"},"primaryImageOfPage":{"@id":"https:\/\/www.esplac.cat\/cultura-visibilitza-trans\/#primaryimage"},"image":{"@id":"https:\/\/www.esplac.cat\/cultura-visibilitza-trans\/#primaryimage"},"thumbnailUrl":"https:\/\/www.esplac.cat\/wp-content\/uploads\/2020\/03\/portadatrans.jpg","datePublished":"2020-03-31T12:01:03+00:00","dateModified":"2020-10-15T16:22:55+00:00","breadcrumb":{"@id":"https:\/\/www.esplac.cat\/cultura-visibilitza-trans\/#breadcrumb"},"inLanguage":"en-US","potentialAction":[{"@type":"ReadAction","target":["https:\/\/www.esplac.cat\/cultura-visibilitza-trans\/"]}]},{"@type":"ImageObject","inLanguage":"en-US","@id":"https:\/\/www.esplac.cat\/cultura-visibilitza-trans\/#primaryimage","url":"https:\/\/www.esplac.cat\/wp-content\/uploads\/2020\/03\/portadatrans.jpg","contentUrl":"https:\/\/www.esplac.cat\/wp-content\/uploads\/2020\/03\/portadatrans.jpg","width":1697,"height":700},{"@type":"BreadcrumbList","@id":"https:\/\/www.esplac.cat\/cultura-visibilitza-trans\/#breadcrumb","itemListElement":[{"@type":"ListItem","position":1,"name":"Inici","item":"https:\/\/www.esplac.cat\/en\/"},{"@type":"ListItem","position":2,"name":"Cultura que visibilitza el col\u00b7lectiu TRANS\/TRANS*"}]},{"@type":"WebSite","@id":"https:\/\/www.esplac.cat\/#website","url":"https:\/\/www.esplac.cat\/","name":"Esplac","description":"Esplais Catalans","publisher":{"@id":"https:\/\/www.esplac.cat\/#organization"},"potentialAction":[{"@type":"SearchAction","target":{"@type":"EntryPoint","urlTemplate":"https:\/\/www.esplac.cat\/?s={search_term_string}"},"query-input":{"@type":"PropertyValueSpecification","valueRequired":true,"valueName":"search_term_string"}}],"inLanguage":"en-US"},{"@type":"Organization","@id":"https:\/\/www.esplac.cat\/#organization","name":"Esplac","url":"https:\/\/www.esplac.cat\/","logo":{"@type":"ImageObject","inLanguage":"en-US","@id":"https:\/\/www.esplac.cat\/#\/schema\/logo\/image\/","url":"https:\/\/www.esplac.cat\/wp-content\/uploads\/2019\/08\/logox2.png","contentUrl":"https:\/\/www.esplac.cat\/wp-content\/uploads\/2019\/08\/logox2.png","width":600,"height":295,"caption":"Esplac"},"image":{"@id":"https:\/\/www.esplac.cat\/#\/schema\/logo\/image\/"}},{"@type":"Person","@id":"https:\/\/www.esplac.cat\/#\/schema\/person\/908383cf240be18b68f8855d0583faca","name":"Comunicaci\u00f3 Esplac","image":{"@type":"ImageObject","inLanguage":"en-US","@id":"https:\/\/secure.gravatar.com\/avatar\/7a4cf8feb412a76ea4a740ca02d95b06b2907b5a6c648c2dd0a1082a093c3141?s=96&d=mm&r=g","url":"https:\/\/secure.gravatar.com\/avatar\/7a4cf8feb412a76ea4a740ca02d95b06b2907b5a6c648c2dd0a1082a093c3141?s=96&d=mm&r=g","contentUrl":"https:\/\/secure.gravatar.com\/avatar\/7a4cf8feb412a76ea4a740ca02d95b06b2907b5a6c648c2dd0a1082a093c3141?s=96&d=mm&r=g","caption":"Comunicaci\u00f3 Esplac"}}]}},"_links":{"self":[{"href":"https:\/\/www.esplac.cat\/en\/wp-json\/wp\/v2\/posts\/31452","targetHints":{"allow":["GET"]}}],"collection":[{"href":"https:\/\/www.esplac.cat\/en\/wp-json\/wp\/v2\/posts"}],"about":[{"href":"https:\/\/www.esplac.cat\/en\/wp-json\/wp\/v2\/types\/post"}],"author":[{"embeddable":true,"href":"https:\/\/www.esplac.cat\/en\/wp-json\/wp\/v2\/users\/3"}],"replies":[{"embeddable":true,"href":"https:\/\/www.esplac.cat\/en\/wp-json\/wp\/v2\/comments?post=31452"}],"version-history":[{"count":0,"href":"https:\/\/www.esplac.cat\/en\/wp-json\/wp\/v2\/posts\/31452\/revisions"}],"wp:featuredmedia":[{"embeddable":true,"href":"https:\/\/www.esplac.cat\/en\/wp-json\/wp\/v2\/media\/31483"}],"wp:attachment":[{"href":"https:\/\/www.esplac.cat\/en\/wp-json\/wp\/v2\/media?parent=31452"}],"wp:term":[{"taxonomy":"category","embeddable":true,"href":"https:\/\/www.esplac.cat\/en\/wp-json\/wp\/v2\/categories?post=31452"},{"taxonomy":"post_tag","embeddable":true,"href":"https:\/\/www.esplac.cat\/en\/wp-json\/wp\/v2\/tags?post=31452"}],"curies":[{"name":"wp","href":"https:\/\/api.w.org\/{rel}","templated":true}]}}