{"id":31493,"date":"2020-03-31T10:31:59","date_gmt":"2020-03-31T09:31:59","guid":{"rendered":"https:\/\/www.esplac.cat\/?p=31493"},"modified":"2021-03-30T09:51:08","modified_gmt":"2021-03-30T08:51:08","slug":"posicionament-31m-dia-visibilitat-trans","status":"publish","type":"post","link":"https:\/\/www.esplac.cat\/en\/posicionament-31m-dia-visibilitat-trans\/","title":{"rendered":"Posicionament 31M: Dia de la Visibilitat Trans*"},"content":{"rendered":"<div class=\"fusion-fullwidth fullwidth-box fusion-builder-row-1 nonhundred-percent-fullwidth non-hundred-percent-height-scrolling\" style=\"--awb-border-radius-top-left:0px;--awb-border-radius-top-right:0px;--awb-border-radius-bottom-right:0px;--awb-border-radius-bottom-left:0px;--awb-flex-wrap:wrap;\" ><div class=\"fusion-builder-row fusion-row\"><div class=\"fusion-layout-column fusion_builder_column fusion-builder-column-0 fusion_builder_column_1_1 1_1 fusion-one-full fusion-column-first fusion-column-last\" style=\"--awb-bg-size:cover;--awb-margin-bottom:0px;\"><div class=\"fusion-column-wrapper fusion-flex-column-wrapper-legacy\"><div class=\"fusion-text fusion-text-1\"><blockquote>\n<p style=\"text-align: justify;\">\u00c9s una feina del dia a dia, de cuidar el llenguatge, les accions, com ens comportem, com ens relacionem\u2026 revisar els privilegis i veure qu\u00e8 podem canviar; ja que els canvis s\u00f3n cosa de totes.<\/p>\n<\/blockquote>\n<p><strong>POSICIONAMENT 31M: DIA DE LA VISIBILITAT TRANS*<\/strong><\/p>\n<p>Avui, 31 de mar\u00e7, celebrem el dia Dia Internacional de la Visibilitat Trans*. L\u2019activista Rachel Crandall, dona trans*, l\u2019any 2009, va decidir crear aquesta diada com a reacci\u00f3 a la falta de dies que visibilitzessin les persones trans* i sensibilitzessin contra la discriminaci\u00f3 cap a aquestes. Fins el moment, com a data assenyalada, hi havia el Dia Internacional de la Mem\u00f2ria Trans* en honor a totes les persones trans* assassinades per crims d\u2019odi per\u00f2 faltava tamb\u00e9 un dia per visibilitzar a totes les persones trans* vives que continuem lluitant per les nostres companyes i que el cisheteropatriarcat no ha pogut ni podr\u00e0 callar mai. Perqu\u00e8 puguem fer-nos-en una idea, entre gener de 2008 i setembre de 2019 s\u2019han registrat 3.314 assassinats de persones trans* arreu del m\u00f3n (i aqu\u00ed no entren ni els que no s\u2019han registrat ni els su\u00efcidis, que tamb\u00e9 son assassinats). I d\u2019aquesta xifra, un 61% eren dones trans* treballadores sexuals, col\u00b7lectiu molt vulnerable degut a la precarietat i la transmisog\u00ednia.<\/p>\n<p>Sabem que el sistema binari de g\u00e8nere i sexe \u00e9s una de les construccions dins la nostra societat que est\u00e0 molt relacionada amb el funcionament del sistema en general: \u00e9s una de les fonts de viol\u00e8ncia estructural que m\u00e9s ens afecten. No hem nascut trans*, hem (de)construit la nostra identitat en base a un q\u00fcestionament del propi g\u00e8nere que ens ha fet transicionar per poder habitar de forma menys complicada el nostre cos i el nostre m\u00f3n. I igualment deixem molt clar que cada viv\u00e8ncia \u00e9s diferent i v\u00e0lida.<\/p>\n<p>Les persones trans* continuen sent les m\u00e9s discriminades i assetjades tant dins del col\u00b7lectiu GSDD (LGTBI) com per la societat en general. La visibilitat trans* no ha de ser nom\u00e9s un dia a l\u2019any. No serveix de res que el dia 31 de mar\u00e7 siguem transinclusives i transfriendly i el dia seg\u00fcent ens n\u2019oblidem ja fins l\u2019any que ve. \u00c9s una feina del dia a dia, de cuidar el llenguatge, les accions, com ens comportem, com ens relacionem\u2026 revisar els privilegis i veure qu\u00e8 podem canviar; ja que els canvis s\u00f3n cosa de totes. Per\u00f2 fins que la societat no canvi\u00ef, aquests dies internacionals de visibilitzaci\u00f3 s\u00f3n necessaris per donar veu a aquestes persones i que el seu missatge arribi a la gent i faci despertar consci\u00e8ncies. Falten referents als mitjans de comunicaci\u00f3.<\/p>\n<p>L\u2019Estat espanyol fa insuficient esfor\u00e7 per a aplicar lleis que acaben sent paper mullat, i som conscients que a Catalunya tenim una situaci\u00f3 una mica m\u00e9s favorable en general. Tenim la llei 11\/2014 que pret\u00e9n garantir els drets de les persones LGTBI, per\u00f2 est\u00e0 lluny de ser m\u00e9s que paraules escrites tamb\u00e9. Tenim la unitat de Tr\u00e0nsit, creada el 2012, el Centre LGTBI, entre altres petits aven\u00e7os institucionals, molt sovint impulsats per iniciatives populars que han fet pressi\u00f3. Tot i aix\u00ed, ens queda molt per fer, i m\u00e9s quan l\u2019ultradreta t\u00e9 representaci\u00f3 als espais de decisi\u00f3 i amena\u00e7a amb empitjorar encara m\u00e9s la situaci\u00f3.<\/p>\n<p>A Esplac s\u2019intenta treballar des d\u2019una perspectiva transinclusiva, tenint en compte les diversitats de g\u00e8neres que hi ha a la societat. El passat 9 de febrer, la comissi\u00f3 de G\u00e8neres i Sexualitats Diverses i Dissidents van organitzar les Primeres Jornades Dissidents sobre Perspectiva Trans*. Durant el mat\u00ed i la tarda es van organitzar tallers relacionats amb el tema trans*, perqu\u00e8 les persones assistents poguessin con\u00e8ixer m\u00e9s realitats i tenir m\u00e9s eines i recursos per tractar la tem\u00e0tica i fer un bon acompanyament als infants. Va ser un \u00e8xit, tot i que ni el treball individual, ni el de la comissi\u00f3 ni el d\u2019Esplac es pot quedar aqu\u00ed. Hem d\u2019anar m\u00e9s enll\u00e0 i seguir revisant-nos.<\/p>\n<p>Un altre tema a destacar \u00e9s la falta de referents. El que no es veu, no existeix, i si no existeix no se\u2019n parla i no es normalitza. Falten persones que es mostrin com s\u00f3n, que ens destrossin les idees preconcebudes al voltant del g\u00e8nere i ens facin reflexionar. Que ens trenquin els esquemes que des d\u2019infants ens han imposat. A m\u00e9s, tamb\u00e9 falten referents on les noves generacions es puguin veure reflexades i saber que no estan soles, que cada persona \u00e9s v\u00e0lida com \u00e9s i cap altra li pot prohibir ser. I referents diversos, que no reprodueixin els mateixos estereotips ni les mateixes actituds que no volem reproduir.<\/p>\n<p>Per tot aix\u00f2 anteriorment explicat, Esplac es compromet a:<\/p>\n<ul>\n<li>Seguir treballant la tem\u00e0tica trans* aix\u00ed com el g\u00e8nere d\u2019una manera transinclusiva.<\/li>\n<li>Crear espais segurs per a totes les persones que formen part d\u2019Esplac.<\/li>\n<li>Donar veu a persones trans* i incloure i potenciar m\u00e9s espais de formaci\u00f3 i sensibilitzaci\u00f3.<\/li>\n<li>Seguir treballant perqu\u00e8 Esplac incorpori al seu discurs la perspectiva trans*, aconsegueixi un discurs interseccional i es posicioni p\u00fablica i pol\u00edticament.<\/li>\n<li>Acompanyar els esplais en el proc\u00e9s d\u2019incorporar la perspectiva trans* i oferir eines i recursos que ho facilitin.<\/li>\n<\/ul>\n<p><span style=\"color: #ff9900;\"><a style=\"color: #ff9900;\" href=\"https:\/\/www.esplac.cat\/wp-content\/uploads\/2020\/04\/Posicionament-31M.pdf\" target=\"_blank\" rel=\"noopener noreferrer\">Aqu\u00ed trobareu el posicionament en pdf<\/a><\/span><\/p>\n<\/div><div class=\"fusion-clearfix\"><\/div><\/div><\/div><\/div><\/div>\n","protected":false},"excerpt":{"rendered":"","protected":false},"author":3,"featured_media":31495,"comment_status":"closed","ping_status":"open","sticky":false,"template":"","format":"standard","meta":{"om_disable_all_campaigns":false,"_monsterinsights_skip_tracking":false,"_monsterinsights_sitenote_active":false,"_monsterinsights_sitenote_note":"","_monsterinsights_sitenote_category":0,"_uf_show_specific_survey":0,"_uf_disable_surveys":false,"footnotes":""},"categories":[1127],"tags":[],"class_list":["post-31493","post","type-post","status-publish","format-standard","has-post-thumbnail","hentry","category-comunicats-posicionaments"],"yoast_head":"<!-- This site is optimized with the Yoast SEO plugin v27.4 - https:\/\/yoast.com\/product\/yoast-seo-wordpress\/ -->\n<title>Posicionament 31M: Dia de la Visibilitat Trans* - Esplac<\/title>\n<meta name=\"robots\" content=\"index, follow, max-snippet:-1, max-image-preview:large, max-video-preview:-1\" \/>\n<link rel=\"canonical\" href=\"https:\/\/www.esplac.cat\/posicionament-31m-dia-visibilitat-trans\/\" \/>\n<meta property=\"og:locale\" content=\"en_US\" \/>\n<meta property=\"og:type\" content=\"article\" \/>\n<meta property=\"og:title\" content=\"Posicionament 31M: Dia de la Visibilitat Trans* - Esplac\" \/>\n<meta property=\"og:url\" content=\"https:\/\/www.esplac.cat\/posicionament-31m-dia-visibilitat-trans\/\" \/>\n<meta property=\"og:site_name\" content=\"Esplac\" \/>\n<meta property=\"article:published_time\" content=\"2020-03-31T09:31:59+00:00\" \/>\n<meta property=\"article:modified_time\" content=\"2021-03-30T08:51:08+00:00\" \/>\n<meta property=\"og:image\" content=\"https:\/\/www.esplac.cat\/wp-content\/uploads\/2020\/04\/ETYnsrgWoAIX19n.jpeg\" \/>\n\t<meta property=\"og:image:width\" content=\"1200\" \/>\n\t<meta property=\"og:image:height\" content=\"496\" \/>\n\t<meta property=\"og:image:type\" content=\"image\/jpeg\" \/>\n<meta name=\"author\" content=\"Comunicaci\u00f3 Esplac\" \/>\n<meta name=\"twitter:card\" content=\"summary_large_image\" \/>\n<meta name=\"twitter:label1\" content=\"Written by\" \/>\n\t<meta name=\"twitter:data1\" content=\"Comunicaci\u00f3 Esplac\" \/>\n\t<meta name=\"twitter:label2\" content=\"Est. reading time\" \/>\n\t<meta name=\"twitter:data2\" content=\"5 minutes\" \/>\n<script type=\"application\/ld+json\" class=\"yoast-schema-graph\">{\"@context\":\"https:\\\/\\\/schema.org\",\"@graph\":[{\"@type\":\"Article\",\"@id\":\"https:\\\/\\\/www.esplac.cat\\\/posicionament-31m-dia-visibilitat-trans\\\/#article\",\"isPartOf\":{\"@id\":\"https:\\\/\\\/www.esplac.cat\\\/posicionament-31m-dia-visibilitat-trans\\\/\"},\"author\":{\"name\":\"Comunicaci\u00f3 Esplac\",\"@id\":\"https:\\\/\\\/www.esplac.cat\\\/#\\\/schema\\\/person\\\/908383cf240be18b68f8855d0583faca\"},\"headline\":\"Posicionament 31M: Dia de la Visibilitat Trans*\",\"datePublished\":\"2020-03-31T09:31:59+00:00\",\"dateModified\":\"2021-03-30T08:51:08+00:00\",\"mainEntityOfPage\":{\"@id\":\"https:\\\/\\\/www.esplac.cat\\\/posicionament-31m-dia-visibilitat-trans\\\/\"},\"wordCount\":1074,\"publisher\":{\"@id\":\"https:\\\/\\\/www.esplac.cat\\\/#organization\"},\"image\":{\"@id\":\"https:\\\/\\\/www.esplac.cat\\\/posicionament-31m-dia-visibilitat-trans\\\/#primaryimage\"},\"thumbnailUrl\":\"https:\\\/\\\/www.esplac.cat\\\/wp-content\\\/uploads\\\/2020\\\/04\\\/ETYnsrgWoAIX19n.jpeg\",\"articleSection\":[\"Comunicats i posicionaments\"],\"inLanguage\":\"en-US\"},{\"@type\":\"WebPage\",\"@id\":\"https:\\\/\\\/www.esplac.cat\\\/posicionament-31m-dia-visibilitat-trans\\\/\",\"url\":\"https:\\\/\\\/www.esplac.cat\\\/posicionament-31m-dia-visibilitat-trans\\\/\",\"name\":\"Posicionament 31M: Dia de la Visibilitat Trans* - Esplac\",\"isPartOf\":{\"@id\":\"https:\\\/\\\/www.esplac.cat\\\/#website\"},\"primaryImageOfPage\":{\"@id\":\"https:\\\/\\\/www.esplac.cat\\\/posicionament-31m-dia-visibilitat-trans\\\/#primaryimage\"},\"image\":{\"@id\":\"https:\\\/\\\/www.esplac.cat\\\/posicionament-31m-dia-visibilitat-trans\\\/#primaryimage\"},\"thumbnailUrl\":\"https:\\\/\\\/www.esplac.cat\\\/wp-content\\\/uploads\\\/2020\\\/04\\\/ETYnsrgWoAIX19n.jpeg\",\"datePublished\":\"2020-03-31T09:31:59+00:00\",\"dateModified\":\"2021-03-30T08:51:08+00:00\",\"breadcrumb\":{\"@id\":\"https:\\\/\\\/www.esplac.cat\\\/posicionament-31m-dia-visibilitat-trans\\\/#breadcrumb\"},\"inLanguage\":\"en-US\",\"potentialAction\":[{\"@type\":\"ReadAction\",\"target\":[\"https:\\\/\\\/www.esplac.cat\\\/posicionament-31m-dia-visibilitat-trans\\\/\"]}]},{\"@type\":\"ImageObject\",\"inLanguage\":\"en-US\",\"@id\":\"https:\\\/\\\/www.esplac.cat\\\/posicionament-31m-dia-visibilitat-trans\\\/#primaryimage\",\"url\":\"https:\\\/\\\/www.esplac.cat\\\/wp-content\\\/uploads\\\/2020\\\/04\\\/ETYnsrgWoAIX19n.jpeg\",\"contentUrl\":\"https:\\\/\\\/www.esplac.cat\\\/wp-content\\\/uploads\\\/2020\\\/04\\\/ETYnsrgWoAIX19n.jpeg\",\"width\":1200,\"height\":496},{\"@type\":\"BreadcrumbList\",\"@id\":\"https:\\\/\\\/www.esplac.cat\\\/posicionament-31m-dia-visibilitat-trans\\\/#breadcrumb\",\"itemListElement\":[{\"@type\":\"ListItem\",\"position\":1,\"name\":\"Inici\",\"item\":\"https:\\\/\\\/www.esplac.cat\\\/en\\\/\"},{\"@type\":\"ListItem\",\"position\":2,\"name\":\"Posicionament 31M: Dia de la Visibilitat Trans*\"}]},{\"@type\":\"WebSite\",\"@id\":\"https:\\\/\\\/www.esplac.cat\\\/#website\",\"url\":\"https:\\\/\\\/www.esplac.cat\\\/\",\"name\":\"Esplac\",\"description\":\"Esplais Catalans\",\"publisher\":{\"@id\":\"https:\\\/\\\/www.esplac.cat\\\/#organization\"},\"potentialAction\":[{\"@type\":\"SearchAction\",\"target\":{\"@type\":\"EntryPoint\",\"urlTemplate\":\"https:\\\/\\\/www.esplac.cat\\\/?s={search_term_string}\"},\"query-input\":{\"@type\":\"PropertyValueSpecification\",\"valueRequired\":true,\"valueName\":\"search_term_string\"}}],\"inLanguage\":\"en-US\"},{\"@type\":\"Organization\",\"@id\":\"https:\\\/\\\/www.esplac.cat\\\/#organization\",\"name\":\"Esplac\",\"url\":\"https:\\\/\\\/www.esplac.cat\\\/\",\"logo\":{\"@type\":\"ImageObject\",\"inLanguage\":\"en-US\",\"@id\":\"https:\\\/\\\/www.esplac.cat\\\/#\\\/schema\\\/logo\\\/image\\\/\",\"url\":\"https:\\\/\\\/www.esplac.cat\\\/wp-content\\\/uploads\\\/2019\\\/08\\\/logox2.png\",\"contentUrl\":\"https:\\\/\\\/www.esplac.cat\\\/wp-content\\\/uploads\\\/2019\\\/08\\\/logox2.png\",\"width\":600,\"height\":295,\"caption\":\"Esplac\"},\"image\":{\"@id\":\"https:\\\/\\\/www.esplac.cat\\\/#\\\/schema\\\/logo\\\/image\\\/\"}},{\"@type\":\"Person\",\"@id\":\"https:\\\/\\\/www.esplac.cat\\\/#\\\/schema\\\/person\\\/908383cf240be18b68f8855d0583faca\",\"name\":\"Comunicaci\u00f3 Esplac\",\"image\":{\"@type\":\"ImageObject\",\"inLanguage\":\"en-US\",\"@id\":\"https:\\\/\\\/secure.gravatar.com\\\/avatar\\\/7a4cf8feb412a76ea4a740ca02d95b06b2907b5a6c648c2dd0a1082a093c3141?s=96&d=mm&r=g\",\"url\":\"https:\\\/\\\/secure.gravatar.com\\\/avatar\\\/7a4cf8feb412a76ea4a740ca02d95b06b2907b5a6c648c2dd0a1082a093c3141?s=96&d=mm&r=g\",\"contentUrl\":\"https:\\\/\\\/secure.gravatar.com\\\/avatar\\\/7a4cf8feb412a76ea4a740ca02d95b06b2907b5a6c648c2dd0a1082a093c3141?s=96&d=mm&r=g\",\"caption\":\"Comunicaci\u00f3 Esplac\"}}]}<\/script>\n<!-- \/ Yoast SEO plugin. -->","yoast_head_json":{"title":"Posicionament 31M: Dia de la Visibilitat Trans* - Esplac","robots":{"index":"index","follow":"follow","max-snippet":"max-snippet:-1","max-image-preview":"max-image-preview:large","max-video-preview":"max-video-preview:-1"},"canonical":"https:\/\/www.esplac.cat\/posicionament-31m-dia-visibilitat-trans\/","og_locale":"en_US","og_type":"article","og_title":"Posicionament 31M: Dia de la Visibilitat Trans* - Esplac","og_url":"https:\/\/www.esplac.cat\/posicionament-31m-dia-visibilitat-trans\/","og_site_name":"Esplac","article_published_time":"2020-03-31T09:31:59+00:00","article_modified_time":"2021-03-30T08:51:08+00:00","og_image":[{"width":1200,"height":496,"url":"https:\/\/www.esplac.cat\/wp-content\/uploads\/2020\/04\/ETYnsrgWoAIX19n.jpeg","type":"image\/jpeg"}],"author":"Comunicaci\u00f3 Esplac","twitter_card":"summary_large_image","twitter_misc":{"Written by":"Comunicaci\u00f3 Esplac","Est. reading time":"5 minutes"},"schema":{"@context":"https:\/\/schema.org","@graph":[{"@type":"Article","@id":"https:\/\/www.esplac.cat\/posicionament-31m-dia-visibilitat-trans\/#article","isPartOf":{"@id":"https:\/\/www.esplac.cat\/posicionament-31m-dia-visibilitat-trans\/"},"author":{"name":"Comunicaci\u00f3 Esplac","@id":"https:\/\/www.esplac.cat\/#\/schema\/person\/908383cf240be18b68f8855d0583faca"},"headline":"Posicionament 31M: Dia de la Visibilitat Trans*","datePublished":"2020-03-31T09:31:59+00:00","dateModified":"2021-03-30T08:51:08+00:00","mainEntityOfPage":{"@id":"https:\/\/www.esplac.cat\/posicionament-31m-dia-visibilitat-trans\/"},"wordCount":1074,"publisher":{"@id":"https:\/\/www.esplac.cat\/#organization"},"image":{"@id":"https:\/\/www.esplac.cat\/posicionament-31m-dia-visibilitat-trans\/#primaryimage"},"thumbnailUrl":"https:\/\/www.esplac.cat\/wp-content\/uploads\/2020\/04\/ETYnsrgWoAIX19n.jpeg","articleSection":["Comunicats i posicionaments"],"inLanguage":"en-US"},{"@type":"WebPage","@id":"https:\/\/www.esplac.cat\/posicionament-31m-dia-visibilitat-trans\/","url":"https:\/\/www.esplac.cat\/posicionament-31m-dia-visibilitat-trans\/","name":"Posicionament 31M: Dia de la Visibilitat Trans* - Esplac","isPartOf":{"@id":"https:\/\/www.esplac.cat\/#website"},"primaryImageOfPage":{"@id":"https:\/\/www.esplac.cat\/posicionament-31m-dia-visibilitat-trans\/#primaryimage"},"image":{"@id":"https:\/\/www.esplac.cat\/posicionament-31m-dia-visibilitat-trans\/#primaryimage"},"thumbnailUrl":"https:\/\/www.esplac.cat\/wp-content\/uploads\/2020\/04\/ETYnsrgWoAIX19n.jpeg","datePublished":"2020-03-31T09:31:59+00:00","dateModified":"2021-03-30T08:51:08+00:00","breadcrumb":{"@id":"https:\/\/www.esplac.cat\/posicionament-31m-dia-visibilitat-trans\/#breadcrumb"},"inLanguage":"en-US","potentialAction":[{"@type":"ReadAction","target":["https:\/\/www.esplac.cat\/posicionament-31m-dia-visibilitat-trans\/"]}]},{"@type":"ImageObject","inLanguage":"en-US","@id":"https:\/\/www.esplac.cat\/posicionament-31m-dia-visibilitat-trans\/#primaryimage","url":"https:\/\/www.esplac.cat\/wp-content\/uploads\/2020\/04\/ETYnsrgWoAIX19n.jpeg","contentUrl":"https:\/\/www.esplac.cat\/wp-content\/uploads\/2020\/04\/ETYnsrgWoAIX19n.jpeg","width":1200,"height":496},{"@type":"BreadcrumbList","@id":"https:\/\/www.esplac.cat\/posicionament-31m-dia-visibilitat-trans\/#breadcrumb","itemListElement":[{"@type":"ListItem","position":1,"name":"Inici","item":"https:\/\/www.esplac.cat\/en\/"},{"@type":"ListItem","position":2,"name":"Posicionament 31M: Dia de la Visibilitat Trans*"}]},{"@type":"WebSite","@id":"https:\/\/www.esplac.cat\/#website","url":"https:\/\/www.esplac.cat\/","name":"Esplac","description":"Esplais Catalans","publisher":{"@id":"https:\/\/www.esplac.cat\/#organization"},"potentialAction":[{"@type":"SearchAction","target":{"@type":"EntryPoint","urlTemplate":"https:\/\/www.esplac.cat\/?s={search_term_string}"},"query-input":{"@type":"PropertyValueSpecification","valueRequired":true,"valueName":"search_term_string"}}],"inLanguage":"en-US"},{"@type":"Organization","@id":"https:\/\/www.esplac.cat\/#organization","name":"Esplac","url":"https:\/\/www.esplac.cat\/","logo":{"@type":"ImageObject","inLanguage":"en-US","@id":"https:\/\/www.esplac.cat\/#\/schema\/logo\/image\/","url":"https:\/\/www.esplac.cat\/wp-content\/uploads\/2019\/08\/logox2.png","contentUrl":"https:\/\/www.esplac.cat\/wp-content\/uploads\/2019\/08\/logox2.png","width":600,"height":295,"caption":"Esplac"},"image":{"@id":"https:\/\/www.esplac.cat\/#\/schema\/logo\/image\/"}},{"@type":"Person","@id":"https:\/\/www.esplac.cat\/#\/schema\/person\/908383cf240be18b68f8855d0583faca","name":"Comunicaci\u00f3 Esplac","image":{"@type":"ImageObject","inLanguage":"en-US","@id":"https:\/\/secure.gravatar.com\/avatar\/7a4cf8feb412a76ea4a740ca02d95b06b2907b5a6c648c2dd0a1082a093c3141?s=96&d=mm&r=g","url":"https:\/\/secure.gravatar.com\/avatar\/7a4cf8feb412a76ea4a740ca02d95b06b2907b5a6c648c2dd0a1082a093c3141?s=96&d=mm&r=g","contentUrl":"https:\/\/secure.gravatar.com\/avatar\/7a4cf8feb412a76ea4a740ca02d95b06b2907b5a6c648c2dd0a1082a093c3141?s=96&d=mm&r=g","caption":"Comunicaci\u00f3 Esplac"}}]}},"_links":{"self":[{"href":"https:\/\/www.esplac.cat\/en\/wp-json\/wp\/v2\/posts\/31493","targetHints":{"allow":["GET"]}}],"collection":[{"href":"https:\/\/www.esplac.cat\/en\/wp-json\/wp\/v2\/posts"}],"about":[{"href":"https:\/\/www.esplac.cat\/en\/wp-json\/wp\/v2\/types\/post"}],"author":[{"embeddable":true,"href":"https:\/\/www.esplac.cat\/en\/wp-json\/wp\/v2\/users\/3"}],"replies":[{"embeddable":true,"href":"https:\/\/www.esplac.cat\/en\/wp-json\/wp\/v2\/comments?post=31493"}],"version-history":[{"count":0,"href":"https:\/\/www.esplac.cat\/en\/wp-json\/wp\/v2\/posts\/31493\/revisions"}],"wp:featuredmedia":[{"embeddable":true,"href":"https:\/\/www.esplac.cat\/en\/wp-json\/wp\/v2\/media\/31495"}],"wp:attachment":[{"href":"https:\/\/www.esplac.cat\/en\/wp-json\/wp\/v2\/media?parent=31493"}],"wp:term":[{"taxonomy":"category","embeddable":true,"href":"https:\/\/www.esplac.cat\/en\/wp-json\/wp\/v2\/categories?post=31493"},{"taxonomy":"post_tag","embeddable":true,"href":"https:\/\/www.esplac.cat\/en\/wp-json\/wp\/v2\/tags?post=31493"}],"curies":[{"name":"wp","href":"https:\/\/api.w.org\/{rel}","templated":true}]}}