{"id":31576,"date":"2020-04-16T11:32:28","date_gmt":"2020-04-16T10:32:28","guid":{"rendered":"https:\/\/www.esplac.cat\/?p=31576"},"modified":"2020-10-15T17:22:53","modified_gmt":"2020-10-15T16:22:53","slug":"sense-campaments-primavera-alternatives-virtuals","status":"publish","type":"post","link":"https:\/\/www.esplac.cat\/en\/sense-campaments-primavera-alternatives-virtuals\/","title":{"rendered":"Sense campaments de primavera? Alternatives virtuals!"},"content":{"rendered":"<h6><strong>Tot i que aquest any ens hem hagut de quedar a casa en confinament totes les vacances de primavera, alguns esplais d&#8217;Esplac no han volgut quedar-se de bra\u00e7os plegats i han fet campaments, col\u00f2nies i rutes virtuals!<\/strong><\/h6>\n<p>La setmana passada eren les vacances de primavera per\u00f2, per la situaci\u00f3 actual de confinament pel COVID-19, no es van poder fer els campaments, col\u00f2nies i rutes que els esplais havien preparat.<\/p>\n<p>Malgrat la situaci\u00f3, alguns esplais no es van quedar de bra\u00e7os plegats i&#8230; van crear alternatives virtuals!<\/p>\n<p>Alguns dels esplais s\u00f3n, per exemple,<strong><span style=\"color: #ff9900;\">\u00a0l&#8217;<\/span><a href=\"https:\/\/www.instagram.com\/esplaifarfalla\/\" target=\"_blank\" rel=\"noopener noreferrer\"><span style=\"color: #ff9900;\">esplai Farfalla<\/span> <\/a><\/strong>(Terrassa) del Sector Vall\u00e8s Occidental, que ja porten totes aquestes setmanes de confinament fent din\u00e0miques i reptes diaris per xarxes socials, van decidir que ja que no podien fer la ruta que havien preparat per aquestes vacances farien que els dies fossin igualment especials. Per aix\u00f2, <strong>van fer la maleta, uns mots encreuats, van buscar coordenades, fotos imitant que estaven de ruta, una cursa de recollir el sac, una petita gimcana per casa, videotrucades de tot el grup d\u2019infants i monis&#8230;<\/strong> diferents activitats per fer sentir als infants i joves que estaven de ruta i que l&#8217;esplai no s&#8217;atura! A m\u00e9s a m\u00e9s, van riure molt veient qu\u00e8 es volien emportar les noves monis de ruta!<\/p>\n<p>Al Sector Ripoll\u00e8s, Osona i Moian\u00e8s, <span style=\"color: #ff9900;\"><a style=\"color: #ff9900;\" href=\"https:\/\/www.instagram.com\/esplaielcreixent\/\" target=\"_blank\" rel=\"noopener noreferrer\"><strong>l&#8217;esplai El Creixent<\/strong><\/a><\/span> (Folgueroles) tamb\u00e9 ha estat fent reptes di\u00e0ris amb tem\u00e0tica setmanal: la setmana de la volta al m\u00f3n, setmana de la m\u00e0quina del temps, setmana de les emocions i la setmana de les col\u00f2nies&#8230; En aquesta \u00faltima no volien quedar-se sense una de les activitats m\u00e9s esperades de tot el curs i, per sentir qu\u00e8 estaven de col\u00f2nies i mantenir l&#8217;energia de l&#8217;esplai, van proposar reptes com<strong> ensenyar qu\u00e8 era el que els hi feia m\u00e9s il\u00b7lusi\u00f3 als infants de les col\u00f2nies, portar el fulard posat durant els tres dies, dormir amb el sac, menjar amb la carmanyola, etc.<\/strong> A m\u00e9s a m\u00e9s, han descobert que el grup d&#8217;infants Novilunis (el grup de petites) \u00e9s molt &#8220;fiestero&#8221; perqu\u00e8 l&#8217;activitat que m\u00e9s ganes tenien de fer era la discoteca de la segona nit de col\u00f2nies!<\/p>\n<p>S\u00f3n molts els esplais que tamb\u00e9 van fer aquesta setmana passada alternatives per sentir que les col\u00f2nies, campaments i rutes de primavera no s&#8217;havien cancel\u00b7lat del tot. Estigueu ben atents i atentes a les seves xarxes socials, all\u00e0 podreu veure quins reptes diaris han fet i estan fent, i quines activitats m\u00e9s originals van crear com a alternativa a les vacances de primavera!<\/p>\n<p>&nbsp;<\/p>\n<p>&nbsp;<\/p>\n","protected":false},"excerpt":{"rendered":"<p>Tot i que aquest any ens hem hagut de quedar [&hellip;]<\/p>\n","protected":false},"author":3,"featured_media":31615,"comment_status":"closed","ping_status":"open","sticky":false,"template":"","format":"standard","meta":{"om_disable_all_campaigns":false,"_monsterinsights_skip_tracking":false,"_monsterinsights_sitenote_active":false,"_monsterinsights_sitenote_note":"","_monsterinsights_sitenote_category":0,"_uf_show_specific_survey":0,"_uf_disable_surveys":false,"footnotes":""},"categories":[1117],"tags":[53,429,104,1296,115],"class_list":["post-31576","post","type-post","status-publish","format-standard","has-post-thumbnail","hentry","category-activitats-esplais","tag-campaments","tag-ccr","tag-colonies","tag-covid-19","tag-rutes"],"yoast_head":"<!-- This site is optimized with the Yoast SEO plugin v27.4 - https:\/\/yoast.com\/product\/yoast-seo-wordpress\/ -->\n<title>Sense campaments de primavera? Alternatives virtuals! - Esplac<\/title>\n<meta name=\"robots\" content=\"index, follow, max-snippet:-1, max-image-preview:large, max-video-preview:-1\" \/>\n<link rel=\"canonical\" href=\"https:\/\/www.esplac.cat\/es\/sense-campaments-primavera-alternatives-virtuals\/\" \/>\n<meta property=\"og:locale\" content=\"en_US\" \/>\n<meta property=\"og:type\" content=\"article\" \/>\n<meta property=\"og:title\" content=\"Sense campaments de primavera? Alternatives virtuals! - Esplac\" \/>\n<meta property=\"og:description\" content=\"Tot i que aquest any ens hem hagut de quedar [&hellip;]\" \/>\n<meta property=\"og:url\" content=\"https:\/\/www.esplac.cat\/es\/sense-campaments-primavera-alternatives-virtuals\/\" \/>\n<meta property=\"og:site_name\" content=\"Esplac\" \/>\n<meta property=\"article:published_time\" content=\"2020-04-16T10:32:28+00:00\" \/>\n<meta property=\"article:modified_time\" content=\"2020-10-15T16:22:53+00:00\" \/>\n<meta property=\"og:image\" content=\"https:\/\/www.esplac.cat\/wp-content\/uploads\/2020\/04\/Disen\u0303o-sin-ti\u0301tulo-6.jpg\" \/>\n\t<meta property=\"og:image:width\" content=\"1697\" \/>\n\t<meta property=\"og:image:height\" content=\"700\" \/>\n\t<meta property=\"og:image:type\" content=\"image\/jpeg\" \/>\n<meta name=\"author\" content=\"Comunicaci\u00f3 Esplac\" \/>\n<meta name=\"twitter:card\" content=\"summary_large_image\" \/>\n<meta name=\"twitter:label1\" content=\"Written by\" \/>\n\t<meta name=\"twitter:data1\" content=\"Comunicaci\u00f3 Esplac\" \/>\n\t<meta name=\"twitter:label2\" content=\"Est. reading time\" \/>\n\t<meta name=\"twitter:data2\" content=\"2 minutes\" \/>\n<script type=\"application\/ld+json\" class=\"yoast-schema-graph\">{\"@context\":\"https:\\\/\\\/schema.org\",\"@graph\":[{\"@type\":\"Article\",\"@id\":\"https:\\\/\\\/www.esplac.cat\\\/es\\\/sense-campaments-primavera-alternatives-virtuals\\\/#article\",\"isPartOf\":{\"@id\":\"https:\\\/\\\/www.esplac.cat\\\/es\\\/sense-campaments-primavera-alternatives-virtuals\\\/\"},\"author\":{\"name\":\"Comunicaci\u00f3 Esplac\",\"@id\":\"https:\\\/\\\/www.esplac.cat\\\/#\\\/schema\\\/person\\\/908383cf240be18b68f8855d0583faca\"},\"headline\":\"Sense campaments de primavera? Alternatives virtuals!\",\"datePublished\":\"2020-04-16T10:32:28+00:00\",\"dateModified\":\"2020-10-15T16:22:53+00:00\",\"mainEntityOfPage\":{\"@id\":\"https:\\\/\\\/www.esplac.cat\\\/es\\\/sense-campaments-primavera-alternatives-virtuals\\\/\"},\"wordCount\":463,\"publisher\":{\"@id\":\"https:\\\/\\\/www.esplac.cat\\\/#organization\"},\"image\":{\"@id\":\"https:\\\/\\\/www.esplac.cat\\\/es\\\/sense-campaments-primavera-alternatives-virtuals\\\/#primaryimage\"},\"thumbnailUrl\":\"https:\\\/\\\/www.esplac.cat\\\/wp-content\\\/uploads\\\/2020\\\/04\\\/Disen\u0303o-sin-ti\u0301tulo-6.jpg\",\"keywords\":[\"campaments\",\"CCR\",\"colonies\",\"covid-19\",\"rutes\"],\"articleSection\":[\"Activitats esplais\"],\"inLanguage\":\"en-US\"},{\"@type\":\"WebPage\",\"@id\":\"https:\\\/\\\/www.esplac.cat\\\/es\\\/sense-campaments-primavera-alternatives-virtuals\\\/\",\"url\":\"https:\\\/\\\/www.esplac.cat\\\/es\\\/sense-campaments-primavera-alternatives-virtuals\\\/\",\"name\":\"Sense campaments de primavera? Alternatives virtuals! - Esplac\",\"isPartOf\":{\"@id\":\"https:\\\/\\\/www.esplac.cat\\\/#website\"},\"primaryImageOfPage\":{\"@id\":\"https:\\\/\\\/www.esplac.cat\\\/es\\\/sense-campaments-primavera-alternatives-virtuals\\\/#primaryimage\"},\"image\":{\"@id\":\"https:\\\/\\\/www.esplac.cat\\\/es\\\/sense-campaments-primavera-alternatives-virtuals\\\/#primaryimage\"},\"thumbnailUrl\":\"https:\\\/\\\/www.esplac.cat\\\/wp-content\\\/uploads\\\/2020\\\/04\\\/Disen\u0303o-sin-ti\u0301tulo-6.jpg\",\"datePublished\":\"2020-04-16T10:32:28+00:00\",\"dateModified\":\"2020-10-15T16:22:53+00:00\",\"breadcrumb\":{\"@id\":\"https:\\\/\\\/www.esplac.cat\\\/es\\\/sense-campaments-primavera-alternatives-virtuals\\\/#breadcrumb\"},\"inLanguage\":\"en-US\",\"potentialAction\":[{\"@type\":\"ReadAction\",\"target\":[\"https:\\\/\\\/www.esplac.cat\\\/es\\\/sense-campaments-primavera-alternatives-virtuals\\\/\"]}]},{\"@type\":\"ImageObject\",\"inLanguage\":\"en-US\",\"@id\":\"https:\\\/\\\/www.esplac.cat\\\/es\\\/sense-campaments-primavera-alternatives-virtuals\\\/#primaryimage\",\"url\":\"https:\\\/\\\/www.esplac.cat\\\/wp-content\\\/uploads\\\/2020\\\/04\\\/Disen\u0303o-sin-ti\u0301tulo-6.jpg\",\"contentUrl\":\"https:\\\/\\\/www.esplac.cat\\\/wp-content\\\/uploads\\\/2020\\\/04\\\/Disen\u0303o-sin-ti\u0301tulo-6.jpg\",\"width\":1697,\"height\":700},{\"@type\":\"BreadcrumbList\",\"@id\":\"https:\\\/\\\/www.esplac.cat\\\/es\\\/sense-campaments-primavera-alternatives-virtuals\\\/#breadcrumb\",\"itemListElement\":[{\"@type\":\"ListItem\",\"position\":1,\"name\":\"Inici\",\"item\":\"https:\\\/\\\/www.esplac.cat\\\/en\\\/\"},{\"@type\":\"ListItem\",\"position\":2,\"name\":\"Sense campaments de primavera? Alternatives virtuals!\"}]},{\"@type\":\"WebSite\",\"@id\":\"https:\\\/\\\/www.esplac.cat\\\/#website\",\"url\":\"https:\\\/\\\/www.esplac.cat\\\/\",\"name\":\"Esplac\",\"description\":\"Esplais Catalans\",\"publisher\":{\"@id\":\"https:\\\/\\\/www.esplac.cat\\\/#organization\"},\"potentialAction\":[{\"@type\":\"SearchAction\",\"target\":{\"@type\":\"EntryPoint\",\"urlTemplate\":\"https:\\\/\\\/www.esplac.cat\\\/?s={search_term_string}\"},\"query-input\":{\"@type\":\"PropertyValueSpecification\",\"valueRequired\":true,\"valueName\":\"search_term_string\"}}],\"inLanguage\":\"en-US\"},{\"@type\":\"Organization\",\"@id\":\"https:\\\/\\\/www.esplac.cat\\\/#organization\",\"name\":\"Esplac\",\"url\":\"https:\\\/\\\/www.esplac.cat\\\/\",\"logo\":{\"@type\":\"ImageObject\",\"inLanguage\":\"en-US\",\"@id\":\"https:\\\/\\\/www.esplac.cat\\\/#\\\/schema\\\/logo\\\/image\\\/\",\"url\":\"https:\\\/\\\/www.esplac.cat\\\/wp-content\\\/uploads\\\/2019\\\/08\\\/logox2.png\",\"contentUrl\":\"https:\\\/\\\/www.esplac.cat\\\/wp-content\\\/uploads\\\/2019\\\/08\\\/logox2.png\",\"width\":600,\"height\":295,\"caption\":\"Esplac\"},\"image\":{\"@id\":\"https:\\\/\\\/www.esplac.cat\\\/#\\\/schema\\\/logo\\\/image\\\/\"}},{\"@type\":\"Person\",\"@id\":\"https:\\\/\\\/www.esplac.cat\\\/#\\\/schema\\\/person\\\/908383cf240be18b68f8855d0583faca\",\"name\":\"Comunicaci\u00f3 Esplac\",\"image\":{\"@type\":\"ImageObject\",\"inLanguage\":\"en-US\",\"@id\":\"https:\\\/\\\/secure.gravatar.com\\\/avatar\\\/7a4cf8feb412a76ea4a740ca02d95b06b2907b5a6c648c2dd0a1082a093c3141?s=96&d=mm&r=g\",\"url\":\"https:\\\/\\\/secure.gravatar.com\\\/avatar\\\/7a4cf8feb412a76ea4a740ca02d95b06b2907b5a6c648c2dd0a1082a093c3141?s=96&d=mm&r=g\",\"contentUrl\":\"https:\\\/\\\/secure.gravatar.com\\\/avatar\\\/7a4cf8feb412a76ea4a740ca02d95b06b2907b5a6c648c2dd0a1082a093c3141?s=96&d=mm&r=g\",\"caption\":\"Comunicaci\u00f3 Esplac\"}}]}<\/script>\n<!-- \/ Yoast SEO plugin. -->","yoast_head_json":{"title":"Sense campaments de primavera? Alternatives virtuals! - Esplac","robots":{"index":"index","follow":"follow","max-snippet":"max-snippet:-1","max-image-preview":"max-image-preview:large","max-video-preview":"max-video-preview:-1"},"canonical":"https:\/\/www.esplac.cat\/es\/sense-campaments-primavera-alternatives-virtuals\/","og_locale":"en_US","og_type":"article","og_title":"Sense campaments de primavera? Alternatives virtuals! - Esplac","og_description":"Tot i que aquest any ens hem hagut de quedar [&hellip;]","og_url":"https:\/\/www.esplac.cat\/es\/sense-campaments-primavera-alternatives-virtuals\/","og_site_name":"Esplac","article_published_time":"2020-04-16T10:32:28+00:00","article_modified_time":"2020-10-15T16:22:53+00:00","og_image":[{"width":1697,"height":700,"url":"https:\/\/www.esplac.cat\/wp-content\/uploads\/2020\/04\/Disen\u0303o-sin-ti\u0301tulo-6.jpg","type":"image\/jpeg"}],"author":"Comunicaci\u00f3 Esplac","twitter_card":"summary_large_image","twitter_misc":{"Written by":"Comunicaci\u00f3 Esplac","Est. reading time":"2 minutes"},"schema":{"@context":"https:\/\/schema.org","@graph":[{"@type":"Article","@id":"https:\/\/www.esplac.cat\/es\/sense-campaments-primavera-alternatives-virtuals\/#article","isPartOf":{"@id":"https:\/\/www.esplac.cat\/es\/sense-campaments-primavera-alternatives-virtuals\/"},"author":{"name":"Comunicaci\u00f3 Esplac","@id":"https:\/\/www.esplac.cat\/#\/schema\/person\/908383cf240be18b68f8855d0583faca"},"headline":"Sense campaments de primavera? Alternatives virtuals!","datePublished":"2020-04-16T10:32:28+00:00","dateModified":"2020-10-15T16:22:53+00:00","mainEntityOfPage":{"@id":"https:\/\/www.esplac.cat\/es\/sense-campaments-primavera-alternatives-virtuals\/"},"wordCount":463,"publisher":{"@id":"https:\/\/www.esplac.cat\/#organization"},"image":{"@id":"https:\/\/www.esplac.cat\/es\/sense-campaments-primavera-alternatives-virtuals\/#primaryimage"},"thumbnailUrl":"https:\/\/www.esplac.cat\/wp-content\/uploads\/2020\/04\/Disen\u0303o-sin-ti\u0301tulo-6.jpg","keywords":["campaments","CCR","colonies","covid-19","rutes"],"articleSection":["Activitats esplais"],"inLanguage":"en-US"},{"@type":"WebPage","@id":"https:\/\/www.esplac.cat\/es\/sense-campaments-primavera-alternatives-virtuals\/","url":"https:\/\/www.esplac.cat\/es\/sense-campaments-primavera-alternatives-virtuals\/","name":"Sense campaments de primavera? Alternatives virtuals! - Esplac","isPartOf":{"@id":"https:\/\/www.esplac.cat\/#website"},"primaryImageOfPage":{"@id":"https:\/\/www.esplac.cat\/es\/sense-campaments-primavera-alternatives-virtuals\/#primaryimage"},"image":{"@id":"https:\/\/www.esplac.cat\/es\/sense-campaments-primavera-alternatives-virtuals\/#primaryimage"},"thumbnailUrl":"https:\/\/www.esplac.cat\/wp-content\/uploads\/2020\/04\/Disen\u0303o-sin-ti\u0301tulo-6.jpg","datePublished":"2020-04-16T10:32:28+00:00","dateModified":"2020-10-15T16:22:53+00:00","breadcrumb":{"@id":"https:\/\/www.esplac.cat\/es\/sense-campaments-primavera-alternatives-virtuals\/#breadcrumb"},"inLanguage":"en-US","potentialAction":[{"@type":"ReadAction","target":["https:\/\/www.esplac.cat\/es\/sense-campaments-primavera-alternatives-virtuals\/"]}]},{"@type":"ImageObject","inLanguage":"en-US","@id":"https:\/\/www.esplac.cat\/es\/sense-campaments-primavera-alternatives-virtuals\/#primaryimage","url":"https:\/\/www.esplac.cat\/wp-content\/uploads\/2020\/04\/Disen\u0303o-sin-ti\u0301tulo-6.jpg","contentUrl":"https:\/\/www.esplac.cat\/wp-content\/uploads\/2020\/04\/Disen\u0303o-sin-ti\u0301tulo-6.jpg","width":1697,"height":700},{"@type":"BreadcrumbList","@id":"https:\/\/www.esplac.cat\/es\/sense-campaments-primavera-alternatives-virtuals\/#breadcrumb","itemListElement":[{"@type":"ListItem","position":1,"name":"Inici","item":"https:\/\/www.esplac.cat\/en\/"},{"@type":"ListItem","position":2,"name":"Sense campaments de primavera? Alternatives virtuals!"}]},{"@type":"WebSite","@id":"https:\/\/www.esplac.cat\/#website","url":"https:\/\/www.esplac.cat\/","name":"Esplac","description":"Esplais Catalans","publisher":{"@id":"https:\/\/www.esplac.cat\/#organization"},"potentialAction":[{"@type":"SearchAction","target":{"@type":"EntryPoint","urlTemplate":"https:\/\/www.esplac.cat\/?s={search_term_string}"},"query-input":{"@type":"PropertyValueSpecification","valueRequired":true,"valueName":"search_term_string"}}],"inLanguage":"en-US"},{"@type":"Organization","@id":"https:\/\/www.esplac.cat\/#organization","name":"Esplac","url":"https:\/\/www.esplac.cat\/","logo":{"@type":"ImageObject","inLanguage":"en-US","@id":"https:\/\/www.esplac.cat\/#\/schema\/logo\/image\/","url":"https:\/\/www.esplac.cat\/wp-content\/uploads\/2019\/08\/logox2.png","contentUrl":"https:\/\/www.esplac.cat\/wp-content\/uploads\/2019\/08\/logox2.png","width":600,"height":295,"caption":"Esplac"},"image":{"@id":"https:\/\/www.esplac.cat\/#\/schema\/logo\/image\/"}},{"@type":"Person","@id":"https:\/\/www.esplac.cat\/#\/schema\/person\/908383cf240be18b68f8855d0583faca","name":"Comunicaci\u00f3 Esplac","image":{"@type":"ImageObject","inLanguage":"en-US","@id":"https:\/\/secure.gravatar.com\/avatar\/7a4cf8feb412a76ea4a740ca02d95b06b2907b5a6c648c2dd0a1082a093c3141?s=96&d=mm&r=g","url":"https:\/\/secure.gravatar.com\/avatar\/7a4cf8feb412a76ea4a740ca02d95b06b2907b5a6c648c2dd0a1082a093c3141?s=96&d=mm&r=g","contentUrl":"https:\/\/secure.gravatar.com\/avatar\/7a4cf8feb412a76ea4a740ca02d95b06b2907b5a6c648c2dd0a1082a093c3141?s=96&d=mm&r=g","caption":"Comunicaci\u00f3 Esplac"}}]}},"_links":{"self":[{"href":"https:\/\/www.esplac.cat\/en\/wp-json\/wp\/v2\/posts\/31576","targetHints":{"allow":["GET"]}}],"collection":[{"href":"https:\/\/www.esplac.cat\/en\/wp-json\/wp\/v2\/posts"}],"about":[{"href":"https:\/\/www.esplac.cat\/en\/wp-json\/wp\/v2\/types\/post"}],"author":[{"embeddable":true,"href":"https:\/\/www.esplac.cat\/en\/wp-json\/wp\/v2\/users\/3"}],"replies":[{"embeddable":true,"href":"https:\/\/www.esplac.cat\/en\/wp-json\/wp\/v2\/comments?post=31576"}],"version-history":[{"count":0,"href":"https:\/\/www.esplac.cat\/en\/wp-json\/wp\/v2\/posts\/31576\/revisions"}],"wp:featuredmedia":[{"embeddable":true,"href":"https:\/\/www.esplac.cat\/en\/wp-json\/wp\/v2\/media\/31615"}],"wp:attachment":[{"href":"https:\/\/www.esplac.cat\/en\/wp-json\/wp\/v2\/media?parent=31576"}],"wp:term":[{"taxonomy":"category","embeddable":true,"href":"https:\/\/www.esplac.cat\/en\/wp-json\/wp\/v2\/categories?post=31576"},{"taxonomy":"post_tag","embeddable":true,"href":"https:\/\/www.esplac.cat\/en\/wp-json\/wp\/v2\/tags?post=31576"}],"curies":[{"name":"wp","href":"https:\/\/api.w.org\/{rel}","templated":true}]}}