{"id":31815,"date":"2020-05-12T13:44:39","date_gmt":"2020-05-12T12:44:39","guid":{"rendered":"https:\/\/www.esplac.cat\/?p=31815"},"modified":"2020-10-15T17:22:51","modified_gmt":"2020-10-15T16:22:51","slug":"posicionament-conjunt-estiu-covid","status":"publish","type":"post","link":"https:\/\/www.esplac.cat\/en\/posicionament-conjunt-estiu-covid\/","title":{"rendered":"L\u2019estiu (tamb\u00e9) \u00e9s dels esplais i caus"},"content":{"rendered":"<p><span style=\"font-weight: 400;\">Les associacions i federacions educatives de lleure de Catalunya (<\/span><b>Esplais Catalans, Minyons Escoltes i Guies de Catalunya<\/b><b>, Acci\u00f3 Escolta de Catalunya, Escoltes Catalans, MCECC, Federaci\u00f3 de Centres Juvenils Don Bosco de Catalunya, Coordinaci\u00f3 Rural de Catalunya, Secretariat de Joves La Salle Catalunya<\/b><span style=\"font-weight: 400;\">) ens hem unit en aquest posicionament per donar veu a les milers de monitores i caps de les nostres entitats i per reivindicar l\u2019important paper que estem desenvolupant durant l\u2019estat d\u2019alarma per la COVID-19.\u00a0<\/span><\/p>\n<p><span style=\"font-weight: 400;\">Durant els m\u00e9s de 50 dies de confinament, els esplais i agrupaments hem reinventat la nostra activitat, hem adaptat la tasca educativa, salvant totes les dist\u00e0ncies, a les circumst\u00e0ncies del confinament, i hem pogut donar de manera regular i constant <\/span><b>resposta a les necessitats dels infants, joves i fam\u00edlies<\/b><span style=\"font-weight: 400;\">. Hem seguit treballant i hem reformulat la nostra proposta educativa per continuar acompanyant als infants i joves d\u2019arreu del territori. Hem creat espais perqu\u00e8 els infants seguissin relacionant-se. Hem proporcionat activitats per fer gaudir als infants i joves en un estat de crisi social, a m\u00e9s de promoure que les fam\u00edlies fossin pro-actives i part\u00edcips davant dels reptes i activitats. Les monitores i caps hem aconseguit dinamitzar les xarxes socials com a eina per seguir vinculades i proporcionar una \u201cnormalitat\u201d dins d\u2019aquesta excepcionalitat.\u00a0<\/span><\/p>\n<p><span style=\"font-weight: 400;\">Molts mitjans de comunicaci\u00f3, un cop m\u00e9s, <\/span><b>no han donat prou valor a la nostra tasca i han atorgat aquest reconeixement comunicatiu i social a empreses <\/b><span style=\"font-weight: 400;\">i entitats de lleure que es lucren econ\u00f2micament, no atorgant prou valor a la xarxa de milers de volunt\u00e0ries compromeses que han dedicat el seu temps lliure a proposar activitats, de manera telem\u00e0tica, als infants i joves de Catalunya. No \u00e9s la primera vegada que aix\u00f2 succeeix i \u00e9s per aix\u00f2 que volem <\/span><b>reivindicar el model d\u2019associacionisme voluntari<\/b><span style=\"font-weight: 400;\"> i fer arribar el nostre comprom\u00eds a la societat amb la nostra tasca.\u00a0<\/span><\/p>\n<p><span style=\"font-weight: 400;\">Pel que fa les institucions p\u00fabliques, \u00e9s cert que ens han incl\u00f2s en el debat del marc normatiu per a les activitats de lleure per a aquest estiu i finalment han contemplat les activitats que ens s\u00f3n pr\u00f2pies com els campaments i les rutes i que en un inici no s\u2019havien tingut en compte. Volem recordar que fa molts anys que la nostra activitat d\u2019estiu est\u00e0 vinculada dins la cultura catalana. Per aix\u00f2 demanem que l\u2019administraci\u00f3 i el Govern <\/span><b>ens tingui en compte en els processos per decidir les mesures que cal prendre durant l\u2019estiu<\/b><span style=\"font-weight: 400;\"> i ens prioritzi davant de projectes de lleure remunerat.\u00a0<\/span><\/p>\n<p><span style=\"font-weight: 400;\">Encara que els nostres projectes siguin de base volunt\u00e0ria, no som un producte barat que es pugui menystenir. Ens agradaria poder <\/span><b>acollir a tots els infants i joves<\/b><span style=\"font-weight: 400;\"> i poder donar suport a les fam\u00edlies amb una situaci\u00f3 m\u00e9s vulnerable <\/span><b>sense deixar de banda els nostres projectes i models pedag\u00f2gics<\/b><span style=\"font-weight: 400;\">.\u00a0<\/span><\/p>\n<p><span style=\"font-weight: 400;\">Els nostres projectes educatius s\u00f3n importants pel<\/span><b> proc\u00e9s socialitzador dels infants i joves i per l\u2019educaci\u00f3 en valors<\/b><span style=\"font-weight: 400;\">. Som conscients que l\u2019escola \u00e9s un agent molt important, per\u00f2 en els temps d\u2019esbarjo dels infants i joves, des de les nostres entitats eduquem mentre gaudeixen del seu temps lliure. No volem competir amb les escoles, campus esportius i <\/span><span style=\"font-weight: 400;\">casals d&#8217;estiu de les entitats que es lucren econ\u00f2micament<\/span><span style=\"font-weight: 400;\">, volem realitzar les nostres activitats d\u2019estiu.<\/span><\/p>\n<p><span style=\"font-weight: 400;\">Volem que la societat catalana i el panorama educatiu prengui consci\u00e8ncia de la <\/span><b>import\u00e0ncia educativa i pedag\u00f2gica de la nostra activitat<\/b><span style=\"font-weight: 400;\">. Ens considerem una escola de ciutadania que pret\u00e9n educar en diferents valors i maneres de viure la vida, mitjan\u00e7ant el joc i gaudint a l&#8217;aire lliure. I que <\/span><b>ho fa des del voluntariat i el comprom\u00eds<\/b><span style=\"font-weight: 400;\">, durant tot el curs, no nom\u00e9s 15 dies a l\u2019estiu, acompanyant infants i joves en el seu <\/span><b>creixement integral<\/b><span style=\"font-weight: 400;\">. Per aix\u00f2 considerem que <\/span><b>la nostra activitat no \u00e9s substitu\u00efble<\/b><span style=\"font-weight: 400;\"> i hauria de ser priorit\u00e0ria per les autoritats pertinents.\u00a0<\/span><\/p>\n<p><span style=\"font-weight: 400;\">Ahir es va presentar el document marc que recull els criteris generals per a l\u2019organitzaci\u00f3 d\u2019activitats de lleure per aquest estiu. Valorem positivament que se\u2019ns hagi convocat i que s\u2019hagin incl\u00f2s finalment les activitats que ens s\u00f3n pr\u00f2pies: els campaments i les rutes, per\u00f2 tamb\u00e9 destaquem que \u00e9s un <\/span><b>marc molt complex<\/b><span style=\"font-weight: 400;\"> i que <\/span><b>necessitarem acompanyament i recursos per garantir l\u2019adaptaci\u00f3 de les nostres activitats<\/b><span style=\"font-weight: 400;\"> als requisits marcats.\u00a0<\/span><\/p>\n<p><span style=\"font-weight: 400;\">Aquesta complexitat en l\u2019adaptaci\u00f3 ha generat en les nostres entitats de base molta <\/span><b>inquietud i molts dubtes<\/b><span style=\"font-weight: 400;\">, necessitem <\/span><b>instruccions realistes per poder reaccionar<\/b><span style=\"font-weight: 400;\">. Seguim pensant que tot i que el repte \u00e9s maj\u00fascul, \u00e9s una oportunitat per poder tornar a posar els infants al centre i oferir-los un estiu d\u2019emocions, retrobaments, aprenentatges i viv\u00e8ncies. L\u2019<\/span><b>ajuda en forma d\u2019acompanyament i recursos ser\u00e0 essencial i haur\u00e0 de ser \u00e0gil,<\/b><span style=\"font-weight: 400;\"> ja que som entitats de <\/span><b>base assemble\u00e0ria i volunt\u00e0ria<\/b><span style=\"font-weight: 400;\"> i necessitem temps per planificar i adaptar les nostres activitats.<\/span><\/p>\n<p><span style=\"font-weight: 400;\">12 de maig de 2020<\/span><\/p>\n<p><img decoding=\"async\" class=\"wp-image-29546 alignleft\" src=\"https:\/\/www.esplac.cat\/wp-content\/uploads\/2019\/12\/logo_esplac_rgb-scaled.png\" alt=\"\" width=\"168\" height=\"84\" srcset=\"https:\/\/www.esplac.cat\/wp-content\/uploads\/2019\/12\/logo_esplac_rgb-200x100.png 200w, https:\/\/www.esplac.cat\/wp-content\/uploads\/2019\/12\/logo_esplac_rgb-300x150.png 300w, https:\/\/www.esplac.cat\/wp-content\/uploads\/2019\/12\/logo_esplac_rgb-400x200.png 400w, https:\/\/www.esplac.cat\/wp-content\/uploads\/2019\/12\/logo_esplac_rgb-540x272.png 540w, https:\/\/www.esplac.cat\/wp-content\/uploads\/2019\/12\/logo_esplac_rgb-600x300.png 600w, https:\/\/www.esplac.cat\/wp-content\/uploads\/2019\/12\/logo_esplac_rgb-768x384.png 768w, https:\/\/www.esplac.cat\/wp-content\/uploads\/2019\/12\/logo_esplac_rgb-800x400.png 800w, https:\/\/www.esplac.cat\/wp-content\/uploads\/2019\/12\/logo_esplac_rgb-1024x512.png 1024w, https:\/\/www.esplac.cat\/wp-content\/uploads\/2019\/12\/logo_esplac_rgb-1200x600.png 1200w, https:\/\/www.esplac.cat\/wp-content\/uploads\/2019\/12\/logo_esplac_rgb-1536x768.png 1536w, https:\/\/www.esplac.cat\/wp-content\/uploads\/2019\/12\/logo_esplac_rgb-scaled.png 2560w\" sizes=\"(max-width: 168px) 100vw, 168px\" \/><img decoding=\"async\" class=\"wp-image-31826 alignleft\" src=\"https:\/\/www.esplac.cat\/wp-content\/uploads\/2020\/05\/unnamed-1.jpg\" alt=\"\" width=\"198\" height=\"74\" srcset=\"https:\/\/www.esplac.cat\/wp-content\/uploads\/2020\/05\/unnamed-1-200x75.jpg 200w, https:\/\/www.esplac.cat\/wp-content\/uploads\/2020\/05\/unnamed-1-300x112.jpg 300w, https:\/\/www.esplac.cat\/wp-content\/uploads\/2020\/05\/unnamed-1-400x149.jpg 400w, https:\/\/www.esplac.cat\/wp-content\/uploads\/2020\/05\/unnamed-1.jpg 512w\" sizes=\"(max-width: 198px) 100vw, 198px\" \/><img decoding=\"async\" class=\"wp-image-31847 alignleft\" src=\"https:\/\/www.esplac.cat\/wp-content\/uploads\/2020\/05\/unnamed.png\" alt=\"\" width=\"185\" height=\"84\" srcset=\"https:\/\/www.esplac.cat\/wp-content\/uploads\/2020\/05\/unnamed-200x91.png 200w, https:\/\/www.esplac.cat\/wp-content\/uploads\/2020\/05\/unnamed-300x137.png 300w, https:\/\/www.esplac.cat\/wp-content\/uploads\/2020\/05\/unnamed-400x182.png 400w, https:\/\/www.esplac.cat\/wp-content\/uploads\/2020\/05\/unnamed.png 512w\" sizes=\"(max-width: 185px) 100vw, 185px\" \/> <img decoding=\"async\" class=\"wp-image-31844 alignleft\" src=\"https:\/\/www.esplac.cat\/wp-content\/uploads\/2020\/05\/unnamed-1.png\" alt=\"\" width=\"193\" height=\"102\" srcset=\"https:\/\/www.esplac.cat\/wp-content\/uploads\/2020\/05\/unnamed-1-200x106.png 200w, https:\/\/www.esplac.cat\/wp-content\/uploads\/2020\/05\/unnamed-1-300x159.png 300w, https:\/\/www.esplac.cat\/wp-content\/uploads\/2020\/05\/unnamed-1-400x212.png 400w, https:\/\/www.esplac.cat\/wp-content\/uploads\/2020\/05\/unnamed-1.png 512w\" sizes=\"(max-width: 193px) 100vw, 193px\" \/> <img decoding=\"async\" class=\"wp-image-31841 alignleft\" src=\"https:\/\/www.esplac.cat\/wp-content\/uploads\/2020\/05\/unnamed-2.png\" alt=\"\" width=\"187\" height=\"97\" srcset=\"https:\/\/www.esplac.cat\/wp-content\/uploads\/2020\/05\/unnamed-2-200x104.png 200w, https:\/\/www.esplac.cat\/wp-content\/uploads\/2020\/05\/unnamed-2-300x155.png 300w, https:\/\/www.esplac.cat\/wp-content\/uploads\/2020\/05\/unnamed-2-400x207.png 400w, https:\/\/www.esplac.cat\/wp-content\/uploads\/2020\/05\/unnamed-2.png 415w\" sizes=\"(max-width: 187px) 100vw, 187px\" \/> <img decoding=\"async\" class=\"wp-image-31835 alignleft\" src=\"https:\/\/www.esplac.cat\/wp-content\/uploads\/2020\/05\/unnamed-4.png\" alt=\"\" width=\"119\" height=\"120\" srcset=\"https:\/\/www.esplac.cat\/wp-content\/uploads\/2020\/05\/unnamed-4-66x66.png 66w, https:\/\/www.esplac.cat\/wp-content\/uploads\/2020\/05\/unnamed-4-150x150.png 150w, https:\/\/www.esplac.cat\/wp-content\/uploads\/2020\/05\/unnamed-4-200x201.png 200w, https:\/\/www.esplac.cat\/wp-content\/uploads\/2020\/05\/unnamed-4.png 267w\" sizes=\"(max-width: 119px) 100vw, 119px\" \/><\/p>\n<p>&nbsp;<\/p>\n<p>&nbsp;<\/p>\n<p>&nbsp;<\/p>\n<p>&nbsp;<\/p>\n<p><img decoding=\"async\" class=\"wp-image-31832 alignleft\" src=\"https:\/\/www.esplac.cat\/wp-content\/uploads\/2020\/05\/unnamed.jpg\" alt=\"\" width=\"131\" height=\"99\" srcset=\"https:\/\/www.esplac.cat\/wp-content\/uploads\/2020\/05\/unnamed-200x150.jpg 200w, https:\/\/www.esplac.cat\/wp-content\/uploads\/2020\/05\/unnamed-300x225.jpg 300w, https:\/\/www.esplac.cat\/wp-content\/uploads\/2020\/05\/unnamed-400x300.jpg 400w, https:\/\/www.esplac.cat\/wp-content\/uploads\/2020\/05\/unnamed.jpg 512w\" sizes=\"(max-width: 131px) 100vw, 131px\" \/><img decoding=\"async\" class=\"wp-image-31838 alignleft\" src=\"https:\/\/www.esplac.cat\/wp-content\/uploads\/2020\/05\/unnamed-3.png\" alt=\"\" width=\"190\" height=\"105\" srcset=\"https:\/\/www.esplac.cat\/wp-content\/uploads\/2020\/05\/unnamed-3-200x111.png 200w, https:\/\/www.esplac.cat\/wp-content\/uploads\/2020\/05\/unnamed-3.png 202w\" sizes=\"(max-width: 190px) 100vw, 190px\" \/><img decoding=\"async\" class=\"wp-image-31829 alignleft\" src=\"https:\/\/www.esplac.cat\/wp-content\/uploads\/2020\/05\/unnamed-5.png\" alt=\"\" width=\"171\" height=\"98\" \/><\/p>\n<p>&nbsp;<\/p>\n<p>&nbsp;<\/p>\n<p>&nbsp;<\/p>\n<p>&nbsp;<\/p>\n<p>&nbsp;<\/p>\n<p>&nbsp;<\/p>\n<p><strong>Altres posicionaments realitzats a t\u00edtol individual pels esplais:<\/strong><\/p>\n<ul>\n<li><span style=\"color: #ff9900;\"><a style=\"color: #ff9900;\" href=\"https:\/\/www.esplac.cat\/wp-content\/uploads\/2020\/05\/POSICIONAMENT-ACTIVITATS-DESTIU-ESPURNA-1.pdf\" target=\"_blank\" rel=\"noopener noreferrer\">Esplai l&#8217;Espurna (Barcelona)<\/a><\/span><\/li>\n<li><a style=\"color: #ff9900;\" href=\"https:\/\/www.esplac.cat\/wp-content\/uploads\/2020\/05\/ccr-pamtu.pdf\" target=\"_blank\" rel=\"noopener noreferrer\">Esplai P\u00e0 amb tom\u00e0quet (Papiol)<\/a><\/li>\n<\/ul>\n<p>&nbsp;<\/p>\n","protected":false},"excerpt":{"rendered":"<p>Les associacions i federacions educatives de lleure de Catalunya (Esplais [&hellip;]<\/p>\n","protected":false},"author":3,"featured_media":31822,"comment_status":"closed","ping_status":"open","sticky":false,"template":"","format":"standard","meta":{"om_disable_all_campaigns":false,"_monsterinsights_skip_tracking":false,"_monsterinsights_sitenote_active":false,"_monsterinsights_sitenote_note":"","_monsterinsights_sitenote_category":0,"_uf_show_specific_survey":0,"_uf_disable_surveys":false,"footnotes":""},"categories":[1127],"tags":[1309,53,104,1296,102,1308,1052,115],"class_list":["post-31815","post","type-post","status-publish","format-standard","has-post-thumbnail","hentry","category-comunicats-posicionaments","tag-associacionsime-educatiu","tag-campaments","tag-colonies","tag-covid-19","tag-estiu","tag-fem-xarxa","tag-gestio","tag-rutes"],"yoast_head":"<!-- This site is optimized with the Yoast SEO plugin v27.4 - https:\/\/yoast.com\/product\/yoast-seo-wordpress\/ -->\n<title>L\u2019estiu (tamb\u00e9) \u00e9s dels esplais i caus - Esplac<\/title>\n<meta name=\"robots\" content=\"index, follow, max-snippet:-1, max-image-preview:large, max-video-preview:-1\" \/>\n<link rel=\"canonical\" href=\"https:\/\/www.esplac.cat\/posicionament-conjunt-estiu-covid\/\" \/>\n<meta property=\"og:locale\" content=\"en_US\" \/>\n<meta property=\"og:type\" content=\"article\" \/>\n<meta property=\"og:title\" content=\"L\u2019estiu (tamb\u00e9) \u00e9s dels esplais i caus - Esplac\" \/>\n<meta property=\"og:description\" content=\"Les associacions i federacions educatives de lleure de Catalunya (Esplais [&hellip;]\" \/>\n<meta property=\"og:url\" content=\"https:\/\/www.esplac.cat\/posicionament-conjunt-estiu-covid\/\" \/>\n<meta property=\"og:site_name\" content=\"Esplac\" \/>\n<meta property=\"article:published_time\" content=\"2020-05-12T12:44:39+00:00\" \/>\n<meta property=\"article:modified_time\" content=\"2020-10-15T16:22:51+00:00\" \/>\n<meta property=\"og:image\" content=\"https:\/\/www.esplac.cat\/wp-content\/uploads\/2020\/05\/portadesestiu.jpg\" \/>\n\t<meta property=\"og:image:width\" content=\"1694\" \/>\n\t<meta property=\"og:image:height\" content=\"700\" \/>\n\t<meta property=\"og:image:type\" content=\"image\/jpeg\" \/>\n<meta name=\"author\" content=\"Comunicaci\u00f3 Esplac\" \/>\n<meta name=\"twitter:card\" content=\"summary_large_image\" \/>\n<meta name=\"twitter:label1\" content=\"Written by\" \/>\n\t<meta name=\"twitter:data1\" content=\"Comunicaci\u00f3 Esplac\" \/>\n\t<meta name=\"twitter:label2\" content=\"Est. reading time\" \/>\n\t<meta name=\"twitter:data2\" content=\"4 minutes\" \/>\n<script type=\"application\/ld+json\" class=\"yoast-schema-graph\">{\"@context\":\"https:\\\/\\\/schema.org\",\"@graph\":[{\"@type\":\"Article\",\"@id\":\"https:\\\/\\\/www.esplac.cat\\\/posicionament-conjunt-estiu-covid\\\/#article\",\"isPartOf\":{\"@id\":\"https:\\\/\\\/www.esplac.cat\\\/posicionament-conjunt-estiu-covid\\\/\"},\"author\":{\"name\":\"Comunicaci\u00f3 Esplac\",\"@id\":\"https:\\\/\\\/www.esplac.cat\\\/#\\\/schema\\\/person\\\/908383cf240be18b68f8855d0583faca\"},\"headline\":\"L\u2019estiu (tamb\u00e9) \u00e9s dels esplais i caus\",\"datePublished\":\"2020-05-12T12:44:39+00:00\",\"dateModified\":\"2020-10-15T16:22:51+00:00\",\"mainEntityOfPage\":{\"@id\":\"https:\\\/\\\/www.esplac.cat\\\/posicionament-conjunt-estiu-covid\\\/\"},\"wordCount\":884,\"publisher\":{\"@id\":\"https:\\\/\\\/www.esplac.cat\\\/#organization\"},\"image\":{\"@id\":\"https:\\\/\\\/www.esplac.cat\\\/posicionament-conjunt-estiu-covid\\\/#primaryimage\"},\"thumbnailUrl\":\"https:\\\/\\\/www.esplac.cat\\\/wp-content\\\/uploads\\\/2020\\\/05\\\/portadesestiu.jpg\",\"keywords\":[\"associacionsime educatiu\",\"campaments\",\"colonies\",\"covid-19\",\"estiu\",\"fem xarxa\",\"Gesti\u00f3\",\"rutes\"],\"articleSection\":[\"Comunicats i posicionaments\"],\"inLanguage\":\"en-US\"},{\"@type\":\"WebPage\",\"@id\":\"https:\\\/\\\/www.esplac.cat\\\/posicionament-conjunt-estiu-covid\\\/\",\"url\":\"https:\\\/\\\/www.esplac.cat\\\/posicionament-conjunt-estiu-covid\\\/\",\"name\":\"L\u2019estiu (tamb\u00e9) \u00e9s dels esplais i caus - Esplac\",\"isPartOf\":{\"@id\":\"https:\\\/\\\/www.esplac.cat\\\/#website\"},\"primaryImageOfPage\":{\"@id\":\"https:\\\/\\\/www.esplac.cat\\\/posicionament-conjunt-estiu-covid\\\/#primaryimage\"},\"image\":{\"@id\":\"https:\\\/\\\/www.esplac.cat\\\/posicionament-conjunt-estiu-covid\\\/#primaryimage\"},\"thumbnailUrl\":\"https:\\\/\\\/www.esplac.cat\\\/wp-content\\\/uploads\\\/2020\\\/05\\\/portadesestiu.jpg\",\"datePublished\":\"2020-05-12T12:44:39+00:00\",\"dateModified\":\"2020-10-15T16:22:51+00:00\",\"breadcrumb\":{\"@id\":\"https:\\\/\\\/www.esplac.cat\\\/posicionament-conjunt-estiu-covid\\\/#breadcrumb\"},\"inLanguage\":\"en-US\",\"potentialAction\":[{\"@type\":\"ReadAction\",\"target\":[\"https:\\\/\\\/www.esplac.cat\\\/posicionament-conjunt-estiu-covid\\\/\"]}]},{\"@type\":\"ImageObject\",\"inLanguage\":\"en-US\",\"@id\":\"https:\\\/\\\/www.esplac.cat\\\/posicionament-conjunt-estiu-covid\\\/#primaryimage\",\"url\":\"https:\\\/\\\/www.esplac.cat\\\/wp-content\\\/uploads\\\/2020\\\/05\\\/portadesestiu.jpg\",\"contentUrl\":\"https:\\\/\\\/www.esplac.cat\\\/wp-content\\\/uploads\\\/2020\\\/05\\\/portadesestiu.jpg\",\"width\":1694,\"height\":700},{\"@type\":\"BreadcrumbList\",\"@id\":\"https:\\\/\\\/www.esplac.cat\\\/posicionament-conjunt-estiu-covid\\\/#breadcrumb\",\"itemListElement\":[{\"@type\":\"ListItem\",\"position\":1,\"name\":\"Inici\",\"item\":\"https:\\\/\\\/www.esplac.cat\\\/en\\\/\"},{\"@type\":\"ListItem\",\"position\":2,\"name\":\"L\u2019estiu (tamb\u00e9) \u00e9s dels esplais i caus\"}]},{\"@type\":\"WebSite\",\"@id\":\"https:\\\/\\\/www.esplac.cat\\\/#website\",\"url\":\"https:\\\/\\\/www.esplac.cat\\\/\",\"name\":\"Esplac\",\"description\":\"Esplais Catalans\",\"publisher\":{\"@id\":\"https:\\\/\\\/www.esplac.cat\\\/#organization\"},\"potentialAction\":[{\"@type\":\"SearchAction\",\"target\":{\"@type\":\"EntryPoint\",\"urlTemplate\":\"https:\\\/\\\/www.esplac.cat\\\/?s={search_term_string}\"},\"query-input\":{\"@type\":\"PropertyValueSpecification\",\"valueRequired\":true,\"valueName\":\"search_term_string\"}}],\"inLanguage\":\"en-US\"},{\"@type\":\"Organization\",\"@id\":\"https:\\\/\\\/www.esplac.cat\\\/#organization\",\"name\":\"Esplac\",\"url\":\"https:\\\/\\\/www.esplac.cat\\\/\",\"logo\":{\"@type\":\"ImageObject\",\"inLanguage\":\"en-US\",\"@id\":\"https:\\\/\\\/www.esplac.cat\\\/#\\\/schema\\\/logo\\\/image\\\/\",\"url\":\"https:\\\/\\\/www.esplac.cat\\\/wp-content\\\/uploads\\\/2019\\\/08\\\/logox2.png\",\"contentUrl\":\"https:\\\/\\\/www.esplac.cat\\\/wp-content\\\/uploads\\\/2019\\\/08\\\/logox2.png\",\"width\":600,\"height\":295,\"caption\":\"Esplac\"},\"image\":{\"@id\":\"https:\\\/\\\/www.esplac.cat\\\/#\\\/schema\\\/logo\\\/image\\\/\"}},{\"@type\":\"Person\",\"@id\":\"https:\\\/\\\/www.esplac.cat\\\/#\\\/schema\\\/person\\\/908383cf240be18b68f8855d0583faca\",\"name\":\"Comunicaci\u00f3 Esplac\",\"image\":{\"@type\":\"ImageObject\",\"inLanguage\":\"en-US\",\"@id\":\"https:\\\/\\\/secure.gravatar.com\\\/avatar\\\/7a4cf8feb412a76ea4a740ca02d95b06b2907b5a6c648c2dd0a1082a093c3141?s=96&d=mm&r=g\",\"url\":\"https:\\\/\\\/secure.gravatar.com\\\/avatar\\\/7a4cf8feb412a76ea4a740ca02d95b06b2907b5a6c648c2dd0a1082a093c3141?s=96&d=mm&r=g\",\"contentUrl\":\"https:\\\/\\\/secure.gravatar.com\\\/avatar\\\/7a4cf8feb412a76ea4a740ca02d95b06b2907b5a6c648c2dd0a1082a093c3141?s=96&d=mm&r=g\",\"caption\":\"Comunicaci\u00f3 Esplac\"}}]}<\/script>\n<!-- \/ Yoast SEO plugin. -->","yoast_head_json":{"title":"L\u2019estiu (tamb\u00e9) \u00e9s dels esplais i caus - Esplac","robots":{"index":"index","follow":"follow","max-snippet":"max-snippet:-1","max-image-preview":"max-image-preview:large","max-video-preview":"max-video-preview:-1"},"canonical":"https:\/\/www.esplac.cat\/posicionament-conjunt-estiu-covid\/","og_locale":"en_US","og_type":"article","og_title":"L\u2019estiu (tamb\u00e9) \u00e9s dels esplais i caus - Esplac","og_description":"Les associacions i federacions educatives de lleure de Catalunya (Esplais [&hellip;]","og_url":"https:\/\/www.esplac.cat\/posicionament-conjunt-estiu-covid\/","og_site_name":"Esplac","article_published_time":"2020-05-12T12:44:39+00:00","article_modified_time":"2020-10-15T16:22:51+00:00","og_image":[{"width":1694,"height":700,"url":"https:\/\/www.esplac.cat\/wp-content\/uploads\/2020\/05\/portadesestiu.jpg","type":"image\/jpeg"}],"author":"Comunicaci\u00f3 Esplac","twitter_card":"summary_large_image","twitter_misc":{"Written by":"Comunicaci\u00f3 Esplac","Est. reading time":"4 minutes"},"schema":{"@context":"https:\/\/schema.org","@graph":[{"@type":"Article","@id":"https:\/\/www.esplac.cat\/posicionament-conjunt-estiu-covid\/#article","isPartOf":{"@id":"https:\/\/www.esplac.cat\/posicionament-conjunt-estiu-covid\/"},"author":{"name":"Comunicaci\u00f3 Esplac","@id":"https:\/\/www.esplac.cat\/#\/schema\/person\/908383cf240be18b68f8855d0583faca"},"headline":"L\u2019estiu (tamb\u00e9) \u00e9s dels esplais i caus","datePublished":"2020-05-12T12:44:39+00:00","dateModified":"2020-10-15T16:22:51+00:00","mainEntityOfPage":{"@id":"https:\/\/www.esplac.cat\/posicionament-conjunt-estiu-covid\/"},"wordCount":884,"publisher":{"@id":"https:\/\/www.esplac.cat\/#organization"},"image":{"@id":"https:\/\/www.esplac.cat\/posicionament-conjunt-estiu-covid\/#primaryimage"},"thumbnailUrl":"https:\/\/www.esplac.cat\/wp-content\/uploads\/2020\/05\/portadesestiu.jpg","keywords":["associacionsime educatiu","campaments","colonies","covid-19","estiu","fem xarxa","Gesti\u00f3","rutes"],"articleSection":["Comunicats i posicionaments"],"inLanguage":"en-US"},{"@type":"WebPage","@id":"https:\/\/www.esplac.cat\/posicionament-conjunt-estiu-covid\/","url":"https:\/\/www.esplac.cat\/posicionament-conjunt-estiu-covid\/","name":"L\u2019estiu (tamb\u00e9) \u00e9s dels esplais i caus - Esplac","isPartOf":{"@id":"https:\/\/www.esplac.cat\/#website"},"primaryImageOfPage":{"@id":"https:\/\/www.esplac.cat\/posicionament-conjunt-estiu-covid\/#primaryimage"},"image":{"@id":"https:\/\/www.esplac.cat\/posicionament-conjunt-estiu-covid\/#primaryimage"},"thumbnailUrl":"https:\/\/www.esplac.cat\/wp-content\/uploads\/2020\/05\/portadesestiu.jpg","datePublished":"2020-05-12T12:44:39+00:00","dateModified":"2020-10-15T16:22:51+00:00","breadcrumb":{"@id":"https:\/\/www.esplac.cat\/posicionament-conjunt-estiu-covid\/#breadcrumb"},"inLanguage":"en-US","potentialAction":[{"@type":"ReadAction","target":["https:\/\/www.esplac.cat\/posicionament-conjunt-estiu-covid\/"]}]},{"@type":"ImageObject","inLanguage":"en-US","@id":"https:\/\/www.esplac.cat\/posicionament-conjunt-estiu-covid\/#primaryimage","url":"https:\/\/www.esplac.cat\/wp-content\/uploads\/2020\/05\/portadesestiu.jpg","contentUrl":"https:\/\/www.esplac.cat\/wp-content\/uploads\/2020\/05\/portadesestiu.jpg","width":1694,"height":700},{"@type":"BreadcrumbList","@id":"https:\/\/www.esplac.cat\/posicionament-conjunt-estiu-covid\/#breadcrumb","itemListElement":[{"@type":"ListItem","position":1,"name":"Inici","item":"https:\/\/www.esplac.cat\/en\/"},{"@type":"ListItem","position":2,"name":"L\u2019estiu (tamb\u00e9) \u00e9s dels esplais i caus"}]},{"@type":"WebSite","@id":"https:\/\/www.esplac.cat\/#website","url":"https:\/\/www.esplac.cat\/","name":"Esplac","description":"Esplais Catalans","publisher":{"@id":"https:\/\/www.esplac.cat\/#organization"},"potentialAction":[{"@type":"SearchAction","target":{"@type":"EntryPoint","urlTemplate":"https:\/\/www.esplac.cat\/?s={search_term_string}"},"query-input":{"@type":"PropertyValueSpecification","valueRequired":true,"valueName":"search_term_string"}}],"inLanguage":"en-US"},{"@type":"Organization","@id":"https:\/\/www.esplac.cat\/#organization","name":"Esplac","url":"https:\/\/www.esplac.cat\/","logo":{"@type":"ImageObject","inLanguage":"en-US","@id":"https:\/\/www.esplac.cat\/#\/schema\/logo\/image\/","url":"https:\/\/www.esplac.cat\/wp-content\/uploads\/2019\/08\/logox2.png","contentUrl":"https:\/\/www.esplac.cat\/wp-content\/uploads\/2019\/08\/logox2.png","width":600,"height":295,"caption":"Esplac"},"image":{"@id":"https:\/\/www.esplac.cat\/#\/schema\/logo\/image\/"}},{"@type":"Person","@id":"https:\/\/www.esplac.cat\/#\/schema\/person\/908383cf240be18b68f8855d0583faca","name":"Comunicaci\u00f3 Esplac","image":{"@type":"ImageObject","inLanguage":"en-US","@id":"https:\/\/secure.gravatar.com\/avatar\/7a4cf8feb412a76ea4a740ca02d95b06b2907b5a6c648c2dd0a1082a093c3141?s=96&d=mm&r=g","url":"https:\/\/secure.gravatar.com\/avatar\/7a4cf8feb412a76ea4a740ca02d95b06b2907b5a6c648c2dd0a1082a093c3141?s=96&d=mm&r=g","contentUrl":"https:\/\/secure.gravatar.com\/avatar\/7a4cf8feb412a76ea4a740ca02d95b06b2907b5a6c648c2dd0a1082a093c3141?s=96&d=mm&r=g","caption":"Comunicaci\u00f3 Esplac"}}]}},"_links":{"self":[{"href":"https:\/\/www.esplac.cat\/en\/wp-json\/wp\/v2\/posts\/31815","targetHints":{"allow":["GET"]}}],"collection":[{"href":"https:\/\/www.esplac.cat\/en\/wp-json\/wp\/v2\/posts"}],"about":[{"href":"https:\/\/www.esplac.cat\/en\/wp-json\/wp\/v2\/types\/post"}],"author":[{"embeddable":true,"href":"https:\/\/www.esplac.cat\/en\/wp-json\/wp\/v2\/users\/3"}],"replies":[{"embeddable":true,"href":"https:\/\/www.esplac.cat\/en\/wp-json\/wp\/v2\/comments?post=31815"}],"version-history":[{"count":0,"href":"https:\/\/www.esplac.cat\/en\/wp-json\/wp\/v2\/posts\/31815\/revisions"}],"wp:featuredmedia":[{"embeddable":true,"href":"https:\/\/www.esplac.cat\/en\/wp-json\/wp\/v2\/media\/31822"}],"wp:attachment":[{"href":"https:\/\/www.esplac.cat\/en\/wp-json\/wp\/v2\/media?parent=31815"}],"wp:term":[{"taxonomy":"category","embeddable":true,"href":"https:\/\/www.esplac.cat\/en\/wp-json\/wp\/v2\/categories?post=31815"},{"taxonomy":"post_tag","embeddable":true,"href":"https:\/\/www.esplac.cat\/en\/wp-json\/wp\/v2\/tags?post=31815"}],"curies":[{"name":"wp","href":"https:\/\/api.w.org\/{rel}","templated":true}]}}