{"id":31891,"date":"2020-05-15T10:03:46","date_gmt":"2020-05-15T09:03:46","guid":{"rendered":"https:\/\/www.esplac.cat\/?p=31891"},"modified":"2020-10-15T17:22:51","modified_gmt":"2020-10-15T16:22:51","slug":"17m-dia-internacional-contra-lgtbifobia","status":"publish","type":"post","link":"https:\/\/www.esplac.cat\/en\/17m-dia-internacional-contra-lgtbifobia\/","title":{"rendered":"17M: Dia Internacional contra la LGTBIf\u00f2bia"},"content":{"rendered":"<h6><strong>Queda aprovat el posicionament &#8220;17M: Dia Internacional contra la LGTBIf\u00f2bia&#8221;<\/strong><\/h6>\n<p><strong>17 de maig de 1990. \u200b<\/strong>Us sona aquesta data? Aquest va ser el dia en qu\u00e8 l\u2019homosexualitat va deixar de ser considerada una malaltia mental per l\u2019OMS (Organitzaci\u00f3 Mundial de la Salut).<\/p>\n<p>Fins aquell any l\u2019homosexualitat es considerava una malaltia que tenia cura i que s\u2019havia de tractar. Catorze anys despr\u00e9s, el 2004, va sorgir la iniciativa d\u2019assenyalar aquest dia, i es va iniciar una campanya que va durar un any. Conseq\u00fcentment, el 2005 es va celebrar i visibilitzar per primer cop el Dia Internacional contra l\u2019homof\u00f2bia i la transf\u00f2bia. El 2015 es va afegir el terme bif\u00f2bia. L\u2019objectiu era i \u00e9s<strong> s\u200beguir lluitant i visibilitzant per aconseguir que les persones amb G\u00e8neres i Sexualitats Diverses i Dissidents (GSDD) puguin tenir els mateixos drets i oportunitats arreu del m\u00f3n.<\/strong><\/p>\n<p>A l\u2019esplai tamb\u00e9 patim aquestes discriminacions, tot i ser un espai de deconstrucci\u00f3, creixement i aprenentatge, mitjan\u00e7ant l\u2019educaci\u00f3 en el lleure. Com a monitores, aquestes s\u00f3n algunes de les situacions que hem hagut de patir:<\/p>\n<p><em>Persona transmasculina<\/em>: \u201cA l\u2019esplai, on he sortit de l\u2019armari en repetides ocasions, he hagut de corregir els pronoms i nom amb el qual es dirigeixen a mi, i tot seguit, han tornat a parlar-me en femen\u00ed i amb el meu deadname (nom anterior)\u201d.<br \/>\n<em>Dona cis bisexual:<\/em>\u200b \u201cHe hagut d\u2019aguantar frases com: Ah, per\u00f2 tu ets&#8230;? Per\u00f2 no ets hetero?\u201d<br \/>\n<em>Persona bisexual:<\/em> \u201cHe hagut de tolerar comentaris dels homes cisheteros gens deconstruits de la meva assemblea com ara: \u201cCom follen dues ties?\u201d o \u201cAra podrem compartir experi\u00e8ncies\u201d o \u201cI aquesta tia te la vols fer?\u201d.<\/p>\n<p>Aix\u00f2 \u00e9s un indicador que, fins i tot en aquells espais que suposem com a segurs, podem rebre agressions per la nostra identitat de g\u00e8nere, expressi\u00f3 de g\u00e8nere i\/o orientaci\u00f3 sexual. <strong>\u200b\u00c9s aquesta la societat que volem construir? \u00c9s aquest el canvi que volem?<\/strong><\/p>\n<p>Les discriminacions que rebem a l\u2019esplai, tant monitores com infants i joves, s\u00f3n reals i s\u00f3n greus per\u00f2 no representen la quantitat a les quals ens hem d\u2019afrontar fora dels \u201cespais segurs\u201d pel simple fet de mostrar-nos tal i com som i d\u2019estimar o desitjar a qui volem.<\/p>\n<p>Va ser quasi ahir quan tots aquests esdeveniments van tenir lloc, i sabem que, si b\u00e9 existeix aquest dia per aquesta lluita, <strong>\u200bmanca molta representaci\u00f3 i normalitzaci\u00f3 la resta de dies de l\u2019any.\u200b<\/strong> Patim discriminaci\u00f3 per ra\u00f3 d\u2019identitat de g\u00e8nere, expressi\u00f3 de g\u00e8nere i\/o orientaci\u00f3 sexual en diversos \u00e0mbits de les nostres vides (social, laboral, mental), i \u00e9s per aix\u00f2 que <strong>reivindiquem que no en tenim prou amb un dia a l\u2019any!<\/strong><\/p>\n<div class=\"page\" title=\"Page 2\">\n<div class=\"section\">\n<div class=\"layoutArea\">\n<div class=\"column\">\n<p>Com a monitores amb ge\u0300neres i sexualitats diverses i dissidents hem de ser <strong>r\u200beferents visibles i transformadores mostrant realitats que trenquin el discurs hegemo\u0300nic del cisheteropatriarcat capitalista.\u200b<\/strong><\/p>\n<p>Com a monitores cishetero hauri\u0301em de <strong>r\u200bevisar els nostres privilegis<\/strong> per tal de ser me\u0301s respectuoses, deconstruir-nos i formar-nos per prendre conscie\u0300ncia d\u2019aquelles realitats que no so\u0301n la nostra. Com a educadores hem de ser capaces de crear i oferir espais segurs per totes aquelles persones (infants, monis, fami\u0301lies&#8230;) amb ge\u0300neres i sexualitats diverses i dissidents.<strong> Per seguir educant(-nos) per iniciar el canvi que volem veure en el mo\u0301n.\u200b<\/strong><\/p>\n<p>En dies com avui e\u0301s important fomentar la memo\u0300ria histo\u0300rica ja que celebrem el que tenim pero\u0300 sent conscients de com hi hem arribat i de totes aquelles persones que han lluitat per aconseguir-ho. \u200b<strong>Encara ens queda molt per lluitar.\u200b<\/strong><\/p>\n<p>Per tot aixo\u0300 i sent conscients que encara ens queda molt per fer, i tenint en compte que els esplais som entitats de transformacio\u0301 social, des d\u2019Esplais Catalans rebutgem:<\/p>\n<ul>\n<li>Les discriminacions i agressions que reben les persones GSDD per part de la societat i\/o des del propi col\u00b7lectiu.<\/li>\n<li>La societat que ens vol subordinades al sistema binari i heteronormatiu.<\/li>\n<li>El capitalisme rosa que utilitza la nostra lluita i reivindicacio\u0301 per lucrar-se.<\/li>\n<li>Els tabu\u0301s a la sexualitat.<\/li>\n<\/ul>\n<p>I, coneixent la realitat social en la qual vivim, des d\u2019Esplais Catalans ens comprometem a:<\/p>\n<ul>\n<li>Crear espais segurs i de cures per a totes les persones que formen part d\u2019Esplac.<\/li>\n<li>Oferir espais de formacio\u0301 que empoderin i donin veu a les persones GSDD i serveixin com a revisio\u0301 de privilegis per a les persones cishetero.<\/li>\n<li>Enfortir la comissio\u0301 GSDD per tal de seguir treballant perque\u0300 Esplac incorpori la perspectiva GSDD de forma transversal.<\/li>\n<li>Educar en la llibertat i diversitat sexual i de ge\u0300nere per tal que les persones puguin ser i estimar a qui vulguin.<\/li>\n<li>No oblidar la perspectiva interseccional i les diferents opressions que afecten a les persones.<\/li>\n<li>Visibilitzar referents que siguin diverses i ajudin a trencar amb els esquemes socials, econo\u0300mics i culturals imposats.<\/li>\n<\/ul>\n<p>Felic\u0327 i reivindicatiu dia!<\/p>\n<\/div>\n<\/div>\n<p>Podeu llegir el posicionament en format <a href=\"https:\/\/www.esplac.cat\/wp-content\/uploads\/2020\/05\/17M-posicionament.pdf\" target=\"_blank\" rel=\"noopener noreferrer\"><span style=\"color: #ff9900;\">PDF aqu\u00ed.\u00a0<\/span><\/a><\/p>\n<\/div>\n<\/div>\n","protected":false},"excerpt":{"rendered":"<p>Queda aprovat el posicionament &#8220;17M: Dia Internacional contra la LGTBIf\u00f2bia&#8221; [&hellip;]<\/p>\n","protected":false},"author":3,"featured_media":31897,"comment_status":"closed","ping_status":"open","sticky":false,"template":"","format":"standard","meta":{"om_disable_all_campaigns":false,"_monsterinsights_skip_tracking":false,"_monsterinsights_sitenote_active":false,"_monsterinsights_sitenote_note":"","_monsterinsights_sitenote_category":0,"_uf_show_specific_survey":0,"_uf_disable_surveys":false,"footnotes":""},"categories":[1127],"tags":[941,944],"class_list":["post-31891","post","type-post","status-publish","format-standard","has-post-thumbnail","hentry","category-comunicats-posicionaments","tag-lgtbi","tag-lgtbifobia"],"yoast_head":"<!-- This site is optimized with the Yoast SEO plugin v27.5 - https:\/\/yoast.com\/product\/yoast-seo-wordpress\/ -->\n<title>17M: Dia Internacional contra la LGTBIf\u00f2bia - Esplac<\/title>\n<meta name=\"robots\" content=\"index, follow, max-snippet:-1, max-image-preview:large, max-video-preview:-1\" \/>\n<link rel=\"canonical\" href=\"https:\/\/www.esplac.cat\/17m-dia-internacional-contra-lgtbifobia\/\" \/>\n<meta property=\"og:locale\" content=\"en_US\" \/>\n<meta property=\"og:type\" content=\"article\" \/>\n<meta property=\"og:title\" content=\"17M: Dia Internacional contra la LGTBIf\u00f2bia - Esplac\" \/>\n<meta property=\"og:description\" content=\"Queda aprovat el posicionament &#8220;17M: Dia Internacional contra la LGTBIf\u00f2bia&#8221; [&hellip;]\" \/>\n<meta property=\"og:url\" content=\"https:\/\/www.esplac.cat\/17m-dia-internacional-contra-lgtbifobia\/\" \/>\n<meta property=\"og:site_name\" content=\"Esplac\" \/>\n<meta property=\"article:published_time\" content=\"2020-05-15T09:03:46+00:00\" \/>\n<meta property=\"article:modified_time\" content=\"2020-10-15T16:22:51+00:00\" \/>\n<meta property=\"og:image\" content=\"https:\/\/www.esplac.cat\/wp-content\/uploads\/2020\/05\/11.jpg\" \/>\n\t<meta property=\"og:image:width\" content=\"1694\" \/>\n\t<meta property=\"og:image:height\" content=\"700\" \/>\n\t<meta property=\"og:image:type\" content=\"image\/jpeg\" \/>\n<meta name=\"author\" content=\"Comunicaci\u00f3 Esplac\" \/>\n<meta name=\"twitter:card\" content=\"summary_large_image\" \/>\n<meta name=\"twitter:label1\" content=\"Written by\" \/>\n\t<meta name=\"twitter:data1\" content=\"Comunicaci\u00f3 Esplac\" \/>\n\t<meta name=\"twitter:label2\" content=\"Est. reading time\" \/>\n\t<meta name=\"twitter:data2\" content=\"4 minutes\" \/>\n<script type=\"application\/ld+json\" class=\"yoast-schema-graph\">{\"@context\":\"https:\\\/\\\/schema.org\",\"@graph\":[{\"@type\":\"Article\",\"@id\":\"https:\\\/\\\/www.esplac.cat\\\/17m-dia-internacional-contra-lgtbifobia\\\/#article\",\"isPartOf\":{\"@id\":\"https:\\\/\\\/www.esplac.cat\\\/17m-dia-internacional-contra-lgtbifobia\\\/\"},\"author\":{\"name\":\"Comunicaci\u00f3 Esplac\",\"@id\":\"https:\\\/\\\/www.esplac.cat\\\/#\\\/schema\\\/person\\\/908383cf240be18b68f8855d0583faca\"},\"headline\":\"17M: Dia Internacional contra la LGTBIf\u00f2bia\",\"datePublished\":\"2020-05-15T09:03:46+00:00\",\"dateModified\":\"2020-10-15T16:22:51+00:00\",\"mainEntityOfPage\":{\"@id\":\"https:\\\/\\\/www.esplac.cat\\\/17m-dia-internacional-contra-lgtbifobia\\\/\"},\"wordCount\":846,\"publisher\":{\"@id\":\"https:\\\/\\\/www.esplac.cat\\\/#organization\"},\"image\":{\"@id\":\"https:\\\/\\\/www.esplac.cat\\\/17m-dia-internacional-contra-lgtbifobia\\\/#primaryimage\"},\"thumbnailUrl\":\"https:\\\/\\\/www.esplac.cat\\\/wp-content\\\/uploads\\\/2020\\\/05\\\/11.jpg\",\"keywords\":[\"LGTBI\",\"LGTBIf\u00f2bia\"],\"articleSection\":[\"Comunicats i posicionaments\"],\"inLanguage\":\"en-US\"},{\"@type\":\"WebPage\",\"@id\":\"https:\\\/\\\/www.esplac.cat\\\/17m-dia-internacional-contra-lgtbifobia\\\/\",\"url\":\"https:\\\/\\\/www.esplac.cat\\\/17m-dia-internacional-contra-lgtbifobia\\\/\",\"name\":\"17M: Dia Internacional contra la LGTBIf\u00f2bia - Esplac\",\"isPartOf\":{\"@id\":\"https:\\\/\\\/www.esplac.cat\\\/#website\"},\"primaryImageOfPage\":{\"@id\":\"https:\\\/\\\/www.esplac.cat\\\/17m-dia-internacional-contra-lgtbifobia\\\/#primaryimage\"},\"image\":{\"@id\":\"https:\\\/\\\/www.esplac.cat\\\/17m-dia-internacional-contra-lgtbifobia\\\/#primaryimage\"},\"thumbnailUrl\":\"https:\\\/\\\/www.esplac.cat\\\/wp-content\\\/uploads\\\/2020\\\/05\\\/11.jpg\",\"datePublished\":\"2020-05-15T09:03:46+00:00\",\"dateModified\":\"2020-10-15T16:22:51+00:00\",\"breadcrumb\":{\"@id\":\"https:\\\/\\\/www.esplac.cat\\\/17m-dia-internacional-contra-lgtbifobia\\\/#breadcrumb\"},\"inLanguage\":\"en-US\",\"potentialAction\":[{\"@type\":\"ReadAction\",\"target\":[\"https:\\\/\\\/www.esplac.cat\\\/17m-dia-internacional-contra-lgtbifobia\\\/\"]}]},{\"@type\":\"ImageObject\",\"inLanguage\":\"en-US\",\"@id\":\"https:\\\/\\\/www.esplac.cat\\\/17m-dia-internacional-contra-lgtbifobia\\\/#primaryimage\",\"url\":\"https:\\\/\\\/www.esplac.cat\\\/wp-content\\\/uploads\\\/2020\\\/05\\\/11.jpg\",\"contentUrl\":\"https:\\\/\\\/www.esplac.cat\\\/wp-content\\\/uploads\\\/2020\\\/05\\\/11.jpg\",\"width\":1694,\"height\":700},{\"@type\":\"BreadcrumbList\",\"@id\":\"https:\\\/\\\/www.esplac.cat\\\/17m-dia-internacional-contra-lgtbifobia\\\/#breadcrumb\",\"itemListElement\":[{\"@type\":\"ListItem\",\"position\":1,\"name\":\"Inici\",\"item\":\"https:\\\/\\\/www.esplac.cat\\\/en\\\/\"},{\"@type\":\"ListItem\",\"position\":2,\"name\":\"17M: Dia Internacional contra la LGTBIf\u00f2bia\"}]},{\"@type\":\"WebSite\",\"@id\":\"https:\\\/\\\/www.esplac.cat\\\/#website\",\"url\":\"https:\\\/\\\/www.esplac.cat\\\/\",\"name\":\"Esplac\",\"description\":\"Esplais Catalans\",\"publisher\":{\"@id\":\"https:\\\/\\\/www.esplac.cat\\\/#organization\"},\"potentialAction\":[{\"@type\":\"SearchAction\",\"target\":{\"@type\":\"EntryPoint\",\"urlTemplate\":\"https:\\\/\\\/www.esplac.cat\\\/?s={search_term_string}\"},\"query-input\":{\"@type\":\"PropertyValueSpecification\",\"valueRequired\":true,\"valueName\":\"search_term_string\"}}],\"inLanguage\":\"en-US\"},{\"@type\":\"Organization\",\"@id\":\"https:\\\/\\\/www.esplac.cat\\\/#organization\",\"name\":\"Esplac\",\"url\":\"https:\\\/\\\/www.esplac.cat\\\/\",\"logo\":{\"@type\":\"ImageObject\",\"inLanguage\":\"en-US\",\"@id\":\"https:\\\/\\\/www.esplac.cat\\\/#\\\/schema\\\/logo\\\/image\\\/\",\"url\":\"https:\\\/\\\/www.esplac.cat\\\/wp-content\\\/uploads\\\/2019\\\/08\\\/logox2.png\",\"contentUrl\":\"https:\\\/\\\/www.esplac.cat\\\/wp-content\\\/uploads\\\/2019\\\/08\\\/logox2.png\",\"width\":600,\"height\":295,\"caption\":\"Esplac\"},\"image\":{\"@id\":\"https:\\\/\\\/www.esplac.cat\\\/#\\\/schema\\\/logo\\\/image\\\/\"}},{\"@type\":\"Person\",\"@id\":\"https:\\\/\\\/www.esplac.cat\\\/#\\\/schema\\\/person\\\/908383cf240be18b68f8855d0583faca\",\"name\":\"Comunicaci\u00f3 Esplac\",\"image\":{\"@type\":\"ImageObject\",\"inLanguage\":\"en-US\",\"@id\":\"https:\\\/\\\/secure.gravatar.com\\\/avatar\\\/7a4cf8feb412a76ea4a740ca02d95b06b2907b5a6c648c2dd0a1082a093c3141?s=96&d=mm&r=g\",\"url\":\"https:\\\/\\\/secure.gravatar.com\\\/avatar\\\/7a4cf8feb412a76ea4a740ca02d95b06b2907b5a6c648c2dd0a1082a093c3141?s=96&d=mm&r=g\",\"contentUrl\":\"https:\\\/\\\/secure.gravatar.com\\\/avatar\\\/7a4cf8feb412a76ea4a740ca02d95b06b2907b5a6c648c2dd0a1082a093c3141?s=96&d=mm&r=g\",\"caption\":\"Comunicaci\u00f3 Esplac\"}}]}<\/script>\n<!-- \/ Yoast SEO plugin. -->","yoast_head_json":{"title":"17M: Dia Internacional contra la LGTBIf\u00f2bia - Esplac","robots":{"index":"index","follow":"follow","max-snippet":"max-snippet:-1","max-image-preview":"max-image-preview:large","max-video-preview":"max-video-preview:-1"},"canonical":"https:\/\/www.esplac.cat\/17m-dia-internacional-contra-lgtbifobia\/","og_locale":"en_US","og_type":"article","og_title":"17M: Dia Internacional contra la LGTBIf\u00f2bia - Esplac","og_description":"Queda aprovat el posicionament &#8220;17M: Dia Internacional contra la LGTBIf\u00f2bia&#8221; [&hellip;]","og_url":"https:\/\/www.esplac.cat\/17m-dia-internacional-contra-lgtbifobia\/","og_site_name":"Esplac","article_published_time":"2020-05-15T09:03:46+00:00","article_modified_time":"2020-10-15T16:22:51+00:00","og_image":[{"width":1694,"height":700,"url":"https:\/\/www.esplac.cat\/wp-content\/uploads\/2020\/05\/11.jpg","type":"image\/jpeg"}],"author":"Comunicaci\u00f3 Esplac","twitter_card":"summary_large_image","twitter_misc":{"Written by":"Comunicaci\u00f3 Esplac","Est. reading time":"4 minutes"},"schema":{"@context":"https:\/\/schema.org","@graph":[{"@type":"Article","@id":"https:\/\/www.esplac.cat\/17m-dia-internacional-contra-lgtbifobia\/#article","isPartOf":{"@id":"https:\/\/www.esplac.cat\/17m-dia-internacional-contra-lgtbifobia\/"},"author":{"name":"Comunicaci\u00f3 Esplac","@id":"https:\/\/www.esplac.cat\/#\/schema\/person\/908383cf240be18b68f8855d0583faca"},"headline":"17M: Dia Internacional contra la LGTBIf\u00f2bia","datePublished":"2020-05-15T09:03:46+00:00","dateModified":"2020-10-15T16:22:51+00:00","mainEntityOfPage":{"@id":"https:\/\/www.esplac.cat\/17m-dia-internacional-contra-lgtbifobia\/"},"wordCount":846,"publisher":{"@id":"https:\/\/www.esplac.cat\/#organization"},"image":{"@id":"https:\/\/www.esplac.cat\/17m-dia-internacional-contra-lgtbifobia\/#primaryimage"},"thumbnailUrl":"https:\/\/www.esplac.cat\/wp-content\/uploads\/2020\/05\/11.jpg","keywords":["LGTBI","LGTBIf\u00f2bia"],"articleSection":["Comunicats i posicionaments"],"inLanguage":"en-US"},{"@type":"WebPage","@id":"https:\/\/www.esplac.cat\/17m-dia-internacional-contra-lgtbifobia\/","url":"https:\/\/www.esplac.cat\/17m-dia-internacional-contra-lgtbifobia\/","name":"17M: Dia Internacional contra la LGTBIf\u00f2bia - Esplac","isPartOf":{"@id":"https:\/\/www.esplac.cat\/#website"},"primaryImageOfPage":{"@id":"https:\/\/www.esplac.cat\/17m-dia-internacional-contra-lgtbifobia\/#primaryimage"},"image":{"@id":"https:\/\/www.esplac.cat\/17m-dia-internacional-contra-lgtbifobia\/#primaryimage"},"thumbnailUrl":"https:\/\/www.esplac.cat\/wp-content\/uploads\/2020\/05\/11.jpg","datePublished":"2020-05-15T09:03:46+00:00","dateModified":"2020-10-15T16:22:51+00:00","breadcrumb":{"@id":"https:\/\/www.esplac.cat\/17m-dia-internacional-contra-lgtbifobia\/#breadcrumb"},"inLanguage":"en-US","potentialAction":[{"@type":"ReadAction","target":["https:\/\/www.esplac.cat\/17m-dia-internacional-contra-lgtbifobia\/"]}]},{"@type":"ImageObject","inLanguage":"en-US","@id":"https:\/\/www.esplac.cat\/17m-dia-internacional-contra-lgtbifobia\/#primaryimage","url":"https:\/\/www.esplac.cat\/wp-content\/uploads\/2020\/05\/11.jpg","contentUrl":"https:\/\/www.esplac.cat\/wp-content\/uploads\/2020\/05\/11.jpg","width":1694,"height":700},{"@type":"BreadcrumbList","@id":"https:\/\/www.esplac.cat\/17m-dia-internacional-contra-lgtbifobia\/#breadcrumb","itemListElement":[{"@type":"ListItem","position":1,"name":"Inici","item":"https:\/\/www.esplac.cat\/en\/"},{"@type":"ListItem","position":2,"name":"17M: Dia Internacional contra la LGTBIf\u00f2bia"}]},{"@type":"WebSite","@id":"https:\/\/www.esplac.cat\/#website","url":"https:\/\/www.esplac.cat\/","name":"Esplac","description":"Esplais Catalans","publisher":{"@id":"https:\/\/www.esplac.cat\/#organization"},"potentialAction":[{"@type":"SearchAction","target":{"@type":"EntryPoint","urlTemplate":"https:\/\/www.esplac.cat\/?s={search_term_string}"},"query-input":{"@type":"PropertyValueSpecification","valueRequired":true,"valueName":"search_term_string"}}],"inLanguage":"en-US"},{"@type":"Organization","@id":"https:\/\/www.esplac.cat\/#organization","name":"Esplac","url":"https:\/\/www.esplac.cat\/","logo":{"@type":"ImageObject","inLanguage":"en-US","@id":"https:\/\/www.esplac.cat\/#\/schema\/logo\/image\/","url":"https:\/\/www.esplac.cat\/wp-content\/uploads\/2019\/08\/logox2.png","contentUrl":"https:\/\/www.esplac.cat\/wp-content\/uploads\/2019\/08\/logox2.png","width":600,"height":295,"caption":"Esplac"},"image":{"@id":"https:\/\/www.esplac.cat\/#\/schema\/logo\/image\/"}},{"@type":"Person","@id":"https:\/\/www.esplac.cat\/#\/schema\/person\/908383cf240be18b68f8855d0583faca","name":"Comunicaci\u00f3 Esplac","image":{"@type":"ImageObject","inLanguage":"en-US","@id":"https:\/\/secure.gravatar.com\/avatar\/7a4cf8feb412a76ea4a740ca02d95b06b2907b5a6c648c2dd0a1082a093c3141?s=96&d=mm&r=g","url":"https:\/\/secure.gravatar.com\/avatar\/7a4cf8feb412a76ea4a740ca02d95b06b2907b5a6c648c2dd0a1082a093c3141?s=96&d=mm&r=g","contentUrl":"https:\/\/secure.gravatar.com\/avatar\/7a4cf8feb412a76ea4a740ca02d95b06b2907b5a6c648c2dd0a1082a093c3141?s=96&d=mm&r=g","caption":"Comunicaci\u00f3 Esplac"}}]}},"_links":{"self":[{"href":"https:\/\/www.esplac.cat\/en\/wp-json\/wp\/v2\/posts\/31891","targetHints":{"allow":["GET"]}}],"collection":[{"href":"https:\/\/www.esplac.cat\/en\/wp-json\/wp\/v2\/posts"}],"about":[{"href":"https:\/\/www.esplac.cat\/en\/wp-json\/wp\/v2\/types\/post"}],"author":[{"embeddable":true,"href":"https:\/\/www.esplac.cat\/en\/wp-json\/wp\/v2\/users\/3"}],"replies":[{"embeddable":true,"href":"https:\/\/www.esplac.cat\/en\/wp-json\/wp\/v2\/comments?post=31891"}],"version-history":[{"count":0,"href":"https:\/\/www.esplac.cat\/en\/wp-json\/wp\/v2\/posts\/31891\/revisions"}],"wp:featuredmedia":[{"embeddable":true,"href":"https:\/\/www.esplac.cat\/en\/wp-json\/wp\/v2\/media\/31897"}],"wp:attachment":[{"href":"https:\/\/www.esplac.cat\/en\/wp-json\/wp\/v2\/media?parent=31891"}],"wp:term":[{"taxonomy":"category","embeddable":true,"href":"https:\/\/www.esplac.cat\/en\/wp-json\/wp\/v2\/categories?post=31891"},{"taxonomy":"post_tag","embeddable":true,"href":"https:\/\/www.esplac.cat\/en\/wp-json\/wp\/v2\/tags?post=31891"}],"curies":[{"name":"wp","href":"https:\/\/api.w.org\/{rel}","templated":true}]}}