{"id":31967,"date":"2020-06-04T12:57:25","date_gmt":"2020-06-04T11:57:25","guid":{"rendered":"https:\/\/www.esplac.cat\/?p=31967"},"modified":"2022-07-05T11:01:53","modified_gmt":"2022-07-05T09:01:53","slug":"comissio-reduint-petjada-recursos-audiovisuals","status":"publish","type":"post","link":"https:\/\/www.esplac.cat\/en\/comissio-reduint-petjada-recursos-audiovisuals\/","title":{"rendered":"La Comissi\u00f3 Reduint Petjada et convida a reflexionar amb uns recursos audiovisuals!"},"content":{"rendered":"<div class=\"fusion-fullwidth fullwidth-box fusion-builder-row-1 nonhundred-percent-fullwidth non-hundred-percent-height-scrolling\" style=\"--awb-border-radius-top-left:0px;--awb-border-radius-top-right:0px;--awb-border-radius-bottom-right:0px;--awb-border-radius-bottom-left:0px;--awb-flex-wrap:wrap;\" ><div class=\"fusion-builder-row fusion-row\"><div class=\"fusion-layout-column fusion_builder_column fusion-builder-column-0 fusion_builder_column_1_1 1_1 fusion-one-full fusion-column-first fusion-column-last\" style=\"--awb-bg-size:cover;--awb-margin-bottom:0px;\"><div class=\"fusion-column-wrapper fusion-flex-column-wrapper-legacy\"><div class=\"fusion-text fusion-text-1\"><h6 data-fontsize=\"19\" data-lineheight=\"24\"><strong><span class=\"JsGRdQ\">La C<\/span><span class=\"JsGRdQ\">omissi\u00f3 Reduint Petjada<\/span><span class=\"JsGRdQ\"> d&#8217;Esplac proposa un llistat de<\/span><span class=\"JsGRdQ\"> pel\u00b7l\u00edcules, s\u00e8ries i documentals <\/span><span class=\"JsGRdQ\">que animen a la reflexi\u00f3 i que, a m\u00e9s,<\/span> <span class=\"JsGRdQ\">es poden treballar amb els grups d&#8217;esplai.<\/span><\/strong><\/h6>\n<p>A continuaci\u00f3, trobareu un llistat de recursos audiovisuals per poder reflexionar tant a nivell individual com a l&#8217;esplai:<\/p>\n<p><strong>PEL\u00cdCULES<\/strong><\/p>\n<div class=\"table-1\">\n<ul>\n<li>La princesa Mononoke (<span style=\"text-decoration: underline; color: #ff9900;\"><a style=\"color: #ff9900; text-decoration: underline;\" href=\"https:\/\/youtu.be\/NixsPRMfqV0\">disponible sencera a Youtube<\/a><\/span>)<\/li>\n<li>Avatar (trailer <span style=\"text-decoration: underline;\"><span style=\"color: #ff9900; text-decoration: underline;\"><a style=\"color: #ff9900; text-decoration: underline;\" href=\"https:\/\/www.youtube.com\/watch?v=_Tmz_ot3nnY\" target=\"_blank\" rel=\"noopener noreferrer\">aqu\u00ed<\/a><\/span><\/span>)<\/li>\n<li>El Olivo (trailer <a href=\"https:\/\/www.youtube.com\/watch?v=wszrBGyvTfc\" target=\"_blank\" rel=\"noopener noreferrer\"><span style=\"color: #ff9900;\"><span style=\"text-decoration: underline;\">aqu\u00ed<\/span>)<\/span><\/a><\/li>\n<li>Planet of the humans (trailer <a href=\"https:\/\/www.youtube.com\/watch?reload=9&amp;v=A11pmP7Yzlc\" target=\"_blank\" rel=\"noopener noreferrer\"><span style=\"text-decoration: underline;\"><span style=\"color: #ff9900; text-decoration: underline;\">aqu\u00ed)<\/span><\/span><\/a><\/li>\n<li>Ojka (trailer <a href=\"https:\/\/www.youtube.com\/watch?v=AjCebKn4iic\" target=\"_blank\" rel=\"noopener noreferrer\"><span style=\"text-decoration: underline;\"><span style=\"color: #ff9900; text-decoration: underline;\">aqu\u00ed<\/span><\/span><\/a>)<\/li>\n<li>Historia de una gaviota, y del gato que le ense\u00f1\u00f3 a volar (trailer <a href=\"https:\/\/www.youtube.com\/watch?v=YgLo5XkHsWc\" target=\"_blank\" rel=\"noopener noreferrer\"><span style=\"text-decoration: underline; color: #ff9900;\">aqu\u00ed<\/span><\/a>)<\/li>\n<\/ul>\n<p><strong>\u00a0<\/strong><\/p>\n<p><strong>DOCUMENTALS<\/strong><\/p>\n<\/div>\n<ul>\n<li>Antes de que sea tarde (trailer <a href=\"https:\/\/www.youtube.com\/watch?v=RxbElmXwQJk\" target=\"_blank\" rel=\"noopener noreferrer\"><span style=\"text-decoration: underline;\"><span style=\"color: #ff9900; text-decoration: underline;\">aqu\u00ed<\/span><\/span><\/a>)<\/li>\n<li>A plastic ocean (trailer <a href=\"https:\/\/www.youtube.com\/watch?v=6zrn4-FfbXw&amp;feature=youtu.be\" target=\"_blank\" rel=\"noopener noreferrer\"><span style=\"text-decoration: underline; color: #ff9900;\">aqu\u00ed<\/span><\/a>)<\/li>\n<li>El exterminio de marfil (trailer <span style=\"text-decoration: underline;\"><span style=\"color: #ff9900; text-decoration: underline;\"><a style=\"color: #ff9900; text-decoration: underline;\" href=\"https:\/\/www.youtube.com\/watch?v=oFWZyAgD6t8&amp;feature=youtu.be\" target=\"_blank\" rel=\"noopener noreferrer\">aqu\u00ed<\/a><\/span><\/span>)<\/li>\n<li>Demain (Ma\u00f1ana) (trailer <a href=\"https:\/\/www.youtube.com\/watch?v=0HVosyC4YX0\" target=\"_blank\" rel=\"noopener noreferrer\"><span style=\"text-decoration: underline;\"><span style=\"color: #ff9900; text-decoration: underline;\">aqu\u00ed<\/span><\/span><\/a>)<\/li>\n<li>Cowspiracy (trailer <span style=\"text-decoration: underline;\"><span style=\"color: #ff9900; text-decoration: underline;\"><a style=\"color: #ff9900; text-decoration: underline;\" href=\"https:\/\/www.youtube.com\/watch?v=nV04zyfLyN4\" target=\"_blank\" rel=\"noopener noreferrer\">aqu\u00ed<\/a><\/span><\/span>)<\/li>\n<li>Comprar, tirar, comprar (<a href=\"https:\/\/youtu.be\/mUaCLzbDgm0\" target=\"_blank\" rel=\"noopener noreferrer\"><span style=\"text-decoration: underline; color: #ff9900;\">disponible sencer a Youtube<\/span><\/a>)<\/li>\n<\/ul>\n<p><strong>\u00a0<\/strong><\/p>\n<p><strong>S\u00c8RIES<\/strong><\/p>\n<ul>\n<li>Y la cabra tir\u00f3 al monte (<span style=\"text-decoration: underline;\"><a href=\"https:\/\/www.youtube.com\/watch?v=DaS6R0OHkxU&amp;list=PLwPqUGulk0SzN2m2B2YYTceFuSB2eEeLW\" target=\"_blank\" rel=\"noopener noreferrer\"><span style=\"color: #ff9900; text-decoration: underline;\">disponible sencera a Youtube<\/span><\/a><\/span>)<\/li>\n<li>Agroecotube (trailer <a href=\"https:\/\/www.youtube.com\/watch?time_continue=2&amp;v=Z0FDQ-d-aB0&amp;feature=emb_logo\" target=\"_blank\" rel=\"noopener noreferrer\"><span style=\"text-decoration: underline;\"><span style=\"color: #ff9900; text-decoration: underline;\">aqu\u00ed<\/span><\/span><\/a>)<\/li>\n<li>Veus en xarxa<\/li>\n<\/ul>\n<p>Per \u00faltim, si feu clic <a href=\"https:\/\/infoesplac.typeform.com\/to\/H8ZQta\" target=\"_blank\" rel=\"noopener noreferrer\"><span style=\"text-decoration: underline; color: #ff9900;\">aqu\u00ed<\/span><\/a> trobareu una petita enquesta per fer retorn d&#8217;aquest rescursos i, a m\u00e9s a m\u00e9s, podreu deixar un contacte per rebre m\u00e9s informaci\u00f3 de la comi!<\/p>\n<\/div><div class=\"fusion-clearfix\"><\/div><\/div><\/div><\/div><\/div>\n","protected":false},"excerpt":{"rendered":"","protected":false},"author":3,"featured_media":31970,"comment_status":"closed","ping_status":"open","sticky":false,"template":"","format":"standard","meta":{"om_disable_all_campaigns":false,"_monsterinsights_skip_tracking":false,"_monsterinsights_sitenote_active":false,"_monsterinsights_sitenote_note":"","_monsterinsights_sitenote_category":0,"_uf_show_specific_survey":0,"_uf_disable_surveys":false,"footnotes":""},"categories":[1161,1114],"tags":[],"class_list":["post-31967","post","type-post","status-publish","format-standard","has-post-thumbnail","hentry","category-comissio-reduint-petjada","category-recursos"],"yoast_head":"<!-- This site is optimized with the Yoast SEO plugin v27.4 - https:\/\/yoast.com\/product\/yoast-seo-wordpress\/ -->\n<title>La Comissi\u00f3 Reduint Petjada et convida a reflexionar amb uns recursos audiovisuals! - Esplac<\/title>\n<meta name=\"robots\" content=\"index, follow, max-snippet:-1, max-image-preview:large, max-video-preview:-1\" \/>\n<link rel=\"canonical\" href=\"https:\/\/www.esplac.cat\/en\/comissio-reduint-petjada-recursos-audiovisuals\/\" \/>\n<meta property=\"og:locale\" content=\"en_US\" \/>\n<meta property=\"og:type\" content=\"article\" \/>\n<meta property=\"og:title\" content=\"La Comissi\u00f3 Reduint Petjada et convida a reflexionar amb uns recursos audiovisuals! - Esplac\" \/>\n<meta property=\"og:url\" content=\"https:\/\/www.esplac.cat\/en\/comissio-reduint-petjada-recursos-audiovisuals\/\" \/>\n<meta property=\"og:site_name\" content=\"Esplac\" \/>\n<meta property=\"article:published_time\" content=\"2020-06-04T11:57:25+00:00\" \/>\n<meta property=\"article:modified_time\" content=\"2022-07-05T09:01:53+00:00\" \/>\n<meta property=\"og:image\" content=\"https:\/\/www.esplac.cat\/wp-content\/uploads\/2020\/06\/comiRP.jpg\" \/>\n\t<meta property=\"og:image:width\" content=\"1697\" \/>\n\t<meta property=\"og:image:height\" content=\"700\" \/>\n\t<meta property=\"og:image:type\" content=\"image\/jpeg\" \/>\n<meta name=\"author\" content=\"Comunicaci\u00f3 Esplac\" \/>\n<meta name=\"twitter:card\" content=\"summary_large_image\" \/>\n<meta name=\"twitter:label1\" content=\"Written by\" \/>\n\t<meta name=\"twitter:data1\" content=\"Comunicaci\u00f3 Esplac\" \/>\n\t<meta name=\"twitter:label2\" content=\"Est. reading time\" \/>\n\t<meta name=\"twitter:data2\" content=\"2 minutes\" \/>\n<script type=\"application\/ld+json\" class=\"yoast-schema-graph\">{\"@context\":\"https:\\\/\\\/schema.org\",\"@graph\":[{\"@type\":\"Article\",\"@id\":\"https:\\\/\\\/www.esplac.cat\\\/en\\\/comissio-reduint-petjada-recursos-audiovisuals\\\/#article\",\"isPartOf\":{\"@id\":\"https:\\\/\\\/www.esplac.cat\\\/en\\\/comissio-reduint-petjada-recursos-audiovisuals\\\/\"},\"author\":{\"name\":\"Comunicaci\u00f3 Esplac\",\"@id\":\"https:\\\/\\\/www.esplac.cat\\\/#\\\/schema\\\/person\\\/908383cf240be18b68f8855d0583faca\"},\"headline\":\"La Comissi\u00f3 Reduint Petjada et convida a reflexionar amb uns recursos audiovisuals!\",\"datePublished\":\"2020-06-04T11:57:25+00:00\",\"dateModified\":\"2022-07-05T09:01:53+00:00\",\"mainEntityOfPage\":{\"@id\":\"https:\\\/\\\/www.esplac.cat\\\/en\\\/comissio-reduint-petjada-recursos-audiovisuals\\\/\"},\"wordCount\":354,\"publisher\":{\"@id\":\"https:\\\/\\\/www.esplac.cat\\\/#organization\"},\"image\":{\"@id\":\"https:\\\/\\\/www.esplac.cat\\\/en\\\/comissio-reduint-petjada-recursos-audiovisuals\\\/#primaryimage\"},\"thumbnailUrl\":\"https:\\\/\\\/www.esplac.cat\\\/wp-content\\\/uploads\\\/2020\\\/06\\\/comiRP.jpg\",\"articleSection\":[\"Comissi\u00f3 Reduint Petjada\",\"Recursos\"],\"inLanguage\":\"en-US\"},{\"@type\":\"WebPage\",\"@id\":\"https:\\\/\\\/www.esplac.cat\\\/en\\\/comissio-reduint-petjada-recursos-audiovisuals\\\/\",\"url\":\"https:\\\/\\\/www.esplac.cat\\\/en\\\/comissio-reduint-petjada-recursos-audiovisuals\\\/\",\"name\":\"La Comissi\u00f3 Reduint Petjada et convida a reflexionar amb uns recursos audiovisuals! - Esplac\",\"isPartOf\":{\"@id\":\"https:\\\/\\\/www.esplac.cat\\\/#website\"},\"primaryImageOfPage\":{\"@id\":\"https:\\\/\\\/www.esplac.cat\\\/en\\\/comissio-reduint-petjada-recursos-audiovisuals\\\/#primaryimage\"},\"image\":{\"@id\":\"https:\\\/\\\/www.esplac.cat\\\/en\\\/comissio-reduint-petjada-recursos-audiovisuals\\\/#primaryimage\"},\"thumbnailUrl\":\"https:\\\/\\\/www.esplac.cat\\\/wp-content\\\/uploads\\\/2020\\\/06\\\/comiRP.jpg\",\"datePublished\":\"2020-06-04T11:57:25+00:00\",\"dateModified\":\"2022-07-05T09:01:53+00:00\",\"breadcrumb\":{\"@id\":\"https:\\\/\\\/www.esplac.cat\\\/en\\\/comissio-reduint-petjada-recursos-audiovisuals\\\/#breadcrumb\"},\"inLanguage\":\"en-US\",\"potentialAction\":[{\"@type\":\"ReadAction\",\"target\":[\"https:\\\/\\\/www.esplac.cat\\\/en\\\/comissio-reduint-petjada-recursos-audiovisuals\\\/\"]}]},{\"@type\":\"ImageObject\",\"inLanguage\":\"en-US\",\"@id\":\"https:\\\/\\\/www.esplac.cat\\\/en\\\/comissio-reduint-petjada-recursos-audiovisuals\\\/#primaryimage\",\"url\":\"https:\\\/\\\/www.esplac.cat\\\/wp-content\\\/uploads\\\/2020\\\/06\\\/comiRP.jpg\",\"contentUrl\":\"https:\\\/\\\/www.esplac.cat\\\/wp-content\\\/uploads\\\/2020\\\/06\\\/comiRP.jpg\",\"width\":1697,\"height\":700,\"caption\":\"Antes\"},{\"@type\":\"BreadcrumbList\",\"@id\":\"https:\\\/\\\/www.esplac.cat\\\/en\\\/comissio-reduint-petjada-recursos-audiovisuals\\\/#breadcrumb\",\"itemListElement\":[{\"@type\":\"ListItem\",\"position\":1,\"name\":\"Inici\",\"item\":\"https:\\\/\\\/www.esplac.cat\\\/en\\\/\"},{\"@type\":\"ListItem\",\"position\":2,\"name\":\"La Comissi\u00f3 Reduint Petjada et convida a reflexionar amb uns recursos audiovisuals!\"}]},{\"@type\":\"WebSite\",\"@id\":\"https:\\\/\\\/www.esplac.cat\\\/#website\",\"url\":\"https:\\\/\\\/www.esplac.cat\\\/\",\"name\":\"Esplac\",\"description\":\"Esplais Catalans\",\"publisher\":{\"@id\":\"https:\\\/\\\/www.esplac.cat\\\/#organization\"},\"potentialAction\":[{\"@type\":\"SearchAction\",\"target\":{\"@type\":\"EntryPoint\",\"urlTemplate\":\"https:\\\/\\\/www.esplac.cat\\\/?s={search_term_string}\"},\"query-input\":{\"@type\":\"PropertyValueSpecification\",\"valueRequired\":true,\"valueName\":\"search_term_string\"}}],\"inLanguage\":\"en-US\"},{\"@type\":\"Organization\",\"@id\":\"https:\\\/\\\/www.esplac.cat\\\/#organization\",\"name\":\"Esplac\",\"url\":\"https:\\\/\\\/www.esplac.cat\\\/\",\"logo\":{\"@type\":\"ImageObject\",\"inLanguage\":\"en-US\",\"@id\":\"https:\\\/\\\/www.esplac.cat\\\/#\\\/schema\\\/logo\\\/image\\\/\",\"url\":\"https:\\\/\\\/www.esplac.cat\\\/wp-content\\\/uploads\\\/2019\\\/08\\\/logox2.png\",\"contentUrl\":\"https:\\\/\\\/www.esplac.cat\\\/wp-content\\\/uploads\\\/2019\\\/08\\\/logox2.png\",\"width\":600,\"height\":295,\"caption\":\"Esplac\"},\"image\":{\"@id\":\"https:\\\/\\\/www.esplac.cat\\\/#\\\/schema\\\/logo\\\/image\\\/\"}},{\"@type\":\"Person\",\"@id\":\"https:\\\/\\\/www.esplac.cat\\\/#\\\/schema\\\/person\\\/908383cf240be18b68f8855d0583faca\",\"name\":\"Comunicaci\u00f3 Esplac\",\"image\":{\"@type\":\"ImageObject\",\"inLanguage\":\"en-US\",\"@id\":\"https:\\\/\\\/secure.gravatar.com\\\/avatar\\\/7a4cf8feb412a76ea4a740ca02d95b06b2907b5a6c648c2dd0a1082a093c3141?s=96&d=mm&r=g\",\"url\":\"https:\\\/\\\/secure.gravatar.com\\\/avatar\\\/7a4cf8feb412a76ea4a740ca02d95b06b2907b5a6c648c2dd0a1082a093c3141?s=96&d=mm&r=g\",\"contentUrl\":\"https:\\\/\\\/secure.gravatar.com\\\/avatar\\\/7a4cf8feb412a76ea4a740ca02d95b06b2907b5a6c648c2dd0a1082a093c3141?s=96&d=mm&r=g\",\"caption\":\"Comunicaci\u00f3 Esplac\"}}]}<\/script>\n<!-- \/ Yoast SEO plugin. -->","yoast_head_json":{"title":"La Comissi\u00f3 Reduint Petjada et convida a reflexionar amb uns recursos audiovisuals! - Esplac","robots":{"index":"index","follow":"follow","max-snippet":"max-snippet:-1","max-image-preview":"max-image-preview:large","max-video-preview":"max-video-preview:-1"},"canonical":"https:\/\/www.esplac.cat\/en\/comissio-reduint-petjada-recursos-audiovisuals\/","og_locale":"en_US","og_type":"article","og_title":"La Comissi\u00f3 Reduint Petjada et convida a reflexionar amb uns recursos audiovisuals! - Esplac","og_url":"https:\/\/www.esplac.cat\/en\/comissio-reduint-petjada-recursos-audiovisuals\/","og_site_name":"Esplac","article_published_time":"2020-06-04T11:57:25+00:00","article_modified_time":"2022-07-05T09:01:53+00:00","og_image":[{"width":1697,"height":700,"url":"https:\/\/www.esplac.cat\/wp-content\/uploads\/2020\/06\/comiRP.jpg","type":"image\/jpeg"}],"author":"Comunicaci\u00f3 Esplac","twitter_card":"summary_large_image","twitter_misc":{"Written by":"Comunicaci\u00f3 Esplac","Est. reading time":"2 minutes"},"schema":{"@context":"https:\/\/schema.org","@graph":[{"@type":"Article","@id":"https:\/\/www.esplac.cat\/en\/comissio-reduint-petjada-recursos-audiovisuals\/#article","isPartOf":{"@id":"https:\/\/www.esplac.cat\/en\/comissio-reduint-petjada-recursos-audiovisuals\/"},"author":{"name":"Comunicaci\u00f3 Esplac","@id":"https:\/\/www.esplac.cat\/#\/schema\/person\/908383cf240be18b68f8855d0583faca"},"headline":"La Comissi\u00f3 Reduint Petjada et convida a reflexionar amb uns recursos audiovisuals!","datePublished":"2020-06-04T11:57:25+00:00","dateModified":"2022-07-05T09:01:53+00:00","mainEntityOfPage":{"@id":"https:\/\/www.esplac.cat\/en\/comissio-reduint-petjada-recursos-audiovisuals\/"},"wordCount":354,"publisher":{"@id":"https:\/\/www.esplac.cat\/#organization"},"image":{"@id":"https:\/\/www.esplac.cat\/en\/comissio-reduint-petjada-recursos-audiovisuals\/#primaryimage"},"thumbnailUrl":"https:\/\/www.esplac.cat\/wp-content\/uploads\/2020\/06\/comiRP.jpg","articleSection":["Comissi\u00f3 Reduint Petjada","Recursos"],"inLanguage":"en-US"},{"@type":"WebPage","@id":"https:\/\/www.esplac.cat\/en\/comissio-reduint-petjada-recursos-audiovisuals\/","url":"https:\/\/www.esplac.cat\/en\/comissio-reduint-petjada-recursos-audiovisuals\/","name":"La Comissi\u00f3 Reduint Petjada et convida a reflexionar amb uns recursos audiovisuals! - Esplac","isPartOf":{"@id":"https:\/\/www.esplac.cat\/#website"},"primaryImageOfPage":{"@id":"https:\/\/www.esplac.cat\/en\/comissio-reduint-petjada-recursos-audiovisuals\/#primaryimage"},"image":{"@id":"https:\/\/www.esplac.cat\/en\/comissio-reduint-petjada-recursos-audiovisuals\/#primaryimage"},"thumbnailUrl":"https:\/\/www.esplac.cat\/wp-content\/uploads\/2020\/06\/comiRP.jpg","datePublished":"2020-06-04T11:57:25+00:00","dateModified":"2022-07-05T09:01:53+00:00","breadcrumb":{"@id":"https:\/\/www.esplac.cat\/en\/comissio-reduint-petjada-recursos-audiovisuals\/#breadcrumb"},"inLanguage":"en-US","potentialAction":[{"@type":"ReadAction","target":["https:\/\/www.esplac.cat\/en\/comissio-reduint-petjada-recursos-audiovisuals\/"]}]},{"@type":"ImageObject","inLanguage":"en-US","@id":"https:\/\/www.esplac.cat\/en\/comissio-reduint-petjada-recursos-audiovisuals\/#primaryimage","url":"https:\/\/www.esplac.cat\/wp-content\/uploads\/2020\/06\/comiRP.jpg","contentUrl":"https:\/\/www.esplac.cat\/wp-content\/uploads\/2020\/06\/comiRP.jpg","width":1697,"height":700,"caption":"Antes"},{"@type":"BreadcrumbList","@id":"https:\/\/www.esplac.cat\/en\/comissio-reduint-petjada-recursos-audiovisuals\/#breadcrumb","itemListElement":[{"@type":"ListItem","position":1,"name":"Inici","item":"https:\/\/www.esplac.cat\/en\/"},{"@type":"ListItem","position":2,"name":"La Comissi\u00f3 Reduint Petjada et convida a reflexionar amb uns recursos audiovisuals!"}]},{"@type":"WebSite","@id":"https:\/\/www.esplac.cat\/#website","url":"https:\/\/www.esplac.cat\/","name":"Esplac","description":"Esplais Catalans","publisher":{"@id":"https:\/\/www.esplac.cat\/#organization"},"potentialAction":[{"@type":"SearchAction","target":{"@type":"EntryPoint","urlTemplate":"https:\/\/www.esplac.cat\/?s={search_term_string}"},"query-input":{"@type":"PropertyValueSpecification","valueRequired":true,"valueName":"search_term_string"}}],"inLanguage":"en-US"},{"@type":"Organization","@id":"https:\/\/www.esplac.cat\/#organization","name":"Esplac","url":"https:\/\/www.esplac.cat\/","logo":{"@type":"ImageObject","inLanguage":"en-US","@id":"https:\/\/www.esplac.cat\/#\/schema\/logo\/image\/","url":"https:\/\/www.esplac.cat\/wp-content\/uploads\/2019\/08\/logox2.png","contentUrl":"https:\/\/www.esplac.cat\/wp-content\/uploads\/2019\/08\/logox2.png","width":600,"height":295,"caption":"Esplac"},"image":{"@id":"https:\/\/www.esplac.cat\/#\/schema\/logo\/image\/"}},{"@type":"Person","@id":"https:\/\/www.esplac.cat\/#\/schema\/person\/908383cf240be18b68f8855d0583faca","name":"Comunicaci\u00f3 Esplac","image":{"@type":"ImageObject","inLanguage":"en-US","@id":"https:\/\/secure.gravatar.com\/avatar\/7a4cf8feb412a76ea4a740ca02d95b06b2907b5a6c648c2dd0a1082a093c3141?s=96&d=mm&r=g","url":"https:\/\/secure.gravatar.com\/avatar\/7a4cf8feb412a76ea4a740ca02d95b06b2907b5a6c648c2dd0a1082a093c3141?s=96&d=mm&r=g","contentUrl":"https:\/\/secure.gravatar.com\/avatar\/7a4cf8feb412a76ea4a740ca02d95b06b2907b5a6c648c2dd0a1082a093c3141?s=96&d=mm&r=g","caption":"Comunicaci\u00f3 Esplac"}}]}},"_links":{"self":[{"href":"https:\/\/www.esplac.cat\/en\/wp-json\/wp\/v2\/posts\/31967","targetHints":{"allow":["GET"]}}],"collection":[{"href":"https:\/\/www.esplac.cat\/en\/wp-json\/wp\/v2\/posts"}],"about":[{"href":"https:\/\/www.esplac.cat\/en\/wp-json\/wp\/v2\/types\/post"}],"author":[{"embeddable":true,"href":"https:\/\/www.esplac.cat\/en\/wp-json\/wp\/v2\/users\/3"}],"replies":[{"embeddable":true,"href":"https:\/\/www.esplac.cat\/en\/wp-json\/wp\/v2\/comments?post=31967"}],"version-history":[{"count":0,"href":"https:\/\/www.esplac.cat\/en\/wp-json\/wp\/v2\/posts\/31967\/revisions"}],"wp:featuredmedia":[{"embeddable":true,"href":"https:\/\/www.esplac.cat\/en\/wp-json\/wp\/v2\/media\/31970"}],"wp:attachment":[{"href":"https:\/\/www.esplac.cat\/en\/wp-json\/wp\/v2\/media?parent=31967"}],"wp:term":[{"taxonomy":"category","embeddable":true,"href":"https:\/\/www.esplac.cat\/en\/wp-json\/wp\/v2\/categories?post=31967"},{"taxonomy":"post_tag","embeddable":true,"href":"https:\/\/www.esplac.cat\/en\/wp-json\/wp\/v2\/tags?post=31967"}],"curies":[{"name":"wp","href":"https:\/\/api.w.org\/{rel}","templated":true}]}}