{"id":32056,"date":"2020-10-30T15:32:21","date_gmt":"2020-10-30T14:32:21","guid":{"rendered":"https:\/\/www.esplac.cat\/?p=32056"},"modified":"2021-01-05T11:46:55","modified_gmt":"2021-01-05T10:46:55","slug":"lleure-segur-necessari","status":"publish","type":"post","link":"https:\/\/www.esplac.cat\/en\/lleure-segur-necessari\/","title":{"rendered":"Garantim els drets dels infants; l\u2019educaci\u00f3 en el lleure \u00e9s segura i necess\u00e0ria"},"content":{"rendered":"<h6><em>Comunicat de l\u2019associacionisme educatiu en relaci\u00f3 a les noves restriccions anunciades pel govern<\/em><\/h6>\n<p style=\"font-weight: 400;\">Aquest passat dijous 29 d\u2019octubre, el<b><strong>\u00a0<\/strong><\/b>Govern ha impulsat un seguit de noves mesures enfocades a aturar l\u2019augment de casos de la Covid-19 que s\u2019est\u00e0 donant les darreres setmanes a Catalunya. Una de les mesures aprovades ha estat la suspensi\u00f3 de la realitzaci\u00f3 d&#8217;activitats d\u2019educaci\u00f3 en el lleure.<\/p>\n<p>Tot i entendre que la situaci\u00f3 d&#8217;excepcionalitat demana prendre noves mesures, des de les entitats que conformem l\u2019associacionisme educatiu de Catalunya ens ha sorpr\u00e8s de forma negativa aquesta decisi\u00f3, ja que portem mesos comprovant que<b><strong>\u00a0les diverses activitats que s\u2019estan impulsant des de l\u2019educaci\u00f3 en lleure s\u00f3n i han estat segures per a infants, joves i el monitoratge.<\/strong><\/b><\/p>\n<p>No<b><strong>\u00a0<\/strong><\/b>hem d\u2019oblidar que l\u2019estiu va suposar per a molts infants i joves el primer contacte amb els seus companys i companyes en espais d\u2019educaci\u00f3 en el lleure. D\u2019acord amb les dades que va compartir el mateix govern, es van realitzar m\u00e9s de 6.000 activitats on van participar-hi 235.000 infants i adolescents i m\u00e9s de 36.000 monitors i monitores. En totes aquestes activitats, nom\u00e9s a 27 s\u2019hi van notificar casos d\u2019infecci\u00f3 de la Covid-19. Aquesta\u00a0<b><strong>valoraci\u00f3 positiva en termes de seguretat\u00a0<\/strong><\/b>tamb\u00e9 la fem en termes educatius; concretament, casals de joves, esplais i agrupaments vam tenir un paper molt important en\u00a0<b><strong>l\u2019acompanyament emocional<\/strong><\/b>, tamb\u00e9 en situacions de dol. Des de l\u2019estiu hem seguit creixent des dels<b><strong>\u00a0aprenentatges vivencials i comunitaris<\/strong><\/b>\u00a0que aporta, entre d&#8217;altres, l&#8217;associacionisme educatiu.<\/p>\n<p>A m\u00e9s a m\u00e9s, no hem d\u2019oblidar que moltes d\u2019aquestes activitats eren dirigides i ho segueixen sent avui per part d\u2019un monitoratge que ho fa de forma volunt\u00e0ria des de la seva vinculaci\u00f3 a agrupaments escoltes i esplais i casals de joves de Catalunya. De nou,<b><strong>\u00a0l\u2019associacionisme educatiu vam ser-hi per garantir el dret a l\u2019educaci\u00f3 d\u2019infants i joves\u00a0<\/strong><\/b>de Catalunya i ho vam fer tot aplicant uns protocols que hav\u00edem estat elaborant pr\u00e8viament en col\u00b7laboraci\u00f3 amb el govern i altres agents d\u2019educaci\u00f3 en el lleure.<\/p>\n<p>Aquest inici de curs, tal com ho van fer les escoles, instituts i altres centres educatius del pa\u00eds, hem tornat a reprendre l\u2019activitat als casals de joves, agrupaments escolta i centres d\u2019esplai. Durant aquests mesos<b><strong>\u00a0hem pogut constatar la necessitat dels infants i joves de seguir creixent i construir els propis projectes de vida en aquest seguit d\u2019espais educatius<\/strong><\/b>. Malgrat l\u2019escenari d\u2019augment de desigualtats i bretxes educatives que va generar el confinament, hem viscut un inici de curs on, tot i les dificultats evidents,<b><strong>\u00a0s\u2019ha garantit el dret a l\u2019educaci\u00f3 de forma segura a la inf\u00e0ncia, adolesc\u00e8ncia i joventut de Catalunya<\/strong><\/b>.<\/p>\n<p>En aquest escenari,\u00a0<b><strong>entenem que el govern havia de defensar i estar al costat de l\u2019associacionisme educatiu; pel seu comprom\u00eds inequ\u00edvoc amb l\u2019educaci\u00f3 en el lleure i per l\u2019evid\u00e8ncia que aquests espais educatius s\u00f3n i han estat segurs i necessaris\u00a0<\/strong><\/b>pel desenvolupament integral d\u2019infants i joves. Malauradament, el govern no ha estat a l\u2019altura i ens ha donat l\u2019esquena, prioritzant nom\u00e9s l\u2019educaci\u00f3 que es fa dins el recinte escolar, ja sigui formal o informal.<\/p>\n<p>El govern ha optat per fomentar un model de societat productiu on no es poden realitzar activitats a esplais, casals de joves i agrupaments escoltes, per\u00f2 alhora gran part de la ciutadania es veu obligada a seguir anant a treballar i assumir riscos per a fer-ho. Apostem per un model de societat que posi les persones al centre, en especial infants i joves, vetllant per la seva salut emocional i mental, que \u00e9s imprescindible per la vida i s\u2019ha de prioritzar per davant d\u2019activitats que suposen beneficis econ\u00f2mics. \u00c9s necessari que es valori l&#8217;educaci\u00f3 en el lleure i es tingui en compte la salut emocional i psicol\u00f2gica dels infants i adolescents a l\u2019hora de prendre mesures que els afecten directament.<\/p>\n<p>D\u2019acord amb els motius exposats,\u00a0<b><strong>demanem al govern que rectifiqui i permeti recuperar el m\u00e9s aviat possible l\u2019activitat educativa que fem des de l\u2019associacionisme educatiu i l\u2019educaci\u00f3 en el lleure en general, per tant, que es pugui dur a terme de nou amb totes les mesures de seguretat necess\u00e0ries<\/strong><\/b>. Alhora, demanem que impulsi mesures concretes perqu\u00e8 projectes com casals de joves, agrupaments escoltes i esplais puguin tirar endavant i ser sostenibles en aquest escenari de crisi on tamb\u00e9 han patit greuges econ\u00f2mics per seguir desenvolupant la seva activitat.<\/p>\n<p><strong>P<\/strong><b><strong>er posar la inf\u00e0ncia i l\u2019adolesc\u00e8ncia al centre, des del comprom\u00eds amb l\u2019educaci\u00f3 i la garantia de drets, l\u2019associacionisme educatiu \u00e9s m\u00e9s necessari que mai.<\/strong><\/b><\/p>\n<p>&nbsp;<\/p>\n<p><b><strong>Comunicat elaborat conjuntament amb:\u00a0<\/strong><\/b><a href=\"https:\/\/www.accioescolta.cat\/\">Acci\u00f3 Escolta<\/a>\u00a0|\u00a0<a href=\"http:\/\/espai.casaldejoves.org\/\">Casals de Joves<\/a>\u00a0|\u00a0<a href=\"https:\/\/www.cjb.cat\/\">Consell de la Joventut de Barcelona<\/a>\u00a0|\u00a0<a href=\"http:\/\/www.cruc.info\/\">Coordinaci\u00f3 Rural de Catalunya, CRUC<\/a>\u00a0|\u00a0<a href=\"https:\/\/www.escoltes.org\/\">Escoltes Catalans<\/a>\u00a0|\u00a0<a href=\"https:\/\/www.esplac.cat\/\">Esplais Catalans, Esplac<\/a>\u00a0|\u00a0<a href=\"https:\/\/fundesplai.org\/ca\/\">Federaci\u00f3 Catalana de l\u2019Esplai<\/a>\u00a0|\u00a0<a href=\"https:\/\/federaciodonbosco.com\/\">Federaci\u00f3 de Centres Juvenils Don Bosco de Catalunya<\/a>\u00a0|\u00a0\u200b<a href=\"https:\/\/www.escoltesiguies.cat\/\">Minyons Escoltes i Guies de Catalunya<\/a>\u00a0|\u00a0<a href=\"https:\/\/www.peretarres.org\/mcecc\">Moviment de Centres d\u2019Esplai Cristians Catalans (MCECC-FPT)<\/a><\/p>\n<p>Trobareu el comunicat en format PDF <strong><span style=\"color: #ff9900;\"><a style=\"color: #ff9900;\" href=\"https:\/\/www.esplac.cat\/wp-content\/uploads\/2020\/10\/comunicat_educatives_covid_2020_1.pdf\" target=\"_blank\" rel=\"noopener noreferrer\">aqu\u00ed.<\/a><\/span><\/strong><\/p>\n<p>&nbsp;<\/p>\n","protected":false},"excerpt":{"rendered":"<p>Comunicat de l\u2019associacionisme educatiu en relaci\u00f3 a les noves restriccions [&hellip;]<\/p>\n","protected":false},"author":3,"featured_media":33122,"comment_status":"closed","ping_status":"open","sticky":false,"template":"","format":"standard","meta":{"om_disable_all_campaigns":false,"_monsterinsights_skip_tracking":false,"_monsterinsights_sitenote_active":false,"_monsterinsights_sitenote_note":"","_monsterinsights_sitenote_category":0,"_uf_show_specific_survey":0,"_uf_disable_surveys":false,"footnotes":""},"categories":[1127],"tags":[743,745,1313,747],"class_list":["post-32056","post","type-post","status-publish","format-standard","has-post-thumbnail","hentry","category-comunicats-posicionaments","tag-28j","tag-alliberament-lgbti","tag-gsdd","tag-lgbti"],"yoast_head":"<!-- This site is optimized with the Yoast SEO plugin v27.4 - https:\/\/yoast.com\/product\/yoast-seo-wordpress\/ -->\n<title>L\u2019educaci\u00f3 en el lleure \u00e9s segura i necess\u00e0ria<\/title>\n<meta name=\"description\" content=\"Comunicat de l\u2019associacionisme educatiu en relaci\u00f3 a les noves restriccions anunciades pel govern arrel de la segona onada de Covid-19\" \/>\n<meta name=\"robots\" content=\"index, follow, max-snippet:-1, max-image-preview:large, max-video-preview:-1\" \/>\n<link rel=\"canonical\" href=\"https:\/\/www.esplac.cat\/lleure-segur-necessari\/\" \/>\n<meta property=\"og:locale\" content=\"en_US\" \/>\n<meta property=\"og:type\" content=\"article\" \/>\n<meta property=\"og:title\" content=\"L\u2019educaci\u00f3 en el lleure \u00e9s segura i necess\u00e0ria\" \/>\n<meta property=\"og:description\" content=\"Comunicat de l\u2019associacionisme educatiu en relaci\u00f3 a les noves restriccions anunciades pel govern arrel de la segona onada de Covid-19\" \/>\n<meta property=\"og:url\" content=\"https:\/\/www.esplac.cat\/lleure-segur-necessari\/\" \/>\n<meta property=\"og:site_name\" content=\"Esplac\" \/>\n<meta property=\"article:published_time\" content=\"2020-10-30T14:32:21+00:00\" \/>\n<meta property=\"article:modified_time\" content=\"2021-01-05T10:46:55+00:00\" \/>\n<meta property=\"og:image\" content=\"https:\/\/www.esplac.cat\/wp-content\/uploads\/2020\/06\/lleuresegur.jpg\" \/>\n\t<meta property=\"og:image:width\" content=\"1697\" \/>\n\t<meta property=\"og:image:height\" content=\"700\" \/>\n\t<meta property=\"og:image:type\" content=\"image\/jpeg\" \/>\n<meta name=\"author\" content=\"Comunicaci\u00f3 Esplac\" \/>\n<meta name=\"twitter:card\" content=\"summary_large_image\" \/>\n<meta name=\"twitter:image\" content=\"https:\/\/www.esplac.cat\/wp-content\/uploads\/2020\/06\/lleuresegur.jpg\" \/>\n<meta name=\"twitter:label1\" content=\"Written by\" \/>\n\t<meta name=\"twitter:data1\" content=\"Comunicaci\u00f3 Esplac\" \/>\n\t<meta name=\"twitter:label2\" content=\"Est. reading time\" \/>\n\t<meta name=\"twitter:data2\" content=\"4 minutes\" \/>\n<script type=\"application\/ld+json\" class=\"yoast-schema-graph\">{\"@context\":\"https:\\\/\\\/schema.org\",\"@graph\":[{\"@type\":\"Article\",\"@id\":\"https:\\\/\\\/www.esplac.cat\\\/lleure-segur-necessari\\\/#article\",\"isPartOf\":{\"@id\":\"https:\\\/\\\/www.esplac.cat\\\/lleure-segur-necessari\\\/\"},\"author\":{\"name\":\"Comunicaci\u00f3 Esplac\",\"@id\":\"https:\\\/\\\/www.esplac.cat\\\/#\\\/schema\\\/person\\\/908383cf240be18b68f8855d0583faca\"},\"headline\":\"Garantim els drets dels infants; l\u2019educaci\u00f3 en el lleure \u00e9s segura i necess\u00e0ria\",\"datePublished\":\"2020-10-30T14:32:21+00:00\",\"dateModified\":\"2021-01-05T10:46:55+00:00\",\"mainEntityOfPage\":{\"@id\":\"https:\\\/\\\/www.esplac.cat\\\/lleure-segur-necessari\\\/\"},\"wordCount\":891,\"publisher\":{\"@id\":\"https:\\\/\\\/www.esplac.cat\\\/#organization\"},\"image\":{\"@id\":\"https:\\\/\\\/www.esplac.cat\\\/lleure-segur-necessari\\\/#primaryimage\"},\"thumbnailUrl\":\"https:\\\/\\\/www.esplac.cat\\\/wp-content\\\/uploads\\\/2020\\\/06\\\/lleuresegur.jpg\",\"keywords\":[\"28J\",\"Alliberament LGBTI\",\"GSDD\",\"LGBTI\"],\"articleSection\":[\"Comunicats i posicionaments\"],\"inLanguage\":\"en-US\"},{\"@type\":\"WebPage\",\"@id\":\"https:\\\/\\\/www.esplac.cat\\\/lleure-segur-necessari\\\/\",\"url\":\"https:\\\/\\\/www.esplac.cat\\\/lleure-segur-necessari\\\/\",\"name\":\"L\u2019educaci\u00f3 en el lleure \u00e9s segura i necess\u00e0ria\",\"isPartOf\":{\"@id\":\"https:\\\/\\\/www.esplac.cat\\\/#website\"},\"primaryImageOfPage\":{\"@id\":\"https:\\\/\\\/www.esplac.cat\\\/lleure-segur-necessari\\\/#primaryimage\"},\"image\":{\"@id\":\"https:\\\/\\\/www.esplac.cat\\\/lleure-segur-necessari\\\/#primaryimage\"},\"thumbnailUrl\":\"https:\\\/\\\/www.esplac.cat\\\/wp-content\\\/uploads\\\/2020\\\/06\\\/lleuresegur.jpg\",\"datePublished\":\"2020-10-30T14:32:21+00:00\",\"dateModified\":\"2021-01-05T10:46:55+00:00\",\"description\":\"Comunicat de l\u2019associacionisme educatiu en relaci\u00f3 a les noves restriccions anunciades pel govern arrel de la segona onada de Covid-19\",\"breadcrumb\":{\"@id\":\"https:\\\/\\\/www.esplac.cat\\\/lleure-segur-necessari\\\/#breadcrumb\"},\"inLanguage\":\"en-US\",\"potentialAction\":[{\"@type\":\"ReadAction\",\"target\":[\"https:\\\/\\\/www.esplac.cat\\\/lleure-segur-necessari\\\/\"]}]},{\"@type\":\"ImageObject\",\"inLanguage\":\"en-US\",\"@id\":\"https:\\\/\\\/www.esplac.cat\\\/lleure-segur-necessari\\\/#primaryimage\",\"url\":\"https:\\\/\\\/www.esplac.cat\\\/wp-content\\\/uploads\\\/2020\\\/06\\\/lleuresegur.jpg\",\"contentUrl\":\"https:\\\/\\\/www.esplac.cat\\\/wp-content\\\/uploads\\\/2020\\\/06\\\/lleuresegur.jpg\",\"width\":1697,\"height\":700,\"caption\":\"comunicat lleure segur\"},{\"@type\":\"BreadcrumbList\",\"@id\":\"https:\\\/\\\/www.esplac.cat\\\/lleure-segur-necessari\\\/#breadcrumb\",\"itemListElement\":[{\"@type\":\"ListItem\",\"position\":1,\"name\":\"Inici\",\"item\":\"https:\\\/\\\/www.esplac.cat\\\/en\\\/\"},{\"@type\":\"ListItem\",\"position\":2,\"name\":\"Garantim els drets dels infants; l\u2019educaci\u00f3 en el lleure \u00e9s segura i necess\u00e0ria\"}]},{\"@type\":\"WebSite\",\"@id\":\"https:\\\/\\\/www.esplac.cat\\\/#website\",\"url\":\"https:\\\/\\\/www.esplac.cat\\\/\",\"name\":\"Esplac\",\"description\":\"Esplais Catalans\",\"publisher\":{\"@id\":\"https:\\\/\\\/www.esplac.cat\\\/#organization\"},\"potentialAction\":[{\"@type\":\"SearchAction\",\"target\":{\"@type\":\"EntryPoint\",\"urlTemplate\":\"https:\\\/\\\/www.esplac.cat\\\/?s={search_term_string}\"},\"query-input\":{\"@type\":\"PropertyValueSpecification\",\"valueRequired\":true,\"valueName\":\"search_term_string\"}}],\"inLanguage\":\"en-US\"},{\"@type\":\"Organization\",\"@id\":\"https:\\\/\\\/www.esplac.cat\\\/#organization\",\"name\":\"Esplac\",\"url\":\"https:\\\/\\\/www.esplac.cat\\\/\",\"logo\":{\"@type\":\"ImageObject\",\"inLanguage\":\"en-US\",\"@id\":\"https:\\\/\\\/www.esplac.cat\\\/#\\\/schema\\\/logo\\\/image\\\/\",\"url\":\"https:\\\/\\\/www.esplac.cat\\\/wp-content\\\/uploads\\\/2019\\\/08\\\/logox2.png\",\"contentUrl\":\"https:\\\/\\\/www.esplac.cat\\\/wp-content\\\/uploads\\\/2019\\\/08\\\/logox2.png\",\"width\":600,\"height\":295,\"caption\":\"Esplac\"},\"image\":{\"@id\":\"https:\\\/\\\/www.esplac.cat\\\/#\\\/schema\\\/logo\\\/image\\\/\"}},{\"@type\":\"Person\",\"@id\":\"https:\\\/\\\/www.esplac.cat\\\/#\\\/schema\\\/person\\\/908383cf240be18b68f8855d0583faca\",\"name\":\"Comunicaci\u00f3 Esplac\",\"image\":{\"@type\":\"ImageObject\",\"inLanguage\":\"en-US\",\"@id\":\"https:\\\/\\\/secure.gravatar.com\\\/avatar\\\/7a4cf8feb412a76ea4a740ca02d95b06b2907b5a6c648c2dd0a1082a093c3141?s=96&d=mm&r=g\",\"url\":\"https:\\\/\\\/secure.gravatar.com\\\/avatar\\\/7a4cf8feb412a76ea4a740ca02d95b06b2907b5a6c648c2dd0a1082a093c3141?s=96&d=mm&r=g\",\"contentUrl\":\"https:\\\/\\\/secure.gravatar.com\\\/avatar\\\/7a4cf8feb412a76ea4a740ca02d95b06b2907b5a6c648c2dd0a1082a093c3141?s=96&d=mm&r=g\",\"caption\":\"Comunicaci\u00f3 Esplac\"}}]}<\/script>\n<!-- \/ Yoast SEO plugin. -->","yoast_head_json":{"title":"L\u2019educaci\u00f3 en el lleure \u00e9s segura i necess\u00e0ria","description":"Comunicat de l\u2019associacionisme educatiu en relaci\u00f3 a les noves restriccions anunciades pel govern arrel de la segona onada de Covid-19","robots":{"index":"index","follow":"follow","max-snippet":"max-snippet:-1","max-image-preview":"max-image-preview:large","max-video-preview":"max-video-preview:-1"},"canonical":"https:\/\/www.esplac.cat\/lleure-segur-necessari\/","og_locale":"en_US","og_type":"article","og_title":"L\u2019educaci\u00f3 en el lleure \u00e9s segura i necess\u00e0ria","og_description":"Comunicat de l\u2019associacionisme educatiu en relaci\u00f3 a les noves restriccions anunciades pel govern arrel de la segona onada de Covid-19","og_url":"https:\/\/www.esplac.cat\/lleure-segur-necessari\/","og_site_name":"Esplac","article_published_time":"2020-10-30T14:32:21+00:00","article_modified_time":"2021-01-05T10:46:55+00:00","og_image":[{"width":1697,"height":700,"url":"https:\/\/www.esplac.cat\/wp-content\/uploads\/2020\/06\/lleuresegur.jpg","type":"image\/jpeg"}],"author":"Comunicaci\u00f3 Esplac","twitter_card":"summary_large_image","twitter_image":"https:\/\/www.esplac.cat\/wp-content\/uploads\/2020\/06\/lleuresegur.jpg","twitter_misc":{"Written by":"Comunicaci\u00f3 Esplac","Est. reading time":"4 minutes"},"schema":{"@context":"https:\/\/schema.org","@graph":[{"@type":"Article","@id":"https:\/\/www.esplac.cat\/lleure-segur-necessari\/#article","isPartOf":{"@id":"https:\/\/www.esplac.cat\/lleure-segur-necessari\/"},"author":{"name":"Comunicaci\u00f3 Esplac","@id":"https:\/\/www.esplac.cat\/#\/schema\/person\/908383cf240be18b68f8855d0583faca"},"headline":"Garantim els drets dels infants; l\u2019educaci\u00f3 en el lleure \u00e9s segura i necess\u00e0ria","datePublished":"2020-10-30T14:32:21+00:00","dateModified":"2021-01-05T10:46:55+00:00","mainEntityOfPage":{"@id":"https:\/\/www.esplac.cat\/lleure-segur-necessari\/"},"wordCount":891,"publisher":{"@id":"https:\/\/www.esplac.cat\/#organization"},"image":{"@id":"https:\/\/www.esplac.cat\/lleure-segur-necessari\/#primaryimage"},"thumbnailUrl":"https:\/\/www.esplac.cat\/wp-content\/uploads\/2020\/06\/lleuresegur.jpg","keywords":["28J","Alliberament LGBTI","GSDD","LGBTI"],"articleSection":["Comunicats i posicionaments"],"inLanguage":"en-US"},{"@type":"WebPage","@id":"https:\/\/www.esplac.cat\/lleure-segur-necessari\/","url":"https:\/\/www.esplac.cat\/lleure-segur-necessari\/","name":"L\u2019educaci\u00f3 en el lleure \u00e9s segura i necess\u00e0ria","isPartOf":{"@id":"https:\/\/www.esplac.cat\/#website"},"primaryImageOfPage":{"@id":"https:\/\/www.esplac.cat\/lleure-segur-necessari\/#primaryimage"},"image":{"@id":"https:\/\/www.esplac.cat\/lleure-segur-necessari\/#primaryimage"},"thumbnailUrl":"https:\/\/www.esplac.cat\/wp-content\/uploads\/2020\/06\/lleuresegur.jpg","datePublished":"2020-10-30T14:32:21+00:00","dateModified":"2021-01-05T10:46:55+00:00","description":"Comunicat de l\u2019associacionisme educatiu en relaci\u00f3 a les noves restriccions anunciades pel govern arrel de la segona onada de Covid-19","breadcrumb":{"@id":"https:\/\/www.esplac.cat\/lleure-segur-necessari\/#breadcrumb"},"inLanguage":"en-US","potentialAction":[{"@type":"ReadAction","target":["https:\/\/www.esplac.cat\/lleure-segur-necessari\/"]}]},{"@type":"ImageObject","inLanguage":"en-US","@id":"https:\/\/www.esplac.cat\/lleure-segur-necessari\/#primaryimage","url":"https:\/\/www.esplac.cat\/wp-content\/uploads\/2020\/06\/lleuresegur.jpg","contentUrl":"https:\/\/www.esplac.cat\/wp-content\/uploads\/2020\/06\/lleuresegur.jpg","width":1697,"height":700,"caption":"comunicat lleure segur"},{"@type":"BreadcrumbList","@id":"https:\/\/www.esplac.cat\/lleure-segur-necessari\/#breadcrumb","itemListElement":[{"@type":"ListItem","position":1,"name":"Inici","item":"https:\/\/www.esplac.cat\/en\/"},{"@type":"ListItem","position":2,"name":"Garantim els drets dels infants; l\u2019educaci\u00f3 en el lleure \u00e9s segura i necess\u00e0ria"}]},{"@type":"WebSite","@id":"https:\/\/www.esplac.cat\/#website","url":"https:\/\/www.esplac.cat\/","name":"Esplac","description":"Esplais Catalans","publisher":{"@id":"https:\/\/www.esplac.cat\/#organization"},"potentialAction":[{"@type":"SearchAction","target":{"@type":"EntryPoint","urlTemplate":"https:\/\/www.esplac.cat\/?s={search_term_string}"},"query-input":{"@type":"PropertyValueSpecification","valueRequired":true,"valueName":"search_term_string"}}],"inLanguage":"en-US"},{"@type":"Organization","@id":"https:\/\/www.esplac.cat\/#organization","name":"Esplac","url":"https:\/\/www.esplac.cat\/","logo":{"@type":"ImageObject","inLanguage":"en-US","@id":"https:\/\/www.esplac.cat\/#\/schema\/logo\/image\/","url":"https:\/\/www.esplac.cat\/wp-content\/uploads\/2019\/08\/logox2.png","contentUrl":"https:\/\/www.esplac.cat\/wp-content\/uploads\/2019\/08\/logox2.png","width":600,"height":295,"caption":"Esplac"},"image":{"@id":"https:\/\/www.esplac.cat\/#\/schema\/logo\/image\/"}},{"@type":"Person","@id":"https:\/\/www.esplac.cat\/#\/schema\/person\/908383cf240be18b68f8855d0583faca","name":"Comunicaci\u00f3 Esplac","image":{"@type":"ImageObject","inLanguage":"en-US","@id":"https:\/\/secure.gravatar.com\/avatar\/7a4cf8feb412a76ea4a740ca02d95b06b2907b5a6c648c2dd0a1082a093c3141?s=96&d=mm&r=g","url":"https:\/\/secure.gravatar.com\/avatar\/7a4cf8feb412a76ea4a740ca02d95b06b2907b5a6c648c2dd0a1082a093c3141?s=96&d=mm&r=g","contentUrl":"https:\/\/secure.gravatar.com\/avatar\/7a4cf8feb412a76ea4a740ca02d95b06b2907b5a6c648c2dd0a1082a093c3141?s=96&d=mm&r=g","caption":"Comunicaci\u00f3 Esplac"}}]}},"_links":{"self":[{"href":"https:\/\/www.esplac.cat\/en\/wp-json\/wp\/v2\/posts\/32056","targetHints":{"allow":["GET"]}}],"collection":[{"href":"https:\/\/www.esplac.cat\/en\/wp-json\/wp\/v2\/posts"}],"about":[{"href":"https:\/\/www.esplac.cat\/en\/wp-json\/wp\/v2\/types\/post"}],"author":[{"embeddable":true,"href":"https:\/\/www.esplac.cat\/en\/wp-json\/wp\/v2\/users\/3"}],"replies":[{"embeddable":true,"href":"https:\/\/www.esplac.cat\/en\/wp-json\/wp\/v2\/comments?post=32056"}],"version-history":[{"count":0,"href":"https:\/\/www.esplac.cat\/en\/wp-json\/wp\/v2\/posts\/32056\/revisions"}],"wp:featuredmedia":[{"embeddable":true,"href":"https:\/\/www.esplac.cat\/en\/wp-json\/wp\/v2\/media\/33122"}],"wp:attachment":[{"href":"https:\/\/www.esplac.cat\/en\/wp-json\/wp\/v2\/media?parent=32056"}],"wp:term":[{"taxonomy":"category","embeddable":true,"href":"https:\/\/www.esplac.cat\/en\/wp-json\/wp\/v2\/categories?post=32056"},{"taxonomy":"post_tag","embeddable":true,"href":"https:\/\/www.esplac.cat\/en\/wp-json\/wp\/v2\/tags?post=32056"}],"curies":[{"name":"wp","href":"https:\/\/api.w.org\/{rel}","templated":true}]}}