{"id":32101,"date":"2020-07-08T12:19:10","date_gmt":"2020-07-08T11:19:10","guid":{"rendered":"https:\/\/www.esplac.cat\/?p=32101"},"modified":"2020-10-15T17:22:48","modified_gmt":"2020-10-15T16:22:48","slug":"aquest-estiu-els-esplais-no-aturen","status":"publish","type":"post","link":"https:\/\/www.esplac.cat\/en\/aquest-estiu-els-esplais-no-aturen\/","title":{"rendered":"Aquest estiu, els esplais no s&#8217;aturen!"},"content":{"rendered":"<h6><strong>Ja ha arribat juliol i ve acompanyat d&#8217;all\u00f2 m\u00e9s esperat durant l&#8217;any pels infants, joves, monis i fam\u00edlies dels esplais&#8230; les activitats d&#8217;estiu! Enguany, malgrat la situaci\u00f3 de crisi per la COVID-19, m\u00e9s de 70 esplais d&#8217;arreu del territori heu decidit adaptar les activitats.<\/strong><\/h6>\n<p>L&#8217;encara recent &#8220;nova normalitat&#8221; ha fet que la majoria d&#8217;esplais que heu escollit realitzar activitats que suposin pernoctaci\u00f3 es realitzin al mes d&#8217;agost, amb l&#8217;esperan\u00e7a posada en que ja hi hagi una millora de la situaci\u00f3. Aquest ser\u00e0 el cas dels esplais MIV i Bitxus, per exemple, que han decidit tirar endavant els seus campaments. O b\u00e9 el cas de l&#8217;esplai El Creixent, que per primer any far\u00e0 col\u00f2nies, una opci\u00f3 a la que s&#8217;acullen per poder facilitar el compliment de les mesures d&#8217;higiene.<\/p>\n<p>Per altra banda, les activitats que es duran a terme aquest mes seran en la seva majoria en format d&#8217;esplai diari, com per exemple faran els esplais Zig-Zag, Eixam o el Torxa. Podeu veure totes les activitats d&#8217;estiu al<span style=\"color: #ff9900;\"> <a style=\"color: #ff9900;\" href=\"https:\/\/www.esplac.cat\/cercador-de-campaments-colonies-i-rutes\/\" target=\"_blank\" rel=\"noopener noreferrer\">cercador de campaments, col\u00f2nies i rutes!<\/a><\/span><\/p>\n<p>Sigui l&#8217;activitat que sigui, recordeu fer un cop d&#8217;ull a la la nova<strong><span style=\"color: #ffcc00;\"> <a style=\"color: #ffcc00;\" href=\"https:\/\/www.esplac.cat\/guia-estiu-distanciament\/\" target=\"_blank\" rel=\"noopener noreferrer\"><span style=\"text-decoration: underline;\"><span style=\"color: #ff9900; text-decoration: underline;\">\u201cGuia per fer activitats d\u2019estiu en temps de distanciament<\/span><\/span><span style=\"color: #ff9900;\">\u201d<\/span><\/a><\/span><\/strong>, un recull de dades imprescindibles per poder seguir fent activitats amb els infants tot i la nova normativa a la que ens hem d\u2019acollir a causa de la crisi de la pand\u00e8mia. A m\u00e9s, si despr\u00e9s de llegir la guia encara teniu dubtes, podeu visitar <strong><span style=\"color: #ff9900;\"><a style=\"color: #ff9900;\" href=\"https:\/\/www.esplac.cat\/preguntes-frequents-covid19\/\" target=\"_blank\" rel=\"noopener noreferrer\">la p\u00e0gina de preguntes freq\u00fcents (FAQS)<\/a><\/span><\/strong> sobre les activitats d&#8217;estiu en temps de COVID-19.<\/p>\n<p>Tamb\u00e9 podeu consultar qualsevol dubte a la vostra Coordinadora de Projectes del Sector (CPS), per\u00f2 tingueu en compte que la Secretaria T\u00e8cnica d&#8217;Esplac adaptem el nostre horari d&#8217;atenci\u00f3 durant l&#8217;estiu:<\/p>\n<ul>\n<li class=\"gmail_default\"><strong>Del 20 de juliol al 31 d&#8217;agost, de 8 a 14h.<\/strong><\/li>\n<li class=\"gmail_default\"><strong>Del 10 d&#8217;agost al 21 d&#8217;agost, Esplac romandr\u00e0 tancat.<\/strong><\/li>\n<\/ul>\n<p>Durant tot aquest per\u00edode tenim a la disposci\u00f3 dels esplais un <strong>tel\u00e8fon d\u2019emerg\u00e8ncies 24h<\/strong>:\u00a0667 26 31 32.<\/p>\n<p class=\"p1\">Recordeu tamb\u00e9 que si teniu pensat treballar aspectes mediambientals, d\u2019energies renovables o fer algun taller sobre l\u2019energia del sol, teniu a la vostra disposici\u00f3 <b>carregadors solars<\/b>\u00a0d\u2019aparells petits i\u00a0<b>forns solars<\/b>\u00a0per fer receptes senzilles.\u00a0<strong>Podeu demanar aquest recurs i <span style=\"text-decoration: underline;\"><span style=\"color: #ffcc00; text-decoration: underline;\"><a style=\"color: #ffcc00; text-decoration: underline;\" href=\"https:\/\/www.esplac.cat\/recursos-pedagogics\/\" target=\"_blank\" rel=\"noopener noreferrer\"><span style=\"color: #ff9900; text-decoration: underline;\">d&#8217;altres<\/span><\/a><\/span><\/span><\/strong><b><span style=\"color: #ff9900;\">\u00a0<\/span>en pr\u00e9stec enviant un correu a esplac@esplac.cat!<\/b><\/p>\n<p class=\"p1\">I per \u00faltim, no us oblideu de <b>compartir<\/b>\u00a0amb tots els esplais\u00a0<b>fotografies<\/b> i informacions de les vostres activitats afegint l&#8217;etiqueta <b>#esplaisfemlestiu a les xarxes socials.<\/b> Si etiqueteu a @esplaiscatalans les anirem compartint!<\/p>\n<p class=\"p1\">Us desitgem un estiu diferent per\u00f2 fant\u00e0stic! Perqu\u00e8 res no ens atura, som #MonisImparables!<\/p>\n","protected":false},"excerpt":{"rendered":"<p>Ja ha arribat juliol i ve acompanyat d&#8217;all\u00f2 m\u00e9s esperat [&hellip;]<\/p>\n","protected":false},"author":3,"featured_media":32106,"comment_status":"closed","ping_status":"open","sticky":false,"template":"","format":"standard","meta":{"om_disable_all_campaigns":false,"_monsterinsights_skip_tracking":false,"_monsterinsights_sitenote_active":false,"_monsterinsights_sitenote_note":"","_monsterinsights_sitenote_category":0,"_uf_show_specific_survey":0,"_uf_disable_surveys":false,"footnotes":""},"categories":[1117],"tags":[451,53,1315,104,1002,1003,101,102,115],"class_list":["post-32101","post","type-post","status-publish","format-standard","has-post-thumbnail","hentry","category-activitats-esplais","tag-activitats-destiu","tag-campaments","tag-casal-destiu","tag-colonies","tag-educacio-popular","tag-esplai","tag-esplaisfemlestiu","tag-estiu","tag-rutes"],"yoast_head":"<!-- This site is optimized with the Yoast SEO plugin v27.4 - https:\/\/yoast.com\/product\/yoast-seo-wordpress\/ -->\n<title>Aquest estiu, els esplais no s&#039;aturen! - Esplac<\/title>\n<meta name=\"robots\" content=\"index, follow, max-snippet:-1, max-image-preview:large, max-video-preview:-1\" \/>\n<link rel=\"canonical\" href=\"https:\/\/www.esplac.cat\/en\/aquest-estiu-els-esplais-no-aturen\/\" \/>\n<meta property=\"og:locale\" content=\"en_US\" \/>\n<meta property=\"og:type\" content=\"article\" \/>\n<meta property=\"og:title\" content=\"Aquest estiu, els esplais no s&#039;aturen! - Esplac\" \/>\n<meta property=\"og:description\" content=\"Ja ha arribat juliol i ve acompanyat d&#8217;all\u00f2 m\u00e9s esperat [&hellip;]\" \/>\n<meta property=\"og:url\" content=\"https:\/\/www.esplac.cat\/en\/aquest-estiu-els-esplais-no-aturen\/\" \/>\n<meta property=\"og:site_name\" content=\"Esplac\" \/>\n<meta property=\"article:published_time\" content=\"2020-07-08T11:19:10+00:00\" \/>\n<meta property=\"article:modified_time\" content=\"2020-10-15T16:22:48+00:00\" \/>\n<meta property=\"og:image\" content=\"https:\/\/www.esplac.cat\/wp-content\/uploads\/2020\/07\/portades-web-1.jpg\" \/>\n\t<meta property=\"og:image:width\" content=\"1697\" \/>\n\t<meta property=\"og:image:height\" content=\"700\" \/>\n\t<meta property=\"og:image:type\" content=\"image\/jpeg\" \/>\n<meta name=\"author\" content=\"Comunicaci\u00f3 Esplac\" \/>\n<meta name=\"twitter:card\" content=\"summary_large_image\" \/>\n<meta name=\"twitter:label1\" content=\"Written by\" \/>\n\t<meta name=\"twitter:data1\" content=\"Comunicaci\u00f3 Esplac\" \/>\n\t<meta name=\"twitter:label2\" content=\"Est. reading time\" \/>\n\t<meta name=\"twitter:data2\" content=\"2 minutes\" \/>\n<script type=\"application\/ld+json\" class=\"yoast-schema-graph\">{\"@context\":\"https:\\\/\\\/schema.org\",\"@graph\":[{\"@type\":\"Article\",\"@id\":\"https:\\\/\\\/www.esplac.cat\\\/en\\\/aquest-estiu-els-esplais-no-aturen\\\/#article\",\"isPartOf\":{\"@id\":\"https:\\\/\\\/www.esplac.cat\\\/en\\\/aquest-estiu-els-esplais-no-aturen\\\/\"},\"author\":{\"name\":\"Comunicaci\u00f3 Esplac\",\"@id\":\"https:\\\/\\\/www.esplac.cat\\\/#\\\/schema\\\/person\\\/908383cf240be18b68f8855d0583faca\"},\"headline\":\"Aquest estiu, els esplais no s&#8217;aturen!\",\"datePublished\":\"2020-07-08T11:19:10+00:00\",\"dateModified\":\"2020-10-15T16:22:48+00:00\",\"mainEntityOfPage\":{\"@id\":\"https:\\\/\\\/www.esplac.cat\\\/en\\\/aquest-estiu-els-esplais-no-aturen\\\/\"},\"wordCount\":463,\"publisher\":{\"@id\":\"https:\\\/\\\/www.esplac.cat\\\/#organization\"},\"image\":{\"@id\":\"https:\\\/\\\/www.esplac.cat\\\/en\\\/aquest-estiu-els-esplais-no-aturen\\\/#primaryimage\"},\"thumbnailUrl\":\"https:\\\/\\\/www.esplac.cat\\\/wp-content\\\/uploads\\\/2020\\\/07\\\/portades-web-1.jpg\",\"keywords\":[\"activitats d'estiu\",\"campaments\",\"Casal d'estiu\",\"colonies\",\"educaci\u00f3 popular\",\"esplai\",\"esplaisfemlestiu\",\"estiu\",\"rutes\"],\"articleSection\":[\"Activitats esplais\"],\"inLanguage\":\"en-US\"},{\"@type\":\"WebPage\",\"@id\":\"https:\\\/\\\/www.esplac.cat\\\/en\\\/aquest-estiu-els-esplais-no-aturen\\\/\",\"url\":\"https:\\\/\\\/www.esplac.cat\\\/en\\\/aquest-estiu-els-esplais-no-aturen\\\/\",\"name\":\"Aquest estiu, els esplais no s'aturen! - Esplac\",\"isPartOf\":{\"@id\":\"https:\\\/\\\/www.esplac.cat\\\/#website\"},\"primaryImageOfPage\":{\"@id\":\"https:\\\/\\\/www.esplac.cat\\\/en\\\/aquest-estiu-els-esplais-no-aturen\\\/#primaryimage\"},\"image\":{\"@id\":\"https:\\\/\\\/www.esplac.cat\\\/en\\\/aquest-estiu-els-esplais-no-aturen\\\/#primaryimage\"},\"thumbnailUrl\":\"https:\\\/\\\/www.esplac.cat\\\/wp-content\\\/uploads\\\/2020\\\/07\\\/portades-web-1.jpg\",\"datePublished\":\"2020-07-08T11:19:10+00:00\",\"dateModified\":\"2020-10-15T16:22:48+00:00\",\"breadcrumb\":{\"@id\":\"https:\\\/\\\/www.esplac.cat\\\/en\\\/aquest-estiu-els-esplais-no-aturen\\\/#breadcrumb\"},\"inLanguage\":\"en-US\",\"potentialAction\":[{\"@type\":\"ReadAction\",\"target\":[\"https:\\\/\\\/www.esplac.cat\\\/en\\\/aquest-estiu-els-esplais-no-aturen\\\/\"]}]},{\"@type\":\"ImageObject\",\"inLanguage\":\"en-US\",\"@id\":\"https:\\\/\\\/www.esplac.cat\\\/en\\\/aquest-estiu-els-esplais-no-aturen\\\/#primaryimage\",\"url\":\"https:\\\/\\\/www.esplac.cat\\\/wp-content\\\/uploads\\\/2020\\\/07\\\/portades-web-1.jpg\",\"contentUrl\":\"https:\\\/\\\/www.esplac.cat\\\/wp-content\\\/uploads\\\/2020\\\/07\\\/portades-web-1.jpg\",\"width\":1697,\"height\":700,\"caption\":\"campaments d'estiu a la natura\"},{\"@type\":\"BreadcrumbList\",\"@id\":\"https:\\\/\\\/www.esplac.cat\\\/en\\\/aquest-estiu-els-esplais-no-aturen\\\/#breadcrumb\",\"itemListElement\":[{\"@type\":\"ListItem\",\"position\":1,\"name\":\"Inici\",\"item\":\"https:\\\/\\\/www.esplac.cat\\\/en\\\/\"},{\"@type\":\"ListItem\",\"position\":2,\"name\":\"Aquest estiu, els esplais no s&#8217;aturen!\"}]},{\"@type\":\"WebSite\",\"@id\":\"https:\\\/\\\/www.esplac.cat\\\/#website\",\"url\":\"https:\\\/\\\/www.esplac.cat\\\/\",\"name\":\"Esplac\",\"description\":\"Esplais Catalans\",\"publisher\":{\"@id\":\"https:\\\/\\\/www.esplac.cat\\\/#organization\"},\"potentialAction\":[{\"@type\":\"SearchAction\",\"target\":{\"@type\":\"EntryPoint\",\"urlTemplate\":\"https:\\\/\\\/www.esplac.cat\\\/?s={search_term_string}\"},\"query-input\":{\"@type\":\"PropertyValueSpecification\",\"valueRequired\":true,\"valueName\":\"search_term_string\"}}],\"inLanguage\":\"en-US\"},{\"@type\":\"Organization\",\"@id\":\"https:\\\/\\\/www.esplac.cat\\\/#organization\",\"name\":\"Esplac\",\"url\":\"https:\\\/\\\/www.esplac.cat\\\/\",\"logo\":{\"@type\":\"ImageObject\",\"inLanguage\":\"en-US\",\"@id\":\"https:\\\/\\\/www.esplac.cat\\\/#\\\/schema\\\/logo\\\/image\\\/\",\"url\":\"https:\\\/\\\/www.esplac.cat\\\/wp-content\\\/uploads\\\/2019\\\/08\\\/logox2.png\",\"contentUrl\":\"https:\\\/\\\/www.esplac.cat\\\/wp-content\\\/uploads\\\/2019\\\/08\\\/logox2.png\",\"width\":600,\"height\":295,\"caption\":\"Esplac\"},\"image\":{\"@id\":\"https:\\\/\\\/www.esplac.cat\\\/#\\\/schema\\\/logo\\\/image\\\/\"}},{\"@type\":\"Person\",\"@id\":\"https:\\\/\\\/www.esplac.cat\\\/#\\\/schema\\\/person\\\/908383cf240be18b68f8855d0583faca\",\"name\":\"Comunicaci\u00f3 Esplac\",\"image\":{\"@type\":\"ImageObject\",\"inLanguage\":\"en-US\",\"@id\":\"https:\\\/\\\/secure.gravatar.com\\\/avatar\\\/7a4cf8feb412a76ea4a740ca02d95b06b2907b5a6c648c2dd0a1082a093c3141?s=96&d=mm&r=g\",\"url\":\"https:\\\/\\\/secure.gravatar.com\\\/avatar\\\/7a4cf8feb412a76ea4a740ca02d95b06b2907b5a6c648c2dd0a1082a093c3141?s=96&d=mm&r=g\",\"contentUrl\":\"https:\\\/\\\/secure.gravatar.com\\\/avatar\\\/7a4cf8feb412a76ea4a740ca02d95b06b2907b5a6c648c2dd0a1082a093c3141?s=96&d=mm&r=g\",\"caption\":\"Comunicaci\u00f3 Esplac\"}}]}<\/script>\n<!-- \/ Yoast SEO plugin. -->","yoast_head_json":{"title":"Aquest estiu, els esplais no s'aturen! - Esplac","robots":{"index":"index","follow":"follow","max-snippet":"max-snippet:-1","max-image-preview":"max-image-preview:large","max-video-preview":"max-video-preview:-1"},"canonical":"https:\/\/www.esplac.cat\/en\/aquest-estiu-els-esplais-no-aturen\/","og_locale":"en_US","og_type":"article","og_title":"Aquest estiu, els esplais no s'aturen! - Esplac","og_description":"Ja ha arribat juliol i ve acompanyat d&#8217;all\u00f2 m\u00e9s esperat [&hellip;]","og_url":"https:\/\/www.esplac.cat\/en\/aquest-estiu-els-esplais-no-aturen\/","og_site_name":"Esplac","article_published_time":"2020-07-08T11:19:10+00:00","article_modified_time":"2020-10-15T16:22:48+00:00","og_image":[{"width":1697,"height":700,"url":"https:\/\/www.esplac.cat\/wp-content\/uploads\/2020\/07\/portades-web-1.jpg","type":"image\/jpeg"}],"author":"Comunicaci\u00f3 Esplac","twitter_card":"summary_large_image","twitter_misc":{"Written by":"Comunicaci\u00f3 Esplac","Est. reading time":"2 minutes"},"schema":{"@context":"https:\/\/schema.org","@graph":[{"@type":"Article","@id":"https:\/\/www.esplac.cat\/en\/aquest-estiu-els-esplais-no-aturen\/#article","isPartOf":{"@id":"https:\/\/www.esplac.cat\/en\/aquest-estiu-els-esplais-no-aturen\/"},"author":{"name":"Comunicaci\u00f3 Esplac","@id":"https:\/\/www.esplac.cat\/#\/schema\/person\/908383cf240be18b68f8855d0583faca"},"headline":"Aquest estiu, els esplais no s&#8217;aturen!","datePublished":"2020-07-08T11:19:10+00:00","dateModified":"2020-10-15T16:22:48+00:00","mainEntityOfPage":{"@id":"https:\/\/www.esplac.cat\/en\/aquest-estiu-els-esplais-no-aturen\/"},"wordCount":463,"publisher":{"@id":"https:\/\/www.esplac.cat\/#organization"},"image":{"@id":"https:\/\/www.esplac.cat\/en\/aquest-estiu-els-esplais-no-aturen\/#primaryimage"},"thumbnailUrl":"https:\/\/www.esplac.cat\/wp-content\/uploads\/2020\/07\/portades-web-1.jpg","keywords":["activitats d'estiu","campaments","Casal d'estiu","colonies","educaci\u00f3 popular","esplai","esplaisfemlestiu","estiu","rutes"],"articleSection":["Activitats esplais"],"inLanguage":"en-US"},{"@type":"WebPage","@id":"https:\/\/www.esplac.cat\/en\/aquest-estiu-els-esplais-no-aturen\/","url":"https:\/\/www.esplac.cat\/en\/aquest-estiu-els-esplais-no-aturen\/","name":"Aquest estiu, els esplais no s'aturen! - Esplac","isPartOf":{"@id":"https:\/\/www.esplac.cat\/#website"},"primaryImageOfPage":{"@id":"https:\/\/www.esplac.cat\/en\/aquest-estiu-els-esplais-no-aturen\/#primaryimage"},"image":{"@id":"https:\/\/www.esplac.cat\/en\/aquest-estiu-els-esplais-no-aturen\/#primaryimage"},"thumbnailUrl":"https:\/\/www.esplac.cat\/wp-content\/uploads\/2020\/07\/portades-web-1.jpg","datePublished":"2020-07-08T11:19:10+00:00","dateModified":"2020-10-15T16:22:48+00:00","breadcrumb":{"@id":"https:\/\/www.esplac.cat\/en\/aquest-estiu-els-esplais-no-aturen\/#breadcrumb"},"inLanguage":"en-US","potentialAction":[{"@type":"ReadAction","target":["https:\/\/www.esplac.cat\/en\/aquest-estiu-els-esplais-no-aturen\/"]}]},{"@type":"ImageObject","inLanguage":"en-US","@id":"https:\/\/www.esplac.cat\/en\/aquest-estiu-els-esplais-no-aturen\/#primaryimage","url":"https:\/\/www.esplac.cat\/wp-content\/uploads\/2020\/07\/portades-web-1.jpg","contentUrl":"https:\/\/www.esplac.cat\/wp-content\/uploads\/2020\/07\/portades-web-1.jpg","width":1697,"height":700,"caption":"campaments d'estiu a la natura"},{"@type":"BreadcrumbList","@id":"https:\/\/www.esplac.cat\/en\/aquest-estiu-els-esplais-no-aturen\/#breadcrumb","itemListElement":[{"@type":"ListItem","position":1,"name":"Inici","item":"https:\/\/www.esplac.cat\/en\/"},{"@type":"ListItem","position":2,"name":"Aquest estiu, els esplais no s&#8217;aturen!"}]},{"@type":"WebSite","@id":"https:\/\/www.esplac.cat\/#website","url":"https:\/\/www.esplac.cat\/","name":"Esplac","description":"Esplais Catalans","publisher":{"@id":"https:\/\/www.esplac.cat\/#organization"},"potentialAction":[{"@type":"SearchAction","target":{"@type":"EntryPoint","urlTemplate":"https:\/\/www.esplac.cat\/?s={search_term_string}"},"query-input":{"@type":"PropertyValueSpecification","valueRequired":true,"valueName":"search_term_string"}}],"inLanguage":"en-US"},{"@type":"Organization","@id":"https:\/\/www.esplac.cat\/#organization","name":"Esplac","url":"https:\/\/www.esplac.cat\/","logo":{"@type":"ImageObject","inLanguage":"en-US","@id":"https:\/\/www.esplac.cat\/#\/schema\/logo\/image\/","url":"https:\/\/www.esplac.cat\/wp-content\/uploads\/2019\/08\/logox2.png","contentUrl":"https:\/\/www.esplac.cat\/wp-content\/uploads\/2019\/08\/logox2.png","width":600,"height":295,"caption":"Esplac"},"image":{"@id":"https:\/\/www.esplac.cat\/#\/schema\/logo\/image\/"}},{"@type":"Person","@id":"https:\/\/www.esplac.cat\/#\/schema\/person\/908383cf240be18b68f8855d0583faca","name":"Comunicaci\u00f3 Esplac","image":{"@type":"ImageObject","inLanguage":"en-US","@id":"https:\/\/secure.gravatar.com\/avatar\/7a4cf8feb412a76ea4a740ca02d95b06b2907b5a6c648c2dd0a1082a093c3141?s=96&d=mm&r=g","url":"https:\/\/secure.gravatar.com\/avatar\/7a4cf8feb412a76ea4a740ca02d95b06b2907b5a6c648c2dd0a1082a093c3141?s=96&d=mm&r=g","contentUrl":"https:\/\/secure.gravatar.com\/avatar\/7a4cf8feb412a76ea4a740ca02d95b06b2907b5a6c648c2dd0a1082a093c3141?s=96&d=mm&r=g","caption":"Comunicaci\u00f3 Esplac"}}]}},"_links":{"self":[{"href":"https:\/\/www.esplac.cat\/en\/wp-json\/wp\/v2\/posts\/32101","targetHints":{"allow":["GET"]}}],"collection":[{"href":"https:\/\/www.esplac.cat\/en\/wp-json\/wp\/v2\/posts"}],"about":[{"href":"https:\/\/www.esplac.cat\/en\/wp-json\/wp\/v2\/types\/post"}],"author":[{"embeddable":true,"href":"https:\/\/www.esplac.cat\/en\/wp-json\/wp\/v2\/users\/3"}],"replies":[{"embeddable":true,"href":"https:\/\/www.esplac.cat\/en\/wp-json\/wp\/v2\/comments?post=32101"}],"version-history":[{"count":0,"href":"https:\/\/www.esplac.cat\/en\/wp-json\/wp\/v2\/posts\/32101\/revisions"}],"wp:featuredmedia":[{"embeddable":true,"href":"https:\/\/www.esplac.cat\/en\/wp-json\/wp\/v2\/media\/32106"}],"wp:attachment":[{"href":"https:\/\/www.esplac.cat\/en\/wp-json\/wp\/v2\/media?parent=32101"}],"wp:term":[{"taxonomy":"category","embeddable":true,"href":"https:\/\/www.esplac.cat\/en\/wp-json\/wp\/v2\/categories?post=32101"},{"taxonomy":"post_tag","embeddable":true,"href":"https:\/\/www.esplac.cat\/en\/wp-json\/wp\/v2\/tags?post=32101"}],"curies":[{"name":"wp","href":"https:\/\/api.w.org\/{rel}","templated":true}]}}