{"id":32141,"date":"2020-07-13T13:03:16","date_gmt":"2020-07-13T12:03:16","guid":{"rendered":"https:\/\/www.esplac.cat\/?p=32141"},"modified":"2020-10-15T17:22:48","modified_gmt":"2020-10-15T16:22:48","slug":"que-passa-jornades-lleure-feminismes","status":"publish","type":"post","link":"https:\/\/www.esplac.cat\/en\/que-passa-jornades-lleure-feminismes\/","title":{"rendered":"Qu\u00e8 passa amb les X Jornades de Lleure i Feminismes?"},"content":{"rendered":"<h6><strong>Agafeu les agendes perqu\u00e8 ja tenim data i lloc per les X Jornades de Lleure i Feminismes! Del 19 al 23 d\u2019octubre, xerrades en l\u00ednia, i el 25 d\u2019octubre, trobada presencial a Barcelona.\u00a0<\/strong><\/h6>\n<p><span style=\"font-weight: 400;\">Aquest curs estem de celebraci\u00f3, i \u00e9s que les Jornades de Lleure i Feminismes arriben, ni m\u00e9s ni menys, que a la seva desena edici\u00f3! \u00c9s per aix\u00f2 que en aquesta ocasi\u00f3 tenim l\u2019objectiu de fer balan\u00e7 dels aprenentatges i reptes de l\u2019associacionisme educatiu en base a 5 eixos diferents:<\/span><\/p>\n<ol>\n<li style=\"font-weight: 400;\"><span style=\"font-weight: 400;\">Interseccionalitat<\/span><\/li>\n<li style=\"font-weight: 400;\"><span style=\"font-weight: 400;\">Acabem amb la viol\u00e8ncia masclista<\/span><\/li>\n<li style=\"font-weight: 400;\"><span style=\"font-weight: 400;\">Com ens relacionem?<\/span><\/li>\n<li style=\"font-weight: 400;\"><span style=\"font-weight: 400;\">Reapropiem-nos dels nostres cossos<\/span><\/li>\n<li style=\"font-weight: 400;\"><span style=\"font-weight: 400;\">Autodefensa feminista.<\/span><\/li>\n<\/ol>\n<p><span style=\"font-weight: 400;\">Pinta b\u00e9, oi? Doncs quan t\u2019expliquem el format encar\u00e0 t\u2019agradar\u00e0 m\u00e9s.\u00a0<\/span><\/p>\n<p><strong>Quin format tindr\u00e0?<\/strong><\/p>\n<p><span style=\"font-weight: 400;\">Com t\u2019hem avan\u00e7at a l\u2019inici de la not\u00edcia, enguany combinarem el<strong> format presencial i en l\u00ednia<\/strong>, amb la intenci\u00f3 que ning\u00fa es quedi sense poder participar per culpa de la dist\u00e0ncia o de la Covid-19! <\/span><\/p>\n<p><strong>Quines dates i on?<\/strong><\/p>\n<p><span style=\"font-weight: 400;\">Entre el dilluns 19 i el divendres 23 d\u2019octubre realitzarem xerrades en l\u00ednia, i el diumenge 25 ens trobarem de 10 del mat\u00ed a 7 de la tarda al <span style=\"text-decoration: underline;\"><span style=\"color: #ff9900;\"><a style=\"color: #ff9900; text-decoration: underline;\" href=\"https:\/\/cjgirapells.wordpress.com\/\" target=\"_blank\" rel=\"noopener noreferrer\">Casal de Joves Girapells<\/a><\/span><\/span>, al barri del Guinard\u00f3 de Barcelona.\u00a0<\/span><\/p>\n<p><span style=\"font-weight: 400;\">I encara m\u00e9s novetats: sabeu qui ens acompanya en l\u2019organitzaci\u00f3 de les jornades aquest any? <span style=\"text-decoration: underline;\"><span style=\"color: #ff9900; text-decoration: underline;\"><a style=\"color: #ff9900; text-decoration: underline;\" href=\"http:\/\/espai.casaldejoves.org\/casalsdejoves\/\" target=\"_blank\" rel=\"noopener noreferrer\">Casals de Joves<\/a><\/span><\/span>, <span style=\"text-decoration: underline;\"><span style=\"color: #ff9900; text-decoration: underline;\"><a style=\"color: #ff9900; text-decoration: underline;\" href=\"https:\/\/www.escoltes.org\/\" target=\"_blank\" rel=\"noopener noreferrer\">Escoltes Catalans<\/a><\/span><\/span>, <span style=\"text-decoration: underline;\"><a href=\"https:\/\/www.escoltesiguies.cat\/\" target=\"_blank\" rel=\"noopener noreferrer\"><span style=\"color: #ff9900; text-decoration: underline;\">Minyons Escoltes i Guies<\/span><\/a><\/span> i l<a href=\"http:\/\/www.escolaelsol.org\/es\/index.htm\" target=\"_blank\" rel=\"noopener noreferrer\">\u2019<span style=\"text-decoration: underline;\"><span style=\"color: #ff9900; text-decoration: underline;\">Escola Lliure el Sol<\/span><\/span><\/a>! Estem molt contentes de fer xarxa amb associacions amb qui compartim tants valors i objecitus.\u00a0<\/span><\/p>\n<p><span style=\"font-weight: 400;\">Qui seran les ponents? Quines activitats farem de forma presencial? Tot aix\u00f2 i molt m\u00e9s, ho anireu descobrint al llarg d\u2019aquests mesos. Estigueu alerta i mireu les \u00faltimes edicions al<span style=\"text-decoration: underline;\"><span style=\"color: #ff9900; text-decoration: underline;\"><a style=\"color: #ff9900; text-decoration: underline;\" href=\"https:\/\/www.esplac.cat\/formacions\/jornades-de-lleure-i-feminismes\/\"> nostre web<\/a><\/span><\/span> o a la p\u00e0gina de les <span style=\"text-decoration: underline;\"><span style=\"color: #ff9900; text-decoration: underline;\"><a style=\"color: #ff9900; text-decoration: underline;\" href=\"https:\/\/lleureisexisme.wordpress.com\/\" target=\"_blank\" rel=\"noopener noreferrer\">seva p\u00e0gina oficial.<\/a><\/span><\/span><\/span><\/p>\n","protected":false},"excerpt":{"rendered":"<p>Agafeu les agendes perqu\u00e8 ja tenim data i lloc per [&hellip;]<\/p>\n","protected":false},"author":3,"featured_media":32146,"comment_status":"closed","ping_status":"open","sticky":false,"template":"","format":"standard","meta":{"om_disable_all_campaigns":false,"_monsterinsights_skip_tracking":false,"_monsterinsights_sitenote_active":false,"_monsterinsights_sitenote_note":"","_monsterinsights_sitenote_category":0,"_uf_show_specific_survey":0,"_uf_disable_surveys":false,"footnotes":""},"categories":[1158],"tags":[],"class_list":["post-32141","post","type-post","status-publish","format-standard","has-post-thumbnail","hentry","category-jornades-lleure-feminismes"],"yoast_head":"<!-- This site is optimized with the Yoast SEO plugin v27.5 - https:\/\/yoast.com\/product\/yoast-seo-wordpress\/ -->\n<title>Qu\u00e8 passa amb les X Jornades de Lleure i Feminismes? - Esplac<\/title>\n<meta name=\"description\" content=\"Tenim data i lloc per les X Jornades de Lleure i Feminismes! Del 19 al 23 d\u2019octubre, xerrades en l\u00ednia, i el 25 d\u2019octubre trobada presencial a Barcelona.\u00a0\" \/>\n<meta name=\"robots\" content=\"index, follow, max-snippet:-1, max-image-preview:large, max-video-preview:-1\" \/>\n<link rel=\"canonical\" href=\"https:\/\/www.esplac.cat\/que-passa-jornades-lleure-feminismes\/\" \/>\n<meta property=\"og:locale\" content=\"en_US\" \/>\n<meta property=\"og:type\" content=\"article\" \/>\n<meta property=\"og:title\" content=\"Qu\u00e8 passa amb les X Jornades de Lleure i Feminismes? - Esplac\" \/>\n<meta property=\"og:description\" content=\"Tenim data i lloc per les X Jornades de Lleure i Feminismes! Del 19 al 23 d\u2019octubre, xerrades en l\u00ednia, i el 25 d\u2019octubre trobada presencial a Barcelona.\u00a0\" \/>\n<meta property=\"og:url\" content=\"https:\/\/www.esplac.cat\/que-passa-jornades-lleure-feminismes\/\" \/>\n<meta property=\"og:site_name\" content=\"Esplac\" \/>\n<meta property=\"article:published_time\" content=\"2020-07-13T12:03:16+00:00\" \/>\n<meta property=\"article:modified_time\" content=\"2020-10-15T16:22:48+00:00\" \/>\n<meta property=\"og:image\" content=\"https:\/\/www.esplac.cat\/wp-content\/uploads\/2020\/07\/portades-web-2.jpg\" \/>\n\t<meta property=\"og:image:width\" content=\"1697\" \/>\n\t<meta property=\"og:image:height\" content=\"700\" \/>\n\t<meta property=\"og:image:type\" content=\"image\/jpeg\" \/>\n<meta name=\"author\" content=\"Comunicaci\u00f3 Esplac\" \/>\n<meta name=\"twitter:card\" content=\"summary_large_image\" \/>\n<meta name=\"twitter:label1\" content=\"Written by\" \/>\n\t<meta name=\"twitter:data1\" content=\"Comunicaci\u00f3 Esplac\" \/>\n\t<meta name=\"twitter:label2\" content=\"Est. reading time\" \/>\n\t<meta name=\"twitter:data2\" content=\"1 minute\" \/>\n<script type=\"application\/ld+json\" class=\"yoast-schema-graph\">{\"@context\":\"https:\\\/\\\/schema.org\",\"@graph\":[{\"@type\":\"Article\",\"@id\":\"https:\\\/\\\/www.esplac.cat\\\/que-passa-jornades-lleure-feminismes\\\/#article\",\"isPartOf\":{\"@id\":\"https:\\\/\\\/www.esplac.cat\\\/que-passa-jornades-lleure-feminismes\\\/\"},\"author\":{\"name\":\"Comunicaci\u00f3 Esplac\",\"@id\":\"https:\\\/\\\/www.esplac.cat\\\/#\\\/schema\\\/person\\\/908383cf240be18b68f8855d0583faca\"},\"headline\":\"Qu\u00e8 passa amb les X Jornades de Lleure i Feminismes?\",\"datePublished\":\"2020-07-13T12:03:16+00:00\",\"dateModified\":\"2020-10-15T16:22:48+00:00\",\"mainEntityOfPage\":{\"@id\":\"https:\\\/\\\/www.esplac.cat\\\/que-passa-jornades-lleure-feminismes\\\/\"},\"wordCount\":301,\"publisher\":{\"@id\":\"https:\\\/\\\/www.esplac.cat\\\/#organization\"},\"image\":{\"@id\":\"https:\\\/\\\/www.esplac.cat\\\/que-passa-jornades-lleure-feminismes\\\/#primaryimage\"},\"thumbnailUrl\":\"https:\\\/\\\/www.esplac.cat\\\/wp-content\\\/uploads\\\/2020\\\/07\\\/portades-web-2.jpg\",\"articleSection\":[\"Jornades de Lleure i Feminismes\"],\"inLanguage\":\"en-US\"},{\"@type\":\"WebPage\",\"@id\":\"https:\\\/\\\/www.esplac.cat\\\/que-passa-jornades-lleure-feminismes\\\/\",\"url\":\"https:\\\/\\\/www.esplac.cat\\\/que-passa-jornades-lleure-feminismes\\\/\",\"name\":\"Qu\u00e8 passa amb les X Jornades de Lleure i Feminismes? - Esplac\",\"isPartOf\":{\"@id\":\"https:\\\/\\\/www.esplac.cat\\\/#website\"},\"primaryImageOfPage\":{\"@id\":\"https:\\\/\\\/www.esplac.cat\\\/que-passa-jornades-lleure-feminismes\\\/#primaryimage\"},\"image\":{\"@id\":\"https:\\\/\\\/www.esplac.cat\\\/que-passa-jornades-lleure-feminismes\\\/#primaryimage\"},\"thumbnailUrl\":\"https:\\\/\\\/www.esplac.cat\\\/wp-content\\\/uploads\\\/2020\\\/07\\\/portades-web-2.jpg\",\"datePublished\":\"2020-07-13T12:03:16+00:00\",\"dateModified\":\"2020-10-15T16:22:48+00:00\",\"description\":\"Tenim data i lloc per les X Jornades de Lleure i Feminismes! Del 19 al 23 d\u2019octubre, xerrades en l\u00ednia, i el 25 d\u2019octubre trobada presencial a Barcelona.\u00a0\",\"breadcrumb\":{\"@id\":\"https:\\\/\\\/www.esplac.cat\\\/que-passa-jornades-lleure-feminismes\\\/#breadcrumb\"},\"inLanguage\":\"en-US\",\"potentialAction\":[{\"@type\":\"ReadAction\",\"target\":[\"https:\\\/\\\/www.esplac.cat\\\/que-passa-jornades-lleure-feminismes\\\/\"]}]},{\"@type\":\"ImageObject\",\"inLanguage\":\"en-US\",\"@id\":\"https:\\\/\\\/www.esplac.cat\\\/que-passa-jornades-lleure-feminismes\\\/#primaryimage\",\"url\":\"https:\\\/\\\/www.esplac.cat\\\/wp-content\\\/uploads\\\/2020\\\/07\\\/portades-web-2.jpg\",\"contentUrl\":\"https:\\\/\\\/www.esplac.cat\\\/wp-content\\\/uploads\\\/2020\\\/07\\\/portades-web-2.jpg\",\"width\":1697,\"height\":700,\"caption\":\"Jornades lleure i feminismes\"},{\"@type\":\"BreadcrumbList\",\"@id\":\"https:\\\/\\\/www.esplac.cat\\\/que-passa-jornades-lleure-feminismes\\\/#breadcrumb\",\"itemListElement\":[{\"@type\":\"ListItem\",\"position\":1,\"name\":\"Inici\",\"item\":\"https:\\\/\\\/www.esplac.cat\\\/en\\\/\"},{\"@type\":\"ListItem\",\"position\":2,\"name\":\"Qu\u00e8 passa amb les X Jornades de Lleure i Feminismes?\"}]},{\"@type\":\"WebSite\",\"@id\":\"https:\\\/\\\/www.esplac.cat\\\/#website\",\"url\":\"https:\\\/\\\/www.esplac.cat\\\/\",\"name\":\"Esplac\",\"description\":\"Esplais Catalans\",\"publisher\":{\"@id\":\"https:\\\/\\\/www.esplac.cat\\\/#organization\"},\"potentialAction\":[{\"@type\":\"SearchAction\",\"target\":{\"@type\":\"EntryPoint\",\"urlTemplate\":\"https:\\\/\\\/www.esplac.cat\\\/?s={search_term_string}\"},\"query-input\":{\"@type\":\"PropertyValueSpecification\",\"valueRequired\":true,\"valueName\":\"search_term_string\"}}],\"inLanguage\":\"en-US\"},{\"@type\":\"Organization\",\"@id\":\"https:\\\/\\\/www.esplac.cat\\\/#organization\",\"name\":\"Esplac\",\"url\":\"https:\\\/\\\/www.esplac.cat\\\/\",\"logo\":{\"@type\":\"ImageObject\",\"inLanguage\":\"en-US\",\"@id\":\"https:\\\/\\\/www.esplac.cat\\\/#\\\/schema\\\/logo\\\/image\\\/\",\"url\":\"https:\\\/\\\/www.esplac.cat\\\/wp-content\\\/uploads\\\/2019\\\/08\\\/logox2.png\",\"contentUrl\":\"https:\\\/\\\/www.esplac.cat\\\/wp-content\\\/uploads\\\/2019\\\/08\\\/logox2.png\",\"width\":600,\"height\":295,\"caption\":\"Esplac\"},\"image\":{\"@id\":\"https:\\\/\\\/www.esplac.cat\\\/#\\\/schema\\\/logo\\\/image\\\/\"}},{\"@type\":\"Person\",\"@id\":\"https:\\\/\\\/www.esplac.cat\\\/#\\\/schema\\\/person\\\/908383cf240be18b68f8855d0583faca\",\"name\":\"Comunicaci\u00f3 Esplac\",\"image\":{\"@type\":\"ImageObject\",\"inLanguage\":\"en-US\",\"@id\":\"https:\\\/\\\/secure.gravatar.com\\\/avatar\\\/7a4cf8feb412a76ea4a740ca02d95b06b2907b5a6c648c2dd0a1082a093c3141?s=96&d=mm&r=g\",\"url\":\"https:\\\/\\\/secure.gravatar.com\\\/avatar\\\/7a4cf8feb412a76ea4a740ca02d95b06b2907b5a6c648c2dd0a1082a093c3141?s=96&d=mm&r=g\",\"contentUrl\":\"https:\\\/\\\/secure.gravatar.com\\\/avatar\\\/7a4cf8feb412a76ea4a740ca02d95b06b2907b5a6c648c2dd0a1082a093c3141?s=96&d=mm&r=g\",\"caption\":\"Comunicaci\u00f3 Esplac\"}}]}<\/script>\n<!-- \/ Yoast SEO plugin. -->","yoast_head_json":{"title":"Qu\u00e8 passa amb les X Jornades de Lleure i Feminismes? - Esplac","description":"Tenim data i lloc per les X Jornades de Lleure i Feminismes! Del 19 al 23 d\u2019octubre, xerrades en l\u00ednia, i el 25 d\u2019octubre trobada presencial a Barcelona.\u00a0","robots":{"index":"index","follow":"follow","max-snippet":"max-snippet:-1","max-image-preview":"max-image-preview:large","max-video-preview":"max-video-preview:-1"},"canonical":"https:\/\/www.esplac.cat\/que-passa-jornades-lleure-feminismes\/","og_locale":"en_US","og_type":"article","og_title":"Qu\u00e8 passa amb les X Jornades de Lleure i Feminismes? - Esplac","og_description":"Tenim data i lloc per les X Jornades de Lleure i Feminismes! Del 19 al 23 d\u2019octubre, xerrades en l\u00ednia, i el 25 d\u2019octubre trobada presencial a Barcelona.\u00a0","og_url":"https:\/\/www.esplac.cat\/que-passa-jornades-lleure-feminismes\/","og_site_name":"Esplac","article_published_time":"2020-07-13T12:03:16+00:00","article_modified_time":"2020-10-15T16:22:48+00:00","og_image":[{"width":1697,"height":700,"url":"https:\/\/www.esplac.cat\/wp-content\/uploads\/2020\/07\/portades-web-2.jpg","type":"image\/jpeg"}],"author":"Comunicaci\u00f3 Esplac","twitter_card":"summary_large_image","twitter_misc":{"Written by":"Comunicaci\u00f3 Esplac","Est. reading time":"1 minute"},"schema":{"@context":"https:\/\/schema.org","@graph":[{"@type":"Article","@id":"https:\/\/www.esplac.cat\/que-passa-jornades-lleure-feminismes\/#article","isPartOf":{"@id":"https:\/\/www.esplac.cat\/que-passa-jornades-lleure-feminismes\/"},"author":{"name":"Comunicaci\u00f3 Esplac","@id":"https:\/\/www.esplac.cat\/#\/schema\/person\/908383cf240be18b68f8855d0583faca"},"headline":"Qu\u00e8 passa amb les X Jornades de Lleure i Feminismes?","datePublished":"2020-07-13T12:03:16+00:00","dateModified":"2020-10-15T16:22:48+00:00","mainEntityOfPage":{"@id":"https:\/\/www.esplac.cat\/que-passa-jornades-lleure-feminismes\/"},"wordCount":301,"publisher":{"@id":"https:\/\/www.esplac.cat\/#organization"},"image":{"@id":"https:\/\/www.esplac.cat\/que-passa-jornades-lleure-feminismes\/#primaryimage"},"thumbnailUrl":"https:\/\/www.esplac.cat\/wp-content\/uploads\/2020\/07\/portades-web-2.jpg","articleSection":["Jornades de Lleure i Feminismes"],"inLanguage":"en-US"},{"@type":"WebPage","@id":"https:\/\/www.esplac.cat\/que-passa-jornades-lleure-feminismes\/","url":"https:\/\/www.esplac.cat\/que-passa-jornades-lleure-feminismes\/","name":"Qu\u00e8 passa amb les X Jornades de Lleure i Feminismes? - Esplac","isPartOf":{"@id":"https:\/\/www.esplac.cat\/#website"},"primaryImageOfPage":{"@id":"https:\/\/www.esplac.cat\/que-passa-jornades-lleure-feminismes\/#primaryimage"},"image":{"@id":"https:\/\/www.esplac.cat\/que-passa-jornades-lleure-feminismes\/#primaryimage"},"thumbnailUrl":"https:\/\/www.esplac.cat\/wp-content\/uploads\/2020\/07\/portades-web-2.jpg","datePublished":"2020-07-13T12:03:16+00:00","dateModified":"2020-10-15T16:22:48+00:00","description":"Tenim data i lloc per les X Jornades de Lleure i Feminismes! Del 19 al 23 d\u2019octubre, xerrades en l\u00ednia, i el 25 d\u2019octubre trobada presencial a Barcelona.\u00a0","breadcrumb":{"@id":"https:\/\/www.esplac.cat\/que-passa-jornades-lleure-feminismes\/#breadcrumb"},"inLanguage":"en-US","potentialAction":[{"@type":"ReadAction","target":["https:\/\/www.esplac.cat\/que-passa-jornades-lleure-feminismes\/"]}]},{"@type":"ImageObject","inLanguage":"en-US","@id":"https:\/\/www.esplac.cat\/que-passa-jornades-lleure-feminismes\/#primaryimage","url":"https:\/\/www.esplac.cat\/wp-content\/uploads\/2020\/07\/portades-web-2.jpg","contentUrl":"https:\/\/www.esplac.cat\/wp-content\/uploads\/2020\/07\/portades-web-2.jpg","width":1697,"height":700,"caption":"Jornades lleure i feminismes"},{"@type":"BreadcrumbList","@id":"https:\/\/www.esplac.cat\/que-passa-jornades-lleure-feminismes\/#breadcrumb","itemListElement":[{"@type":"ListItem","position":1,"name":"Inici","item":"https:\/\/www.esplac.cat\/en\/"},{"@type":"ListItem","position":2,"name":"Qu\u00e8 passa amb les X Jornades de Lleure i Feminismes?"}]},{"@type":"WebSite","@id":"https:\/\/www.esplac.cat\/#website","url":"https:\/\/www.esplac.cat\/","name":"Esplac","description":"Esplais Catalans","publisher":{"@id":"https:\/\/www.esplac.cat\/#organization"},"potentialAction":[{"@type":"SearchAction","target":{"@type":"EntryPoint","urlTemplate":"https:\/\/www.esplac.cat\/?s={search_term_string}"},"query-input":{"@type":"PropertyValueSpecification","valueRequired":true,"valueName":"search_term_string"}}],"inLanguage":"en-US"},{"@type":"Organization","@id":"https:\/\/www.esplac.cat\/#organization","name":"Esplac","url":"https:\/\/www.esplac.cat\/","logo":{"@type":"ImageObject","inLanguage":"en-US","@id":"https:\/\/www.esplac.cat\/#\/schema\/logo\/image\/","url":"https:\/\/www.esplac.cat\/wp-content\/uploads\/2019\/08\/logox2.png","contentUrl":"https:\/\/www.esplac.cat\/wp-content\/uploads\/2019\/08\/logox2.png","width":600,"height":295,"caption":"Esplac"},"image":{"@id":"https:\/\/www.esplac.cat\/#\/schema\/logo\/image\/"}},{"@type":"Person","@id":"https:\/\/www.esplac.cat\/#\/schema\/person\/908383cf240be18b68f8855d0583faca","name":"Comunicaci\u00f3 Esplac","image":{"@type":"ImageObject","inLanguage":"en-US","@id":"https:\/\/secure.gravatar.com\/avatar\/7a4cf8feb412a76ea4a740ca02d95b06b2907b5a6c648c2dd0a1082a093c3141?s=96&d=mm&r=g","url":"https:\/\/secure.gravatar.com\/avatar\/7a4cf8feb412a76ea4a740ca02d95b06b2907b5a6c648c2dd0a1082a093c3141?s=96&d=mm&r=g","contentUrl":"https:\/\/secure.gravatar.com\/avatar\/7a4cf8feb412a76ea4a740ca02d95b06b2907b5a6c648c2dd0a1082a093c3141?s=96&d=mm&r=g","caption":"Comunicaci\u00f3 Esplac"}}]}},"_links":{"self":[{"href":"https:\/\/www.esplac.cat\/en\/wp-json\/wp\/v2\/posts\/32141","targetHints":{"allow":["GET"]}}],"collection":[{"href":"https:\/\/www.esplac.cat\/en\/wp-json\/wp\/v2\/posts"}],"about":[{"href":"https:\/\/www.esplac.cat\/en\/wp-json\/wp\/v2\/types\/post"}],"author":[{"embeddable":true,"href":"https:\/\/www.esplac.cat\/en\/wp-json\/wp\/v2\/users\/3"}],"replies":[{"embeddable":true,"href":"https:\/\/www.esplac.cat\/en\/wp-json\/wp\/v2\/comments?post=32141"}],"version-history":[{"count":0,"href":"https:\/\/www.esplac.cat\/en\/wp-json\/wp\/v2\/posts\/32141\/revisions"}],"wp:featuredmedia":[{"embeddable":true,"href":"https:\/\/www.esplac.cat\/en\/wp-json\/wp\/v2\/media\/32146"}],"wp:attachment":[{"href":"https:\/\/www.esplac.cat\/en\/wp-json\/wp\/v2\/media?parent=32141"}],"wp:term":[{"taxonomy":"category","embeddable":true,"href":"https:\/\/www.esplac.cat\/en\/wp-json\/wp\/v2\/categories?post=32141"},{"taxonomy":"post_tag","embeddable":true,"href":"https:\/\/www.esplac.cat\/en\/wp-json\/wp\/v2\/tags?post=32141"}],"curies":[{"name":"wp","href":"https:\/\/api.w.org\/{rel}","templated":true}]}}