{"id":32274,"date":"2020-09-03T09:21:20","date_gmt":"2020-09-03T08:21:20","guid":{"rendered":"https:\/\/www.esplac.cat\/?p=32274"},"modified":"2020-10-15T17:22:47","modified_gmt":"2020-10-15T16:22:47","slug":"obrim-placa-administratiu","status":"publish","type":"post","link":"https:\/\/www.esplac.cat\/en\/obrim-placa-administratiu\/","title":{"rendered":"Obrim una pla\u00e7a d&#8217;administratiu\/iva"},"content":{"rendered":"<h6 style=\"text-align: justify;\"><strong>A Esplais Catalans busquem administratiu\/iva i el termini per presentar candidatura finalitza el dia 14 de setembre de 2020.<\/strong><\/h6>\n<p style=\"text-align: justify;\">Hem obert un termini per a la presentaci\u00f3 de curr\u00edculums amb l\u2019objectiu de cobrir una <strong>pla\u00e7a d&#8217;administratiu\/iva (substituci\u00f3 per maternitat)<\/strong>. Busquem una persona encarregada de la secretaria de la seu central d&#8217;Esplais Catalans, que sigui eficient, responsable, proactiva, amb capacitat d&#8217;adaptaci\u00f3 als canvis i imprevistos i amb cert grau de flexibilitat i autonomia. El termini per presentar candidatura finalitza el dia <strong>14 de setembre de 2020.<\/strong> Els curr\u00edculums els heu de fer arribar\u00a0a <strong>esplac@esplac.cat<\/strong> amb la refer\u00e8ncia<strong> SECRETARIA<\/strong>\u00a0a l&#8217;assumpte del mail.<\/p>\n<p style=\"text-align: justify;\"><strong>Funcions:<\/strong><\/p>\n<ul>\n<li style=\"text-align: justify;\">Recepci\u00f3 de l&#8217;oficina: control d&#8217;acc\u00e9s i atenci\u00f3 a les persones (esplais, socis, prove\u00efdors, personal de neteja, missatgeria, visites i atenci\u00f3 telef\u00f2nica).<\/li>\n<li>Manteniment de l&#8217;oficina: ordre i gesti\u00f3 dels diferents espais de l&#8217;oficina, arxiu i emmagatzematge de documentaci\u00f3 i control debase de dades i inventaris.<\/li>\n<li>Gesti\u00f3 de compres: bitllets de transports, material d&#8217;oficina, reserves d&#8217;allotjaments, menjar per esdeveniments&#8230;<\/li>\n<li>Gesti\u00f3 i organitzaci\u00f3 del calendari administratiu d&#8217;Esplais Catalans<\/li>\n<li>Tasques de suport a la Coordinaci\u00f3 T\u00e8cnica com ara, impressi\u00f3 de documentaci\u00f3 informes, actes, mem\u00f2ries, cerca de pressupostos, contractaci\u00f3 de prove\u00efdors.<\/li>\n<li>Coordinaci\u00f3 amb la Coordinaci\u00f3 T\u00e8cnica per a les funcions assignades i d&#8217;altres projectes que puguin sorgir.<\/li>\n<li>Tr\u00e0mits amb el departament de Just\u00edcia, l&#8217;Ag\u00e8ncia Tribut\u00e0ria.<\/li>\n<li>Suport als esplais en tasques administratives.<\/li>\n<li>Coordinaci\u00f3 i suport amb l&#8217;\u00e0rea de comptabilitat.<\/li>\n<\/ul>\n<p><strong>Es demana:<\/strong><\/p>\n<ul>\n<li>Titulaci\u00f3 acabada en CFGS &#8211; Administraci\u00f3 i finances (LOE), CFGS &#8211; Secretariat\/Assist\u00e8ncia a la direcci\u00f3 o similar.<\/li>\n<li>Tenir menys de 30 anys.<\/li>\n<li>Nivell alt de catal\u00e0 i castell\u00e0<\/li>\n<li>Compet\u00e8ncia escrita: redacci\u00f3 de correus, mem\u00f2ries, informes i altra documentaci\u00f3.<\/li>\n<li>Alt domini del paquet office, correu electr\u00f2nic, Google Apps.<\/li>\n<li>Capacitat d&#8217;organitzaci\u00f3, gesti\u00f3 del temps, treball en equip, autonomia personal, flexibilitat i adaptabilitat.<\/li>\n<li>Coneixement i experi\u00e8ncia en l&#8217;\u00e0mbit de l&#8217;associacionisme.<\/li>\n<\/ul>\n<p><strong>Es valorar\u00e0:<\/strong><\/p>\n<ul>\n<li>Coneixement i experiencia en l&#8217;\u00e0mbit de l&#8217;associacionisme educatiu i els esplais.<\/li>\n<li>Experi\u00e8ncia en les funcions descrites.<\/li>\n<li>Coneixement de treball per projectes.<\/li>\n<li>Coneixement d&#8217;altres idiomes, principalment l&#8217;angl\u00e8s<\/li>\n<li>Flexibilitat i capacitat d&#8217;adaptaci\u00f3<\/li>\n<li>Carnet de conduir i vehicle propi.<\/li>\n<\/ul>\n<p><strong>Condicions laborals:<\/strong><\/p>\n<ul>\n<li>Contracte de 37,5 hores setmanals.<\/li>\n<li>Sou segons l&#8217;escala salarial de l&#8217;entitat i 2 mesos de prova (Conveni de Lleure).<\/li>\n<li>Incorporaci\u00f3 immediata.<\/li>\n<li>Sou segons l&#8217;escala salarial de l&#8217;entitat (16.836,00 euros bruts anuals).<\/li>\n<li>Lloc de treball habitual: Barcelona.<\/li>\n<\/ul>\n<p><strong>Podeu llegir la convocat\u00f2ria en PDF aqu\u00ed: <span style=\"color: #ff9900;\"><a style=\"color: #ff9900;\" href=\"https:\/\/www.esplac.cat\/wp-content\/uploads\/2020\/09\/Convocatoria_Admin-1-1.pdf\" target=\"_blank\" rel=\"noopener noreferrer\">\u00a0Convocat\u00f2ria en PDF<\/a><\/span><\/strong><\/p>\n","protected":false},"excerpt":{"rendered":"<p>A Esplais Catalans busquem administratiu\/iva i el termini per presentar [&hellip;]<\/p>\n","protected":false},"author":3,"featured_media":29737,"comment_status":"closed","ping_status":"open","sticky":false,"template":"","format":"standard","meta":{"om_disable_all_campaigns":false,"_monsterinsights_skip_tracking":false,"_monsterinsights_sitenote_active":false,"_monsterinsights_sitenote_note":"","_monsterinsights_sitenote_category":0,"_uf_show_specific_survey":0,"_uf_disable_surveys":false,"footnotes":""},"categories":[1116],"tags":[306,562],"class_list":["post-32274","post","type-post","status-publish","format-standard","has-post-thumbnail","hentry","category-secretaria-esplac","tag-feina","tag-oferta-laboral"],"yoast_head":"<!-- This site is optimized with the Yoast SEO plugin v27.5 - https:\/\/yoast.com\/product\/yoast-seo-wordpress\/ -->\n<title>Obrim una pla\u00e7a d&#039;administratiu\/iva - Esplac<\/title>\n<meta name=\"description\" content=\"A Esplais Catalans busquem administratiu\/iva i el termini per presentar candidatura finalitza el dia 14 de setembre de 2020.\" \/>\n<meta name=\"robots\" content=\"index, follow, max-snippet:-1, max-image-preview:large, max-video-preview:-1\" \/>\n<link rel=\"canonical\" href=\"https:\/\/www.esplac.cat\/es\/obrim-placa-administratiu\/\" \/>\n<meta property=\"og:locale\" content=\"en_US\" \/>\n<meta property=\"og:type\" content=\"article\" \/>\n<meta property=\"og:title\" content=\"Obrim una pla\u00e7a d&#039;administratiu\/iva - Esplac\" \/>\n<meta property=\"og:description\" content=\"A Esplais Catalans busquem administratiu\/iva i el termini per presentar candidatura finalitza el dia 14 de setembre de 2020.\" \/>\n<meta property=\"og:url\" content=\"https:\/\/www.esplac.cat\/es\/obrim-placa-administratiu\/\" \/>\n<meta property=\"og:site_name\" content=\"Esplac\" \/>\n<meta property=\"article:published_time\" content=\"2020-09-03T08:21:20+00:00\" \/>\n<meta property=\"article:modified_time\" content=\"2020-10-15T16:22:47+00:00\" \/>\n<meta property=\"og:image\" content=\"https:\/\/www.esplac.cat\/wp-content\/uploads\/2019\/12\/laboral-esplac-feina.jpg\" \/>\n\t<meta property=\"og:image:width\" content=\"847\" \/>\n\t<meta property=\"og:image:height\" content=\"350\" \/>\n\t<meta property=\"og:image:type\" content=\"image\/jpeg\" \/>\n<meta name=\"author\" content=\"Comunicaci\u00f3 Esplac\" \/>\n<meta name=\"twitter:card\" content=\"summary_large_image\" \/>\n<meta name=\"twitter:label1\" content=\"Written by\" \/>\n\t<meta name=\"twitter:data1\" content=\"Comunicaci\u00f3 Esplac\" \/>\n\t<meta name=\"twitter:label2\" content=\"Est. reading time\" \/>\n\t<meta name=\"twitter:data2\" content=\"2 minutes\" \/>\n<script type=\"application\/ld+json\" class=\"yoast-schema-graph\">{\"@context\":\"https:\\\/\\\/schema.org\",\"@graph\":[{\"@type\":\"Article\",\"@id\":\"https:\\\/\\\/www.esplac.cat\\\/es\\\/obrim-placa-administratiu\\\/#article\",\"isPartOf\":{\"@id\":\"https:\\\/\\\/www.esplac.cat\\\/es\\\/obrim-placa-administratiu\\\/\"},\"author\":{\"name\":\"Comunicaci\u00f3 Esplac\",\"@id\":\"https:\\\/\\\/www.esplac.cat\\\/#\\\/schema\\\/person\\\/908383cf240be18b68f8855d0583faca\"},\"headline\":\"Obrim una pla\u00e7a d&#8217;administratiu\\\/iva\",\"datePublished\":\"2020-09-03T08:21:20+00:00\",\"dateModified\":\"2020-10-15T16:22:47+00:00\",\"mainEntityOfPage\":{\"@id\":\"https:\\\/\\\/www.esplac.cat\\\/es\\\/obrim-placa-administratiu\\\/\"},\"wordCount\":436,\"publisher\":{\"@id\":\"https:\\\/\\\/www.esplac.cat\\\/#organization\"},\"image\":{\"@id\":\"https:\\\/\\\/www.esplac.cat\\\/es\\\/obrim-placa-administratiu\\\/#primaryimage\"},\"thumbnailUrl\":\"https:\\\/\\\/www.esplac.cat\\\/wp-content\\\/uploads\\\/2019\\\/12\\\/laboral-esplac-feina.jpg\",\"keywords\":[\"feina\",\"oferta laboral\"],\"articleSection\":[\"Secretaria T\u00e8cnica\"],\"inLanguage\":\"en-US\"},{\"@type\":\"WebPage\",\"@id\":\"https:\\\/\\\/www.esplac.cat\\\/es\\\/obrim-placa-administratiu\\\/\",\"url\":\"https:\\\/\\\/www.esplac.cat\\\/es\\\/obrim-placa-administratiu\\\/\",\"name\":\"Obrim una pla\u00e7a d'administratiu\\\/iva - Esplac\",\"isPartOf\":{\"@id\":\"https:\\\/\\\/www.esplac.cat\\\/#website\"},\"primaryImageOfPage\":{\"@id\":\"https:\\\/\\\/www.esplac.cat\\\/es\\\/obrim-placa-administratiu\\\/#primaryimage\"},\"image\":{\"@id\":\"https:\\\/\\\/www.esplac.cat\\\/es\\\/obrim-placa-administratiu\\\/#primaryimage\"},\"thumbnailUrl\":\"https:\\\/\\\/www.esplac.cat\\\/wp-content\\\/uploads\\\/2019\\\/12\\\/laboral-esplac-feina.jpg\",\"datePublished\":\"2020-09-03T08:21:20+00:00\",\"dateModified\":\"2020-10-15T16:22:47+00:00\",\"description\":\"A Esplais Catalans busquem administratiu\\\/iva i el termini per presentar candidatura finalitza el dia 14 de setembre de 2020.\",\"breadcrumb\":{\"@id\":\"https:\\\/\\\/www.esplac.cat\\\/es\\\/obrim-placa-administratiu\\\/#breadcrumb\"},\"inLanguage\":\"en-US\",\"potentialAction\":[{\"@type\":\"ReadAction\",\"target\":[\"https:\\\/\\\/www.esplac.cat\\\/es\\\/obrim-placa-administratiu\\\/\"]}]},{\"@type\":\"ImageObject\",\"inLanguage\":\"en-US\",\"@id\":\"https:\\\/\\\/www.esplac.cat\\\/es\\\/obrim-placa-administratiu\\\/#primaryimage\",\"url\":\"https:\\\/\\\/www.esplac.cat\\\/wp-content\\\/uploads\\\/2019\\\/12\\\/laboral-esplac-feina.jpg\",\"contentUrl\":\"https:\\\/\\\/www.esplac.cat\\\/wp-content\\\/uploads\\\/2019\\\/12\\\/laboral-esplac-feina.jpg\",\"width\":847,\"height\":350},{\"@type\":\"BreadcrumbList\",\"@id\":\"https:\\\/\\\/www.esplac.cat\\\/es\\\/obrim-placa-administratiu\\\/#breadcrumb\",\"itemListElement\":[{\"@type\":\"ListItem\",\"position\":1,\"name\":\"Inici\",\"item\":\"https:\\\/\\\/www.esplac.cat\\\/en\\\/\"},{\"@type\":\"ListItem\",\"position\":2,\"name\":\"Obrim una pla\u00e7a d&#8217;administratiu\\\/iva\"}]},{\"@type\":\"WebSite\",\"@id\":\"https:\\\/\\\/www.esplac.cat\\\/#website\",\"url\":\"https:\\\/\\\/www.esplac.cat\\\/\",\"name\":\"Esplac\",\"description\":\"Esplais Catalans\",\"publisher\":{\"@id\":\"https:\\\/\\\/www.esplac.cat\\\/#organization\"},\"potentialAction\":[{\"@type\":\"SearchAction\",\"target\":{\"@type\":\"EntryPoint\",\"urlTemplate\":\"https:\\\/\\\/www.esplac.cat\\\/?s={search_term_string}\"},\"query-input\":{\"@type\":\"PropertyValueSpecification\",\"valueRequired\":true,\"valueName\":\"search_term_string\"}}],\"inLanguage\":\"en-US\"},{\"@type\":\"Organization\",\"@id\":\"https:\\\/\\\/www.esplac.cat\\\/#organization\",\"name\":\"Esplac\",\"url\":\"https:\\\/\\\/www.esplac.cat\\\/\",\"logo\":{\"@type\":\"ImageObject\",\"inLanguage\":\"en-US\",\"@id\":\"https:\\\/\\\/www.esplac.cat\\\/#\\\/schema\\\/logo\\\/image\\\/\",\"url\":\"https:\\\/\\\/www.esplac.cat\\\/wp-content\\\/uploads\\\/2019\\\/08\\\/logox2.png\",\"contentUrl\":\"https:\\\/\\\/www.esplac.cat\\\/wp-content\\\/uploads\\\/2019\\\/08\\\/logox2.png\",\"width\":600,\"height\":295,\"caption\":\"Esplac\"},\"image\":{\"@id\":\"https:\\\/\\\/www.esplac.cat\\\/#\\\/schema\\\/logo\\\/image\\\/\"}},{\"@type\":\"Person\",\"@id\":\"https:\\\/\\\/www.esplac.cat\\\/#\\\/schema\\\/person\\\/908383cf240be18b68f8855d0583faca\",\"name\":\"Comunicaci\u00f3 Esplac\",\"image\":{\"@type\":\"ImageObject\",\"inLanguage\":\"en-US\",\"@id\":\"https:\\\/\\\/secure.gravatar.com\\\/avatar\\\/7a4cf8feb412a76ea4a740ca02d95b06b2907b5a6c648c2dd0a1082a093c3141?s=96&d=mm&r=g\",\"url\":\"https:\\\/\\\/secure.gravatar.com\\\/avatar\\\/7a4cf8feb412a76ea4a740ca02d95b06b2907b5a6c648c2dd0a1082a093c3141?s=96&d=mm&r=g\",\"contentUrl\":\"https:\\\/\\\/secure.gravatar.com\\\/avatar\\\/7a4cf8feb412a76ea4a740ca02d95b06b2907b5a6c648c2dd0a1082a093c3141?s=96&d=mm&r=g\",\"caption\":\"Comunicaci\u00f3 Esplac\"}}]}<\/script>\n<!-- \/ Yoast SEO plugin. -->","yoast_head_json":{"title":"Obrim una pla\u00e7a d'administratiu\/iva - Esplac","description":"A Esplais Catalans busquem administratiu\/iva i el termini per presentar candidatura finalitza el dia 14 de setembre de 2020.","robots":{"index":"index","follow":"follow","max-snippet":"max-snippet:-1","max-image-preview":"max-image-preview:large","max-video-preview":"max-video-preview:-1"},"canonical":"https:\/\/www.esplac.cat\/es\/obrim-placa-administratiu\/","og_locale":"en_US","og_type":"article","og_title":"Obrim una pla\u00e7a d'administratiu\/iva - Esplac","og_description":"A Esplais Catalans busquem administratiu\/iva i el termini per presentar candidatura finalitza el dia 14 de setembre de 2020.","og_url":"https:\/\/www.esplac.cat\/es\/obrim-placa-administratiu\/","og_site_name":"Esplac","article_published_time":"2020-09-03T08:21:20+00:00","article_modified_time":"2020-10-15T16:22:47+00:00","og_image":[{"width":847,"height":350,"url":"https:\/\/www.esplac.cat\/wp-content\/uploads\/2019\/12\/laboral-esplac-feina.jpg","type":"image\/jpeg"}],"author":"Comunicaci\u00f3 Esplac","twitter_card":"summary_large_image","twitter_misc":{"Written by":"Comunicaci\u00f3 Esplac","Est. reading time":"2 minutes"},"schema":{"@context":"https:\/\/schema.org","@graph":[{"@type":"Article","@id":"https:\/\/www.esplac.cat\/es\/obrim-placa-administratiu\/#article","isPartOf":{"@id":"https:\/\/www.esplac.cat\/es\/obrim-placa-administratiu\/"},"author":{"name":"Comunicaci\u00f3 Esplac","@id":"https:\/\/www.esplac.cat\/#\/schema\/person\/908383cf240be18b68f8855d0583faca"},"headline":"Obrim una pla\u00e7a d&#8217;administratiu\/iva","datePublished":"2020-09-03T08:21:20+00:00","dateModified":"2020-10-15T16:22:47+00:00","mainEntityOfPage":{"@id":"https:\/\/www.esplac.cat\/es\/obrim-placa-administratiu\/"},"wordCount":436,"publisher":{"@id":"https:\/\/www.esplac.cat\/#organization"},"image":{"@id":"https:\/\/www.esplac.cat\/es\/obrim-placa-administratiu\/#primaryimage"},"thumbnailUrl":"https:\/\/www.esplac.cat\/wp-content\/uploads\/2019\/12\/laboral-esplac-feina.jpg","keywords":["feina","oferta laboral"],"articleSection":["Secretaria T\u00e8cnica"],"inLanguage":"en-US"},{"@type":"WebPage","@id":"https:\/\/www.esplac.cat\/es\/obrim-placa-administratiu\/","url":"https:\/\/www.esplac.cat\/es\/obrim-placa-administratiu\/","name":"Obrim una pla\u00e7a d'administratiu\/iva - Esplac","isPartOf":{"@id":"https:\/\/www.esplac.cat\/#website"},"primaryImageOfPage":{"@id":"https:\/\/www.esplac.cat\/es\/obrim-placa-administratiu\/#primaryimage"},"image":{"@id":"https:\/\/www.esplac.cat\/es\/obrim-placa-administratiu\/#primaryimage"},"thumbnailUrl":"https:\/\/www.esplac.cat\/wp-content\/uploads\/2019\/12\/laboral-esplac-feina.jpg","datePublished":"2020-09-03T08:21:20+00:00","dateModified":"2020-10-15T16:22:47+00:00","description":"A Esplais Catalans busquem administratiu\/iva i el termini per presentar candidatura finalitza el dia 14 de setembre de 2020.","breadcrumb":{"@id":"https:\/\/www.esplac.cat\/es\/obrim-placa-administratiu\/#breadcrumb"},"inLanguage":"en-US","potentialAction":[{"@type":"ReadAction","target":["https:\/\/www.esplac.cat\/es\/obrim-placa-administratiu\/"]}]},{"@type":"ImageObject","inLanguage":"en-US","@id":"https:\/\/www.esplac.cat\/es\/obrim-placa-administratiu\/#primaryimage","url":"https:\/\/www.esplac.cat\/wp-content\/uploads\/2019\/12\/laboral-esplac-feina.jpg","contentUrl":"https:\/\/www.esplac.cat\/wp-content\/uploads\/2019\/12\/laboral-esplac-feina.jpg","width":847,"height":350},{"@type":"BreadcrumbList","@id":"https:\/\/www.esplac.cat\/es\/obrim-placa-administratiu\/#breadcrumb","itemListElement":[{"@type":"ListItem","position":1,"name":"Inici","item":"https:\/\/www.esplac.cat\/en\/"},{"@type":"ListItem","position":2,"name":"Obrim una pla\u00e7a d&#8217;administratiu\/iva"}]},{"@type":"WebSite","@id":"https:\/\/www.esplac.cat\/#website","url":"https:\/\/www.esplac.cat\/","name":"Esplac","description":"Esplais Catalans","publisher":{"@id":"https:\/\/www.esplac.cat\/#organization"},"potentialAction":[{"@type":"SearchAction","target":{"@type":"EntryPoint","urlTemplate":"https:\/\/www.esplac.cat\/?s={search_term_string}"},"query-input":{"@type":"PropertyValueSpecification","valueRequired":true,"valueName":"search_term_string"}}],"inLanguage":"en-US"},{"@type":"Organization","@id":"https:\/\/www.esplac.cat\/#organization","name":"Esplac","url":"https:\/\/www.esplac.cat\/","logo":{"@type":"ImageObject","inLanguage":"en-US","@id":"https:\/\/www.esplac.cat\/#\/schema\/logo\/image\/","url":"https:\/\/www.esplac.cat\/wp-content\/uploads\/2019\/08\/logox2.png","contentUrl":"https:\/\/www.esplac.cat\/wp-content\/uploads\/2019\/08\/logox2.png","width":600,"height":295,"caption":"Esplac"},"image":{"@id":"https:\/\/www.esplac.cat\/#\/schema\/logo\/image\/"}},{"@type":"Person","@id":"https:\/\/www.esplac.cat\/#\/schema\/person\/908383cf240be18b68f8855d0583faca","name":"Comunicaci\u00f3 Esplac","image":{"@type":"ImageObject","inLanguage":"en-US","@id":"https:\/\/secure.gravatar.com\/avatar\/7a4cf8feb412a76ea4a740ca02d95b06b2907b5a6c648c2dd0a1082a093c3141?s=96&d=mm&r=g","url":"https:\/\/secure.gravatar.com\/avatar\/7a4cf8feb412a76ea4a740ca02d95b06b2907b5a6c648c2dd0a1082a093c3141?s=96&d=mm&r=g","contentUrl":"https:\/\/secure.gravatar.com\/avatar\/7a4cf8feb412a76ea4a740ca02d95b06b2907b5a6c648c2dd0a1082a093c3141?s=96&d=mm&r=g","caption":"Comunicaci\u00f3 Esplac"}}]}},"_links":{"self":[{"href":"https:\/\/www.esplac.cat\/en\/wp-json\/wp\/v2\/posts\/32274","targetHints":{"allow":["GET"]}}],"collection":[{"href":"https:\/\/www.esplac.cat\/en\/wp-json\/wp\/v2\/posts"}],"about":[{"href":"https:\/\/www.esplac.cat\/en\/wp-json\/wp\/v2\/types\/post"}],"author":[{"embeddable":true,"href":"https:\/\/www.esplac.cat\/en\/wp-json\/wp\/v2\/users\/3"}],"replies":[{"embeddable":true,"href":"https:\/\/www.esplac.cat\/en\/wp-json\/wp\/v2\/comments?post=32274"}],"version-history":[{"count":0,"href":"https:\/\/www.esplac.cat\/en\/wp-json\/wp\/v2\/posts\/32274\/revisions"}],"wp:featuredmedia":[{"embeddable":true,"href":"https:\/\/www.esplac.cat\/en\/wp-json\/wp\/v2\/media\/29737"}],"wp:attachment":[{"href":"https:\/\/www.esplac.cat\/en\/wp-json\/wp\/v2\/media?parent=32274"}],"wp:term":[{"taxonomy":"category","embeddable":true,"href":"https:\/\/www.esplac.cat\/en\/wp-json\/wp\/v2\/categories?post=32274"},{"taxonomy":"post_tag","embeddable":true,"href":"https:\/\/www.esplac.cat\/en\/wp-json\/wp\/v2\/tags?post=32274"}],"curies":[{"name":"wp","href":"https:\/\/api.w.org\/{rel}","templated":true}]}}