{"id":32504,"date":"2020-09-28T09:45:39","date_gmt":"2020-09-28T08:45:39","guid":{"rendered":"https:\/\/www.esplac.cat\/?p=32504"},"modified":"2020-10-15T17:22:45","modified_gmt":"2020-10-15T16:22:45","slug":"nova-formacio-internacional-education-for-social-change","status":"publish","type":"post","link":"https:\/\/www.esplac.cat\/en\/nova-formacio-internacional-education-for-social-change\/","title":{"rendered":"Nova formaci\u00f3 internacional: &#8220;Education for social change&#8221;"},"content":{"rendered":"<div class=\"fusion-fullwidth fullwidth-box fusion-builder-row-1 nonhundred-percent-fullwidth non-hundred-percent-height-scrolling\" style=\"--awb-border-radius-top-left:0px;--awb-border-radius-top-right:0px;--awb-border-radius-bottom-right:0px;--awb-border-radius-bottom-left:0px;--awb-flex-wrap:wrap;\" ><div class=\"fusion-builder-row fusion-row\"><div class=\"fusion-layout-column fusion_builder_column fusion-builder-column-0 fusion_builder_column_1_1 1_1 fusion-one-full fusion-column-first fusion-column-last\" style=\"--awb-bg-size:cover;--awb-margin-bottom:0px;\"><div class=\"fusion-column-wrapper fusion-flex-column-wrapper-legacy\"><div class=\"fusion-text fusion-text-1\"><h6><strong>Arriba una nova oportunitat de formaci\u00f3 internacional, un trainging course de la casa Kurt L\u00f6wenstein: \u201cEducation for social change\u201d.<\/strong><\/h6>\n<p><span style=\"font-weight: 400;\">El Centre Kurt L\u00f6wenstein de l\u2019entitat SJD-Die Falken d\u2019Alemanya \u00e9s qui organitza aquesta nova formaci\u00f3 internacional, aix\u00ed com d&#8217;altres activitats importants en les quals participa Esplac com la Summer School, la Winter School o la Queer Easter. Fa m\u00e9s de 20 anys que organitza tot tipus de seminaris que fomenten la<strong> reflexi\u00f3, l\u2019activisme i la solidaritat internacional<\/strong> <strong>amb l\u2019objectiu de transformar la societat.\u00a0<\/strong><\/span><\/p>\n<p><span style=\"font-weight: 400;\">L&#8217;objectiu de l'&#8221;Education for social change&#8221; \u00e9s proporcionar coneixements i habilitats per dissenyar i dirigir processos educatius en un entorn internacional. Per tant, el contingut \u00e9s el seg\u00fcent:<\/span><\/p>\n<ul>\n<li style=\"font-weight: 400;\"><span style=\"font-weight: 400;\">Idees i metodologia sobre educaci\u00f3 no-formal<\/span><\/li>\n<li style=\"font-weight: 400;\"><span style=\"font-weight: 400;\">Inclusi\u00f3 d\u2019aspectes culturals i pol\u00edtics en la metodologia educativa<\/span><\/li>\n<li style=\"font-weight: 400;\"><span style=\"font-weight: 400;\">Idees sobre l\u2019educaci\u00f3 socialista<\/span><\/li>\n<li style=\"font-weight: 400;\"><span style=\"font-weight: 400;\">Educaci\u00f3 per l\u2019antidiscriminaci\u00f3<\/span><\/li>\n<\/ul>\n<h6><strong>Informaci\u00f3 pr\u00e0ctica:<\/strong><\/h6>\n<p><b>Quan? <\/b><b><\/b><span style=\"font-weight: 400;\">Del 25 al 31 d\u2019octubre<\/span><\/p>\n<p><b>On?<\/b><span style=\"font-weight: 400;\"> Kurt L\u00f6wenstein Education Centre, a prop de <strong>Berl\u00edn<\/strong> (Alemanya)<\/span><\/p>\n<p><b>Qui?<\/b><span style=\"font-weight: 400;\"> Participants de: IUSY (<em>International Union of Socialist Youth)<\/em>, organitzaci\u00f3 YES i membres de l&#8217;IFM-SEI (com <a href=\"http:\/\/www.esplac.cat\/internacional\">Esplac<\/a>)<\/span><\/p>\n<p><b>Idioma de treball?<\/b><span style=\"font-weight: 400;\"> Angl\u00e8s<\/span><\/p>\n<p><b>Cost?<\/b><span style=\"font-weight: 400;\"> 70 euros per participant + vols.\u00a0<\/span><\/p>\n<p><span style=\"font-weight: 400;\">No \u00e9s una activitat subvencionada i per tant ara per ara no es preveu el reemborsament del cost del vols, tanmateix si finalment l\u2019entitat organitzadora pot, es far\u00e0 algun tipus d\u2019abonament.\u00a0<\/span><\/p>\n<p><span style=\"font-weight: 400;\">El Centre Kurt L\u00f6wenstein ha habilitat mesures d\u2019higiene i prevenci\u00f3 per tal de seguir oferint les seves formacions, tallers i seminaris de<strong> forma presencial<\/strong>.<\/span><\/p>\n<p><span style=\"font-weight: 400;\">Tanmateix, l\u2019estat de la pand\u00e8mia actual fa necessari informar-se i actualitzar les informacions que anem tenint. Actualment Catalunya est\u00e0 classificat com a zona de risc per part de les autoritats alemanyes*. \u00c9s per aix\u00f2 que cal fer-se una prova PCR abans de viatjar o es pot fer en el mateix aeroport d\u2019arribada, tanmateix cal estar a\u00efllat fins que no es coneguin els resultats. Com que la situaci\u00f3 \u00e9s canviant i incerta us recomanem, que si sou seleccionats per a participar, agafeu vols que us retornin els diners en cas de no poder viatjar.<\/span><\/p>\n<p><b>Per a m\u00e9s informaci\u00f3<\/b><span style=\"font-weight: 400;\"> podeu contactar amb: <\/span><span style=\"font-weight: 400;\">internacional@esplac.cat<\/span><\/p>\n<p><b>Termini de la inscripci\u00f3?<\/b><span style=\"font-weight: 400;\"> 30 de setembre<\/span><\/p>\n<p><b>Com m\u2019inscric?<\/b><span style=\"font-weight: 400;\"> A trav\u00e9s d&#8217;aquest bot\u00f3:<\/span><\/p>\n<\/div><div class=\"fusion-aligncenter\"><a class=\"fusion-button button-flat fusion-button-default-size button-default fusion-button-default button-1 fusion-button-default-span fusion-button-default-type\" target=\"_blank\" rel=\"noopener noreferrer\" href=\"https:\/\/infoesplac.typeform.com\/to\/R0xzmd1j\"><span class=\"fusion-button-text\">Inscripcions<\/span><\/a><\/div><div class=\"fusion-text fusion-text-2\"><p><span style=\"font-weight: 400;\">Podeu llegir la<span style=\"text-decoration: underline;\"><span style=\"color: #ff9900; text-decoration: underline;\"><a style=\"color: #ff9900; text-decoration: underline;\" href=\"https:\/\/www.kurt-loewenstein.de\/de\/veranstaltungen\/education-social-change\" target=\"_blank\" rel=\"noopener noreferrer\"> not\u00edcia oficial aqu\u00ed.<\/a><\/span><\/span><\/span><\/p>\n<p><strong>Dubtes i contacte:<\/strong><\/p>\n<p><span style=\"font-weight: 400;\">&#8211; Esplac: Enviant un correu a<\/span> <a href=\"mailto:internacional@esplac.cat\"><b>internacional@esplac.cat<\/b><\/a> <span style=\"font-weight: 400;\">o trucant al 93 302 61 03.<\/span><\/p>\n<p><span style=\"font-weight: 400;\">&#8211; Kurt L\u00f6wenstein Education Center: Contactar amb el Jonas Gerber; <\/span><a href=\"mailto:j.gerber@kurt-loewenstein.de\"><span style=\"font-weight: 400;\">j.gerber@kurt-loewenstein.de<\/span><\/a><span style=\"font-weight: 400;\">.\u00a0\u00a0<\/span><\/p>\n<p><span style=\"font-weight: 400;\">*<\/span><span style=\"text-decoration: underline;\"><span style=\"color: #ff9900;\"><a style=\"color: #ff9900;\" href=\"http:\/\/www.exteriores.gob.es\/Consulados\/FRANCFORT\/es\/ServiciosConsulares\/TramiteConsular\/Paginas\/1.-%20MUY-IMPORTANTE-AVISOS.aspx\"><span style=\"font-weight: 400;\">Informacions sobre les restriccions de viatjers provinents d\u2019Espanya <\/span><\/a><\/span><\/span><span style=\"font-weight: 400;\">(Ministeri d\u2019Exteriors)<\/span><\/p>\n<\/div><div class=\"fusion-clearfix\"><\/div><\/div><\/div><\/div><\/div>\n","protected":false},"excerpt":{"rendered":"","protected":false},"author":3,"featured_media":32520,"comment_status":"closed","ping_status":"open","sticky":false,"template":"","format":"standard","meta":{"om_disable_all_campaigns":false,"_monsterinsights_skip_tracking":false,"_monsterinsights_sitenote_active":false,"_monsterinsights_sitenote_note":"","_monsterinsights_sitenote_category":0,"_uf_show_specific_survey":0,"_uf_disable_surveys":false,"footnotes":""},"categories":[1112],"tags":[],"class_list":["post-32504","post","type-post","status-publish","format-standard","has-post-thumbnail","hentry","category-esplac-al-mon"],"yoast_head":"<!-- This site is optimized with the Yoast SEO plugin v27.5 - https:\/\/yoast.com\/product\/yoast-seo-wordpress\/ -->\n<title>Nova formaci\u00f3 internacional: &quot;Education for social change&quot; - Esplac<\/title>\n<meta name=\"description\" content=\"Arriba una nova oportunitat de formaci\u00f3 internacional, un trainging course de la casa Kurt L\u00f6wenstein: \u201cEducation for social change\u201d.\" \/>\n<meta name=\"robots\" content=\"index, follow, max-snippet:-1, max-image-preview:large, max-video-preview:-1\" \/>\n<link rel=\"canonical\" href=\"https:\/\/www.esplac.cat\/nova-formacio-internacional-education-for-social-change\/\" \/>\n<meta property=\"og:locale\" content=\"en_US\" \/>\n<meta property=\"og:type\" content=\"article\" \/>\n<meta property=\"og:title\" content=\"Nova formaci\u00f3 internacional: &quot;Education for social change&quot; - Esplac\" \/>\n<meta property=\"og:description\" content=\"Arriba una nova oportunitat de formaci\u00f3 internacional, un trainging course de la casa Kurt L\u00f6wenstein: \u201cEducation for social change\u201d.\" \/>\n<meta property=\"og:url\" content=\"https:\/\/www.esplac.cat\/nova-formacio-internacional-education-for-social-change\/\" \/>\n<meta property=\"og:site_name\" content=\"Esplac\" \/>\n<meta property=\"article:published_time\" content=\"2020-09-28T08:45:39+00:00\" \/>\n<meta property=\"article:modified_time\" content=\"2020-10-15T16:22:45+00:00\" \/>\n<meta property=\"og:image\" content=\"https:\/\/www.esplac.cat\/wp-content\/uploads\/2020\/09\/socialchangetraining.jpg\" \/>\n\t<meta property=\"og:image:width\" content=\"1697\" \/>\n\t<meta property=\"og:image:height\" content=\"700\" \/>\n\t<meta property=\"og:image:type\" content=\"image\/jpeg\" \/>\n<meta name=\"author\" content=\"Comunicaci\u00f3 Esplac\" \/>\n<meta name=\"twitter:card\" content=\"summary_large_image\" \/>\n<meta name=\"twitter:label1\" content=\"Written by\" \/>\n\t<meta name=\"twitter:data1\" content=\"Comunicaci\u00f3 Esplac\" \/>\n\t<meta name=\"twitter:label2\" content=\"Est. reading time\" \/>\n\t<meta name=\"twitter:data2\" content=\"4 minutes\" \/>\n<script type=\"application\/ld+json\" class=\"yoast-schema-graph\">{\"@context\":\"https:\\\/\\\/schema.org\",\"@graph\":[{\"@type\":\"Article\",\"@id\":\"https:\\\/\\\/www.esplac.cat\\\/nova-formacio-internacional-education-for-social-change\\\/#article\",\"isPartOf\":{\"@id\":\"https:\\\/\\\/www.esplac.cat\\\/nova-formacio-internacional-education-for-social-change\\\/\"},\"author\":{\"name\":\"Comunicaci\u00f3 Esplac\",\"@id\":\"https:\\\/\\\/www.esplac.cat\\\/#\\\/schema\\\/person\\\/908383cf240be18b68f8855d0583faca\"},\"headline\":\"Nova formaci\u00f3 internacional: &#8220;Education for social change&#8221;\",\"datePublished\":\"2020-09-28T08:45:39+00:00\",\"dateModified\":\"2020-10-15T16:22:45+00:00\",\"mainEntityOfPage\":{\"@id\":\"https:\\\/\\\/www.esplac.cat\\\/nova-formacio-internacional-education-for-social-change\\\/\"},\"wordCount\":713,\"publisher\":{\"@id\":\"https:\\\/\\\/www.esplac.cat\\\/#organization\"},\"image\":{\"@id\":\"https:\\\/\\\/www.esplac.cat\\\/nova-formacio-internacional-education-for-social-change\\\/#primaryimage\"},\"thumbnailUrl\":\"https:\\\/\\\/www.esplac.cat\\\/wp-content\\\/uploads\\\/2020\\\/09\\\/socialchangetraining.jpg\",\"articleSection\":[\"Esplac al m\u00f3n\"],\"inLanguage\":\"en-US\"},{\"@type\":\"WebPage\",\"@id\":\"https:\\\/\\\/www.esplac.cat\\\/nova-formacio-internacional-education-for-social-change\\\/\",\"url\":\"https:\\\/\\\/www.esplac.cat\\\/nova-formacio-internacional-education-for-social-change\\\/\",\"name\":\"Nova formaci\u00f3 internacional: \\\"Education for social change\\\" - Esplac\",\"isPartOf\":{\"@id\":\"https:\\\/\\\/www.esplac.cat\\\/#website\"},\"primaryImageOfPage\":{\"@id\":\"https:\\\/\\\/www.esplac.cat\\\/nova-formacio-internacional-education-for-social-change\\\/#primaryimage\"},\"image\":{\"@id\":\"https:\\\/\\\/www.esplac.cat\\\/nova-formacio-internacional-education-for-social-change\\\/#primaryimage\"},\"thumbnailUrl\":\"https:\\\/\\\/www.esplac.cat\\\/wp-content\\\/uploads\\\/2020\\\/09\\\/socialchangetraining.jpg\",\"datePublished\":\"2020-09-28T08:45:39+00:00\",\"dateModified\":\"2020-10-15T16:22:45+00:00\",\"description\":\"Arriba una nova oportunitat de formaci\u00f3 internacional, un trainging course de la casa Kurt L\u00f6wenstein: \u201cEducation for social change\u201d.\",\"breadcrumb\":{\"@id\":\"https:\\\/\\\/www.esplac.cat\\\/nova-formacio-internacional-education-for-social-change\\\/#breadcrumb\"},\"inLanguage\":\"en-US\",\"potentialAction\":[{\"@type\":\"ReadAction\",\"target\":[\"https:\\\/\\\/www.esplac.cat\\\/nova-formacio-internacional-education-for-social-change\\\/\"]}]},{\"@type\":\"ImageObject\",\"inLanguage\":\"en-US\",\"@id\":\"https:\\\/\\\/www.esplac.cat\\\/nova-formacio-internacional-education-for-social-change\\\/#primaryimage\",\"url\":\"https:\\\/\\\/www.esplac.cat\\\/wp-content\\\/uploads\\\/2020\\\/09\\\/socialchangetraining.jpg\",\"contentUrl\":\"https:\\\/\\\/www.esplac.cat\\\/wp-content\\\/uploads\\\/2020\\\/09\\\/socialchangetraining.jpg\",\"width\":1697,\"height\":700,\"caption\":\"formaci\u00f3\"},{\"@type\":\"BreadcrumbList\",\"@id\":\"https:\\\/\\\/www.esplac.cat\\\/nova-formacio-internacional-education-for-social-change\\\/#breadcrumb\",\"itemListElement\":[{\"@type\":\"ListItem\",\"position\":1,\"name\":\"Inici\",\"item\":\"https:\\\/\\\/www.esplac.cat\\\/en\\\/\"},{\"@type\":\"ListItem\",\"position\":2,\"name\":\"Nova formaci\u00f3 internacional: &#8220;Education for social change&#8221;\"}]},{\"@type\":\"WebSite\",\"@id\":\"https:\\\/\\\/www.esplac.cat\\\/#website\",\"url\":\"https:\\\/\\\/www.esplac.cat\\\/\",\"name\":\"Esplac\",\"description\":\"Esplais Catalans\",\"publisher\":{\"@id\":\"https:\\\/\\\/www.esplac.cat\\\/#organization\"},\"potentialAction\":[{\"@type\":\"SearchAction\",\"target\":{\"@type\":\"EntryPoint\",\"urlTemplate\":\"https:\\\/\\\/www.esplac.cat\\\/?s={search_term_string}\"},\"query-input\":{\"@type\":\"PropertyValueSpecification\",\"valueRequired\":true,\"valueName\":\"search_term_string\"}}],\"inLanguage\":\"en-US\"},{\"@type\":\"Organization\",\"@id\":\"https:\\\/\\\/www.esplac.cat\\\/#organization\",\"name\":\"Esplac\",\"url\":\"https:\\\/\\\/www.esplac.cat\\\/\",\"logo\":{\"@type\":\"ImageObject\",\"inLanguage\":\"en-US\",\"@id\":\"https:\\\/\\\/www.esplac.cat\\\/#\\\/schema\\\/logo\\\/image\\\/\",\"url\":\"https:\\\/\\\/www.esplac.cat\\\/wp-content\\\/uploads\\\/2019\\\/08\\\/logox2.png\",\"contentUrl\":\"https:\\\/\\\/www.esplac.cat\\\/wp-content\\\/uploads\\\/2019\\\/08\\\/logox2.png\",\"width\":600,\"height\":295,\"caption\":\"Esplac\"},\"image\":{\"@id\":\"https:\\\/\\\/www.esplac.cat\\\/#\\\/schema\\\/logo\\\/image\\\/\"}},{\"@type\":\"Person\",\"@id\":\"https:\\\/\\\/www.esplac.cat\\\/#\\\/schema\\\/person\\\/908383cf240be18b68f8855d0583faca\",\"name\":\"Comunicaci\u00f3 Esplac\",\"image\":{\"@type\":\"ImageObject\",\"inLanguage\":\"en-US\",\"@id\":\"https:\\\/\\\/secure.gravatar.com\\\/avatar\\\/7a4cf8feb412a76ea4a740ca02d95b06b2907b5a6c648c2dd0a1082a093c3141?s=96&d=mm&r=g\",\"url\":\"https:\\\/\\\/secure.gravatar.com\\\/avatar\\\/7a4cf8feb412a76ea4a740ca02d95b06b2907b5a6c648c2dd0a1082a093c3141?s=96&d=mm&r=g\",\"contentUrl\":\"https:\\\/\\\/secure.gravatar.com\\\/avatar\\\/7a4cf8feb412a76ea4a740ca02d95b06b2907b5a6c648c2dd0a1082a093c3141?s=96&d=mm&r=g\",\"caption\":\"Comunicaci\u00f3 Esplac\"}}]}<\/script>\n<!-- \/ Yoast SEO plugin. -->","yoast_head_json":{"title":"Nova formaci\u00f3 internacional: \"Education for social change\" - Esplac","description":"Arriba una nova oportunitat de formaci\u00f3 internacional, un trainging course de la casa Kurt L\u00f6wenstein: \u201cEducation for social change\u201d.","robots":{"index":"index","follow":"follow","max-snippet":"max-snippet:-1","max-image-preview":"max-image-preview:large","max-video-preview":"max-video-preview:-1"},"canonical":"https:\/\/www.esplac.cat\/nova-formacio-internacional-education-for-social-change\/","og_locale":"en_US","og_type":"article","og_title":"Nova formaci\u00f3 internacional: \"Education for social change\" - Esplac","og_description":"Arriba una nova oportunitat de formaci\u00f3 internacional, un trainging course de la casa Kurt L\u00f6wenstein: \u201cEducation for social change\u201d.","og_url":"https:\/\/www.esplac.cat\/nova-formacio-internacional-education-for-social-change\/","og_site_name":"Esplac","article_published_time":"2020-09-28T08:45:39+00:00","article_modified_time":"2020-10-15T16:22:45+00:00","og_image":[{"width":1697,"height":700,"url":"https:\/\/www.esplac.cat\/wp-content\/uploads\/2020\/09\/socialchangetraining.jpg","type":"image\/jpeg"}],"author":"Comunicaci\u00f3 Esplac","twitter_card":"summary_large_image","twitter_misc":{"Written by":"Comunicaci\u00f3 Esplac","Est. reading time":"4 minutes"},"schema":{"@context":"https:\/\/schema.org","@graph":[{"@type":"Article","@id":"https:\/\/www.esplac.cat\/nova-formacio-internacional-education-for-social-change\/#article","isPartOf":{"@id":"https:\/\/www.esplac.cat\/nova-formacio-internacional-education-for-social-change\/"},"author":{"name":"Comunicaci\u00f3 Esplac","@id":"https:\/\/www.esplac.cat\/#\/schema\/person\/908383cf240be18b68f8855d0583faca"},"headline":"Nova formaci\u00f3 internacional: &#8220;Education for social change&#8221;","datePublished":"2020-09-28T08:45:39+00:00","dateModified":"2020-10-15T16:22:45+00:00","mainEntityOfPage":{"@id":"https:\/\/www.esplac.cat\/nova-formacio-internacional-education-for-social-change\/"},"wordCount":713,"publisher":{"@id":"https:\/\/www.esplac.cat\/#organization"},"image":{"@id":"https:\/\/www.esplac.cat\/nova-formacio-internacional-education-for-social-change\/#primaryimage"},"thumbnailUrl":"https:\/\/www.esplac.cat\/wp-content\/uploads\/2020\/09\/socialchangetraining.jpg","articleSection":["Esplac al m\u00f3n"],"inLanguage":"en-US"},{"@type":"WebPage","@id":"https:\/\/www.esplac.cat\/nova-formacio-internacional-education-for-social-change\/","url":"https:\/\/www.esplac.cat\/nova-formacio-internacional-education-for-social-change\/","name":"Nova formaci\u00f3 internacional: \"Education for social change\" - Esplac","isPartOf":{"@id":"https:\/\/www.esplac.cat\/#website"},"primaryImageOfPage":{"@id":"https:\/\/www.esplac.cat\/nova-formacio-internacional-education-for-social-change\/#primaryimage"},"image":{"@id":"https:\/\/www.esplac.cat\/nova-formacio-internacional-education-for-social-change\/#primaryimage"},"thumbnailUrl":"https:\/\/www.esplac.cat\/wp-content\/uploads\/2020\/09\/socialchangetraining.jpg","datePublished":"2020-09-28T08:45:39+00:00","dateModified":"2020-10-15T16:22:45+00:00","description":"Arriba una nova oportunitat de formaci\u00f3 internacional, un trainging course de la casa Kurt L\u00f6wenstein: \u201cEducation for social change\u201d.","breadcrumb":{"@id":"https:\/\/www.esplac.cat\/nova-formacio-internacional-education-for-social-change\/#breadcrumb"},"inLanguage":"en-US","potentialAction":[{"@type":"ReadAction","target":["https:\/\/www.esplac.cat\/nova-formacio-internacional-education-for-social-change\/"]}]},{"@type":"ImageObject","inLanguage":"en-US","@id":"https:\/\/www.esplac.cat\/nova-formacio-internacional-education-for-social-change\/#primaryimage","url":"https:\/\/www.esplac.cat\/wp-content\/uploads\/2020\/09\/socialchangetraining.jpg","contentUrl":"https:\/\/www.esplac.cat\/wp-content\/uploads\/2020\/09\/socialchangetraining.jpg","width":1697,"height":700,"caption":"formaci\u00f3"},{"@type":"BreadcrumbList","@id":"https:\/\/www.esplac.cat\/nova-formacio-internacional-education-for-social-change\/#breadcrumb","itemListElement":[{"@type":"ListItem","position":1,"name":"Inici","item":"https:\/\/www.esplac.cat\/en\/"},{"@type":"ListItem","position":2,"name":"Nova formaci\u00f3 internacional: &#8220;Education for social change&#8221;"}]},{"@type":"WebSite","@id":"https:\/\/www.esplac.cat\/#website","url":"https:\/\/www.esplac.cat\/","name":"Esplac","description":"Esplais Catalans","publisher":{"@id":"https:\/\/www.esplac.cat\/#organization"},"potentialAction":[{"@type":"SearchAction","target":{"@type":"EntryPoint","urlTemplate":"https:\/\/www.esplac.cat\/?s={search_term_string}"},"query-input":{"@type":"PropertyValueSpecification","valueRequired":true,"valueName":"search_term_string"}}],"inLanguage":"en-US"},{"@type":"Organization","@id":"https:\/\/www.esplac.cat\/#organization","name":"Esplac","url":"https:\/\/www.esplac.cat\/","logo":{"@type":"ImageObject","inLanguage":"en-US","@id":"https:\/\/www.esplac.cat\/#\/schema\/logo\/image\/","url":"https:\/\/www.esplac.cat\/wp-content\/uploads\/2019\/08\/logox2.png","contentUrl":"https:\/\/www.esplac.cat\/wp-content\/uploads\/2019\/08\/logox2.png","width":600,"height":295,"caption":"Esplac"},"image":{"@id":"https:\/\/www.esplac.cat\/#\/schema\/logo\/image\/"}},{"@type":"Person","@id":"https:\/\/www.esplac.cat\/#\/schema\/person\/908383cf240be18b68f8855d0583faca","name":"Comunicaci\u00f3 Esplac","image":{"@type":"ImageObject","inLanguage":"en-US","@id":"https:\/\/secure.gravatar.com\/avatar\/7a4cf8feb412a76ea4a740ca02d95b06b2907b5a6c648c2dd0a1082a093c3141?s=96&d=mm&r=g","url":"https:\/\/secure.gravatar.com\/avatar\/7a4cf8feb412a76ea4a740ca02d95b06b2907b5a6c648c2dd0a1082a093c3141?s=96&d=mm&r=g","contentUrl":"https:\/\/secure.gravatar.com\/avatar\/7a4cf8feb412a76ea4a740ca02d95b06b2907b5a6c648c2dd0a1082a093c3141?s=96&d=mm&r=g","caption":"Comunicaci\u00f3 Esplac"}}]}},"_links":{"self":[{"href":"https:\/\/www.esplac.cat\/en\/wp-json\/wp\/v2\/posts\/32504","targetHints":{"allow":["GET"]}}],"collection":[{"href":"https:\/\/www.esplac.cat\/en\/wp-json\/wp\/v2\/posts"}],"about":[{"href":"https:\/\/www.esplac.cat\/en\/wp-json\/wp\/v2\/types\/post"}],"author":[{"embeddable":true,"href":"https:\/\/www.esplac.cat\/en\/wp-json\/wp\/v2\/users\/3"}],"replies":[{"embeddable":true,"href":"https:\/\/www.esplac.cat\/en\/wp-json\/wp\/v2\/comments?post=32504"}],"version-history":[{"count":0,"href":"https:\/\/www.esplac.cat\/en\/wp-json\/wp\/v2\/posts\/32504\/revisions"}],"wp:featuredmedia":[{"embeddable":true,"href":"https:\/\/www.esplac.cat\/en\/wp-json\/wp\/v2\/media\/32520"}],"wp:attachment":[{"href":"https:\/\/www.esplac.cat\/en\/wp-json\/wp\/v2\/media?parent=32504"}],"wp:term":[{"taxonomy":"category","embeddable":true,"href":"https:\/\/www.esplac.cat\/en\/wp-json\/wp\/v2\/categories?post=32504"},{"taxonomy":"post_tag","embeddable":true,"href":"https:\/\/www.esplac.cat\/en\/wp-json\/wp\/v2\/tags?post=32504"}],"curies":[{"name":"wp","href":"https:\/\/api.w.org\/{rel}","templated":true}]}}