{"id":32525,"date":"2020-09-29T10:11:34","date_gmt":"2020-09-29T09:11:34","guid":{"rendered":"https:\/\/www.esplac.cat\/?p=32525"},"modified":"2020-10-15T17:22:45","modified_gmt":"2020-10-15T16:22:45","slug":"sectors-esplac-nou-curs","status":"publish","type":"post","link":"https:\/\/www.esplac.cat\/en\/sectors-esplac-nou-curs\/","title":{"rendered":"Els sectors d&#8217;Esplac engeguen el nou curs: AGO, formacions i cohesi\u00f3!"},"content":{"rendered":"<p><strong>Aquest passat cap de setmana alguns sectors geogr\u00e0fics d&#8217;Esplac van fer l&#8217;Assemblea General Ordin\u00e0ria del sector i diverses activitats formatives per preparar i encarar el nou curs.<\/strong><\/p>\n<h6><b>El Cal\u00e7a&#8217;t del Sector Pened\u00e8s, Garraf i Anoia<\/b><\/h6>\n<p><span style=\"color: #ff9900;\"><a style=\"color: #ff9900; text-decoration: underline;\" href=\"https:\/\/www.esplac.cat\/sectors-geografics\/penedes-garraf-i-anoia\/\" target=\"_blank\" rel=\"noopener noreferrer\"><strong>E<\/strong><b>l Sector PGA<\/b><\/a><\/span> va fer l&#8217;anual Cal\u00e7a&#8217;t.\u00a0 Dissabte 26, de 10 del mat\u00ed a 20 del vespre, es van reunir a la casa de Col\u00f2nies de Can Foix (Canyelles). Al mat\u00ed van fer 3 formacions per grups: <strong>Pedagogia del joc<\/strong>, <strong>Participaci\u00f3 infantil<\/strong> i <strong>Atenci\u00f3 a la Diversitat Funcional<\/strong>. Moltes monitores eren de primer any i va anar super b\u00e9 perqu\u00e8 es coneguessin entre elles. De fet, algunes ja es coneixien dels cursos de monis de l&#8217;estiu o d&#8217;altres activitats anteriors! A la tarda va tenir lloc l&#8217;AGO i es va poder marcar les l\u00ednies generals del Pla de Treball del curs 2020-21, sobretot encarades a enfortir la formaci\u00f3 i la cohesi\u00f3 de les monitores del sector, i oferir suport als esplais per fer front a la situaci\u00f3 de la Covid-19.<\/p>\n<p><img decoding=\"async\" class=\"aligncenter wp-image-32564\" src=\"https:\/\/www.esplac.cat\/wp-content\/uploads\/2020\/09\/pga-1.jpeg\" alt=\"\" width=\"404\" height=\"303\" srcset=\"https:\/\/www.esplac.cat\/wp-content\/uploads\/2020\/09\/pga-1-200x150.jpeg 200w, https:\/\/www.esplac.cat\/wp-content\/uploads\/2020\/09\/pga-1-300x225.jpeg 300w, https:\/\/www.esplac.cat\/wp-content\/uploads\/2020\/09\/pga-1-400x300.jpeg 400w, https:\/\/www.esplac.cat\/wp-content\/uploads\/2020\/09\/pga-1-600x450.jpeg 600w, https:\/\/www.esplac.cat\/wp-content\/uploads\/2020\/09\/pga-1-768x576.jpeg 768w, https:\/\/www.esplac.cat\/wp-content\/uploads\/2020\/09\/pga-1-800x600.jpeg 800w, https:\/\/www.esplac.cat\/wp-content\/uploads\/2020\/09\/pga-1-1024x768.jpeg 1024w, https:\/\/www.esplac.cat\/wp-content\/uploads\/2020\/09\/pga-1-1200x900.jpeg 1200w, https:\/\/www.esplac.cat\/wp-content\/uploads\/2020\/09\/pga-1-1536x1152.jpeg 1536w, https:\/\/www.esplac.cat\/wp-content\/uploads\/2020\/09\/pga-1.jpeg 1600w\" sizes=\"(max-width: 404px) 100vw, 404px\" \/><\/p>\n<h6><\/h6>\n<h6><strong>Sector Ripoll\u00e8s, Osona i Moian\u00e8s: Reuni\u00f3, AGO i formacions amb la Fundaci\u00f3 Biky Bernadet<\/strong><\/h6>\n<div class=\"gmail_default\"><span style=\"color: #ff9900;\"><a style=\"color: #ff9900; text-decoration: underline;\" href=\"https:\/\/www.esplac.cat\/sectors-geografics\/ripolles-osona-i-moianes\/\" target=\"_blank\" rel=\"noopener noreferrer\">El <b>Sector ROM<\/b> <\/a><\/span>va fer la Reuni\u00f3 de Sector i seguidament l&#8217;AGO a Folgueroles. Es va treballar in situ el Pla de Treball mitjan\u00e7ant una din\u00e0mica creada per l&#8217;EGS (l&#8217;Equip General del Sector) en la qual s&#8217;analitzaven les necessitats del sector. D&#8217;aquesta manera, es van decidir tant els objectius com les activitats pel curs 2020-21. Com a novetats es va acordar que es faria una <strong>DUDI telem\u00e0tica<\/strong> i unes<strong> Jornades Formatives<\/strong> (que substitueixen la Cal\u00e7otada Formativa).<\/div>\n<div class=\"gmail_default\">A la tarda, es va fer la formaci\u00f3 de <strong>Prevenci\u00f3 i Abordatge de l&#8217;Ab\u00fas Sexual Infantil <\/strong>a mans de la <span style=\"color: #ff9900;\"><a style=\"color: #ff9900; text-decoration: underline;\" href=\"https:\/\/www.fbernadet.org\/\" target=\"_blank\" rel=\"noopener noreferrer\">Fundaci\u00f3 Biky Bernadet.<\/a><\/span><\/div>\n<p><img decoding=\"async\" class=\"aligncenter wp-image-32556\" src=\"https:\/\/www.esplac.cat\/wp-content\/uploads\/2020\/09\/WhatsApp-Image-2020-09-28-at-14.13.46-2.jpeg\" alt=\"\" width=\"348\" height=\"261\" \/><\/p>\n<h6><strong>El Bages i Bergued\u00e0 planteja com encarar el curs i es forma amb l&#8217;Escola Lliure El Sol<\/strong><\/h6>\n<p><span style=\"color: #ff9900;\"><a style=\"color: #ff9900;\" href=\"https:\/\/www.esplac.cat\/sectors-geografics\/bages-bergueda\/\" target=\"_blank\" rel=\"noopener noreferrer\">El Sector BB<\/a> <\/span>va fer l&#8217;AGO a Sallent. Van treballar tamb\u00e9 el Pla de Treball i van decidir que volien <strong>mantenir el contacte amb els infants del sector<\/strong>. Per aix\u00f2 van crear per franges d&#8217;edat activitats sense contacte amb v\u00eddeos, cartes, reptes, etc. A m\u00e9s, aquest any s&#8217;han proposat apostar per la <strong>formaci\u00f3 de les joves<\/strong>. Al mat\u00ed van fer una formaci\u00f3 sobre la<strong> Prevenci\u00f3 i Actuaci\u00f3 davant l&#8217;ab\u00fas sexual i el maltractament infantil<\/strong> a mans de l&#8217;Escola Lliure el Sol.<\/p>\n<div><img decoding=\"async\" class=\"aligncenter wp-image-32567\" src=\"https:\/\/www.esplac.cat\/wp-content\/uploads\/2020\/09\/bb.jpeg\" alt=\"\" width=\"382\" height=\"286\" srcset=\"https:\/\/www.esplac.cat\/wp-content\/uploads\/2020\/09\/bb-200x150.jpeg 200w, https:\/\/www.esplac.cat\/wp-content\/uploads\/2020\/09\/bb-300x225.jpeg 300w, https:\/\/www.esplac.cat\/wp-content\/uploads\/2020\/09\/bb-400x300.jpeg 400w, https:\/\/www.esplac.cat\/wp-content\/uploads\/2020\/09\/bb-600x450.jpeg 600w, https:\/\/www.esplac.cat\/wp-content\/uploads\/2020\/09\/bb-768x576.jpeg 768w, https:\/\/www.esplac.cat\/wp-content\/uploads\/2020\/09\/bb-800x600.jpeg 800w, https:\/\/www.esplac.cat\/wp-content\/uploads\/2020\/09\/bb-1024x768.jpeg 1024w, https:\/\/www.esplac.cat\/wp-content\/uploads\/2020\/09\/bb-1200x900.jpeg 1200w, https:\/\/www.esplac.cat\/wp-content\/uploads\/2020\/09\/bb-1536x1152.jpeg 1536w, https:\/\/www.esplac.cat\/wp-content\/uploads\/2020\/09\/bb.jpeg 1600w\" sizes=\"(max-width: 382px) 100vw, 382px\" \/><\/div>\n<div><\/div>\n<h6><strong>Sector Girona: consolidar-se, cr\u00e9ixer i fer xarxa!<\/strong><\/h6>\n<div>Aquest cap de setmana tamb\u00e9 es va celebrar l&#8217;AGO del <span style=\"color: #ff9900;\"><a style=\"color: #ff9900; text-decoration: underline;\" href=\"https:\/\/www.esplac.cat\/sectors-geografics\/girona\/\" target=\"_blank\" rel=\"noopener noreferrer\">Sector Girona<\/a><\/span>, aquest cop en format virtual! Es va aprovar la mem\u00f2ria i es va preparar el Pla de Treball pel nou curs, que contin\u00faa amb dos objectius molt importants: consolidar i mantenir el funcionamnet del sector, i fer-lo cr\u00e9ixer. A m\u00e9s, es va sumar un objectiu nou: enfortir la xarxa entre els esplais del sector!<\/div>\n<div><img decoding=\"async\" class=\"aligncenter wp-image-32559\" src=\"https:\/\/www.esplac.cat\/wp-content\/uploads\/2020\/09\/AGO-Girona-2020.jpeg\" alt=\"\" width=\"502\" height=\"281\" srcset=\"https:\/\/www.esplac.cat\/wp-content\/uploads\/2020\/09\/AGO-Girona-2020-200x112.jpeg 200w, https:\/\/www.esplac.cat\/wp-content\/uploads\/2020\/09\/AGO-Girona-2020-300x168.jpeg 300w, https:\/\/www.esplac.cat\/wp-content\/uploads\/2020\/09\/AGO-Girona-2020-400x224.jpeg 400w, https:\/\/www.esplac.cat\/wp-content\/uploads\/2020\/09\/AGO-Girona-2020-600x336.jpeg 600w, https:\/\/www.esplac.cat\/wp-content\/uploads\/2020\/09\/AGO-Girona-2020-768x430.jpeg 768w, https:\/\/www.esplac.cat\/wp-content\/uploads\/2020\/09\/AGO-Girona-2020-800x448.jpeg 800w, https:\/\/www.esplac.cat\/wp-content\/uploads\/2020\/09\/AGO-Girona-2020-1024x573.jpeg 1024w, https:\/\/www.esplac.cat\/wp-content\/uploads\/2020\/09\/AGO-Girona-2020.jpeg 1159w\" sizes=\"(max-width: 502px) 100vw, 502px\" \/><\/div>\n<div>\n<div><\/div>\n<\/div>\n","protected":false},"excerpt":{"rendered":"<p>Aquest passat cap de setmana alguns sectors geogr\u00e0fics d&#8217;Esplac van [&hellip;]<\/p>\n","protected":false},"author":3,"featured_media":32527,"comment_status":"closed","ping_status":"open","sticky":false,"template":"","format":"standard","meta":{"om_disable_all_campaigns":false,"_monsterinsights_skip_tracking":false,"_monsterinsights_sitenote_active":false,"_monsterinsights_sitenote_note":"","_monsterinsights_sitenote_category":0,"_uf_show_specific_survey":0,"_uf_disable_surveys":false,"footnotes":""},"categories":[1110,1133,1130,1123,1120],"tags":[],"class_list":["post-32525","post","type-post","status-publish","format-standard","has-post-thumbnail","hentry","category-activitats-sectors","category-sector-bages-bergueda-cerdanya","category-sector-girona","category-sector-penedes-garraf-anoia","category-sector-ripolles-osona-i-moianes"],"yoast_head":"<!-- This site is optimized with the Yoast SEO plugin v27.4 - https:\/\/yoast.com\/product\/yoast-seo-wordpress\/ -->\n<title>Els sectors d&#039;Esplac engeguen el nou curs: AGO, formacions i cohesi\u00f3!<\/title>\n<meta name=\"description\" content=\"Alguns sectors geogr\u00e0fics d&#039;Esplac han fet l&#039;Assemblea General Ordin\u00e0ria i diverses activitats formatives per preparar i encarar el nou curs del sector!\" \/>\n<meta name=\"robots\" content=\"index, follow, max-snippet:-1, max-image-preview:large, max-video-preview:-1\" \/>\n<link rel=\"canonical\" href=\"https:\/\/www.esplac.cat\/sectors-esplac-nou-curs\/\" \/>\n<meta property=\"og:locale\" content=\"en_US\" \/>\n<meta property=\"og:type\" content=\"article\" \/>\n<meta property=\"og:title\" content=\"Els sectors d&#039;Esplac engeguen el nou curs: AGO, formacions i cohesi\u00f3!\" \/>\n<meta property=\"og:description\" content=\"Alguns sectors geogr\u00e0fics d&#039;Esplac han fet l&#039;Assemblea General Ordin\u00e0ria i diverses activitats formatives per preparar i encarar el nou curs del sector!\" \/>\n<meta property=\"og:url\" content=\"https:\/\/www.esplac.cat\/sectors-esplac-nou-curs\/\" \/>\n<meta property=\"og:site_name\" content=\"Esplac\" \/>\n<meta property=\"article:published_time\" content=\"2020-09-29T09:11:34+00:00\" \/>\n<meta property=\"article:modified_time\" content=\"2020-10-15T16:22:45+00:00\" \/>\n<meta property=\"og:image\" content=\"https:\/\/www.esplac.cat\/wp-content\/uploads\/2020\/09\/romAGO.jpg\" \/>\n\t<meta property=\"og:image:width\" content=\"1697\" \/>\n\t<meta property=\"og:image:height\" content=\"700\" \/>\n\t<meta property=\"og:image:type\" content=\"image\/jpeg\" \/>\n<meta name=\"author\" content=\"Comunicaci\u00f3 Esplac\" \/>\n<meta name=\"twitter:card\" content=\"summary_large_image\" \/>\n<meta name=\"twitter:label1\" content=\"Written by\" \/>\n\t<meta name=\"twitter:data1\" content=\"Comunicaci\u00f3 Esplac\" \/>\n\t<meta name=\"twitter:label2\" content=\"Est. reading time\" \/>\n\t<meta name=\"twitter:data2\" content=\"2 minutes\" \/>\n<script type=\"application\/ld+json\" class=\"yoast-schema-graph\">{\"@context\":\"https:\\\/\\\/schema.org\",\"@graph\":[{\"@type\":\"Article\",\"@id\":\"https:\\\/\\\/www.esplac.cat\\\/sectors-esplac-nou-curs\\\/#article\",\"isPartOf\":{\"@id\":\"https:\\\/\\\/www.esplac.cat\\\/sectors-esplac-nou-curs\\\/\"},\"author\":{\"name\":\"Comunicaci\u00f3 Esplac\",\"@id\":\"https:\\\/\\\/www.esplac.cat\\\/#\\\/schema\\\/person\\\/908383cf240be18b68f8855d0583faca\"},\"headline\":\"Els sectors d&#8217;Esplac engeguen el nou curs: AGO, formacions i cohesi\u00f3!\",\"datePublished\":\"2020-09-29T09:11:34+00:00\",\"dateModified\":\"2020-10-15T16:22:45+00:00\",\"mainEntityOfPage\":{\"@id\":\"https:\\\/\\\/www.esplac.cat\\\/sectors-esplac-nou-curs\\\/\"},\"wordCount\":501,\"publisher\":{\"@id\":\"https:\\\/\\\/www.esplac.cat\\\/#organization\"},\"image\":{\"@id\":\"https:\\\/\\\/www.esplac.cat\\\/sectors-esplac-nou-curs\\\/#primaryimage\"},\"thumbnailUrl\":\"https:\\\/\\\/www.esplac.cat\\\/wp-content\\\/uploads\\\/2020\\\/09\\\/romAGO.jpg\",\"articleSection\":[\"Activitats sectors\",\"Sector Bages, Bergued\u00e0 i La Cerdanya\",\"Sector Girona\",\"Sector Pened\u00e8s, Garraf i Anoia\",\"Sector Ripoll\u00e8s, Osona i Moian\u00e8s\"],\"inLanguage\":\"en-US\"},{\"@type\":\"WebPage\",\"@id\":\"https:\\\/\\\/www.esplac.cat\\\/sectors-esplac-nou-curs\\\/\",\"url\":\"https:\\\/\\\/www.esplac.cat\\\/sectors-esplac-nou-curs\\\/\",\"name\":\"Els sectors d'Esplac engeguen el nou curs: AGO, formacions i cohesi\u00f3!\",\"isPartOf\":{\"@id\":\"https:\\\/\\\/www.esplac.cat\\\/#website\"},\"primaryImageOfPage\":{\"@id\":\"https:\\\/\\\/www.esplac.cat\\\/sectors-esplac-nou-curs\\\/#primaryimage\"},\"image\":{\"@id\":\"https:\\\/\\\/www.esplac.cat\\\/sectors-esplac-nou-curs\\\/#primaryimage\"},\"thumbnailUrl\":\"https:\\\/\\\/www.esplac.cat\\\/wp-content\\\/uploads\\\/2020\\\/09\\\/romAGO.jpg\",\"datePublished\":\"2020-09-29T09:11:34+00:00\",\"dateModified\":\"2020-10-15T16:22:45+00:00\",\"description\":\"Alguns sectors geogr\u00e0fics d'Esplac han fet l'Assemblea General Ordin\u00e0ria i diverses activitats formatives per preparar i encarar el nou curs del sector!\",\"breadcrumb\":{\"@id\":\"https:\\\/\\\/www.esplac.cat\\\/sectors-esplac-nou-curs\\\/#breadcrumb\"},\"inLanguage\":\"en-US\",\"potentialAction\":[{\"@type\":\"ReadAction\",\"target\":[\"https:\\\/\\\/www.esplac.cat\\\/sectors-esplac-nou-curs\\\/\"]}]},{\"@type\":\"ImageObject\",\"inLanguage\":\"en-US\",\"@id\":\"https:\\\/\\\/www.esplac.cat\\\/sectors-esplac-nou-curs\\\/#primaryimage\",\"url\":\"https:\\\/\\\/www.esplac.cat\\\/wp-content\\\/uploads\\\/2020\\\/09\\\/romAGO.jpg\",\"contentUrl\":\"https:\\\/\\\/www.esplac.cat\\\/wp-content\\\/uploads\\\/2020\\\/09\\\/romAGO.jpg\",\"width\":1697,\"height\":700,\"caption\":\"AGO sector ROM\"},{\"@type\":\"BreadcrumbList\",\"@id\":\"https:\\\/\\\/www.esplac.cat\\\/sectors-esplac-nou-curs\\\/#breadcrumb\",\"itemListElement\":[{\"@type\":\"ListItem\",\"position\":1,\"name\":\"Inici\",\"item\":\"https:\\\/\\\/www.esplac.cat\\\/en\\\/\"},{\"@type\":\"ListItem\",\"position\":2,\"name\":\"Els sectors d&#8217;Esplac engeguen el nou curs: AGO, formacions i cohesi\u00f3!\"}]},{\"@type\":\"WebSite\",\"@id\":\"https:\\\/\\\/www.esplac.cat\\\/#website\",\"url\":\"https:\\\/\\\/www.esplac.cat\\\/\",\"name\":\"Esplac\",\"description\":\"Esplais Catalans\",\"publisher\":{\"@id\":\"https:\\\/\\\/www.esplac.cat\\\/#organization\"},\"potentialAction\":[{\"@type\":\"SearchAction\",\"target\":{\"@type\":\"EntryPoint\",\"urlTemplate\":\"https:\\\/\\\/www.esplac.cat\\\/?s={search_term_string}\"},\"query-input\":{\"@type\":\"PropertyValueSpecification\",\"valueRequired\":true,\"valueName\":\"search_term_string\"}}],\"inLanguage\":\"en-US\"},{\"@type\":\"Organization\",\"@id\":\"https:\\\/\\\/www.esplac.cat\\\/#organization\",\"name\":\"Esplac\",\"url\":\"https:\\\/\\\/www.esplac.cat\\\/\",\"logo\":{\"@type\":\"ImageObject\",\"inLanguage\":\"en-US\",\"@id\":\"https:\\\/\\\/www.esplac.cat\\\/#\\\/schema\\\/logo\\\/image\\\/\",\"url\":\"https:\\\/\\\/www.esplac.cat\\\/wp-content\\\/uploads\\\/2019\\\/08\\\/logox2.png\",\"contentUrl\":\"https:\\\/\\\/www.esplac.cat\\\/wp-content\\\/uploads\\\/2019\\\/08\\\/logox2.png\",\"width\":600,\"height\":295,\"caption\":\"Esplac\"},\"image\":{\"@id\":\"https:\\\/\\\/www.esplac.cat\\\/#\\\/schema\\\/logo\\\/image\\\/\"}},{\"@type\":\"Person\",\"@id\":\"https:\\\/\\\/www.esplac.cat\\\/#\\\/schema\\\/person\\\/908383cf240be18b68f8855d0583faca\",\"name\":\"Comunicaci\u00f3 Esplac\",\"image\":{\"@type\":\"ImageObject\",\"inLanguage\":\"en-US\",\"@id\":\"https:\\\/\\\/secure.gravatar.com\\\/avatar\\\/7a4cf8feb412a76ea4a740ca02d95b06b2907b5a6c648c2dd0a1082a093c3141?s=96&d=mm&r=g\",\"url\":\"https:\\\/\\\/secure.gravatar.com\\\/avatar\\\/7a4cf8feb412a76ea4a740ca02d95b06b2907b5a6c648c2dd0a1082a093c3141?s=96&d=mm&r=g\",\"contentUrl\":\"https:\\\/\\\/secure.gravatar.com\\\/avatar\\\/7a4cf8feb412a76ea4a740ca02d95b06b2907b5a6c648c2dd0a1082a093c3141?s=96&d=mm&r=g\",\"caption\":\"Comunicaci\u00f3 Esplac\"}}]}<\/script>\n<!-- \/ Yoast SEO plugin. -->","yoast_head_json":{"title":"Els sectors d'Esplac engeguen el nou curs: AGO, formacions i cohesi\u00f3!","description":"Alguns sectors geogr\u00e0fics d'Esplac han fet l'Assemblea General Ordin\u00e0ria i diverses activitats formatives per preparar i encarar el nou curs del sector!","robots":{"index":"index","follow":"follow","max-snippet":"max-snippet:-1","max-image-preview":"max-image-preview:large","max-video-preview":"max-video-preview:-1"},"canonical":"https:\/\/www.esplac.cat\/sectors-esplac-nou-curs\/","og_locale":"en_US","og_type":"article","og_title":"Els sectors d'Esplac engeguen el nou curs: AGO, formacions i cohesi\u00f3!","og_description":"Alguns sectors geogr\u00e0fics d'Esplac han fet l'Assemblea General Ordin\u00e0ria i diverses activitats formatives per preparar i encarar el nou curs del sector!","og_url":"https:\/\/www.esplac.cat\/sectors-esplac-nou-curs\/","og_site_name":"Esplac","article_published_time":"2020-09-29T09:11:34+00:00","article_modified_time":"2020-10-15T16:22:45+00:00","og_image":[{"width":1697,"height":700,"url":"https:\/\/www.esplac.cat\/wp-content\/uploads\/2020\/09\/romAGO.jpg","type":"image\/jpeg"}],"author":"Comunicaci\u00f3 Esplac","twitter_card":"summary_large_image","twitter_misc":{"Written by":"Comunicaci\u00f3 Esplac","Est. reading time":"2 minutes"},"schema":{"@context":"https:\/\/schema.org","@graph":[{"@type":"Article","@id":"https:\/\/www.esplac.cat\/sectors-esplac-nou-curs\/#article","isPartOf":{"@id":"https:\/\/www.esplac.cat\/sectors-esplac-nou-curs\/"},"author":{"name":"Comunicaci\u00f3 Esplac","@id":"https:\/\/www.esplac.cat\/#\/schema\/person\/908383cf240be18b68f8855d0583faca"},"headline":"Els sectors d&#8217;Esplac engeguen el nou curs: AGO, formacions i cohesi\u00f3!","datePublished":"2020-09-29T09:11:34+00:00","dateModified":"2020-10-15T16:22:45+00:00","mainEntityOfPage":{"@id":"https:\/\/www.esplac.cat\/sectors-esplac-nou-curs\/"},"wordCount":501,"publisher":{"@id":"https:\/\/www.esplac.cat\/#organization"},"image":{"@id":"https:\/\/www.esplac.cat\/sectors-esplac-nou-curs\/#primaryimage"},"thumbnailUrl":"https:\/\/www.esplac.cat\/wp-content\/uploads\/2020\/09\/romAGO.jpg","articleSection":["Activitats sectors","Sector Bages, Bergued\u00e0 i La Cerdanya","Sector Girona","Sector Pened\u00e8s, Garraf i Anoia","Sector Ripoll\u00e8s, Osona i Moian\u00e8s"],"inLanguage":"en-US"},{"@type":"WebPage","@id":"https:\/\/www.esplac.cat\/sectors-esplac-nou-curs\/","url":"https:\/\/www.esplac.cat\/sectors-esplac-nou-curs\/","name":"Els sectors d'Esplac engeguen el nou curs: AGO, formacions i cohesi\u00f3!","isPartOf":{"@id":"https:\/\/www.esplac.cat\/#website"},"primaryImageOfPage":{"@id":"https:\/\/www.esplac.cat\/sectors-esplac-nou-curs\/#primaryimage"},"image":{"@id":"https:\/\/www.esplac.cat\/sectors-esplac-nou-curs\/#primaryimage"},"thumbnailUrl":"https:\/\/www.esplac.cat\/wp-content\/uploads\/2020\/09\/romAGO.jpg","datePublished":"2020-09-29T09:11:34+00:00","dateModified":"2020-10-15T16:22:45+00:00","description":"Alguns sectors geogr\u00e0fics d'Esplac han fet l'Assemblea General Ordin\u00e0ria i diverses activitats formatives per preparar i encarar el nou curs del sector!","breadcrumb":{"@id":"https:\/\/www.esplac.cat\/sectors-esplac-nou-curs\/#breadcrumb"},"inLanguage":"en-US","potentialAction":[{"@type":"ReadAction","target":["https:\/\/www.esplac.cat\/sectors-esplac-nou-curs\/"]}]},{"@type":"ImageObject","inLanguage":"en-US","@id":"https:\/\/www.esplac.cat\/sectors-esplac-nou-curs\/#primaryimage","url":"https:\/\/www.esplac.cat\/wp-content\/uploads\/2020\/09\/romAGO.jpg","contentUrl":"https:\/\/www.esplac.cat\/wp-content\/uploads\/2020\/09\/romAGO.jpg","width":1697,"height":700,"caption":"AGO sector ROM"},{"@type":"BreadcrumbList","@id":"https:\/\/www.esplac.cat\/sectors-esplac-nou-curs\/#breadcrumb","itemListElement":[{"@type":"ListItem","position":1,"name":"Inici","item":"https:\/\/www.esplac.cat\/en\/"},{"@type":"ListItem","position":2,"name":"Els sectors d&#8217;Esplac engeguen el nou curs: AGO, formacions i cohesi\u00f3!"}]},{"@type":"WebSite","@id":"https:\/\/www.esplac.cat\/#website","url":"https:\/\/www.esplac.cat\/","name":"Esplac","description":"Esplais Catalans","publisher":{"@id":"https:\/\/www.esplac.cat\/#organization"},"potentialAction":[{"@type":"SearchAction","target":{"@type":"EntryPoint","urlTemplate":"https:\/\/www.esplac.cat\/?s={search_term_string}"},"query-input":{"@type":"PropertyValueSpecification","valueRequired":true,"valueName":"search_term_string"}}],"inLanguage":"en-US"},{"@type":"Organization","@id":"https:\/\/www.esplac.cat\/#organization","name":"Esplac","url":"https:\/\/www.esplac.cat\/","logo":{"@type":"ImageObject","inLanguage":"en-US","@id":"https:\/\/www.esplac.cat\/#\/schema\/logo\/image\/","url":"https:\/\/www.esplac.cat\/wp-content\/uploads\/2019\/08\/logox2.png","contentUrl":"https:\/\/www.esplac.cat\/wp-content\/uploads\/2019\/08\/logox2.png","width":600,"height":295,"caption":"Esplac"},"image":{"@id":"https:\/\/www.esplac.cat\/#\/schema\/logo\/image\/"}},{"@type":"Person","@id":"https:\/\/www.esplac.cat\/#\/schema\/person\/908383cf240be18b68f8855d0583faca","name":"Comunicaci\u00f3 Esplac","image":{"@type":"ImageObject","inLanguage":"en-US","@id":"https:\/\/secure.gravatar.com\/avatar\/7a4cf8feb412a76ea4a740ca02d95b06b2907b5a6c648c2dd0a1082a093c3141?s=96&d=mm&r=g","url":"https:\/\/secure.gravatar.com\/avatar\/7a4cf8feb412a76ea4a740ca02d95b06b2907b5a6c648c2dd0a1082a093c3141?s=96&d=mm&r=g","contentUrl":"https:\/\/secure.gravatar.com\/avatar\/7a4cf8feb412a76ea4a740ca02d95b06b2907b5a6c648c2dd0a1082a093c3141?s=96&d=mm&r=g","caption":"Comunicaci\u00f3 Esplac"}}]}},"_links":{"self":[{"href":"https:\/\/www.esplac.cat\/en\/wp-json\/wp\/v2\/posts\/32525","targetHints":{"allow":["GET"]}}],"collection":[{"href":"https:\/\/www.esplac.cat\/en\/wp-json\/wp\/v2\/posts"}],"about":[{"href":"https:\/\/www.esplac.cat\/en\/wp-json\/wp\/v2\/types\/post"}],"author":[{"embeddable":true,"href":"https:\/\/www.esplac.cat\/en\/wp-json\/wp\/v2\/users\/3"}],"replies":[{"embeddable":true,"href":"https:\/\/www.esplac.cat\/en\/wp-json\/wp\/v2\/comments?post=32525"}],"version-history":[{"count":0,"href":"https:\/\/www.esplac.cat\/en\/wp-json\/wp\/v2\/posts\/32525\/revisions"}],"wp:featuredmedia":[{"embeddable":true,"href":"https:\/\/www.esplac.cat\/en\/wp-json\/wp\/v2\/media\/32527"}],"wp:attachment":[{"href":"https:\/\/www.esplac.cat\/en\/wp-json\/wp\/v2\/media?parent=32525"}],"wp:term":[{"taxonomy":"category","embeddable":true,"href":"https:\/\/www.esplac.cat\/en\/wp-json\/wp\/v2\/categories?post=32525"},{"taxonomy":"post_tag","embeddable":true,"href":"https:\/\/www.esplac.cat\/en\/wp-json\/wp\/v2\/tags?post=32525"}],"curies":[{"name":"wp","href":"https:\/\/api.w.org\/{rel}","templated":true}]}}