{"id":32771,"date":"2020-10-14T10:32:24","date_gmt":"2020-10-14T09:32:24","guid":{"rendered":"https:\/\/www.esplac.cat\/?p=32771"},"modified":"2020-10-15T17:22:43","modified_gmt":"2020-10-15T16:22:43","slug":"projecte-internacional-eslovenia","status":"publish","type":"post","link":"https:\/\/www.esplac.cat\/en\/projecte-internacional-eslovenia\/","title":{"rendered":"Nou projecte internacional a Eslov\u00e8nia: Building Up = Be Up!"},"content":{"rendered":"<h6><strong>Creus en la import\u00e0ncia del relleu i t\u2019agradaria desenvolupar algun recurs (app, guia, programa&#8230;) participant d\u2019un projecte internacional a Eslov\u00e8nia? Doncs aquesta oportunitat \u00e9s per a tu!<\/strong><\/h6>\n<p><span style=\"font-weight: 400;\">L\u2019entitat eslovena <\/span><i><span style=\"font-weight: 400;\">Slovenian Falcons Youth Union<\/span><\/i><span style=\"font-weight: 400;\"> ha organitzat un projecte internacional sobre relleu i Esplac n\u2019\u00e9s col\u00b7laborador! Els objectius del projecte es centren en <\/span><b>facilitar el pas al m\u00f3n del monitoratge <\/b><span style=\"font-weight: 400;\">(<\/span><i><span style=\"font-weight: 400;\">youth work<\/span><\/i><span style=\"font-weight: 400;\">) per part de joves que passen de ser participants a monis i aix\u00ed com tamb\u00e9 per a persones que volen entrar a fer de monis o al voluntariat partint de zero.<\/span><\/p>\n<p><span style=\"font-weight: 400;\">El projecte busca <\/span><b>desenvolupar una eina, idealment una <\/b><b><i>app<\/i><\/b><span style=\"font-weight: 400;\">, que doni resposta a l\u2019objectiu de facilitar el relleu per a joves i que pugui adaptar-se a les diferents realitats.<\/span><\/p>\n<p><span style=\"font-weight: 400;\">Esplac disposa de <strong>cinc places<\/strong> per aquest projecte. Aquestes 5 persones participants hauran de formar un equip per a fer feina pr\u00e8via al projecte i <\/span><b>viatjaran a Eslov\u00e8nia del 28 de febrer al 7 de mar\u00e7<\/b><span style=\"font-weight: 400;\"> per tal de trobar-se amb la resta d\u2019equips d\u2019altres pa\u00efsos.<\/span><\/p>\n<p><b>Qu\u00e8 implica el projecte? <\/b><span style=\"font-weight: 400;\">Formar part d\u2019un equip que faci un treball previ (preparaci\u00f3 a nivell local, <\/span><i><span style=\"font-weight: 400;\">meetings online<\/span><\/i><span style=\"font-weight: 400;\"> amb la resta d\u2019entiats\u2026); viatjar a Eslov\u00e8nia del 28 de febrer al 7 de mar\u00e7 i aplicar la feina feta els mesos posteriors (abril &#8211; maig) per tal que tingui una repercussi\u00f3 a Esplac.<\/span><\/p>\n<p><span style=\"font-weight: 400;\">Busquem persones de diferents perfils, que puguin aportar idees, coneixements sobre processos de relleu i amb imaginaci\u00f3 i creativitat. No importa si ets de primer o \u00faltim any, tothom \u00e9s benvingut!<\/span><\/p>\n<p><b>Duraci\u00f3 del projecte?<\/b><span style=\"font-weight: 400;\"> De Novembre 2020 a Maig\/Juny 2021<\/span><\/p>\n<p><b>Quin preu t\u00e9?<\/b><span style=\"font-weight: 400;\"> 20\u20ac de quota. Els vols i altres despeses estan subvencionats.<\/span><\/p>\n<p><b>Quin requisit he de complir? <\/b><span style=\"font-weight: 400;\">Tenir 18 anys o m\u00e9s i formar part d\u2019Esplac.<\/span><\/p>\n<p>&nbsp;<\/p>\n<p><b>Formulari aqu\u00ed:<\/b><\/p>\n<div class=\"fusion-button-wrapper\"><a class=\"fusion-button button-flat fusion-button-default-size button-default fusion-button-default button-1 fusion-button-default-span fusion-button-default-type\" target=\"_blank\" rel=\"noopener noreferrer\" href=\" https:\/\/infoesplac.typeform.com\/to\/piRIkhAk\"><span class=\"fusion-button-text\">Formulari d&#8217;inscripci\u00f3<\/span><\/a><\/div>\n<p>&nbsp;<\/p>\n<p><span style=\"font-weight: 400;\">Tens temps per apuntar-te fins al 28 d\u2019octubre!<\/span><\/p>\n<p><span style=\"font-weight: 400;\">Si tens dubtes, t\u2019interessa o vols resoldre qualsevol q\u00fcesti\u00f3, no dubtis a escriure a <\/span><a href=\"mailto:internacional@esplac.cat\"><span style=\"font-weight: 400;\">internacional@esplac.cat<\/span><\/a><span style=\"font-weight: 400;\"> per m\u00e9s informaci\u00f3 i visita <span style=\"color: #ff9900;\"><a style=\"color: #ff9900;\" href=\"https:\/\/www.esplac.cat\/internacional\/\" target=\"_blank\" rel=\"noopener noreferrer\">la p\u00e0gina d&#8217;internacional<\/a><\/span> per veure m\u00e9s oportunitats internacionals!<\/span><\/p>\n","protected":false},"excerpt":{"rendered":"<p>Creus en la import\u00e0ncia del relleu i t\u2019agradaria desenvolupar algun [&hellip;]<\/p>\n","protected":false},"author":3,"featured_media":32772,"comment_status":"closed","ping_status":"open","sticky":false,"template":"","format":"standard","meta":{"om_disable_all_campaigns":false,"_monsterinsights_skip_tracking":false,"_monsterinsights_sitenote_active":false,"_monsterinsights_sitenote_note":"","_monsterinsights_sitenote_category":0,"_uf_show_specific_survey":0,"_uf_disable_surveys":false,"footnotes":""},"categories":[1112],"tags":[],"class_list":["post-32771","post","type-post","status-publish","format-standard","has-post-thumbnail","hentry","category-esplac-al-mon"],"yoast_head":"<!-- This site is optimized with the Yoast SEO plugin v27.5 - https:\/\/yoast.com\/product\/yoast-seo-wordpress\/ -->\n<title>Nou projecte internacional a Eslov\u00e8nia: Building Up = Be Up! - Esplac<\/title>\n<meta name=\"description\" content=\"Creus en la import\u00e0ncia del relleu i t\u2019agradaria desenvolupar algun recurs (app, guia, programa...) participant d\u2019un projecte internacional a Eslov\u00e8nia?\" \/>\n<meta name=\"robots\" content=\"index, follow, max-snippet:-1, max-image-preview:large, max-video-preview:-1\" \/>\n<link rel=\"canonical\" href=\"https:\/\/www.esplac.cat\/projecte-internacional-eslovenia\/\" \/>\n<meta property=\"og:locale\" content=\"en_US\" \/>\n<meta property=\"og:type\" content=\"article\" \/>\n<meta property=\"og:title\" content=\"Nou projecte internacional a Eslov\u00e8nia: Building Up = Be Up! - Esplac\" \/>\n<meta property=\"og:description\" content=\"Creus en la import\u00e0ncia del relleu i t\u2019agradaria desenvolupar algun recurs (app, guia, programa...) participant d\u2019un projecte internacional a Eslov\u00e8nia?\" \/>\n<meta property=\"og:url\" content=\"https:\/\/www.esplac.cat\/projecte-internacional-eslovenia\/\" \/>\n<meta property=\"og:site_name\" content=\"Esplac\" \/>\n<meta property=\"article:published_time\" content=\"2020-10-14T09:32:24+00:00\" \/>\n<meta property=\"article:modified_time\" content=\"2020-10-15T16:22:43+00:00\" \/>\n<meta property=\"og:image\" content=\"https:\/\/www.esplac.cat\/wp-content\/uploads\/2020\/10\/eslovenia.jpg\" \/>\n\t<meta property=\"og:image:width\" content=\"1697\" \/>\n\t<meta property=\"og:image:height\" content=\"700\" \/>\n\t<meta property=\"og:image:type\" content=\"image\/jpeg\" \/>\n<meta name=\"author\" content=\"Comunicaci\u00f3 Esplac\" \/>\n<meta name=\"twitter:card\" content=\"summary_large_image\" \/>\n<meta name=\"twitter:label1\" content=\"Written by\" \/>\n\t<meta name=\"twitter:data1\" content=\"Comunicaci\u00f3 Esplac\" \/>\n\t<meta name=\"twitter:label2\" content=\"Est. reading time\" \/>\n\t<meta name=\"twitter:data2\" content=\"2 minutes\" \/>\n<script type=\"application\/ld+json\" class=\"yoast-schema-graph\">{\"@context\":\"https:\\\/\\\/schema.org\",\"@graph\":[{\"@type\":\"Article\",\"@id\":\"https:\\\/\\\/www.esplac.cat\\\/projecte-internacional-eslovenia\\\/#article\",\"isPartOf\":{\"@id\":\"https:\\\/\\\/www.esplac.cat\\\/projecte-internacional-eslovenia\\\/\"},\"author\":{\"name\":\"Comunicaci\u00f3 Esplac\",\"@id\":\"https:\\\/\\\/www.esplac.cat\\\/#\\\/schema\\\/person\\\/908383cf240be18b68f8855d0583faca\"},\"headline\":\"Nou projecte internacional a Eslov\u00e8nia: Building Up = Be Up!\",\"datePublished\":\"2020-10-14T09:32:24+00:00\",\"dateModified\":\"2020-10-15T16:22:43+00:00\",\"mainEntityOfPage\":{\"@id\":\"https:\\\/\\\/www.esplac.cat\\\/projecte-internacional-eslovenia\\\/\"},\"wordCount\":442,\"publisher\":{\"@id\":\"https:\\\/\\\/www.esplac.cat\\\/#organization\"},\"image\":{\"@id\":\"https:\\\/\\\/www.esplac.cat\\\/projecte-internacional-eslovenia\\\/#primaryimage\"},\"thumbnailUrl\":\"https:\\\/\\\/www.esplac.cat\\\/wp-content\\\/uploads\\\/2020\\\/10\\\/eslovenia.jpg\",\"articleSection\":[\"Esplac al m\u00f3n\"],\"inLanguage\":\"en-US\"},{\"@type\":\"WebPage\",\"@id\":\"https:\\\/\\\/www.esplac.cat\\\/projecte-internacional-eslovenia\\\/\",\"url\":\"https:\\\/\\\/www.esplac.cat\\\/projecte-internacional-eslovenia\\\/\",\"name\":\"Nou projecte internacional a Eslov\u00e8nia: Building Up = Be Up! - Esplac\",\"isPartOf\":{\"@id\":\"https:\\\/\\\/www.esplac.cat\\\/#website\"},\"primaryImageOfPage\":{\"@id\":\"https:\\\/\\\/www.esplac.cat\\\/projecte-internacional-eslovenia\\\/#primaryimage\"},\"image\":{\"@id\":\"https:\\\/\\\/www.esplac.cat\\\/projecte-internacional-eslovenia\\\/#primaryimage\"},\"thumbnailUrl\":\"https:\\\/\\\/www.esplac.cat\\\/wp-content\\\/uploads\\\/2020\\\/10\\\/eslovenia.jpg\",\"datePublished\":\"2020-10-14T09:32:24+00:00\",\"dateModified\":\"2020-10-15T16:22:43+00:00\",\"description\":\"Creus en la import\u00e0ncia del relleu i t\u2019agradaria desenvolupar algun recurs (app, guia, programa...) participant d\u2019un projecte internacional a Eslov\u00e8nia?\",\"breadcrumb\":{\"@id\":\"https:\\\/\\\/www.esplac.cat\\\/projecte-internacional-eslovenia\\\/#breadcrumb\"},\"inLanguage\":\"en-US\",\"potentialAction\":[{\"@type\":\"ReadAction\",\"target\":[\"https:\\\/\\\/www.esplac.cat\\\/projecte-internacional-eslovenia\\\/\"]}]},{\"@type\":\"ImageObject\",\"inLanguage\":\"en-US\",\"@id\":\"https:\\\/\\\/www.esplac.cat\\\/projecte-internacional-eslovenia\\\/#primaryimage\",\"url\":\"https:\\\/\\\/www.esplac.cat\\\/wp-content\\\/uploads\\\/2020\\\/10\\\/eslovenia.jpg\",\"contentUrl\":\"https:\\\/\\\/www.esplac.cat\\\/wp-content\\\/uploads\\\/2020\\\/10\\\/eslovenia.jpg\",\"width\":1697,\"height\":700,\"caption\":\"eslov\u00e8nia\"},{\"@type\":\"BreadcrumbList\",\"@id\":\"https:\\\/\\\/www.esplac.cat\\\/projecte-internacional-eslovenia\\\/#breadcrumb\",\"itemListElement\":[{\"@type\":\"ListItem\",\"position\":1,\"name\":\"Inici\",\"item\":\"https:\\\/\\\/www.esplac.cat\\\/en\\\/\"},{\"@type\":\"ListItem\",\"position\":2,\"name\":\"Nou projecte internacional a Eslov\u00e8nia: Building Up = Be Up!\"}]},{\"@type\":\"WebSite\",\"@id\":\"https:\\\/\\\/www.esplac.cat\\\/#website\",\"url\":\"https:\\\/\\\/www.esplac.cat\\\/\",\"name\":\"Esplac\",\"description\":\"Esplais Catalans\",\"publisher\":{\"@id\":\"https:\\\/\\\/www.esplac.cat\\\/#organization\"},\"potentialAction\":[{\"@type\":\"SearchAction\",\"target\":{\"@type\":\"EntryPoint\",\"urlTemplate\":\"https:\\\/\\\/www.esplac.cat\\\/?s={search_term_string}\"},\"query-input\":{\"@type\":\"PropertyValueSpecification\",\"valueRequired\":true,\"valueName\":\"search_term_string\"}}],\"inLanguage\":\"en-US\"},{\"@type\":\"Organization\",\"@id\":\"https:\\\/\\\/www.esplac.cat\\\/#organization\",\"name\":\"Esplac\",\"url\":\"https:\\\/\\\/www.esplac.cat\\\/\",\"logo\":{\"@type\":\"ImageObject\",\"inLanguage\":\"en-US\",\"@id\":\"https:\\\/\\\/www.esplac.cat\\\/#\\\/schema\\\/logo\\\/image\\\/\",\"url\":\"https:\\\/\\\/www.esplac.cat\\\/wp-content\\\/uploads\\\/2019\\\/08\\\/logox2.png\",\"contentUrl\":\"https:\\\/\\\/www.esplac.cat\\\/wp-content\\\/uploads\\\/2019\\\/08\\\/logox2.png\",\"width\":600,\"height\":295,\"caption\":\"Esplac\"},\"image\":{\"@id\":\"https:\\\/\\\/www.esplac.cat\\\/#\\\/schema\\\/logo\\\/image\\\/\"}},{\"@type\":\"Person\",\"@id\":\"https:\\\/\\\/www.esplac.cat\\\/#\\\/schema\\\/person\\\/908383cf240be18b68f8855d0583faca\",\"name\":\"Comunicaci\u00f3 Esplac\",\"image\":{\"@type\":\"ImageObject\",\"inLanguage\":\"en-US\",\"@id\":\"https:\\\/\\\/secure.gravatar.com\\\/avatar\\\/7a4cf8feb412a76ea4a740ca02d95b06b2907b5a6c648c2dd0a1082a093c3141?s=96&d=mm&r=g\",\"url\":\"https:\\\/\\\/secure.gravatar.com\\\/avatar\\\/7a4cf8feb412a76ea4a740ca02d95b06b2907b5a6c648c2dd0a1082a093c3141?s=96&d=mm&r=g\",\"contentUrl\":\"https:\\\/\\\/secure.gravatar.com\\\/avatar\\\/7a4cf8feb412a76ea4a740ca02d95b06b2907b5a6c648c2dd0a1082a093c3141?s=96&d=mm&r=g\",\"caption\":\"Comunicaci\u00f3 Esplac\"}}]}<\/script>\n<!-- \/ Yoast SEO plugin. -->","yoast_head_json":{"title":"Nou projecte internacional a Eslov\u00e8nia: Building Up = Be Up! - Esplac","description":"Creus en la import\u00e0ncia del relleu i t\u2019agradaria desenvolupar algun recurs (app, guia, programa...) participant d\u2019un projecte internacional a Eslov\u00e8nia?","robots":{"index":"index","follow":"follow","max-snippet":"max-snippet:-1","max-image-preview":"max-image-preview:large","max-video-preview":"max-video-preview:-1"},"canonical":"https:\/\/www.esplac.cat\/projecte-internacional-eslovenia\/","og_locale":"en_US","og_type":"article","og_title":"Nou projecte internacional a Eslov\u00e8nia: Building Up = Be Up! - Esplac","og_description":"Creus en la import\u00e0ncia del relleu i t\u2019agradaria desenvolupar algun recurs (app, guia, programa...) participant d\u2019un projecte internacional a Eslov\u00e8nia?","og_url":"https:\/\/www.esplac.cat\/projecte-internacional-eslovenia\/","og_site_name":"Esplac","article_published_time":"2020-10-14T09:32:24+00:00","article_modified_time":"2020-10-15T16:22:43+00:00","og_image":[{"width":1697,"height":700,"url":"https:\/\/www.esplac.cat\/wp-content\/uploads\/2020\/10\/eslovenia.jpg","type":"image\/jpeg"}],"author":"Comunicaci\u00f3 Esplac","twitter_card":"summary_large_image","twitter_misc":{"Written by":"Comunicaci\u00f3 Esplac","Est. reading time":"2 minutes"},"schema":{"@context":"https:\/\/schema.org","@graph":[{"@type":"Article","@id":"https:\/\/www.esplac.cat\/projecte-internacional-eslovenia\/#article","isPartOf":{"@id":"https:\/\/www.esplac.cat\/projecte-internacional-eslovenia\/"},"author":{"name":"Comunicaci\u00f3 Esplac","@id":"https:\/\/www.esplac.cat\/#\/schema\/person\/908383cf240be18b68f8855d0583faca"},"headline":"Nou projecte internacional a Eslov\u00e8nia: Building Up = Be Up!","datePublished":"2020-10-14T09:32:24+00:00","dateModified":"2020-10-15T16:22:43+00:00","mainEntityOfPage":{"@id":"https:\/\/www.esplac.cat\/projecte-internacional-eslovenia\/"},"wordCount":442,"publisher":{"@id":"https:\/\/www.esplac.cat\/#organization"},"image":{"@id":"https:\/\/www.esplac.cat\/projecte-internacional-eslovenia\/#primaryimage"},"thumbnailUrl":"https:\/\/www.esplac.cat\/wp-content\/uploads\/2020\/10\/eslovenia.jpg","articleSection":["Esplac al m\u00f3n"],"inLanguage":"en-US"},{"@type":"WebPage","@id":"https:\/\/www.esplac.cat\/projecte-internacional-eslovenia\/","url":"https:\/\/www.esplac.cat\/projecte-internacional-eslovenia\/","name":"Nou projecte internacional a Eslov\u00e8nia: Building Up = Be Up! - Esplac","isPartOf":{"@id":"https:\/\/www.esplac.cat\/#website"},"primaryImageOfPage":{"@id":"https:\/\/www.esplac.cat\/projecte-internacional-eslovenia\/#primaryimage"},"image":{"@id":"https:\/\/www.esplac.cat\/projecte-internacional-eslovenia\/#primaryimage"},"thumbnailUrl":"https:\/\/www.esplac.cat\/wp-content\/uploads\/2020\/10\/eslovenia.jpg","datePublished":"2020-10-14T09:32:24+00:00","dateModified":"2020-10-15T16:22:43+00:00","description":"Creus en la import\u00e0ncia del relleu i t\u2019agradaria desenvolupar algun recurs (app, guia, programa...) participant d\u2019un projecte internacional a Eslov\u00e8nia?","breadcrumb":{"@id":"https:\/\/www.esplac.cat\/projecte-internacional-eslovenia\/#breadcrumb"},"inLanguage":"en-US","potentialAction":[{"@type":"ReadAction","target":["https:\/\/www.esplac.cat\/projecte-internacional-eslovenia\/"]}]},{"@type":"ImageObject","inLanguage":"en-US","@id":"https:\/\/www.esplac.cat\/projecte-internacional-eslovenia\/#primaryimage","url":"https:\/\/www.esplac.cat\/wp-content\/uploads\/2020\/10\/eslovenia.jpg","contentUrl":"https:\/\/www.esplac.cat\/wp-content\/uploads\/2020\/10\/eslovenia.jpg","width":1697,"height":700,"caption":"eslov\u00e8nia"},{"@type":"BreadcrumbList","@id":"https:\/\/www.esplac.cat\/projecte-internacional-eslovenia\/#breadcrumb","itemListElement":[{"@type":"ListItem","position":1,"name":"Inici","item":"https:\/\/www.esplac.cat\/en\/"},{"@type":"ListItem","position":2,"name":"Nou projecte internacional a Eslov\u00e8nia: Building Up = Be Up!"}]},{"@type":"WebSite","@id":"https:\/\/www.esplac.cat\/#website","url":"https:\/\/www.esplac.cat\/","name":"Esplac","description":"Esplais Catalans","publisher":{"@id":"https:\/\/www.esplac.cat\/#organization"},"potentialAction":[{"@type":"SearchAction","target":{"@type":"EntryPoint","urlTemplate":"https:\/\/www.esplac.cat\/?s={search_term_string}"},"query-input":{"@type":"PropertyValueSpecification","valueRequired":true,"valueName":"search_term_string"}}],"inLanguage":"en-US"},{"@type":"Organization","@id":"https:\/\/www.esplac.cat\/#organization","name":"Esplac","url":"https:\/\/www.esplac.cat\/","logo":{"@type":"ImageObject","inLanguage":"en-US","@id":"https:\/\/www.esplac.cat\/#\/schema\/logo\/image\/","url":"https:\/\/www.esplac.cat\/wp-content\/uploads\/2019\/08\/logox2.png","contentUrl":"https:\/\/www.esplac.cat\/wp-content\/uploads\/2019\/08\/logox2.png","width":600,"height":295,"caption":"Esplac"},"image":{"@id":"https:\/\/www.esplac.cat\/#\/schema\/logo\/image\/"}},{"@type":"Person","@id":"https:\/\/www.esplac.cat\/#\/schema\/person\/908383cf240be18b68f8855d0583faca","name":"Comunicaci\u00f3 Esplac","image":{"@type":"ImageObject","inLanguage":"en-US","@id":"https:\/\/secure.gravatar.com\/avatar\/7a4cf8feb412a76ea4a740ca02d95b06b2907b5a6c648c2dd0a1082a093c3141?s=96&d=mm&r=g","url":"https:\/\/secure.gravatar.com\/avatar\/7a4cf8feb412a76ea4a740ca02d95b06b2907b5a6c648c2dd0a1082a093c3141?s=96&d=mm&r=g","contentUrl":"https:\/\/secure.gravatar.com\/avatar\/7a4cf8feb412a76ea4a740ca02d95b06b2907b5a6c648c2dd0a1082a093c3141?s=96&d=mm&r=g","caption":"Comunicaci\u00f3 Esplac"}}]}},"_links":{"self":[{"href":"https:\/\/www.esplac.cat\/en\/wp-json\/wp\/v2\/posts\/32771","targetHints":{"allow":["GET"]}}],"collection":[{"href":"https:\/\/www.esplac.cat\/en\/wp-json\/wp\/v2\/posts"}],"about":[{"href":"https:\/\/www.esplac.cat\/en\/wp-json\/wp\/v2\/types\/post"}],"author":[{"embeddable":true,"href":"https:\/\/www.esplac.cat\/en\/wp-json\/wp\/v2\/users\/3"}],"replies":[{"embeddable":true,"href":"https:\/\/www.esplac.cat\/en\/wp-json\/wp\/v2\/comments?post=32771"}],"version-history":[{"count":0,"href":"https:\/\/www.esplac.cat\/en\/wp-json\/wp\/v2\/posts\/32771\/revisions"}],"wp:featuredmedia":[{"embeddable":true,"href":"https:\/\/www.esplac.cat\/en\/wp-json\/wp\/v2\/media\/32772"}],"wp:attachment":[{"href":"https:\/\/www.esplac.cat\/en\/wp-json\/wp\/v2\/media?parent=32771"}],"wp:term":[{"taxonomy":"category","embeddable":true,"href":"https:\/\/www.esplac.cat\/en\/wp-json\/wp\/v2\/categories?post=32771"},{"taxonomy":"post_tag","embeddable":true,"href":"https:\/\/www.esplac.cat\/en\/wp-json\/wp\/v2\/tags?post=32771"}],"curies":[{"name":"wp","href":"https:\/\/api.w.org\/{rel}","templated":true}]}}