{"id":32792,"date":"2020-10-15T11:13:18","date_gmt":"2020-10-15T10:13:18","guid":{"rendered":"https:\/\/www.esplac.cat\/?p=32792"},"modified":"2020-10-15T17:22:43","modified_gmt":"2020-10-15T16:22:43","slug":"comencar-voluntariat-durant-era-coronavirus","status":"publish","type":"post","link":"https:\/\/www.esplac.cat\/en\/comencar-voluntariat-durant-era-coronavirus\/","title":{"rendered":"Comen\u00e7ar un voluntariat durant &#8220;l&#8217;era coronavirus&#8221;"},"content":{"rendered":"<p>Autoria: <strong>Iris Garcia Santos<\/strong>, monitora de l&#8217;Esplai Avi\u00e0 i participant de l&#8217;ESC (European Solidarity Corps) a Brussel\u00b7les.<\/p>\n<hr \/>\n<p class=\"p1\">El dia 1 de setembre vaig arribar a la que ser\u00e0 la meva ciutat en els pr\u00f2xims 12 mesos i de la qual espero extreure mil i una aventures, <strong>Brussel\u00b7les<\/strong>. No s\u00f3c gaire de fer-me expectatives i aix\u00f2 em va genial, de manera que cada projecte \u00e9s una nova oportunitat i cada sotrac \u00e9s un nou aprenentatge (molt \u201c<i>Mr. Wonderful<\/i>\u201d, per\u00f2 funciona). L\u2019organitzaci\u00f3 en la qu\u00e8 estic fent el voluntariat, de la m\u00e0 de l\u2019<strong>European Solidarity Corps<\/strong>, \u00e9s l\u2019<strong>IFM-SEI<\/strong>, organitzaci\u00f3 paraig\u00fces de la qual Esplac en forma part.<\/p>\n<p class=\"p1\">Anar-me\u2019n una temporada fora de casa. Aix\u00f2 ja feia un temps que ho anava pensant, aix\u00ed que quan vaig acabar la carrera vaig dir-me, per qu\u00e8 no? S\u00ed, fa una miqueta de vertigen al principi, per\u00f2 jo estava segura que l\u2019experi\u00e8ncia ho compensaria i, b\u00e9, nom\u00e9s fa un mes aqu\u00ed, per\u00f2 de moment ho fa. Per\u00f2, quina \u00e9s la motivaci\u00f3 que pot tenir una persona per embarcar-se en un viatge com aquest? Us puc dir quina va ser la meva: <strong>el canvi<\/strong>.<span class=\"Apple-converted-space\">\u00a0 <\/span>Aprendre m\u00e9s i m\u00e9s cada dia, haver de sortir de la meva zona de confort, con\u00e8ixer noves cultures (Brussel\u00b7les \u00e9s extremadament internacional), nous pensaments&#8230; aix\u00f2 \u00e9s el que em va fer aplicar per ser la nova volunt\u00e0ria del secretariat de l\u2019IFM-SEI. I ja dic, vagi b\u00e9 o menys b\u00e9, ser\u00e0 una nova experi\u00e8ncia.<\/p>\n<p class=\"p1\">Comen\u00e7ar un voluntariat a un nou pa\u00eds no \u00e9s f\u00e0cil per a ning\u00fa, per\u00f2 si ho fas en ple coronavirus la cosa es complica una mica m\u00e9s, comen\u00e7ant pels 14 dies de quarantena que vaig haver de fer (Espanya \u00e9s zona vermella i B\u00e8lgica tamb\u00e9) i continuant per treballar des de casa (tota l\u2019oficina ho est\u00e0 fent). I aix\u00ed van ser els meus primers 14 dies: moltes hores a davant de l\u2019ordinador, moltes reunions al llarg de la setmana, molta informaci\u00f3 en molt poc temps i mirant cada dia les mateixes quatre parets. Despr\u00e9s d\u2019aix\u00f2, tampoc puc dir que el meu dia a dia hagi fet un gir sobtat, per\u00f2 s\u00ed que he comen\u00e7at a anar a m\u00e9s llocs, anar a fer el got amb alguns amics i, en definitiva, passejar per la ciutat. Quant a l\u2019IFM-SEI, molts dels projectes que es tenien previstos s\u2019han hagut d\u2019ajornar o b\u00e9 readaptar de manera online, aix\u00ed que molts dels viatges planejats, no s\u2019han donat. Per\u00f2 b\u00e9, encara queda molt any per endavant i els projectes d\u2019ara tenen molt bona pinta, aix\u00ed que jo ben contenta.<\/p>\n<p class=\"p1\"><strong>I per \u00faltim la joia de la corona: l\u2019idioma.<\/strong> A Brussel\u00b7les hi ha dos idiomes oficials; el franc\u00e8s i el flamenc (o neerland\u00e8s). Primer de tot, he de dir que tot i que jo estic comen\u00e7ant a aprendre franc\u00e8s no ho considero essencial per poder viure a Brussel\u00b7les, amb l\u2019angl\u00e8s (i fins i tot a vegades amb el castell\u00e0) te\u2019n pots sortir a tot arreu. Tanmateix, recomano 100% aprendre l\u2019idioma, si vols submergir-te del tot en la cultura ho considero essencial, a part de les facilitats que et dona a l\u2019hora de con\u00e8ixer gent nova, viatjar&#8230; Per\u00f2, tal com he dit, de moment no parlo (gens ni mica) el franc\u00e8s aix\u00ed que m\u2019he de comunicar amb l\u2019angl\u00e8s i, sent totalment sincera, els primers dies acabava el dia amb un mal de cap horror\u00f3s.<\/p>\n<p class=\"p1\">La veritat \u00e9s que aquest primer mes no ha estat gaire dur, suposo que ho seran els seg\u00fcents, quan comenci a trobar a faltar la meva gent, el bon temps que fa a Catalunya i les muntanyes que envolten la meva petita ciutat. Per\u00f2 tampoc em preocupa en exc\u00e9s, ara per ara gaudeixo del moment i de l\u2019experi\u00e8ncia. A m\u00e9s, des del primer moment m\u2019he sentit molt acompanyada per l\u2019equip de secretariat de l\u2019IFM-SEI (tot i\u00a0 la dist\u00e0ncia) i aix\u00f2 \u00e9s d\u2019agrair infinitament. Aix\u00ed doncs, aquest primer mes el podria resumir com <strong>inesperat, ut\u00f2pic i d\u2019aprenentatge de l\u2019organitzaci\u00f3.<\/strong><\/p>\n","protected":false},"excerpt":{"rendered":"<p>Autoria: Iris Garcia Santos, monitora de l&#8217;Esplai Avi\u00e0 i participant [&hellip;]<\/p>\n","protected":false},"author":3,"featured_media":32794,"comment_status":"closed","ping_status":"open","sticky":false,"template":"","format":"standard","meta":{"om_disable_all_campaigns":false,"_monsterinsights_skip_tracking":false,"_monsterinsights_sitenote_active":false,"_monsterinsights_sitenote_note":"","_monsterinsights_sitenote_category":0,"_uf_show_specific_survey":0,"_uf_disable_surveys":false,"footnotes":""},"categories":[1168],"tags":[],"class_list":["post-32792","post","type-post","status-publish","format-standard","has-post-thumbnail","hentry","category-creuant_mirades"],"yoast_head":"<!-- This site is optimized with the Yoast SEO plugin v27.5 - https:\/\/yoast.com\/product\/yoast-seo-wordpress\/ -->\n<title>Comen\u00e7ar un voluntariat durant &quot;l&#039;era coronavirus&quot; - Creuant Mirades<\/title>\n<meta name=\"description\" content=\"El dia 1 de setembre vaig arribar a la que ser\u00e0 la meva ciutat en els pr\u00f2xims 12 mesos i de la qual espero extreure mil i una aventures, Brussel\u00b7les.\" \/>\n<meta name=\"robots\" content=\"index, follow, max-snippet:-1, max-image-preview:large, max-video-preview:-1\" \/>\n<link rel=\"canonical\" href=\"https:\/\/www.esplac.cat\/es\/comencar-voluntariat-durant-era-coronavirus\/\" \/>\n<meta property=\"og:locale\" content=\"en_US\" \/>\n<meta property=\"og:type\" content=\"article\" \/>\n<meta property=\"og:title\" content=\"Comen\u00e7ar un voluntariat durant &quot;l&#039;era coronavirus&quot; - Creuant Mirades\" \/>\n<meta property=\"og:description\" content=\"El dia 1 de setembre vaig arribar a la que ser\u00e0 la meva ciutat en els pr\u00f2xims 12 mesos i de la qual espero extreure mil i una aventures, Brussel\u00b7les.\" \/>\n<meta property=\"og:url\" content=\"https:\/\/www.esplac.cat\/es\/comencar-voluntariat-durant-era-coronavirus\/\" \/>\n<meta property=\"og:site_name\" content=\"Esplac\" \/>\n<meta property=\"article:published_time\" content=\"2020-10-15T10:13:18+00:00\" \/>\n<meta property=\"article:modified_time\" content=\"2020-10-15T16:22:43+00:00\" \/>\n<meta property=\"og:image\" content=\"https:\/\/www.esplac.cat\/wp-content\/uploads\/2020\/10\/portades-web-2.jpg\" \/>\n\t<meta property=\"og:image:width\" content=\"1697\" \/>\n\t<meta property=\"og:image:height\" content=\"700\" \/>\n\t<meta property=\"og:image:type\" content=\"image\/jpeg\" \/>\n<meta name=\"author\" content=\"Comunicaci\u00f3 Esplac\" \/>\n<meta name=\"twitter:card\" content=\"summary_large_image\" \/>\n<meta name=\"twitter:label1\" content=\"Written by\" \/>\n\t<meta name=\"twitter:data1\" content=\"Comunicaci\u00f3 Esplac\" \/>\n\t<meta name=\"twitter:label2\" content=\"Est. reading time\" \/>\n\t<meta name=\"twitter:data2\" content=\"4 minutes\" \/>\n<script type=\"application\/ld+json\" class=\"yoast-schema-graph\">{\"@context\":\"https:\\\/\\\/schema.org\",\"@graph\":[{\"@type\":\"Article\",\"@id\":\"https:\\\/\\\/www.esplac.cat\\\/es\\\/comencar-voluntariat-durant-era-coronavirus\\\/#article\",\"isPartOf\":{\"@id\":\"https:\\\/\\\/www.esplac.cat\\\/es\\\/comencar-voluntariat-durant-era-coronavirus\\\/\"},\"author\":{\"name\":\"Comunicaci\u00f3 Esplac\",\"@id\":\"https:\\\/\\\/www.esplac.cat\\\/#\\\/schema\\\/person\\\/908383cf240be18b68f8855d0583faca\"},\"headline\":\"Comen\u00e7ar un voluntariat durant &#8220;l&#8217;era coronavirus&#8221;\",\"datePublished\":\"2020-10-15T10:13:18+00:00\",\"dateModified\":\"2020-10-15T16:22:43+00:00\",\"mainEntityOfPage\":{\"@id\":\"https:\\\/\\\/www.esplac.cat\\\/es\\\/comencar-voluntariat-durant-era-coronavirus\\\/\"},\"wordCount\":726,\"publisher\":{\"@id\":\"https:\\\/\\\/www.esplac.cat\\\/#organization\"},\"image\":{\"@id\":\"https:\\\/\\\/www.esplac.cat\\\/es\\\/comencar-voluntariat-durant-era-coronavirus\\\/#primaryimage\"},\"thumbnailUrl\":\"https:\\\/\\\/www.esplac.cat\\\/wp-content\\\/uploads\\\/2020\\\/10\\\/portades-web-2.jpg\",\"articleSection\":[\"Creuant mirades\"],\"inLanguage\":\"en-US\"},{\"@type\":\"WebPage\",\"@id\":\"https:\\\/\\\/www.esplac.cat\\\/es\\\/comencar-voluntariat-durant-era-coronavirus\\\/\",\"url\":\"https:\\\/\\\/www.esplac.cat\\\/es\\\/comencar-voluntariat-durant-era-coronavirus\\\/\",\"name\":\"Comen\u00e7ar un voluntariat durant \\\"l'era coronavirus\\\" - Creuant Mirades\",\"isPartOf\":{\"@id\":\"https:\\\/\\\/www.esplac.cat\\\/#website\"},\"primaryImageOfPage\":{\"@id\":\"https:\\\/\\\/www.esplac.cat\\\/es\\\/comencar-voluntariat-durant-era-coronavirus\\\/#primaryimage\"},\"image\":{\"@id\":\"https:\\\/\\\/www.esplac.cat\\\/es\\\/comencar-voluntariat-durant-era-coronavirus\\\/#primaryimage\"},\"thumbnailUrl\":\"https:\\\/\\\/www.esplac.cat\\\/wp-content\\\/uploads\\\/2020\\\/10\\\/portades-web-2.jpg\",\"datePublished\":\"2020-10-15T10:13:18+00:00\",\"dateModified\":\"2020-10-15T16:22:43+00:00\",\"description\":\"El dia 1 de setembre vaig arribar a la que ser\u00e0 la meva ciutat en els pr\u00f2xims 12 mesos i de la qual espero extreure mil i una aventures, Brussel\u00b7les.\",\"breadcrumb\":{\"@id\":\"https:\\\/\\\/www.esplac.cat\\\/es\\\/comencar-voluntariat-durant-era-coronavirus\\\/#breadcrumb\"},\"inLanguage\":\"en-US\",\"potentialAction\":[{\"@type\":\"ReadAction\",\"target\":[\"https:\\\/\\\/www.esplac.cat\\\/es\\\/comencar-voluntariat-durant-era-coronavirus\\\/\"]}]},{\"@type\":\"ImageObject\",\"inLanguage\":\"en-US\",\"@id\":\"https:\\\/\\\/www.esplac.cat\\\/es\\\/comencar-voluntariat-durant-era-coronavirus\\\/#primaryimage\",\"url\":\"https:\\\/\\\/www.esplac.cat\\\/wp-content\\\/uploads\\\/2020\\\/10\\\/portades-web-2.jpg\",\"contentUrl\":\"https:\\\/\\\/www.esplac.cat\\\/wp-content\\\/uploads\\\/2020\\\/10\\\/portades-web-2.jpg\",\"width\":1697,\"height\":700},{\"@type\":\"BreadcrumbList\",\"@id\":\"https:\\\/\\\/www.esplac.cat\\\/es\\\/comencar-voluntariat-durant-era-coronavirus\\\/#breadcrumb\",\"itemListElement\":[{\"@type\":\"ListItem\",\"position\":1,\"name\":\"Inici\",\"item\":\"https:\\\/\\\/www.esplac.cat\\\/en\\\/\"},{\"@type\":\"ListItem\",\"position\":2,\"name\":\"Comen\u00e7ar un voluntariat durant \u00abl&#8217;era coronavirus\u00bb\"}]},{\"@type\":\"WebSite\",\"@id\":\"https:\\\/\\\/www.esplac.cat\\\/#website\",\"url\":\"https:\\\/\\\/www.esplac.cat\\\/\",\"name\":\"Esplac\",\"description\":\"Esplais Catalans\",\"publisher\":{\"@id\":\"https:\\\/\\\/www.esplac.cat\\\/#organization\"},\"potentialAction\":[{\"@type\":\"SearchAction\",\"target\":{\"@type\":\"EntryPoint\",\"urlTemplate\":\"https:\\\/\\\/www.esplac.cat\\\/?s={search_term_string}\"},\"query-input\":{\"@type\":\"PropertyValueSpecification\",\"valueRequired\":true,\"valueName\":\"search_term_string\"}}],\"inLanguage\":\"en-US\"},{\"@type\":\"Organization\",\"@id\":\"https:\\\/\\\/www.esplac.cat\\\/#organization\",\"name\":\"Esplac\",\"url\":\"https:\\\/\\\/www.esplac.cat\\\/\",\"logo\":{\"@type\":\"ImageObject\",\"inLanguage\":\"en-US\",\"@id\":\"https:\\\/\\\/www.esplac.cat\\\/#\\\/schema\\\/logo\\\/image\\\/\",\"url\":\"https:\\\/\\\/www.esplac.cat\\\/wp-content\\\/uploads\\\/2019\\\/08\\\/logox2.png\",\"contentUrl\":\"https:\\\/\\\/www.esplac.cat\\\/wp-content\\\/uploads\\\/2019\\\/08\\\/logox2.png\",\"width\":600,\"height\":295,\"caption\":\"Esplac\"},\"image\":{\"@id\":\"https:\\\/\\\/www.esplac.cat\\\/#\\\/schema\\\/logo\\\/image\\\/\"}},{\"@type\":\"Person\",\"@id\":\"https:\\\/\\\/www.esplac.cat\\\/#\\\/schema\\\/person\\\/908383cf240be18b68f8855d0583faca\",\"name\":\"Comunicaci\u00f3 Esplac\",\"image\":{\"@type\":\"ImageObject\",\"inLanguage\":\"en-US\",\"@id\":\"https:\\\/\\\/secure.gravatar.com\\\/avatar\\\/7a4cf8feb412a76ea4a740ca02d95b06b2907b5a6c648c2dd0a1082a093c3141?s=96&d=mm&r=g\",\"url\":\"https:\\\/\\\/secure.gravatar.com\\\/avatar\\\/7a4cf8feb412a76ea4a740ca02d95b06b2907b5a6c648c2dd0a1082a093c3141?s=96&d=mm&r=g\",\"contentUrl\":\"https:\\\/\\\/secure.gravatar.com\\\/avatar\\\/7a4cf8feb412a76ea4a740ca02d95b06b2907b5a6c648c2dd0a1082a093c3141?s=96&d=mm&r=g\",\"caption\":\"Comunicaci\u00f3 Esplac\"}}]}<\/script>\n<!-- \/ Yoast SEO plugin. -->","yoast_head_json":{"title":"Comen\u00e7ar un voluntariat durant \"l'era coronavirus\" - Creuant Mirades","description":"El dia 1 de setembre vaig arribar a la que ser\u00e0 la meva ciutat en els pr\u00f2xims 12 mesos i de la qual espero extreure mil i una aventures, Brussel\u00b7les.","robots":{"index":"index","follow":"follow","max-snippet":"max-snippet:-1","max-image-preview":"max-image-preview:large","max-video-preview":"max-video-preview:-1"},"canonical":"https:\/\/www.esplac.cat\/es\/comencar-voluntariat-durant-era-coronavirus\/","og_locale":"en_US","og_type":"article","og_title":"Comen\u00e7ar un voluntariat durant \"l'era coronavirus\" - Creuant Mirades","og_description":"El dia 1 de setembre vaig arribar a la que ser\u00e0 la meva ciutat en els pr\u00f2xims 12 mesos i de la qual espero extreure mil i una aventures, Brussel\u00b7les.","og_url":"https:\/\/www.esplac.cat\/es\/comencar-voluntariat-durant-era-coronavirus\/","og_site_name":"Esplac","article_published_time":"2020-10-15T10:13:18+00:00","article_modified_time":"2020-10-15T16:22:43+00:00","og_image":[{"width":1697,"height":700,"url":"https:\/\/www.esplac.cat\/wp-content\/uploads\/2020\/10\/portades-web-2.jpg","type":"image\/jpeg"}],"author":"Comunicaci\u00f3 Esplac","twitter_card":"summary_large_image","twitter_misc":{"Written by":"Comunicaci\u00f3 Esplac","Est. reading time":"4 minutes"},"schema":{"@context":"https:\/\/schema.org","@graph":[{"@type":"Article","@id":"https:\/\/www.esplac.cat\/es\/comencar-voluntariat-durant-era-coronavirus\/#article","isPartOf":{"@id":"https:\/\/www.esplac.cat\/es\/comencar-voluntariat-durant-era-coronavirus\/"},"author":{"name":"Comunicaci\u00f3 Esplac","@id":"https:\/\/www.esplac.cat\/#\/schema\/person\/908383cf240be18b68f8855d0583faca"},"headline":"Comen\u00e7ar un voluntariat durant &#8220;l&#8217;era coronavirus&#8221;","datePublished":"2020-10-15T10:13:18+00:00","dateModified":"2020-10-15T16:22:43+00:00","mainEntityOfPage":{"@id":"https:\/\/www.esplac.cat\/es\/comencar-voluntariat-durant-era-coronavirus\/"},"wordCount":726,"publisher":{"@id":"https:\/\/www.esplac.cat\/#organization"},"image":{"@id":"https:\/\/www.esplac.cat\/es\/comencar-voluntariat-durant-era-coronavirus\/#primaryimage"},"thumbnailUrl":"https:\/\/www.esplac.cat\/wp-content\/uploads\/2020\/10\/portades-web-2.jpg","articleSection":["Creuant mirades"],"inLanguage":"en-US"},{"@type":"WebPage","@id":"https:\/\/www.esplac.cat\/es\/comencar-voluntariat-durant-era-coronavirus\/","url":"https:\/\/www.esplac.cat\/es\/comencar-voluntariat-durant-era-coronavirus\/","name":"Comen\u00e7ar un voluntariat durant \"l'era coronavirus\" - Creuant Mirades","isPartOf":{"@id":"https:\/\/www.esplac.cat\/#website"},"primaryImageOfPage":{"@id":"https:\/\/www.esplac.cat\/es\/comencar-voluntariat-durant-era-coronavirus\/#primaryimage"},"image":{"@id":"https:\/\/www.esplac.cat\/es\/comencar-voluntariat-durant-era-coronavirus\/#primaryimage"},"thumbnailUrl":"https:\/\/www.esplac.cat\/wp-content\/uploads\/2020\/10\/portades-web-2.jpg","datePublished":"2020-10-15T10:13:18+00:00","dateModified":"2020-10-15T16:22:43+00:00","description":"El dia 1 de setembre vaig arribar a la que ser\u00e0 la meva ciutat en els pr\u00f2xims 12 mesos i de la qual espero extreure mil i una aventures, Brussel\u00b7les.","breadcrumb":{"@id":"https:\/\/www.esplac.cat\/es\/comencar-voluntariat-durant-era-coronavirus\/#breadcrumb"},"inLanguage":"en-US","potentialAction":[{"@type":"ReadAction","target":["https:\/\/www.esplac.cat\/es\/comencar-voluntariat-durant-era-coronavirus\/"]}]},{"@type":"ImageObject","inLanguage":"en-US","@id":"https:\/\/www.esplac.cat\/es\/comencar-voluntariat-durant-era-coronavirus\/#primaryimage","url":"https:\/\/www.esplac.cat\/wp-content\/uploads\/2020\/10\/portades-web-2.jpg","contentUrl":"https:\/\/www.esplac.cat\/wp-content\/uploads\/2020\/10\/portades-web-2.jpg","width":1697,"height":700},{"@type":"BreadcrumbList","@id":"https:\/\/www.esplac.cat\/es\/comencar-voluntariat-durant-era-coronavirus\/#breadcrumb","itemListElement":[{"@type":"ListItem","position":1,"name":"Inici","item":"https:\/\/www.esplac.cat\/en\/"},{"@type":"ListItem","position":2,"name":"Comen\u00e7ar un voluntariat durant \u00abl&#8217;era coronavirus\u00bb"}]},{"@type":"WebSite","@id":"https:\/\/www.esplac.cat\/#website","url":"https:\/\/www.esplac.cat\/","name":"Esplac","description":"Esplais Catalans","publisher":{"@id":"https:\/\/www.esplac.cat\/#organization"},"potentialAction":[{"@type":"SearchAction","target":{"@type":"EntryPoint","urlTemplate":"https:\/\/www.esplac.cat\/?s={search_term_string}"},"query-input":{"@type":"PropertyValueSpecification","valueRequired":true,"valueName":"search_term_string"}}],"inLanguage":"en-US"},{"@type":"Organization","@id":"https:\/\/www.esplac.cat\/#organization","name":"Esplac","url":"https:\/\/www.esplac.cat\/","logo":{"@type":"ImageObject","inLanguage":"en-US","@id":"https:\/\/www.esplac.cat\/#\/schema\/logo\/image\/","url":"https:\/\/www.esplac.cat\/wp-content\/uploads\/2019\/08\/logox2.png","contentUrl":"https:\/\/www.esplac.cat\/wp-content\/uploads\/2019\/08\/logox2.png","width":600,"height":295,"caption":"Esplac"},"image":{"@id":"https:\/\/www.esplac.cat\/#\/schema\/logo\/image\/"}},{"@type":"Person","@id":"https:\/\/www.esplac.cat\/#\/schema\/person\/908383cf240be18b68f8855d0583faca","name":"Comunicaci\u00f3 Esplac","image":{"@type":"ImageObject","inLanguage":"en-US","@id":"https:\/\/secure.gravatar.com\/avatar\/7a4cf8feb412a76ea4a740ca02d95b06b2907b5a6c648c2dd0a1082a093c3141?s=96&d=mm&r=g","url":"https:\/\/secure.gravatar.com\/avatar\/7a4cf8feb412a76ea4a740ca02d95b06b2907b5a6c648c2dd0a1082a093c3141?s=96&d=mm&r=g","contentUrl":"https:\/\/secure.gravatar.com\/avatar\/7a4cf8feb412a76ea4a740ca02d95b06b2907b5a6c648c2dd0a1082a093c3141?s=96&d=mm&r=g","caption":"Comunicaci\u00f3 Esplac"}}]}},"_links":{"self":[{"href":"https:\/\/www.esplac.cat\/en\/wp-json\/wp\/v2\/posts\/32792","targetHints":{"allow":["GET"]}}],"collection":[{"href":"https:\/\/www.esplac.cat\/en\/wp-json\/wp\/v2\/posts"}],"about":[{"href":"https:\/\/www.esplac.cat\/en\/wp-json\/wp\/v2\/types\/post"}],"author":[{"embeddable":true,"href":"https:\/\/www.esplac.cat\/en\/wp-json\/wp\/v2\/users\/3"}],"replies":[{"embeddable":true,"href":"https:\/\/www.esplac.cat\/en\/wp-json\/wp\/v2\/comments?post=32792"}],"version-history":[{"count":0,"href":"https:\/\/www.esplac.cat\/en\/wp-json\/wp\/v2\/posts\/32792\/revisions"}],"wp:featuredmedia":[{"embeddable":true,"href":"https:\/\/www.esplac.cat\/en\/wp-json\/wp\/v2\/media\/32794"}],"wp:attachment":[{"href":"https:\/\/www.esplac.cat\/en\/wp-json\/wp\/v2\/media?parent=32792"}],"wp:term":[{"taxonomy":"category","embeddable":true,"href":"https:\/\/www.esplac.cat\/en\/wp-json\/wp\/v2\/categories?post=32792"},{"taxonomy":"post_tag","embeddable":true,"href":"https:\/\/www.esplac.cat\/en\/wp-json\/wp\/v2\/tags?post=32792"}],"curies":[{"name":"wp","href":"https:\/\/api.w.org\/{rel}","templated":true}]}}