{"id":32855,"date":"2020-10-19T09:24:47","date_gmt":"2020-10-19T08:24:47","guid":{"rendered":"https:\/\/www.esplac.cat\/?p=32855"},"modified":"2020-10-19T09:31:07","modified_gmt":"2020-10-19T08:31:07","slug":"sector-camp-tarragona-comenca-curs","status":"publish","type":"post","link":"https:\/\/www.esplac.cat\/en\/sector-camp-tarragona-comenca-curs\/","title":{"rendered":"El Sector Camp de Tarragona comen\u00e7a el curs!"},"content":{"rendered":"<h6><strong>El dissabte 10 d\u2019octubre va tenir lloc la Trobada de Monitores i Monitors del Sector Camp de Tarragona, on es va fer l&#8217;Assemblea General del Sector i es van decidir els objectius i activitats d\u2019aquest curs.<\/strong><\/h6>\n<p><span style=\"font-weight: 400;\">L\u2019esplai Esclop de Vila-seca va acollir, el passat dissabte 10 d\u2019octubre, les monitores dels altres esplais del <span style=\"color: #ff9900;\"><a style=\"color: #ff9900;\" href=\"https:\/\/www.esplac.cat\/sectors-geografics\/camp-de-tarragona\/\" target=\"_blank\" rel=\"noopener noreferrer\">Sector Camp de Tarragona<\/a><\/span>. Al mat\u00ed s\u2019hi va celebrar l\u2019Assemblea General del Sector, on s\u2019hi van decidir els objectius que guiaran el sector aquest curs.\u00a0<\/span><\/p>\n<p><span style=\"font-weight: 400;\">Els objectius s\u00f3n:<strong> fomentar la formaci\u00f3<\/strong> de les monitores i monitors del sector, <strong>millorar la cohesi\u00f3<\/strong> de monis, infants i joves del sector i <strong>visibilitzar-nos<\/strong>! Es van haver de trencar el cap adaptant les activitats del sector a les mesures actuals\u2026 I en van sortir propostes ben originals! I perqu\u00e8 els infants del sector no es quedin sense con\u00e8ixer els dels altres esplais, es far\u00e0 una <strong>gimcana interactiva<\/strong> en la qual, cada esplai des de casa seva, haur\u00e0 de resoldre uns enigmes interactuant virtualment amb els infants dels altres esplais.<\/span><\/p>\n<p><span style=\"font-weight: 400;\">A m\u00e9s, es tornaran a fer dessuadores i uns<em> boc \u2018n\u2019 rolls (porta-entrepans)<\/em>\u00a0per anar a l\u2019esplai reduint la nostra petjada ecol\u00f2gica!<\/span><\/p>\n<p><span style=\"font-weight: 400;\">Un cop acabada l\u2019AGO, es va fer la formaci\u00f3 de Prevenci\u00f3 i detecci\u00f3 de l\u2019ab\u00fas sexual infantil, a c\u00e0rrec de la fundaci\u00f3 <span style=\"color: #ff9900;\"><a style=\"color: #ff9900;\" href=\"https:\/\/www.fbernadet.org\/\" target=\"_blank\" rel=\"noopener noreferrer\">Vicki Bernadet.<\/a><\/span><\/span><\/p>\n","protected":false},"excerpt":{"rendered":"<p>El dissabte 10 d\u2019octubre va tenir lloc la Trobada de [&hellip;]<\/p>\n","protected":false},"author":3,"featured_media":32856,"comment_status":"closed","ping_status":"closed","sticky":false,"template":"","format":"standard","meta":{"om_disable_all_campaigns":false,"_monsterinsights_skip_tracking":false,"_monsterinsights_sitenote_active":false,"_monsterinsights_sitenote_note":"","_monsterinsights_sitenote_category":0,"_uf_show_specific_survey":0,"_uf_disable_surveys":false,"footnotes":""},"categories":[1122],"tags":[],"class_list":["post-32855","post","type-post","status-publish","format-standard","has-post-thumbnail","hentry","category-sector-camp-de-tarragona"],"yoast_head":"<!-- This site is optimized with the Yoast SEO plugin v27.5 - https:\/\/yoast.com\/product\/yoast-seo-wordpress\/ -->\n<title>El Sector Camp de Tarragona comen\u00e7a el curs! - Esplac<\/title>\n<meta name=\"description\" content=\"El dissabte 10 d\u2019octubre va tenir lloc la Trobada de Monis del Sector Camp de Tarragona i es van decidir els objectius i activitats d\u2019aquest curs.\" \/>\n<meta name=\"robots\" content=\"index, follow, max-snippet:-1, max-image-preview:large, max-video-preview:-1\" \/>\n<link rel=\"canonical\" href=\"https:\/\/www.esplac.cat\/sector-camp-tarragona-comenca-curs\/\" \/>\n<meta property=\"og:locale\" content=\"en_US\" \/>\n<meta property=\"og:type\" content=\"article\" \/>\n<meta property=\"og:title\" content=\"El Sector Camp de Tarragona comen\u00e7a el curs! - Esplac\" \/>\n<meta property=\"og:description\" content=\"El dissabte 10 d\u2019octubre va tenir lloc la Trobada de Monis del Sector Camp de Tarragona i es van decidir els objectius i activitats d\u2019aquest curs.\" \/>\n<meta property=\"og:url\" content=\"https:\/\/www.esplac.cat\/sector-camp-tarragona-comenca-curs\/\" \/>\n<meta property=\"og:site_name\" content=\"Esplac\" \/>\n<meta property=\"article:published_time\" content=\"2020-10-19T08:24:47+00:00\" \/>\n<meta property=\"article:modified_time\" content=\"2020-10-19T08:31:07+00:00\" \/>\n<meta property=\"og:image\" content=\"https:\/\/www.esplac.cat\/wp-content\/uploads\/2020\/10\/portadacdt.jpg\" \/>\n\t<meta property=\"og:image:width\" content=\"1697\" \/>\n\t<meta property=\"og:image:height\" content=\"700\" \/>\n\t<meta property=\"og:image:type\" content=\"image\/jpeg\" \/>\n<meta name=\"author\" content=\"Comunicaci\u00f3 Esplac\" \/>\n<meta name=\"twitter:card\" content=\"summary_large_image\" \/>\n<meta name=\"twitter:label1\" content=\"Written by\" \/>\n\t<meta name=\"twitter:data1\" content=\"Comunicaci\u00f3 Esplac\" \/>\n\t<meta name=\"twitter:label2\" content=\"Est. reading time\" \/>\n\t<meta name=\"twitter:data2\" content=\"1 minute\" \/>\n<script type=\"application\/ld+json\" class=\"yoast-schema-graph\">{\"@context\":\"https:\\\/\\\/schema.org\",\"@graph\":[{\"@type\":\"Article\",\"@id\":\"https:\\\/\\\/www.esplac.cat\\\/sector-camp-tarragona-comenca-curs\\\/#article\",\"isPartOf\":{\"@id\":\"https:\\\/\\\/www.esplac.cat\\\/sector-camp-tarragona-comenca-curs\\\/\"},\"author\":{\"name\":\"Comunicaci\u00f3 Esplac\",\"@id\":\"https:\\\/\\\/www.esplac.cat\\\/#\\\/schema\\\/person\\\/908383cf240be18b68f8855d0583faca\"},\"headline\":\"El Sector Camp de Tarragona comen\u00e7a el curs!\",\"datePublished\":\"2020-10-19T08:24:47+00:00\",\"dateModified\":\"2020-10-19T08:31:07+00:00\",\"mainEntityOfPage\":{\"@id\":\"https:\\\/\\\/www.esplac.cat\\\/sector-camp-tarragona-comenca-curs\\\/\"},\"wordCount\":238,\"publisher\":{\"@id\":\"https:\\\/\\\/www.esplac.cat\\\/#organization\"},\"image\":{\"@id\":\"https:\\\/\\\/www.esplac.cat\\\/sector-camp-tarragona-comenca-curs\\\/#primaryimage\"},\"thumbnailUrl\":\"https:\\\/\\\/www.esplac.cat\\\/wp-content\\\/uploads\\\/2020\\\/10\\\/portadacdt.jpg\",\"articleSection\":[\"Sector Camp de Tarragona\"],\"inLanguage\":\"en-US\"},{\"@type\":\"WebPage\",\"@id\":\"https:\\\/\\\/www.esplac.cat\\\/sector-camp-tarragona-comenca-curs\\\/\",\"url\":\"https:\\\/\\\/www.esplac.cat\\\/sector-camp-tarragona-comenca-curs\\\/\",\"name\":\"El Sector Camp de Tarragona comen\u00e7a el curs! - Esplac\",\"isPartOf\":{\"@id\":\"https:\\\/\\\/www.esplac.cat\\\/#website\"},\"primaryImageOfPage\":{\"@id\":\"https:\\\/\\\/www.esplac.cat\\\/sector-camp-tarragona-comenca-curs\\\/#primaryimage\"},\"image\":{\"@id\":\"https:\\\/\\\/www.esplac.cat\\\/sector-camp-tarragona-comenca-curs\\\/#primaryimage\"},\"thumbnailUrl\":\"https:\\\/\\\/www.esplac.cat\\\/wp-content\\\/uploads\\\/2020\\\/10\\\/portadacdt.jpg\",\"datePublished\":\"2020-10-19T08:24:47+00:00\",\"dateModified\":\"2020-10-19T08:31:07+00:00\",\"description\":\"El dissabte 10 d\u2019octubre va tenir lloc la Trobada de Monis del Sector Camp de Tarragona i es van decidir els objectius i activitats d\u2019aquest curs.\",\"breadcrumb\":{\"@id\":\"https:\\\/\\\/www.esplac.cat\\\/sector-camp-tarragona-comenca-curs\\\/#breadcrumb\"},\"inLanguage\":\"en-US\",\"potentialAction\":[{\"@type\":\"ReadAction\",\"target\":[\"https:\\\/\\\/www.esplac.cat\\\/sector-camp-tarragona-comenca-curs\\\/\"]}]},{\"@type\":\"ImageObject\",\"inLanguage\":\"en-US\",\"@id\":\"https:\\\/\\\/www.esplac.cat\\\/sector-camp-tarragona-comenca-curs\\\/#primaryimage\",\"url\":\"https:\\\/\\\/www.esplac.cat\\\/wp-content\\\/uploads\\\/2020\\\/10\\\/portadacdt.jpg\",\"contentUrl\":\"https:\\\/\\\/www.esplac.cat\\\/wp-content\\\/uploads\\\/2020\\\/10\\\/portadacdt.jpg\",\"width\":1697,\"height\":700},{\"@type\":\"BreadcrumbList\",\"@id\":\"https:\\\/\\\/www.esplac.cat\\\/sector-camp-tarragona-comenca-curs\\\/#breadcrumb\",\"itemListElement\":[{\"@type\":\"ListItem\",\"position\":1,\"name\":\"Inici\",\"item\":\"https:\\\/\\\/www.esplac.cat\\\/en\\\/\"},{\"@type\":\"ListItem\",\"position\":2,\"name\":\"El Sector Camp de Tarragona comen\u00e7a el curs!\"}]},{\"@type\":\"WebSite\",\"@id\":\"https:\\\/\\\/www.esplac.cat\\\/#website\",\"url\":\"https:\\\/\\\/www.esplac.cat\\\/\",\"name\":\"Esplac\",\"description\":\"Esplais Catalans\",\"publisher\":{\"@id\":\"https:\\\/\\\/www.esplac.cat\\\/#organization\"},\"potentialAction\":[{\"@type\":\"SearchAction\",\"target\":{\"@type\":\"EntryPoint\",\"urlTemplate\":\"https:\\\/\\\/www.esplac.cat\\\/?s={search_term_string}\"},\"query-input\":{\"@type\":\"PropertyValueSpecification\",\"valueRequired\":true,\"valueName\":\"search_term_string\"}}],\"inLanguage\":\"en-US\"},{\"@type\":\"Organization\",\"@id\":\"https:\\\/\\\/www.esplac.cat\\\/#organization\",\"name\":\"Esplac\",\"url\":\"https:\\\/\\\/www.esplac.cat\\\/\",\"logo\":{\"@type\":\"ImageObject\",\"inLanguage\":\"en-US\",\"@id\":\"https:\\\/\\\/www.esplac.cat\\\/#\\\/schema\\\/logo\\\/image\\\/\",\"url\":\"https:\\\/\\\/www.esplac.cat\\\/wp-content\\\/uploads\\\/2019\\\/08\\\/logox2.png\",\"contentUrl\":\"https:\\\/\\\/www.esplac.cat\\\/wp-content\\\/uploads\\\/2019\\\/08\\\/logox2.png\",\"width\":600,\"height\":295,\"caption\":\"Esplac\"},\"image\":{\"@id\":\"https:\\\/\\\/www.esplac.cat\\\/#\\\/schema\\\/logo\\\/image\\\/\"}},{\"@type\":\"Person\",\"@id\":\"https:\\\/\\\/www.esplac.cat\\\/#\\\/schema\\\/person\\\/908383cf240be18b68f8855d0583faca\",\"name\":\"Comunicaci\u00f3 Esplac\",\"image\":{\"@type\":\"ImageObject\",\"inLanguage\":\"en-US\",\"@id\":\"https:\\\/\\\/secure.gravatar.com\\\/avatar\\\/7a4cf8feb412a76ea4a740ca02d95b06b2907b5a6c648c2dd0a1082a093c3141?s=96&d=mm&r=g\",\"url\":\"https:\\\/\\\/secure.gravatar.com\\\/avatar\\\/7a4cf8feb412a76ea4a740ca02d95b06b2907b5a6c648c2dd0a1082a093c3141?s=96&d=mm&r=g\",\"contentUrl\":\"https:\\\/\\\/secure.gravatar.com\\\/avatar\\\/7a4cf8feb412a76ea4a740ca02d95b06b2907b5a6c648c2dd0a1082a093c3141?s=96&d=mm&r=g\",\"caption\":\"Comunicaci\u00f3 Esplac\"}}]}<\/script>\n<!-- \/ Yoast SEO plugin. -->","yoast_head_json":{"title":"El Sector Camp de Tarragona comen\u00e7a el curs! - Esplac","description":"El dissabte 10 d\u2019octubre va tenir lloc la Trobada de Monis del Sector Camp de Tarragona i es van decidir els objectius i activitats d\u2019aquest curs.","robots":{"index":"index","follow":"follow","max-snippet":"max-snippet:-1","max-image-preview":"max-image-preview:large","max-video-preview":"max-video-preview:-1"},"canonical":"https:\/\/www.esplac.cat\/sector-camp-tarragona-comenca-curs\/","og_locale":"en_US","og_type":"article","og_title":"El Sector Camp de Tarragona comen\u00e7a el curs! - Esplac","og_description":"El dissabte 10 d\u2019octubre va tenir lloc la Trobada de Monis del Sector Camp de Tarragona i es van decidir els objectius i activitats d\u2019aquest curs.","og_url":"https:\/\/www.esplac.cat\/sector-camp-tarragona-comenca-curs\/","og_site_name":"Esplac","article_published_time":"2020-10-19T08:24:47+00:00","article_modified_time":"2020-10-19T08:31:07+00:00","og_image":[{"width":1697,"height":700,"url":"https:\/\/www.esplac.cat\/wp-content\/uploads\/2020\/10\/portadacdt.jpg","type":"image\/jpeg"}],"author":"Comunicaci\u00f3 Esplac","twitter_card":"summary_large_image","twitter_misc":{"Written by":"Comunicaci\u00f3 Esplac","Est. reading time":"1 minute"},"schema":{"@context":"https:\/\/schema.org","@graph":[{"@type":"Article","@id":"https:\/\/www.esplac.cat\/sector-camp-tarragona-comenca-curs\/#article","isPartOf":{"@id":"https:\/\/www.esplac.cat\/sector-camp-tarragona-comenca-curs\/"},"author":{"name":"Comunicaci\u00f3 Esplac","@id":"https:\/\/www.esplac.cat\/#\/schema\/person\/908383cf240be18b68f8855d0583faca"},"headline":"El Sector Camp de Tarragona comen\u00e7a el curs!","datePublished":"2020-10-19T08:24:47+00:00","dateModified":"2020-10-19T08:31:07+00:00","mainEntityOfPage":{"@id":"https:\/\/www.esplac.cat\/sector-camp-tarragona-comenca-curs\/"},"wordCount":238,"publisher":{"@id":"https:\/\/www.esplac.cat\/#organization"},"image":{"@id":"https:\/\/www.esplac.cat\/sector-camp-tarragona-comenca-curs\/#primaryimage"},"thumbnailUrl":"https:\/\/www.esplac.cat\/wp-content\/uploads\/2020\/10\/portadacdt.jpg","articleSection":["Sector Camp de Tarragona"],"inLanguage":"en-US"},{"@type":"WebPage","@id":"https:\/\/www.esplac.cat\/sector-camp-tarragona-comenca-curs\/","url":"https:\/\/www.esplac.cat\/sector-camp-tarragona-comenca-curs\/","name":"El Sector Camp de Tarragona comen\u00e7a el curs! - Esplac","isPartOf":{"@id":"https:\/\/www.esplac.cat\/#website"},"primaryImageOfPage":{"@id":"https:\/\/www.esplac.cat\/sector-camp-tarragona-comenca-curs\/#primaryimage"},"image":{"@id":"https:\/\/www.esplac.cat\/sector-camp-tarragona-comenca-curs\/#primaryimage"},"thumbnailUrl":"https:\/\/www.esplac.cat\/wp-content\/uploads\/2020\/10\/portadacdt.jpg","datePublished":"2020-10-19T08:24:47+00:00","dateModified":"2020-10-19T08:31:07+00:00","description":"El dissabte 10 d\u2019octubre va tenir lloc la Trobada de Monis del Sector Camp de Tarragona i es van decidir els objectius i activitats d\u2019aquest curs.","breadcrumb":{"@id":"https:\/\/www.esplac.cat\/sector-camp-tarragona-comenca-curs\/#breadcrumb"},"inLanguage":"en-US","potentialAction":[{"@type":"ReadAction","target":["https:\/\/www.esplac.cat\/sector-camp-tarragona-comenca-curs\/"]}]},{"@type":"ImageObject","inLanguage":"en-US","@id":"https:\/\/www.esplac.cat\/sector-camp-tarragona-comenca-curs\/#primaryimage","url":"https:\/\/www.esplac.cat\/wp-content\/uploads\/2020\/10\/portadacdt.jpg","contentUrl":"https:\/\/www.esplac.cat\/wp-content\/uploads\/2020\/10\/portadacdt.jpg","width":1697,"height":700},{"@type":"BreadcrumbList","@id":"https:\/\/www.esplac.cat\/sector-camp-tarragona-comenca-curs\/#breadcrumb","itemListElement":[{"@type":"ListItem","position":1,"name":"Inici","item":"https:\/\/www.esplac.cat\/en\/"},{"@type":"ListItem","position":2,"name":"El Sector Camp de Tarragona comen\u00e7a el curs!"}]},{"@type":"WebSite","@id":"https:\/\/www.esplac.cat\/#website","url":"https:\/\/www.esplac.cat\/","name":"Esplac","description":"Esplais Catalans","publisher":{"@id":"https:\/\/www.esplac.cat\/#organization"},"potentialAction":[{"@type":"SearchAction","target":{"@type":"EntryPoint","urlTemplate":"https:\/\/www.esplac.cat\/?s={search_term_string}"},"query-input":{"@type":"PropertyValueSpecification","valueRequired":true,"valueName":"search_term_string"}}],"inLanguage":"en-US"},{"@type":"Organization","@id":"https:\/\/www.esplac.cat\/#organization","name":"Esplac","url":"https:\/\/www.esplac.cat\/","logo":{"@type":"ImageObject","inLanguage":"en-US","@id":"https:\/\/www.esplac.cat\/#\/schema\/logo\/image\/","url":"https:\/\/www.esplac.cat\/wp-content\/uploads\/2019\/08\/logox2.png","contentUrl":"https:\/\/www.esplac.cat\/wp-content\/uploads\/2019\/08\/logox2.png","width":600,"height":295,"caption":"Esplac"},"image":{"@id":"https:\/\/www.esplac.cat\/#\/schema\/logo\/image\/"}},{"@type":"Person","@id":"https:\/\/www.esplac.cat\/#\/schema\/person\/908383cf240be18b68f8855d0583faca","name":"Comunicaci\u00f3 Esplac","image":{"@type":"ImageObject","inLanguage":"en-US","@id":"https:\/\/secure.gravatar.com\/avatar\/7a4cf8feb412a76ea4a740ca02d95b06b2907b5a6c648c2dd0a1082a093c3141?s=96&d=mm&r=g","url":"https:\/\/secure.gravatar.com\/avatar\/7a4cf8feb412a76ea4a740ca02d95b06b2907b5a6c648c2dd0a1082a093c3141?s=96&d=mm&r=g","contentUrl":"https:\/\/secure.gravatar.com\/avatar\/7a4cf8feb412a76ea4a740ca02d95b06b2907b5a6c648c2dd0a1082a093c3141?s=96&d=mm&r=g","caption":"Comunicaci\u00f3 Esplac"}}]}},"_links":{"self":[{"href":"https:\/\/www.esplac.cat\/en\/wp-json\/wp\/v2\/posts\/32855","targetHints":{"allow":["GET"]}}],"collection":[{"href":"https:\/\/www.esplac.cat\/en\/wp-json\/wp\/v2\/posts"}],"about":[{"href":"https:\/\/www.esplac.cat\/en\/wp-json\/wp\/v2\/types\/post"}],"author":[{"embeddable":true,"href":"https:\/\/www.esplac.cat\/en\/wp-json\/wp\/v2\/users\/3"}],"replies":[{"embeddable":true,"href":"https:\/\/www.esplac.cat\/en\/wp-json\/wp\/v2\/comments?post=32855"}],"version-history":[{"count":0,"href":"https:\/\/www.esplac.cat\/en\/wp-json\/wp\/v2\/posts\/32855\/revisions"}],"wp:featuredmedia":[{"embeddable":true,"href":"https:\/\/www.esplac.cat\/en\/wp-json\/wp\/v2\/media\/32856"}],"wp:attachment":[{"href":"https:\/\/www.esplac.cat\/en\/wp-json\/wp\/v2\/media?parent=32855"}],"wp:term":[{"taxonomy":"category","embeddable":true,"href":"https:\/\/www.esplac.cat\/en\/wp-json\/wp\/v2\/categories?post=32855"},{"taxonomy":"post_tag","embeddable":true,"href":"https:\/\/www.esplac.cat\/en\/wp-json\/wp\/v2\/tags?post=32855"}],"curies":[{"name":"wp","href":"https:\/\/api.w.org\/{rel}","templated":true}]}}