{"id":32878,"date":"2020-10-21T07:40:14","date_gmt":"2020-10-21T06:40:14","guid":{"rendered":"https:\/\/www.esplac.cat\/?p=32878"},"modified":"2020-10-21T08:19:10","modified_gmt":"2020-10-21T07:19:10","slug":"saps-que-es-el-llibre-destil-desplais-catalans","status":"publish","type":"post","link":"https:\/\/www.esplac.cat\/en\/saps-que-es-el-llibre-destil-desplais-catalans\/","title":{"rendered":"Saps qu\u00e8 \u00e9s el Llibre d&#8217;Estil d&#8217;Esplais Catalans?"},"content":{"rendered":"<h6><strong>Unifiquem l&#8217;estil i resolem dubtes gramaticals per posar cohesi\u00f3 i coher\u00e8ncia als textos de l&#8217;entitat amb el Llibre d&#8217;Estil d&#8217;Esplais Catalans!<\/strong><\/h6>\n<p>L\u2019estil \u00e9s una manera distintiva i espec\u00edfica d\u2019estructurar la comunicaci\u00f3. Quan es tracta de definir l\u2019estil adequat per una associaci\u00f3 en la que tantes persones diferents s\u00f3n emissores d\u2019informaci\u00f3 i prenen part en la redacci\u00f3 de textos corporatius (Secretaria T\u00e8cnica, dirigents, representants de les comissions&#8230;) sorgeixen problemes i dubtes. \u00c9s aqu\u00ed on trobem la import\u00e0ncia d\u2019<strong>unificar criteris i disposar d\u2019un manual d\u2019estil propi que aporti ordre, cohesi\u00f3 i coher\u00e8ncia en tots aquells textos que formulem en el marc de l\u2019entitat<\/strong>. En resposta a aquesta necessitat, neix el <i>Llibre d\u2019Estil d\u2019Esplais Catalans, <\/i>que vol contribuir a la bona imatge de l\u2019associaci\u00f3 a trav\u00e9s de la correcci\u00f3 i l\u2019homogene\u00eftat de les seves comunicacions escrites i verbals.<\/p>\n<p>\u00c9s important remarcar que no es tracta d&#8217;un document definitiu: \u00e9s viu, subjecte a canvis i transformacions, i en revisi\u00f3 constant.<\/p>\n<p><strong>Qui pot fer servir el Llibre d&#8217;Estil d&#8217;Esplais Catalans?<\/strong><\/p>\n<p><span style=\"font-weight: 400;\">Les persones destinat\u00e0ries del <\/span><i><span style=\"font-weight: 400;\">Llibre d\u2019Estil d\u2019Esplais Catalans<\/span><\/i><span style=\"font-weight: 400;\"> s\u00f3n tant les treballadores i treballadors de la Secretaria T\u00e8cnica, encarregades de redactar la majoria de textos, com les persones dirigents de l\u2019entitat, a qui els pot ser \u00fatil aquest recurs en l\u2019escriptura de comunicats, posicionaments i, fins i tot, publicacions a les xarxes socials dels diferents sectors.<\/span><\/p>\n<p>Tamb\u00e9 us pot servir als esplais com a guia per redactar el vostre propi llibre d&#8217;estil, que respongui a les vostres necessitats i reflexions, o podeu incorporar directament la proposta que us fem des d&#8217;Esplac.<\/p>\n<p><strong>On es pot trobar?\u00a0<\/strong><\/p>\n<p>El podeu consultar en versi\u00f3 web amb un \u00edndex dels apartats amb el que podreu anar, directament, a consultar el dubte desitjat.<\/p>\n<p>Podeu trobar-lo a l&#8217;apartat del banc de recursos provisional o directament aqu\u00ed:<\/p>\n<div class=\"fusion-button-wrapper\"><a class=\"fusion-button button-flat fusion-button-default-size button-default fusion-button-default button-1 fusion-button-default-span fusion-button-default-type\" target=\"_self\" href=\"https:\/\/www.esplac.cat\/llibre-estil\/\"><span class=\"fusion-button-text\">Llibre d&#8217;Estil d&#8217;Esplais Catalans (versi\u00f3 web)<\/span><\/a><\/div>\n<p>&nbsp;<\/p>\n<p><span style=\"font-weight: 400;\">Esperem que aquest document respongui als objectius amb qu\u00e8 ha estat creat, i que les persones que en feu consulta hi trobeu un instrument de refer\u00e8ncia \u00fatil i efica\u00e7 que contribueixi a incrementar la vostra autonomia ling\u00fc\u00edstica i a posar en valor tant la imatge escrita de la nostra associaci\u00f3 com la de la llengua catalana.\u00a0<\/span><\/p>\n","protected":false},"excerpt":{"rendered":"<p>Unifiquem l&#8217;estil i resolem dubtes gramaticals per posar cohesi\u00f3 i [&hellip;]<\/p>\n","protected":false},"author":3,"featured_media":32891,"comment_status":"closed","ping_status":"closed","sticky":false,"template":"","format":"standard","meta":{"om_disable_all_campaigns":false,"_monsterinsights_skip_tracking":false,"_monsterinsights_sitenote_active":false,"_monsterinsights_sitenote_note":"","_monsterinsights_sitenote_category":0,"_uf_show_specific_survey":0,"_uf_disable_surveys":false,"footnotes":""},"categories":[1114],"tags":[94,1322,1321],"class_list":["post-32878","post","type-post","status-publish","format-standard","has-post-thumbnail","hentry","category-recursos","tag-comunicacio","tag-guia-descriptura","tag-llibre-destil"],"yoast_head":"<!-- This site is optimized with the Yoast SEO plugin v27.4 - https:\/\/yoast.com\/product\/yoast-seo-wordpress\/ -->\n<title>Saps qu\u00e8 \u00e9s el Llibre d&#039;Estil d&#039;Esplais Catalans? - Esplac<\/title>\n<meta name=\"description\" content=\"Neix el Llibre d\u2019Estil d\u2019Esplais Catalans, que vol contribuir a unificar criteris i disposar d\u2019un manual propi que aporti ordre, cohesi\u00f3 i coher\u00e8ncia en tots aquells textos que formulem en el marc de l\u2019entitat\" \/>\n<meta name=\"robots\" content=\"index, follow, max-snippet:-1, max-image-preview:large, max-video-preview:-1\" \/>\n<link rel=\"canonical\" href=\"https:\/\/www.esplac.cat\/en\/saps-que-es-el-llibre-destil-desplais-catalans\/\" \/>\n<meta property=\"og:locale\" content=\"en_US\" \/>\n<meta property=\"og:type\" content=\"article\" \/>\n<meta property=\"og:title\" content=\"Saps qu\u00e8 \u00e9s el Llibre d&#039;Estil d&#039;Esplais Catalans? - Esplac\" \/>\n<meta property=\"og:description\" content=\"Neix el Llibre d\u2019Estil d\u2019Esplais Catalans, que vol contribuir a unificar criteris i disposar d\u2019un manual propi que aporti ordre, cohesi\u00f3 i coher\u00e8ncia en tots aquells textos que formulem en el marc de l\u2019entitat\" \/>\n<meta property=\"og:url\" content=\"https:\/\/www.esplac.cat\/en\/saps-que-es-el-llibre-destil-desplais-catalans\/\" \/>\n<meta property=\"og:site_name\" content=\"Esplac\" \/>\n<meta property=\"article:published_time\" content=\"2020-10-21T06:40:14+00:00\" \/>\n<meta property=\"article:modified_time\" content=\"2020-10-21T07:19:10+00:00\" \/>\n<meta property=\"og:image\" content=\"https:\/\/www.esplac.cat\/wp-content\/uploads\/2020\/10\/portades-web.jpg\" \/>\n\t<meta property=\"og:image:width\" content=\"1697\" \/>\n\t<meta property=\"og:image:height\" content=\"700\" \/>\n\t<meta property=\"og:image:type\" content=\"image\/jpeg\" \/>\n<meta name=\"author\" content=\"Comunicaci\u00f3 Esplac\" \/>\n<meta name=\"twitter:card\" content=\"summary_large_image\" \/>\n<meta name=\"twitter:label1\" content=\"Written by\" \/>\n\t<meta name=\"twitter:data1\" content=\"Comunicaci\u00f3 Esplac\" \/>\n\t<meta name=\"twitter:label2\" content=\"Est. reading time\" \/>\n\t<meta name=\"twitter:data2\" content=\"2 minutes\" \/>\n<script type=\"application\/ld+json\" class=\"yoast-schema-graph\">{\"@context\":\"https:\\\/\\\/schema.org\",\"@graph\":[{\"@type\":\"Article\",\"@id\":\"https:\\\/\\\/www.esplac.cat\\\/en\\\/saps-que-es-el-llibre-destil-desplais-catalans\\\/#article\",\"isPartOf\":{\"@id\":\"https:\\\/\\\/www.esplac.cat\\\/en\\\/saps-que-es-el-llibre-destil-desplais-catalans\\\/\"},\"author\":{\"name\":\"Comunicaci\u00f3 Esplac\",\"@id\":\"https:\\\/\\\/www.esplac.cat\\\/#\\\/schema\\\/person\\\/908383cf240be18b68f8855d0583faca\"},\"headline\":\"Saps qu\u00e8 \u00e9s el Llibre d&#8217;Estil d&#8217;Esplais Catalans?\",\"datePublished\":\"2020-10-21T06:40:14+00:00\",\"dateModified\":\"2020-10-21T07:19:10+00:00\",\"mainEntityOfPage\":{\"@id\":\"https:\\\/\\\/www.esplac.cat\\\/en\\\/saps-que-es-el-llibre-destil-desplais-catalans\\\/\"},\"wordCount\":491,\"publisher\":{\"@id\":\"https:\\\/\\\/www.esplac.cat\\\/#organization\"},\"image\":{\"@id\":\"https:\\\/\\\/www.esplac.cat\\\/en\\\/saps-que-es-el-llibre-destil-desplais-catalans\\\/#primaryimage\"},\"thumbnailUrl\":\"https:\\\/\\\/www.esplac.cat\\\/wp-content\\\/uploads\\\/2020\\\/10\\\/portades-web.jpg\",\"keywords\":[\"comunicaci\u00f3\",\"guia d'escriptura\",\"llibre d'estil\"],\"articleSection\":[\"Recursos\"],\"inLanguage\":\"en-US\"},{\"@type\":\"WebPage\",\"@id\":\"https:\\\/\\\/www.esplac.cat\\\/en\\\/saps-que-es-el-llibre-destil-desplais-catalans\\\/\",\"url\":\"https:\\\/\\\/www.esplac.cat\\\/en\\\/saps-que-es-el-llibre-destil-desplais-catalans\\\/\",\"name\":\"Saps qu\u00e8 \u00e9s el Llibre d'Estil d'Esplais Catalans? - Esplac\",\"isPartOf\":{\"@id\":\"https:\\\/\\\/www.esplac.cat\\\/#website\"},\"primaryImageOfPage\":{\"@id\":\"https:\\\/\\\/www.esplac.cat\\\/en\\\/saps-que-es-el-llibre-destil-desplais-catalans\\\/#primaryimage\"},\"image\":{\"@id\":\"https:\\\/\\\/www.esplac.cat\\\/en\\\/saps-que-es-el-llibre-destil-desplais-catalans\\\/#primaryimage\"},\"thumbnailUrl\":\"https:\\\/\\\/www.esplac.cat\\\/wp-content\\\/uploads\\\/2020\\\/10\\\/portades-web.jpg\",\"datePublished\":\"2020-10-21T06:40:14+00:00\",\"dateModified\":\"2020-10-21T07:19:10+00:00\",\"description\":\"Neix el Llibre d\u2019Estil d\u2019Esplais Catalans, que vol contribuir a unificar criteris i disposar d\u2019un manual propi que aporti ordre, cohesi\u00f3 i coher\u00e8ncia en tots aquells textos que formulem en el marc de l\u2019entitat\",\"breadcrumb\":{\"@id\":\"https:\\\/\\\/www.esplac.cat\\\/en\\\/saps-que-es-el-llibre-destil-desplais-catalans\\\/#breadcrumb\"},\"inLanguage\":\"en-US\",\"potentialAction\":[{\"@type\":\"ReadAction\",\"target\":[\"https:\\\/\\\/www.esplac.cat\\\/en\\\/saps-que-es-el-llibre-destil-desplais-catalans\\\/\"]}]},{\"@type\":\"ImageObject\",\"inLanguage\":\"en-US\",\"@id\":\"https:\\\/\\\/www.esplac.cat\\\/en\\\/saps-que-es-el-llibre-destil-desplais-catalans\\\/#primaryimage\",\"url\":\"https:\\\/\\\/www.esplac.cat\\\/wp-content\\\/uploads\\\/2020\\\/10\\\/portades-web.jpg\",\"contentUrl\":\"https:\\\/\\\/www.esplac.cat\\\/wp-content\\\/uploads\\\/2020\\\/10\\\/portades-web.jpg\",\"width\":1697,\"height\":700},{\"@type\":\"BreadcrumbList\",\"@id\":\"https:\\\/\\\/www.esplac.cat\\\/en\\\/saps-que-es-el-llibre-destil-desplais-catalans\\\/#breadcrumb\",\"itemListElement\":[{\"@type\":\"ListItem\",\"position\":1,\"name\":\"Inici\",\"item\":\"https:\\\/\\\/www.esplac.cat\\\/en\\\/\"},{\"@type\":\"ListItem\",\"position\":2,\"name\":\"Saps qu\u00e8 \u00e9s el Llibre d&#8217;Estil d&#8217;Esplais Catalans?\"}]},{\"@type\":\"WebSite\",\"@id\":\"https:\\\/\\\/www.esplac.cat\\\/#website\",\"url\":\"https:\\\/\\\/www.esplac.cat\\\/\",\"name\":\"Esplac\",\"description\":\"Esplais Catalans\",\"publisher\":{\"@id\":\"https:\\\/\\\/www.esplac.cat\\\/#organization\"},\"potentialAction\":[{\"@type\":\"SearchAction\",\"target\":{\"@type\":\"EntryPoint\",\"urlTemplate\":\"https:\\\/\\\/www.esplac.cat\\\/?s={search_term_string}\"},\"query-input\":{\"@type\":\"PropertyValueSpecification\",\"valueRequired\":true,\"valueName\":\"search_term_string\"}}],\"inLanguage\":\"en-US\"},{\"@type\":\"Organization\",\"@id\":\"https:\\\/\\\/www.esplac.cat\\\/#organization\",\"name\":\"Esplac\",\"url\":\"https:\\\/\\\/www.esplac.cat\\\/\",\"logo\":{\"@type\":\"ImageObject\",\"inLanguage\":\"en-US\",\"@id\":\"https:\\\/\\\/www.esplac.cat\\\/#\\\/schema\\\/logo\\\/image\\\/\",\"url\":\"https:\\\/\\\/www.esplac.cat\\\/wp-content\\\/uploads\\\/2019\\\/08\\\/logox2.png\",\"contentUrl\":\"https:\\\/\\\/www.esplac.cat\\\/wp-content\\\/uploads\\\/2019\\\/08\\\/logox2.png\",\"width\":600,\"height\":295,\"caption\":\"Esplac\"},\"image\":{\"@id\":\"https:\\\/\\\/www.esplac.cat\\\/#\\\/schema\\\/logo\\\/image\\\/\"}},{\"@type\":\"Person\",\"@id\":\"https:\\\/\\\/www.esplac.cat\\\/#\\\/schema\\\/person\\\/908383cf240be18b68f8855d0583faca\",\"name\":\"Comunicaci\u00f3 Esplac\",\"image\":{\"@type\":\"ImageObject\",\"inLanguage\":\"en-US\",\"@id\":\"https:\\\/\\\/secure.gravatar.com\\\/avatar\\\/7a4cf8feb412a76ea4a740ca02d95b06b2907b5a6c648c2dd0a1082a093c3141?s=96&d=mm&r=g\",\"url\":\"https:\\\/\\\/secure.gravatar.com\\\/avatar\\\/7a4cf8feb412a76ea4a740ca02d95b06b2907b5a6c648c2dd0a1082a093c3141?s=96&d=mm&r=g\",\"contentUrl\":\"https:\\\/\\\/secure.gravatar.com\\\/avatar\\\/7a4cf8feb412a76ea4a740ca02d95b06b2907b5a6c648c2dd0a1082a093c3141?s=96&d=mm&r=g\",\"caption\":\"Comunicaci\u00f3 Esplac\"}}]}<\/script>\n<!-- \/ Yoast SEO plugin. -->","yoast_head_json":{"title":"Saps qu\u00e8 \u00e9s el Llibre d'Estil d'Esplais Catalans? - Esplac","description":"Neix el Llibre d\u2019Estil d\u2019Esplais Catalans, que vol contribuir a unificar criteris i disposar d\u2019un manual propi que aporti ordre, cohesi\u00f3 i coher\u00e8ncia en tots aquells textos que formulem en el marc de l\u2019entitat","robots":{"index":"index","follow":"follow","max-snippet":"max-snippet:-1","max-image-preview":"max-image-preview:large","max-video-preview":"max-video-preview:-1"},"canonical":"https:\/\/www.esplac.cat\/en\/saps-que-es-el-llibre-destil-desplais-catalans\/","og_locale":"en_US","og_type":"article","og_title":"Saps qu\u00e8 \u00e9s el Llibre d'Estil d'Esplais Catalans? - Esplac","og_description":"Neix el Llibre d\u2019Estil d\u2019Esplais Catalans, que vol contribuir a unificar criteris i disposar d\u2019un manual propi que aporti ordre, cohesi\u00f3 i coher\u00e8ncia en tots aquells textos que formulem en el marc de l\u2019entitat","og_url":"https:\/\/www.esplac.cat\/en\/saps-que-es-el-llibre-destil-desplais-catalans\/","og_site_name":"Esplac","article_published_time":"2020-10-21T06:40:14+00:00","article_modified_time":"2020-10-21T07:19:10+00:00","og_image":[{"width":1697,"height":700,"url":"https:\/\/www.esplac.cat\/wp-content\/uploads\/2020\/10\/portades-web.jpg","type":"image\/jpeg"}],"author":"Comunicaci\u00f3 Esplac","twitter_card":"summary_large_image","twitter_misc":{"Written by":"Comunicaci\u00f3 Esplac","Est. reading time":"2 minutes"},"schema":{"@context":"https:\/\/schema.org","@graph":[{"@type":"Article","@id":"https:\/\/www.esplac.cat\/en\/saps-que-es-el-llibre-destil-desplais-catalans\/#article","isPartOf":{"@id":"https:\/\/www.esplac.cat\/en\/saps-que-es-el-llibre-destil-desplais-catalans\/"},"author":{"name":"Comunicaci\u00f3 Esplac","@id":"https:\/\/www.esplac.cat\/#\/schema\/person\/908383cf240be18b68f8855d0583faca"},"headline":"Saps qu\u00e8 \u00e9s el Llibre d&#8217;Estil d&#8217;Esplais Catalans?","datePublished":"2020-10-21T06:40:14+00:00","dateModified":"2020-10-21T07:19:10+00:00","mainEntityOfPage":{"@id":"https:\/\/www.esplac.cat\/en\/saps-que-es-el-llibre-destil-desplais-catalans\/"},"wordCount":491,"publisher":{"@id":"https:\/\/www.esplac.cat\/#organization"},"image":{"@id":"https:\/\/www.esplac.cat\/en\/saps-que-es-el-llibre-destil-desplais-catalans\/#primaryimage"},"thumbnailUrl":"https:\/\/www.esplac.cat\/wp-content\/uploads\/2020\/10\/portades-web.jpg","keywords":["comunicaci\u00f3","guia d'escriptura","llibre d'estil"],"articleSection":["Recursos"],"inLanguage":"en-US"},{"@type":"WebPage","@id":"https:\/\/www.esplac.cat\/en\/saps-que-es-el-llibre-destil-desplais-catalans\/","url":"https:\/\/www.esplac.cat\/en\/saps-que-es-el-llibre-destil-desplais-catalans\/","name":"Saps qu\u00e8 \u00e9s el Llibre d'Estil d'Esplais Catalans? - Esplac","isPartOf":{"@id":"https:\/\/www.esplac.cat\/#website"},"primaryImageOfPage":{"@id":"https:\/\/www.esplac.cat\/en\/saps-que-es-el-llibre-destil-desplais-catalans\/#primaryimage"},"image":{"@id":"https:\/\/www.esplac.cat\/en\/saps-que-es-el-llibre-destil-desplais-catalans\/#primaryimage"},"thumbnailUrl":"https:\/\/www.esplac.cat\/wp-content\/uploads\/2020\/10\/portades-web.jpg","datePublished":"2020-10-21T06:40:14+00:00","dateModified":"2020-10-21T07:19:10+00:00","description":"Neix el Llibre d\u2019Estil d\u2019Esplais Catalans, que vol contribuir a unificar criteris i disposar d\u2019un manual propi que aporti ordre, cohesi\u00f3 i coher\u00e8ncia en tots aquells textos que formulem en el marc de l\u2019entitat","breadcrumb":{"@id":"https:\/\/www.esplac.cat\/en\/saps-que-es-el-llibre-destil-desplais-catalans\/#breadcrumb"},"inLanguage":"en-US","potentialAction":[{"@type":"ReadAction","target":["https:\/\/www.esplac.cat\/en\/saps-que-es-el-llibre-destil-desplais-catalans\/"]}]},{"@type":"ImageObject","inLanguage":"en-US","@id":"https:\/\/www.esplac.cat\/en\/saps-que-es-el-llibre-destil-desplais-catalans\/#primaryimage","url":"https:\/\/www.esplac.cat\/wp-content\/uploads\/2020\/10\/portades-web.jpg","contentUrl":"https:\/\/www.esplac.cat\/wp-content\/uploads\/2020\/10\/portades-web.jpg","width":1697,"height":700},{"@type":"BreadcrumbList","@id":"https:\/\/www.esplac.cat\/en\/saps-que-es-el-llibre-destil-desplais-catalans\/#breadcrumb","itemListElement":[{"@type":"ListItem","position":1,"name":"Inici","item":"https:\/\/www.esplac.cat\/en\/"},{"@type":"ListItem","position":2,"name":"Saps qu\u00e8 \u00e9s el Llibre d&#8217;Estil d&#8217;Esplais Catalans?"}]},{"@type":"WebSite","@id":"https:\/\/www.esplac.cat\/#website","url":"https:\/\/www.esplac.cat\/","name":"Esplac","description":"Esplais Catalans","publisher":{"@id":"https:\/\/www.esplac.cat\/#organization"},"potentialAction":[{"@type":"SearchAction","target":{"@type":"EntryPoint","urlTemplate":"https:\/\/www.esplac.cat\/?s={search_term_string}"},"query-input":{"@type":"PropertyValueSpecification","valueRequired":true,"valueName":"search_term_string"}}],"inLanguage":"en-US"},{"@type":"Organization","@id":"https:\/\/www.esplac.cat\/#organization","name":"Esplac","url":"https:\/\/www.esplac.cat\/","logo":{"@type":"ImageObject","inLanguage":"en-US","@id":"https:\/\/www.esplac.cat\/#\/schema\/logo\/image\/","url":"https:\/\/www.esplac.cat\/wp-content\/uploads\/2019\/08\/logox2.png","contentUrl":"https:\/\/www.esplac.cat\/wp-content\/uploads\/2019\/08\/logox2.png","width":600,"height":295,"caption":"Esplac"},"image":{"@id":"https:\/\/www.esplac.cat\/#\/schema\/logo\/image\/"}},{"@type":"Person","@id":"https:\/\/www.esplac.cat\/#\/schema\/person\/908383cf240be18b68f8855d0583faca","name":"Comunicaci\u00f3 Esplac","image":{"@type":"ImageObject","inLanguage":"en-US","@id":"https:\/\/secure.gravatar.com\/avatar\/7a4cf8feb412a76ea4a740ca02d95b06b2907b5a6c648c2dd0a1082a093c3141?s=96&d=mm&r=g","url":"https:\/\/secure.gravatar.com\/avatar\/7a4cf8feb412a76ea4a740ca02d95b06b2907b5a6c648c2dd0a1082a093c3141?s=96&d=mm&r=g","contentUrl":"https:\/\/secure.gravatar.com\/avatar\/7a4cf8feb412a76ea4a740ca02d95b06b2907b5a6c648c2dd0a1082a093c3141?s=96&d=mm&r=g","caption":"Comunicaci\u00f3 Esplac"}}]}},"_links":{"self":[{"href":"https:\/\/www.esplac.cat\/en\/wp-json\/wp\/v2\/posts\/32878","targetHints":{"allow":["GET"]}}],"collection":[{"href":"https:\/\/www.esplac.cat\/en\/wp-json\/wp\/v2\/posts"}],"about":[{"href":"https:\/\/www.esplac.cat\/en\/wp-json\/wp\/v2\/types\/post"}],"author":[{"embeddable":true,"href":"https:\/\/www.esplac.cat\/en\/wp-json\/wp\/v2\/users\/3"}],"replies":[{"embeddable":true,"href":"https:\/\/www.esplac.cat\/en\/wp-json\/wp\/v2\/comments?post=32878"}],"version-history":[{"count":0,"href":"https:\/\/www.esplac.cat\/en\/wp-json\/wp\/v2\/posts\/32878\/revisions"}],"wp:featuredmedia":[{"embeddable":true,"href":"https:\/\/www.esplac.cat\/en\/wp-json\/wp\/v2\/media\/32891"}],"wp:attachment":[{"href":"https:\/\/www.esplac.cat\/en\/wp-json\/wp\/v2\/media?parent=32878"}],"wp:term":[{"taxonomy":"category","embeddable":true,"href":"https:\/\/www.esplac.cat\/en\/wp-json\/wp\/v2\/categories?post=32878"},{"taxonomy":"post_tag","embeddable":true,"href":"https:\/\/www.esplac.cat\/en\/wp-json\/wp\/v2\/tags?post=32878"}],"curies":[{"name":"wp","href":"https:\/\/api.w.org\/{rel}","templated":true}]}}