{"id":33023,"date":"2020-10-27T09:55:27","date_gmt":"2020-10-27T08:55:27","guid":{"rendered":"https:\/\/www.esplac.cat\/?p=33023"},"modified":"2020-10-27T09:56:31","modified_gmt":"2020-10-27T08:56:31","slug":"seminari-european-falcon-network-society-is-ours-adaptat-pandemia","status":"publish","type":"post","link":"https:\/\/www.esplac.cat\/en\/seminari-european-falcon-network-society-is-ours-adaptat-pandemia\/","title":{"rendered":"El seminari &#8220;European Falcon Network &#8211; Society is ours&#8221; adaptat a la pand\u00e8mia!"},"content":{"rendered":"<div>\n<h6><strong>Esplac t\u00e9 3 places per assistir al seminari European Falcon Network &#8211; Society is ours. Amb l&#8217;esclat de la pand\u00e8mia va haver de posposar-se i ara s&#8217;ha adaptat al format telem\u00e0tic per tal d&#8217;aconseguir els seus objectius!<\/strong><\/h6>\n<\/div>\n<div>El seminari &#8220;European Falcon Network &#8211; Society is ours&#8221;, organitzat per l&#8217;<span style=\"color: #ff9900;\"><a style=\"color: #ff9900;\" href=\"http:\/\/ifm-sei.org\/\" target=\"_blank\" rel=\"noopener noreferrer\">IFM-SEI<\/a><\/span>, tractar\u00e0 sobre <b>la import\u00e0ncia del voluntariat, la societat civil i la participaci\u00f3 democr\u00e0tica<\/b> dins de la Uni\u00f3 Europea. En un temps en que la precarietat \u00e9s el pa de cada dia i el jovent ho t\u00e9 m\u00e9s dif\u00edcil per implicar-se i destinar hores a projectes de voluntariat quan amb prou feines t\u00e9 hores per treballar, estudiar o fer la seva vida. Aquesta precarietat afavoreix l&#8217;individualisme i la competitivitat; un terreny idoni per aquells poders que volen acabar amb l&#8217;associacionisme i la implicaci\u00f3 de la societat civil.<\/div>\n<div><span style=\"color: #ffffff;\">.<\/span><\/div>\n<div>Aix\u00ed doncs, en aquestes jornades internacionals es tractar\u00e0 de compartir i identificar m\u00e8todes que <b>promouen el comprom\u00eds social i la defensa dels drets fonamentals <\/b>a trav\u00e9s del voluntariat, la participaci\u00f3 democr\u00e0tica i la implicaci\u00f3 de les joves i infants en les organitzacions d\u2019educaci\u00f3 no formal. Per fer-ho s&#8217;han preparat sessions virtuals aix\u00ed com tamb\u00e9 un petit treball previ que cadasc\u00fa pot fer a casa seva.<\/div>\n<div>Si voleu m\u00e9s informaci\u00f3 sobre la planificaci\u00f3 del seminari (horari, sessions, tallers&#8230;) o teniu qualsevol q\u00fcesti\u00f3, no dubteu en enviar un correu a <a href=\"mailto:internacional@esplac.cat\" target=\"_blank\" rel=\"noopener noreferrer\">internacional@esplac.cat<\/a>.<\/div>\n<div><span style=\"color: #ffffff;\">.<\/span><\/div>\n<p><strong>DATES:<\/strong><br \/>\nNoves dates: del 10 al 13 de desembre.<\/p>\n<p><strong>PARTICIPANTS:<\/strong><br \/>\nDe quins pa\u00efsos hi haur\u00e0 participants? \u00c0ustria, Finl\u00e0ndia, Eslov\u00e8nia, el Regne Unit, B\u00e8lgica i <a href=\"http:\/\/www.esplac.cat\/internacional\" target=\"_blank\" rel=\"noopener noreferrer\">Catalunya<\/a>!<\/p>\n<p><strong>INSCRIPCIONS:<\/strong><br \/>\nSi vols participar-hi, envia un correu a internacional@esplac.cat<strong> abans del 30 d&#8217;octubre del 2020<\/strong>.<\/p>\n","protected":false},"excerpt":{"rendered":"<p>Esplac t\u00e9 3 places per assistir al seminari European Falcon [&hellip;]<\/p>\n","protected":false},"author":3,"featured_media":33027,"comment_status":"closed","ping_status":"closed","sticky":false,"template":"","format":"standard","meta":{"om_disable_all_campaigns":false,"_monsterinsights_skip_tracking":false,"_monsterinsights_sitenote_active":false,"_monsterinsights_sitenote_note":"","_monsterinsights_sitenote_category":0,"_uf_show_specific_survey":0,"_uf_disable_surveys":false,"footnotes":""},"categories":[1112],"tags":[],"class_list":["post-33023","post","type-post","status-publish","format-standard","has-post-thumbnail","hentry","category-esplac-al-mon"],"yoast_head":"<!-- This site is optimized with the Yoast SEO plugin v27.5 - https:\/\/yoast.com\/product\/yoast-seo-wordpress\/ -->\n<title>Seminari &quot;European Falcon Network - Society is ours&quot;- Esplac<\/title>\n<meta name=\"description\" content=\"Esplac t\u00e9 3 places per assistir al seminari European Falcon Network - Society is ours, del 10 al 13 de desembre, de manera telem\u00e0tica.\" \/>\n<meta name=\"robots\" content=\"index, follow, max-snippet:-1, max-image-preview:large, max-video-preview:-1\" \/>\n<link rel=\"canonical\" href=\"https:\/\/www.esplac.cat\/es\/seminari-european-falcon-network-society-is-ours-adaptat-pandemia\/\" \/>\n<meta property=\"og:locale\" content=\"en_US\" \/>\n<meta property=\"og:type\" content=\"article\" \/>\n<meta property=\"og:title\" content=\"Seminari &quot;European Falcon Network - Society is ours&quot;- Esplac\" \/>\n<meta property=\"og:description\" content=\"Esplac t\u00e9 3 places per assistir al seminari European Falcon Network - Society is ours, del 10 al 13 de desembre, de manera telem\u00e0tica.\" \/>\n<meta property=\"og:url\" content=\"https:\/\/www.esplac.cat\/es\/seminari-european-falcon-network-society-is-ours-adaptat-pandemia\/\" \/>\n<meta property=\"og:site_name\" content=\"Esplac\" \/>\n<meta property=\"article:published_time\" content=\"2020-10-27T08:55:27+00:00\" \/>\n<meta property=\"article:modified_time\" content=\"2020-10-27T08:56:31+00:00\" \/>\n<meta property=\"og:image\" content=\"https:\/\/www.esplac.cat\/wp-content\/uploads\/2020\/10\/portades-web-4.jpg\" \/>\n\t<meta property=\"og:image:width\" content=\"1697\" \/>\n\t<meta property=\"og:image:height\" content=\"700\" \/>\n\t<meta property=\"og:image:type\" content=\"image\/jpeg\" \/>\n<meta name=\"author\" content=\"Comunicaci\u00f3 Esplac\" \/>\n<meta name=\"twitter:card\" content=\"summary_large_image\" \/>\n<meta name=\"twitter:label1\" content=\"Written by\" \/>\n\t<meta name=\"twitter:data1\" content=\"Comunicaci\u00f3 Esplac\" \/>\n\t<meta name=\"twitter:label2\" content=\"Est. reading time\" \/>\n\t<meta name=\"twitter:data2\" content=\"1 minute\" \/>\n<script type=\"application\/ld+json\" class=\"yoast-schema-graph\">{\"@context\":\"https:\\\/\\\/schema.org\",\"@graph\":[{\"@type\":\"Article\",\"@id\":\"https:\\\/\\\/www.esplac.cat\\\/es\\\/seminari-european-falcon-network-society-is-ours-adaptat-pandemia\\\/#article\",\"isPartOf\":{\"@id\":\"https:\\\/\\\/www.esplac.cat\\\/es\\\/seminari-european-falcon-network-society-is-ours-adaptat-pandemia\\\/\"},\"author\":{\"name\":\"Comunicaci\u00f3 Esplac\",\"@id\":\"https:\\\/\\\/www.esplac.cat\\\/#\\\/schema\\\/person\\\/908383cf240be18b68f8855d0583faca\"},\"headline\":\"El seminari &#8220;European Falcon Network &#8211; Society is ours&#8221; adaptat a la pand\u00e8mia!\",\"datePublished\":\"2020-10-27T08:55:27+00:00\",\"dateModified\":\"2020-10-27T08:56:31+00:00\",\"mainEntityOfPage\":{\"@id\":\"https:\\\/\\\/www.esplac.cat\\\/es\\\/seminari-european-falcon-network-society-is-ours-adaptat-pandemia\\\/\"},\"wordCount\":302,\"publisher\":{\"@id\":\"https:\\\/\\\/www.esplac.cat\\\/#organization\"},\"image\":{\"@id\":\"https:\\\/\\\/www.esplac.cat\\\/es\\\/seminari-european-falcon-network-society-is-ours-adaptat-pandemia\\\/#primaryimage\"},\"thumbnailUrl\":\"https:\\\/\\\/www.esplac.cat\\\/wp-content\\\/uploads\\\/2020\\\/10\\\/portades-web-4.jpg\",\"articleSection\":[\"Esplac al m\u00f3n\"],\"inLanguage\":\"en-US\"},{\"@type\":\"WebPage\",\"@id\":\"https:\\\/\\\/www.esplac.cat\\\/es\\\/seminari-european-falcon-network-society-is-ours-adaptat-pandemia\\\/\",\"url\":\"https:\\\/\\\/www.esplac.cat\\\/es\\\/seminari-european-falcon-network-society-is-ours-adaptat-pandemia\\\/\",\"name\":\"Seminari \\\"European Falcon Network - Society is ours\\\"- Esplac\",\"isPartOf\":{\"@id\":\"https:\\\/\\\/www.esplac.cat\\\/#website\"},\"primaryImageOfPage\":{\"@id\":\"https:\\\/\\\/www.esplac.cat\\\/es\\\/seminari-european-falcon-network-society-is-ours-adaptat-pandemia\\\/#primaryimage\"},\"image\":{\"@id\":\"https:\\\/\\\/www.esplac.cat\\\/es\\\/seminari-european-falcon-network-society-is-ours-adaptat-pandemia\\\/#primaryimage\"},\"thumbnailUrl\":\"https:\\\/\\\/www.esplac.cat\\\/wp-content\\\/uploads\\\/2020\\\/10\\\/portades-web-4.jpg\",\"datePublished\":\"2020-10-27T08:55:27+00:00\",\"dateModified\":\"2020-10-27T08:56:31+00:00\",\"description\":\"Esplac t\u00e9 3 places per assistir al seminari European Falcon Network - Society is ours, del 10 al 13 de desembre, de manera telem\u00e0tica.\",\"breadcrumb\":{\"@id\":\"https:\\\/\\\/www.esplac.cat\\\/es\\\/seminari-european-falcon-network-society-is-ours-adaptat-pandemia\\\/#breadcrumb\"},\"inLanguage\":\"en-US\",\"potentialAction\":[{\"@type\":\"ReadAction\",\"target\":[\"https:\\\/\\\/www.esplac.cat\\\/es\\\/seminari-european-falcon-network-society-is-ours-adaptat-pandemia\\\/\"]}]},{\"@type\":\"ImageObject\",\"inLanguage\":\"en-US\",\"@id\":\"https:\\\/\\\/www.esplac.cat\\\/es\\\/seminari-european-falcon-network-society-is-ours-adaptat-pandemia\\\/#primaryimage\",\"url\":\"https:\\\/\\\/www.esplac.cat\\\/wp-content\\\/uploads\\\/2020\\\/10\\\/portades-web-4.jpg\",\"contentUrl\":\"https:\\\/\\\/www.esplac.cat\\\/wp-content\\\/uploads\\\/2020\\\/10\\\/portades-web-4.jpg\",\"width\":1697,\"height\":700,\"caption\":\"society is ours\"},{\"@type\":\"BreadcrumbList\",\"@id\":\"https:\\\/\\\/www.esplac.cat\\\/es\\\/seminari-european-falcon-network-society-is-ours-adaptat-pandemia\\\/#breadcrumb\",\"itemListElement\":[{\"@type\":\"ListItem\",\"position\":1,\"name\":\"Inici\",\"item\":\"https:\\\/\\\/www.esplac.cat\\\/en\\\/\"},{\"@type\":\"ListItem\",\"position\":2,\"name\":\"El seminari \u00abEuropean Falcon Network &#8211; Society is ours\u00bb adaptat a la pand\u00e8mia!\"}]},{\"@type\":\"WebSite\",\"@id\":\"https:\\\/\\\/www.esplac.cat\\\/#website\",\"url\":\"https:\\\/\\\/www.esplac.cat\\\/\",\"name\":\"Esplac\",\"description\":\"Esplais Catalans\",\"publisher\":{\"@id\":\"https:\\\/\\\/www.esplac.cat\\\/#organization\"},\"potentialAction\":[{\"@type\":\"SearchAction\",\"target\":{\"@type\":\"EntryPoint\",\"urlTemplate\":\"https:\\\/\\\/www.esplac.cat\\\/?s={search_term_string}\"},\"query-input\":{\"@type\":\"PropertyValueSpecification\",\"valueRequired\":true,\"valueName\":\"search_term_string\"}}],\"inLanguage\":\"en-US\"},{\"@type\":\"Organization\",\"@id\":\"https:\\\/\\\/www.esplac.cat\\\/#organization\",\"name\":\"Esplac\",\"url\":\"https:\\\/\\\/www.esplac.cat\\\/\",\"logo\":{\"@type\":\"ImageObject\",\"inLanguage\":\"en-US\",\"@id\":\"https:\\\/\\\/www.esplac.cat\\\/#\\\/schema\\\/logo\\\/image\\\/\",\"url\":\"https:\\\/\\\/www.esplac.cat\\\/wp-content\\\/uploads\\\/2019\\\/08\\\/logox2.png\",\"contentUrl\":\"https:\\\/\\\/www.esplac.cat\\\/wp-content\\\/uploads\\\/2019\\\/08\\\/logox2.png\",\"width\":600,\"height\":295,\"caption\":\"Esplac\"},\"image\":{\"@id\":\"https:\\\/\\\/www.esplac.cat\\\/#\\\/schema\\\/logo\\\/image\\\/\"}},{\"@type\":\"Person\",\"@id\":\"https:\\\/\\\/www.esplac.cat\\\/#\\\/schema\\\/person\\\/908383cf240be18b68f8855d0583faca\",\"name\":\"Comunicaci\u00f3 Esplac\",\"image\":{\"@type\":\"ImageObject\",\"inLanguage\":\"en-US\",\"@id\":\"https:\\\/\\\/secure.gravatar.com\\\/avatar\\\/7a4cf8feb412a76ea4a740ca02d95b06b2907b5a6c648c2dd0a1082a093c3141?s=96&d=mm&r=g\",\"url\":\"https:\\\/\\\/secure.gravatar.com\\\/avatar\\\/7a4cf8feb412a76ea4a740ca02d95b06b2907b5a6c648c2dd0a1082a093c3141?s=96&d=mm&r=g\",\"contentUrl\":\"https:\\\/\\\/secure.gravatar.com\\\/avatar\\\/7a4cf8feb412a76ea4a740ca02d95b06b2907b5a6c648c2dd0a1082a093c3141?s=96&d=mm&r=g\",\"caption\":\"Comunicaci\u00f3 Esplac\"}}]}<\/script>\n<!-- \/ Yoast SEO plugin. -->","yoast_head_json":{"title":"Seminari \"European Falcon Network - Society is ours\"- Esplac","description":"Esplac t\u00e9 3 places per assistir al seminari European Falcon Network - Society is ours, del 10 al 13 de desembre, de manera telem\u00e0tica.","robots":{"index":"index","follow":"follow","max-snippet":"max-snippet:-1","max-image-preview":"max-image-preview:large","max-video-preview":"max-video-preview:-1"},"canonical":"https:\/\/www.esplac.cat\/es\/seminari-european-falcon-network-society-is-ours-adaptat-pandemia\/","og_locale":"en_US","og_type":"article","og_title":"Seminari \"European Falcon Network - Society is ours\"- Esplac","og_description":"Esplac t\u00e9 3 places per assistir al seminari European Falcon Network - Society is ours, del 10 al 13 de desembre, de manera telem\u00e0tica.","og_url":"https:\/\/www.esplac.cat\/es\/seminari-european-falcon-network-society-is-ours-adaptat-pandemia\/","og_site_name":"Esplac","article_published_time":"2020-10-27T08:55:27+00:00","article_modified_time":"2020-10-27T08:56:31+00:00","og_image":[{"width":1697,"height":700,"url":"https:\/\/www.esplac.cat\/wp-content\/uploads\/2020\/10\/portades-web-4.jpg","type":"image\/jpeg"}],"author":"Comunicaci\u00f3 Esplac","twitter_card":"summary_large_image","twitter_misc":{"Written by":"Comunicaci\u00f3 Esplac","Est. reading time":"1 minute"},"schema":{"@context":"https:\/\/schema.org","@graph":[{"@type":"Article","@id":"https:\/\/www.esplac.cat\/es\/seminari-european-falcon-network-society-is-ours-adaptat-pandemia\/#article","isPartOf":{"@id":"https:\/\/www.esplac.cat\/es\/seminari-european-falcon-network-society-is-ours-adaptat-pandemia\/"},"author":{"name":"Comunicaci\u00f3 Esplac","@id":"https:\/\/www.esplac.cat\/#\/schema\/person\/908383cf240be18b68f8855d0583faca"},"headline":"El seminari &#8220;European Falcon Network &#8211; Society is ours&#8221; adaptat a la pand\u00e8mia!","datePublished":"2020-10-27T08:55:27+00:00","dateModified":"2020-10-27T08:56:31+00:00","mainEntityOfPage":{"@id":"https:\/\/www.esplac.cat\/es\/seminari-european-falcon-network-society-is-ours-adaptat-pandemia\/"},"wordCount":302,"publisher":{"@id":"https:\/\/www.esplac.cat\/#organization"},"image":{"@id":"https:\/\/www.esplac.cat\/es\/seminari-european-falcon-network-society-is-ours-adaptat-pandemia\/#primaryimage"},"thumbnailUrl":"https:\/\/www.esplac.cat\/wp-content\/uploads\/2020\/10\/portades-web-4.jpg","articleSection":["Esplac al m\u00f3n"],"inLanguage":"en-US"},{"@type":"WebPage","@id":"https:\/\/www.esplac.cat\/es\/seminari-european-falcon-network-society-is-ours-adaptat-pandemia\/","url":"https:\/\/www.esplac.cat\/es\/seminari-european-falcon-network-society-is-ours-adaptat-pandemia\/","name":"Seminari \"European Falcon Network - Society is ours\"- Esplac","isPartOf":{"@id":"https:\/\/www.esplac.cat\/#website"},"primaryImageOfPage":{"@id":"https:\/\/www.esplac.cat\/es\/seminari-european-falcon-network-society-is-ours-adaptat-pandemia\/#primaryimage"},"image":{"@id":"https:\/\/www.esplac.cat\/es\/seminari-european-falcon-network-society-is-ours-adaptat-pandemia\/#primaryimage"},"thumbnailUrl":"https:\/\/www.esplac.cat\/wp-content\/uploads\/2020\/10\/portades-web-4.jpg","datePublished":"2020-10-27T08:55:27+00:00","dateModified":"2020-10-27T08:56:31+00:00","description":"Esplac t\u00e9 3 places per assistir al seminari European Falcon Network - Society is ours, del 10 al 13 de desembre, de manera telem\u00e0tica.","breadcrumb":{"@id":"https:\/\/www.esplac.cat\/es\/seminari-european-falcon-network-society-is-ours-adaptat-pandemia\/#breadcrumb"},"inLanguage":"en-US","potentialAction":[{"@type":"ReadAction","target":["https:\/\/www.esplac.cat\/es\/seminari-european-falcon-network-society-is-ours-adaptat-pandemia\/"]}]},{"@type":"ImageObject","inLanguage":"en-US","@id":"https:\/\/www.esplac.cat\/es\/seminari-european-falcon-network-society-is-ours-adaptat-pandemia\/#primaryimage","url":"https:\/\/www.esplac.cat\/wp-content\/uploads\/2020\/10\/portades-web-4.jpg","contentUrl":"https:\/\/www.esplac.cat\/wp-content\/uploads\/2020\/10\/portades-web-4.jpg","width":1697,"height":700,"caption":"society is ours"},{"@type":"BreadcrumbList","@id":"https:\/\/www.esplac.cat\/es\/seminari-european-falcon-network-society-is-ours-adaptat-pandemia\/#breadcrumb","itemListElement":[{"@type":"ListItem","position":1,"name":"Inici","item":"https:\/\/www.esplac.cat\/en\/"},{"@type":"ListItem","position":2,"name":"El seminari \u00abEuropean Falcon Network &#8211; Society is ours\u00bb adaptat a la pand\u00e8mia!"}]},{"@type":"WebSite","@id":"https:\/\/www.esplac.cat\/#website","url":"https:\/\/www.esplac.cat\/","name":"Esplac","description":"Esplais Catalans","publisher":{"@id":"https:\/\/www.esplac.cat\/#organization"},"potentialAction":[{"@type":"SearchAction","target":{"@type":"EntryPoint","urlTemplate":"https:\/\/www.esplac.cat\/?s={search_term_string}"},"query-input":{"@type":"PropertyValueSpecification","valueRequired":true,"valueName":"search_term_string"}}],"inLanguage":"en-US"},{"@type":"Organization","@id":"https:\/\/www.esplac.cat\/#organization","name":"Esplac","url":"https:\/\/www.esplac.cat\/","logo":{"@type":"ImageObject","inLanguage":"en-US","@id":"https:\/\/www.esplac.cat\/#\/schema\/logo\/image\/","url":"https:\/\/www.esplac.cat\/wp-content\/uploads\/2019\/08\/logox2.png","contentUrl":"https:\/\/www.esplac.cat\/wp-content\/uploads\/2019\/08\/logox2.png","width":600,"height":295,"caption":"Esplac"},"image":{"@id":"https:\/\/www.esplac.cat\/#\/schema\/logo\/image\/"}},{"@type":"Person","@id":"https:\/\/www.esplac.cat\/#\/schema\/person\/908383cf240be18b68f8855d0583faca","name":"Comunicaci\u00f3 Esplac","image":{"@type":"ImageObject","inLanguage":"en-US","@id":"https:\/\/secure.gravatar.com\/avatar\/7a4cf8feb412a76ea4a740ca02d95b06b2907b5a6c648c2dd0a1082a093c3141?s=96&d=mm&r=g","url":"https:\/\/secure.gravatar.com\/avatar\/7a4cf8feb412a76ea4a740ca02d95b06b2907b5a6c648c2dd0a1082a093c3141?s=96&d=mm&r=g","contentUrl":"https:\/\/secure.gravatar.com\/avatar\/7a4cf8feb412a76ea4a740ca02d95b06b2907b5a6c648c2dd0a1082a093c3141?s=96&d=mm&r=g","caption":"Comunicaci\u00f3 Esplac"}}]}},"_links":{"self":[{"href":"https:\/\/www.esplac.cat\/en\/wp-json\/wp\/v2\/posts\/33023","targetHints":{"allow":["GET"]}}],"collection":[{"href":"https:\/\/www.esplac.cat\/en\/wp-json\/wp\/v2\/posts"}],"about":[{"href":"https:\/\/www.esplac.cat\/en\/wp-json\/wp\/v2\/types\/post"}],"author":[{"embeddable":true,"href":"https:\/\/www.esplac.cat\/en\/wp-json\/wp\/v2\/users\/3"}],"replies":[{"embeddable":true,"href":"https:\/\/www.esplac.cat\/en\/wp-json\/wp\/v2\/comments?post=33023"}],"version-history":[{"count":0,"href":"https:\/\/www.esplac.cat\/en\/wp-json\/wp\/v2\/posts\/33023\/revisions"}],"wp:featuredmedia":[{"embeddable":true,"href":"https:\/\/www.esplac.cat\/en\/wp-json\/wp\/v2\/media\/33027"}],"wp:attachment":[{"href":"https:\/\/www.esplac.cat\/en\/wp-json\/wp\/v2\/media?parent=33023"}],"wp:term":[{"taxonomy":"category","embeddable":true,"href":"https:\/\/www.esplac.cat\/en\/wp-json\/wp\/v2\/categories?post=33023"},{"taxonomy":"post_tag","embeddable":true,"href":"https:\/\/www.esplac.cat\/en\/wp-json\/wp\/v2\/tags?post=33023"}],"curies":[{"name":"wp","href":"https:\/\/api.w.org\/{rel}","templated":true}]}}