{"id":33076,"date":"2020-10-28T11:28:11","date_gmt":"2020-10-28T10:28:11","guid":{"rendered":"https:\/\/www.esplac.cat\/?p=33076"},"modified":"2020-10-28T11:34:31","modified_gmt":"2020-10-28T10:34:31","slug":"baix-llobregat-curs-ago-sector","status":"publish","type":"post","link":"https:\/\/www.esplac.cat\/en\/baix-llobregat-curs-ago-sector\/","title":{"rendered":"El Baix Llobregat prepara el curs amb l&#8217;AGO del sector"},"content":{"rendered":"<h6><strong>El Sector Baix Llobregat va celebrar, el passat dijous 22 d\u2019octubre, l\u2019Assemblea General Ordin\u00e0ria (AGO) del sector de manera telem\u00e0tica.<\/strong><\/h6>\n<p>Tot i que el <span style=\"color: #ff9900;\"><a style=\"color: #ff9900;\" href=\"https:\/\/www.esplac.cat\/sectors-geografics\/baix-llobregat\/\" target=\"_blank\" rel=\"noopener noreferrer\">Sector Baix Llobregat<\/a><\/span> tenia moltes ganes de trobar-se presencialment per fer l&#8217;AGO despr\u00e9s de tants mesos, adaptant-se a les mesures preventives de la Covid-19, es van trobar de manera telem\u00e0tica, a trav\u00e9s de Zoom.<\/p>\n<p>En aquesta reuni\u00f3 es van aprovar la<strong> Mem\u00f2ria <\/strong>del curs passat 2019\/20 i el<strong> Pla de Treball<\/strong> per aquest nou curs 2020\/21.<\/p>\n<p>Entre totes, es va estar valorant el pressupost i, finalment, es van modificar les dades inicials proposades per l\u2019EGS (Equip General del Sector), ja que entre totes es valorar que era millor destinar una partida m\u00e9s gran a l\u2019activitat de la <strong>Diada Universal dels Drets dels Infants<\/strong> (DUDI) de l\u2019any 2021.<\/p>\n<p>Tamb\u00e9 es va acordar fer una acci\u00f3 conjunta per les xarxes socials de cara al 20 N (DUDI) d\u2019aquest curs, ja que no es podr\u00e0 fer la trobada de sector que es fa cada any.<\/p>\n","protected":false},"excerpt":{"rendered":"<p>El Sector Baix Llobregat va celebrar, el passat dijous 22 [&hellip;]<\/p>\n","protected":false},"author":3,"featured_media":33077,"comment_status":"closed","ping_status":"closed","sticky":false,"template":"","format":"standard","meta":{"om_disable_all_campaigns":false,"_monsterinsights_skip_tracking":false,"_monsterinsights_sitenote_active":false,"_monsterinsights_sitenote_note":"","_monsterinsights_sitenote_category":0,"_uf_show_specific_survey":0,"_uf_disable_surveys":false,"footnotes":""},"categories":[1124],"tags":[],"class_list":["post-33076","post","type-post","status-publish","format-standard","has-post-thumbnail","hentry","category-sector-baix-llobregat"],"yoast_head":"<!-- This site is optimized with the Yoast SEO plugin v27.4 - https:\/\/yoast.com\/product\/yoast-seo-wordpress\/ -->\n<title>El Baix Llobregat prepara el curs amb l&#039;AGO del sector - Esplac<\/title>\n<meta name=\"description\" content=\"El Sector Baix Llobregat va celebrar, el passat dijous 22 d\u2019octubre, l\u2019Assemblea General Ordin\u00e0ria (AGO) del sector de manera telem\u00e0tica.\" \/>\n<meta name=\"robots\" content=\"index, follow, max-snippet:-1, max-image-preview:large, max-video-preview:-1\" \/>\n<link rel=\"canonical\" href=\"https:\/\/www.esplac.cat\/es\/baix-llobregat-curs-ago-sector\/\" \/>\n<meta property=\"og:locale\" content=\"en_US\" \/>\n<meta property=\"og:type\" content=\"article\" \/>\n<meta property=\"og:title\" content=\"El Baix Llobregat prepara el curs amb l&#039;AGO del sector - Esplac\" \/>\n<meta property=\"og:description\" content=\"El Sector Baix Llobregat va celebrar, el passat dijous 22 d\u2019octubre, l\u2019Assemblea General Ordin\u00e0ria (AGO) del sector de manera telem\u00e0tica.\" \/>\n<meta property=\"og:url\" content=\"https:\/\/www.esplac.cat\/es\/baix-llobregat-curs-ago-sector\/\" \/>\n<meta property=\"og:site_name\" content=\"Esplac\" \/>\n<meta property=\"article:published_time\" content=\"2020-10-28T10:28:11+00:00\" \/>\n<meta property=\"article:modified_time\" content=\"2020-10-28T10:34:31+00:00\" \/>\n<meta property=\"og:image\" content=\"https:\/\/www.esplac.cat\/wp-content\/uploads\/2020\/10\/AGOBaixLL.jpg\" \/>\n\t<meta property=\"og:image:width\" content=\"1697\" \/>\n\t<meta property=\"og:image:height\" content=\"700\" \/>\n\t<meta property=\"og:image:type\" content=\"image\/jpeg\" \/>\n<meta name=\"author\" content=\"Comunicaci\u00f3 Esplac\" \/>\n<meta name=\"twitter:card\" content=\"summary_large_image\" \/>\n<meta name=\"twitter:label1\" content=\"Written by\" \/>\n\t<meta name=\"twitter:data1\" content=\"Comunicaci\u00f3 Esplac\" \/>\n\t<meta name=\"twitter:label2\" content=\"Est. reading time\" \/>\n\t<meta name=\"twitter:data2\" content=\"1 minute\" \/>\n<script type=\"application\/ld+json\" class=\"yoast-schema-graph\">{\"@context\":\"https:\\\/\\\/schema.org\",\"@graph\":[{\"@type\":\"Article\",\"@id\":\"https:\\\/\\\/www.esplac.cat\\\/es\\\/baix-llobregat-curs-ago-sector\\\/#article\",\"isPartOf\":{\"@id\":\"https:\\\/\\\/www.esplac.cat\\\/es\\\/baix-llobregat-curs-ago-sector\\\/\"},\"author\":{\"name\":\"Comunicaci\u00f3 Esplac\",\"@id\":\"https:\\\/\\\/www.esplac.cat\\\/#\\\/schema\\\/person\\\/908383cf240be18b68f8855d0583faca\"},\"headline\":\"El Baix Llobregat prepara el curs amb l&#8217;AGO del sector\",\"datePublished\":\"2020-10-28T10:28:11+00:00\",\"dateModified\":\"2020-10-28T10:34:31+00:00\",\"mainEntityOfPage\":{\"@id\":\"https:\\\/\\\/www.esplac.cat\\\/es\\\/baix-llobregat-curs-ago-sector\\\/\"},\"wordCount\":186,\"publisher\":{\"@id\":\"https:\\\/\\\/www.esplac.cat\\\/#organization\"},\"image\":{\"@id\":\"https:\\\/\\\/www.esplac.cat\\\/es\\\/baix-llobregat-curs-ago-sector\\\/#primaryimage\"},\"thumbnailUrl\":\"https:\\\/\\\/www.esplac.cat\\\/wp-content\\\/uploads\\\/2020\\\/10\\\/AGOBaixLL.jpg\",\"articleSection\":[\"Sector Baix Llobregat\"],\"inLanguage\":\"en-US\"},{\"@type\":\"WebPage\",\"@id\":\"https:\\\/\\\/www.esplac.cat\\\/es\\\/baix-llobregat-curs-ago-sector\\\/\",\"url\":\"https:\\\/\\\/www.esplac.cat\\\/es\\\/baix-llobregat-curs-ago-sector\\\/\",\"name\":\"El Baix Llobregat prepara el curs amb l'AGO del sector - Esplac\",\"isPartOf\":{\"@id\":\"https:\\\/\\\/www.esplac.cat\\\/#website\"},\"primaryImageOfPage\":{\"@id\":\"https:\\\/\\\/www.esplac.cat\\\/es\\\/baix-llobregat-curs-ago-sector\\\/#primaryimage\"},\"image\":{\"@id\":\"https:\\\/\\\/www.esplac.cat\\\/es\\\/baix-llobregat-curs-ago-sector\\\/#primaryimage\"},\"thumbnailUrl\":\"https:\\\/\\\/www.esplac.cat\\\/wp-content\\\/uploads\\\/2020\\\/10\\\/AGOBaixLL.jpg\",\"datePublished\":\"2020-10-28T10:28:11+00:00\",\"dateModified\":\"2020-10-28T10:34:31+00:00\",\"description\":\"El Sector Baix Llobregat va celebrar, el passat dijous 22 d\u2019octubre, l\u2019Assemblea General Ordin\u00e0ria (AGO) del sector de manera telem\u00e0tica.\",\"breadcrumb\":{\"@id\":\"https:\\\/\\\/www.esplac.cat\\\/es\\\/baix-llobregat-curs-ago-sector\\\/#breadcrumb\"},\"inLanguage\":\"en-US\",\"potentialAction\":[{\"@type\":\"ReadAction\",\"target\":[\"https:\\\/\\\/www.esplac.cat\\\/es\\\/baix-llobregat-curs-ago-sector\\\/\"]}]},{\"@type\":\"ImageObject\",\"inLanguage\":\"en-US\",\"@id\":\"https:\\\/\\\/www.esplac.cat\\\/es\\\/baix-llobregat-curs-ago-sector\\\/#primaryimage\",\"url\":\"https:\\\/\\\/www.esplac.cat\\\/wp-content\\\/uploads\\\/2020\\\/10\\\/AGOBaixLL.jpg\",\"contentUrl\":\"https:\\\/\\\/www.esplac.cat\\\/wp-content\\\/uploads\\\/2020\\\/10\\\/AGOBaixLL.jpg\",\"width\":1697,\"height\":700,\"caption\":\"AGO Baix Llobregat\"},{\"@type\":\"BreadcrumbList\",\"@id\":\"https:\\\/\\\/www.esplac.cat\\\/es\\\/baix-llobregat-curs-ago-sector\\\/#breadcrumb\",\"itemListElement\":[{\"@type\":\"ListItem\",\"position\":1,\"name\":\"Inici\",\"item\":\"https:\\\/\\\/www.esplac.cat\\\/en\\\/\"},{\"@type\":\"ListItem\",\"position\":2,\"name\":\"El Baix Llobregat prepara el curs amb l&#8217;AGO del sector\"}]},{\"@type\":\"WebSite\",\"@id\":\"https:\\\/\\\/www.esplac.cat\\\/#website\",\"url\":\"https:\\\/\\\/www.esplac.cat\\\/\",\"name\":\"Esplac\",\"description\":\"Esplais Catalans\",\"publisher\":{\"@id\":\"https:\\\/\\\/www.esplac.cat\\\/#organization\"},\"potentialAction\":[{\"@type\":\"SearchAction\",\"target\":{\"@type\":\"EntryPoint\",\"urlTemplate\":\"https:\\\/\\\/www.esplac.cat\\\/?s={search_term_string}\"},\"query-input\":{\"@type\":\"PropertyValueSpecification\",\"valueRequired\":true,\"valueName\":\"search_term_string\"}}],\"inLanguage\":\"en-US\"},{\"@type\":\"Organization\",\"@id\":\"https:\\\/\\\/www.esplac.cat\\\/#organization\",\"name\":\"Esplac\",\"url\":\"https:\\\/\\\/www.esplac.cat\\\/\",\"logo\":{\"@type\":\"ImageObject\",\"inLanguage\":\"en-US\",\"@id\":\"https:\\\/\\\/www.esplac.cat\\\/#\\\/schema\\\/logo\\\/image\\\/\",\"url\":\"https:\\\/\\\/www.esplac.cat\\\/wp-content\\\/uploads\\\/2019\\\/08\\\/logox2.png\",\"contentUrl\":\"https:\\\/\\\/www.esplac.cat\\\/wp-content\\\/uploads\\\/2019\\\/08\\\/logox2.png\",\"width\":600,\"height\":295,\"caption\":\"Esplac\"},\"image\":{\"@id\":\"https:\\\/\\\/www.esplac.cat\\\/#\\\/schema\\\/logo\\\/image\\\/\"}},{\"@type\":\"Person\",\"@id\":\"https:\\\/\\\/www.esplac.cat\\\/#\\\/schema\\\/person\\\/908383cf240be18b68f8855d0583faca\",\"name\":\"Comunicaci\u00f3 Esplac\",\"image\":{\"@type\":\"ImageObject\",\"inLanguage\":\"en-US\",\"@id\":\"https:\\\/\\\/secure.gravatar.com\\\/avatar\\\/7a4cf8feb412a76ea4a740ca02d95b06b2907b5a6c648c2dd0a1082a093c3141?s=96&d=mm&r=g\",\"url\":\"https:\\\/\\\/secure.gravatar.com\\\/avatar\\\/7a4cf8feb412a76ea4a740ca02d95b06b2907b5a6c648c2dd0a1082a093c3141?s=96&d=mm&r=g\",\"contentUrl\":\"https:\\\/\\\/secure.gravatar.com\\\/avatar\\\/7a4cf8feb412a76ea4a740ca02d95b06b2907b5a6c648c2dd0a1082a093c3141?s=96&d=mm&r=g\",\"caption\":\"Comunicaci\u00f3 Esplac\"}}]}<\/script>\n<!-- \/ Yoast SEO plugin. -->","yoast_head_json":{"title":"El Baix Llobregat prepara el curs amb l'AGO del sector - Esplac","description":"El Sector Baix Llobregat va celebrar, el passat dijous 22 d\u2019octubre, l\u2019Assemblea General Ordin\u00e0ria (AGO) del sector de manera telem\u00e0tica.","robots":{"index":"index","follow":"follow","max-snippet":"max-snippet:-1","max-image-preview":"max-image-preview:large","max-video-preview":"max-video-preview:-1"},"canonical":"https:\/\/www.esplac.cat\/es\/baix-llobregat-curs-ago-sector\/","og_locale":"en_US","og_type":"article","og_title":"El Baix Llobregat prepara el curs amb l'AGO del sector - Esplac","og_description":"El Sector Baix Llobregat va celebrar, el passat dijous 22 d\u2019octubre, l\u2019Assemblea General Ordin\u00e0ria (AGO) del sector de manera telem\u00e0tica.","og_url":"https:\/\/www.esplac.cat\/es\/baix-llobregat-curs-ago-sector\/","og_site_name":"Esplac","article_published_time":"2020-10-28T10:28:11+00:00","article_modified_time":"2020-10-28T10:34:31+00:00","og_image":[{"width":1697,"height":700,"url":"https:\/\/www.esplac.cat\/wp-content\/uploads\/2020\/10\/AGOBaixLL.jpg","type":"image\/jpeg"}],"author":"Comunicaci\u00f3 Esplac","twitter_card":"summary_large_image","twitter_misc":{"Written by":"Comunicaci\u00f3 Esplac","Est. reading time":"1 minute"},"schema":{"@context":"https:\/\/schema.org","@graph":[{"@type":"Article","@id":"https:\/\/www.esplac.cat\/es\/baix-llobregat-curs-ago-sector\/#article","isPartOf":{"@id":"https:\/\/www.esplac.cat\/es\/baix-llobregat-curs-ago-sector\/"},"author":{"name":"Comunicaci\u00f3 Esplac","@id":"https:\/\/www.esplac.cat\/#\/schema\/person\/908383cf240be18b68f8855d0583faca"},"headline":"El Baix Llobregat prepara el curs amb l&#8217;AGO del sector","datePublished":"2020-10-28T10:28:11+00:00","dateModified":"2020-10-28T10:34:31+00:00","mainEntityOfPage":{"@id":"https:\/\/www.esplac.cat\/es\/baix-llobregat-curs-ago-sector\/"},"wordCount":186,"publisher":{"@id":"https:\/\/www.esplac.cat\/#organization"},"image":{"@id":"https:\/\/www.esplac.cat\/es\/baix-llobregat-curs-ago-sector\/#primaryimage"},"thumbnailUrl":"https:\/\/www.esplac.cat\/wp-content\/uploads\/2020\/10\/AGOBaixLL.jpg","articleSection":["Sector Baix Llobregat"],"inLanguage":"en-US"},{"@type":"WebPage","@id":"https:\/\/www.esplac.cat\/es\/baix-llobregat-curs-ago-sector\/","url":"https:\/\/www.esplac.cat\/es\/baix-llobregat-curs-ago-sector\/","name":"El Baix Llobregat prepara el curs amb l'AGO del sector - Esplac","isPartOf":{"@id":"https:\/\/www.esplac.cat\/#website"},"primaryImageOfPage":{"@id":"https:\/\/www.esplac.cat\/es\/baix-llobregat-curs-ago-sector\/#primaryimage"},"image":{"@id":"https:\/\/www.esplac.cat\/es\/baix-llobregat-curs-ago-sector\/#primaryimage"},"thumbnailUrl":"https:\/\/www.esplac.cat\/wp-content\/uploads\/2020\/10\/AGOBaixLL.jpg","datePublished":"2020-10-28T10:28:11+00:00","dateModified":"2020-10-28T10:34:31+00:00","description":"El Sector Baix Llobregat va celebrar, el passat dijous 22 d\u2019octubre, l\u2019Assemblea General Ordin\u00e0ria (AGO) del sector de manera telem\u00e0tica.","breadcrumb":{"@id":"https:\/\/www.esplac.cat\/es\/baix-llobregat-curs-ago-sector\/#breadcrumb"},"inLanguage":"en-US","potentialAction":[{"@type":"ReadAction","target":["https:\/\/www.esplac.cat\/es\/baix-llobregat-curs-ago-sector\/"]}]},{"@type":"ImageObject","inLanguage":"en-US","@id":"https:\/\/www.esplac.cat\/es\/baix-llobregat-curs-ago-sector\/#primaryimage","url":"https:\/\/www.esplac.cat\/wp-content\/uploads\/2020\/10\/AGOBaixLL.jpg","contentUrl":"https:\/\/www.esplac.cat\/wp-content\/uploads\/2020\/10\/AGOBaixLL.jpg","width":1697,"height":700,"caption":"AGO Baix Llobregat"},{"@type":"BreadcrumbList","@id":"https:\/\/www.esplac.cat\/es\/baix-llobregat-curs-ago-sector\/#breadcrumb","itemListElement":[{"@type":"ListItem","position":1,"name":"Inici","item":"https:\/\/www.esplac.cat\/en\/"},{"@type":"ListItem","position":2,"name":"El Baix Llobregat prepara el curs amb l&#8217;AGO del sector"}]},{"@type":"WebSite","@id":"https:\/\/www.esplac.cat\/#website","url":"https:\/\/www.esplac.cat\/","name":"Esplac","description":"Esplais Catalans","publisher":{"@id":"https:\/\/www.esplac.cat\/#organization"},"potentialAction":[{"@type":"SearchAction","target":{"@type":"EntryPoint","urlTemplate":"https:\/\/www.esplac.cat\/?s={search_term_string}"},"query-input":{"@type":"PropertyValueSpecification","valueRequired":true,"valueName":"search_term_string"}}],"inLanguage":"en-US"},{"@type":"Organization","@id":"https:\/\/www.esplac.cat\/#organization","name":"Esplac","url":"https:\/\/www.esplac.cat\/","logo":{"@type":"ImageObject","inLanguage":"en-US","@id":"https:\/\/www.esplac.cat\/#\/schema\/logo\/image\/","url":"https:\/\/www.esplac.cat\/wp-content\/uploads\/2019\/08\/logox2.png","contentUrl":"https:\/\/www.esplac.cat\/wp-content\/uploads\/2019\/08\/logox2.png","width":600,"height":295,"caption":"Esplac"},"image":{"@id":"https:\/\/www.esplac.cat\/#\/schema\/logo\/image\/"}},{"@type":"Person","@id":"https:\/\/www.esplac.cat\/#\/schema\/person\/908383cf240be18b68f8855d0583faca","name":"Comunicaci\u00f3 Esplac","image":{"@type":"ImageObject","inLanguage":"en-US","@id":"https:\/\/secure.gravatar.com\/avatar\/7a4cf8feb412a76ea4a740ca02d95b06b2907b5a6c648c2dd0a1082a093c3141?s=96&d=mm&r=g","url":"https:\/\/secure.gravatar.com\/avatar\/7a4cf8feb412a76ea4a740ca02d95b06b2907b5a6c648c2dd0a1082a093c3141?s=96&d=mm&r=g","contentUrl":"https:\/\/secure.gravatar.com\/avatar\/7a4cf8feb412a76ea4a740ca02d95b06b2907b5a6c648c2dd0a1082a093c3141?s=96&d=mm&r=g","caption":"Comunicaci\u00f3 Esplac"}}]}},"_links":{"self":[{"href":"https:\/\/www.esplac.cat\/en\/wp-json\/wp\/v2\/posts\/33076","targetHints":{"allow":["GET"]}}],"collection":[{"href":"https:\/\/www.esplac.cat\/en\/wp-json\/wp\/v2\/posts"}],"about":[{"href":"https:\/\/www.esplac.cat\/en\/wp-json\/wp\/v2\/types\/post"}],"author":[{"embeddable":true,"href":"https:\/\/www.esplac.cat\/en\/wp-json\/wp\/v2\/users\/3"}],"replies":[{"embeddable":true,"href":"https:\/\/www.esplac.cat\/en\/wp-json\/wp\/v2\/comments?post=33076"}],"version-history":[{"count":0,"href":"https:\/\/www.esplac.cat\/en\/wp-json\/wp\/v2\/posts\/33076\/revisions"}],"wp:featuredmedia":[{"embeddable":true,"href":"https:\/\/www.esplac.cat\/en\/wp-json\/wp\/v2\/media\/33077"}],"wp:attachment":[{"href":"https:\/\/www.esplac.cat\/en\/wp-json\/wp\/v2\/media?parent=33076"}],"wp:term":[{"taxonomy":"category","embeddable":true,"href":"https:\/\/www.esplac.cat\/en\/wp-json\/wp\/v2\/categories?post=33076"},{"taxonomy":"post_tag","embeddable":true,"href":"https:\/\/www.esplac.cat\/en\/wp-json\/wp\/v2\/tags?post=33076"}],"curies":[{"name":"wp","href":"https:\/\/api.w.org\/{rel}","templated":true}]}}