{"id":33234,"date":"2020-11-10T11:20:03","date_gmt":"2020-11-10T10:20:03","guid":{"rendered":"https:\/\/www.esplac.cat\/?p=33234"},"modified":"2020-11-10T11:42:45","modified_gmt":"2020-11-10T10:42:45","slug":"fem-xarxa-mes-inclusives-jornades-interculturalitat","status":"publish","type":"post","link":"https:\/\/www.esplac.cat\/en\/fem-xarxa-mes-inclusives-jornades-interculturalitat\/","title":{"rendered":"Fem xarxa per ser m\u00e9s inclusives a les I Jornades d&#8217;Interculturalitat"},"content":{"rendered":"<h6><strong>Dissabte 7 de novembre va tenir lloc telem\u00e0ticament la primera edici\u00f3 de les Jornades d&#8217;Interculturalitat, organitzades conjuntament per <a href=\"http:\/\/espai.casaldejoves.org\/casalsdejoves\/\">Casals de Joves<\/a>, l\u2019<a href=\"http:\/\/www.escolaelsol.org\/es\/index.htm\">Escola lliure el Sol<\/a>,\u00a0<a href=\"https:\/\/www.ferrerguardia.org\/es\/\">Fundaci\u00f3 Ferrer i Gu\u00e0rdia<\/a>\u00a0i\u00a0<a href=\"https:\/\/www.esplac.cat\/\">Esplais Catalans<\/a>.<\/strong><\/h6>\n<p>La primera edici\u00f3 de les Jornades d&#8217;Interculturalitat estava preparada per celebrar-se a l\u2019espai juvenil La Casa Groga (Fort Pienc, Barcelona) per\u00f2, finalment, es va realitzar de forma telem\u00e0tica. Aix\u00f2 va facilitar que hi pogu\u00e9s participar gent de diferents municipis a qui afectaven les restriccions actuals per la crisi sanit\u00e0ria. En total, hi van participar 50 persones de diferents sectors del m\u00f3n associatiu, cosa que va permetre connectar diferents visions d&#8217;aquest entorn.<\/p>\n<h6><strong>Pon\u00e8ncia inicial: Basha Changuerra<\/strong><\/h6>\n<p>Les Jornades van comen\u00e7ar amb la pon\u00e8ncia inicial de la<strong> Basha Changuerra<\/strong>, impulsora de la cooperativa Afrofem Koop,<strong> sobre participaci\u00f3 i interculturalitat.<\/strong> La xerrada va girar entorn a la necessitat de<span style=\"font-weight: 400;\">\u00a0<\/span><b>refor\u00e7ar la tasca que els esplais fem a nivell comunitari<\/b><span style=\"font-weight: 400;\"> i entendre\u2019ns com una <\/span><b>eina de cohesi\u00f3 social<\/b><span style=\"font-weight: 400;\">. Per tant, hem de deixar de banda aquelles accions que fem amb l\u2019\u00fanic objectiu de \u201cveure\u2019ns m\u00e9s diverses\u201d. Els nostres espais han de sanar les ferides i no tapar-les, com de vegades fem als espais que anomenem interculturals. No hem de voler-nos homogene\u00eftzar i entendre que el proc\u00e9s cap a la interculturalitat implicar\u00e0 incomoditat. <\/span><\/p>\n<p><span style=\"font-weight: 400;\">Tamb\u00e9, va insistir en que hem d\u2019entendre que el racisme no \u00e9s nom\u00e9s quelcom de l\u2019extrema dreta; <strong>\u00e9s sist\u00e8mic<\/strong> i que per tant totes som racistes. No em d&#8217;oblidar la relaci\u00f3 entre racisme i capitalisme. Per tant, va cridar a autoorganitzar-nos al nostre entorn i no anar a altres pa\u00efsos a ser assistencialistes, \u00e9s una trampa del capitalisme. S&#8217;ha d&#8217;enfocar i <strong>assumir la responsabilitat antiracista de divulgar el discurs d&#8217;autorresponsabilitat<\/strong> i no fer eco de les veus oprimides.<\/span><\/p>\n<h6><strong>De la teoria a les experi\u00e8ncies<\/strong><\/h6>\n<p>Tot seguit, despr\u00e9s de la pon\u00e8ncia inicial, les participants es van dividir en 4 experi\u00e8ncies amb diferents col\u00b7lectius:<\/p>\n<ul>\n<li><b>Centre d\u2019Estudis Africans i Interculturals:<\/b><span style=\"font-weight: 400;\"> van presentar el projecte de Joves Referents, en el qual es formen joves afectats pel racisme per esdevenir referents en els seus entorns.<\/span><\/li>\n<li><b>Bayt al Thaqafa<\/b><span style=\"font-weight: 400;\">: una entitat que funciona com a espai d\u2019acollida per a persones migrants i que els donen, entre altres coses, el suport que no reben per part de l\u2019administraci\u00f3 per cobrir els seus drets b\u00e0sics i facilitar la seva integraci\u00f3 socioecon\u00f2mica.\u00a0<\/span><\/li>\n<li><b>Cat\u00e0rsia<\/b><span style=\"font-weight: 400;\">: un col\u00b7lectiu de joves asiaticodescendents de Barcelona que fan principalment campanyes de sensibilitzaci\u00f3.<\/span><\/li>\n<li><b>Espai La Tregua<\/b>: un espai que treballa la interculturalitat a trav\u00e9s de l\u2019expressi\u00f3 art\u00edstica. A banda d&#8217;una xarxa de suport per a persones nouvingudes, es tracta d&#8217;un espai per conscienciar sobre l&#8217;economia social i solid\u00e0ria, el feminisme i l&#8217;antiracisme.\n<div class=\"css-1dbjc4n\">\n<div id=\"tweet-rich-content-label\" class=\"css-1dbjc4n\" aria-labelledby=\"quote-tweet-label tweet-card-label\">\n<div class=\"css-1dbjc4n\">\n<div class=\"css-1dbjc4n r-9x6qib r-1867qdf r-1phboty r-rs99b7 r-156q2ks r-1ny4l3l r-1udh08x r-o7ynqc r-6416eg\">\n<div class=\"css-1dbjc4n\">\n<div class=\"css-1dbjc4n r-1adg3ll r-1udh08x\"><\/div>\n<\/div>\n<\/div>\n<\/div>\n<\/div>\n<\/div>\n<\/li>\n<\/ul>\n<p>Per acabar aquesta primera edici\u00f3 de les Jornades d&#8217;Interculturalitat, es va tancar el dia amb la presentaci\u00f3 del recurs <strong>Tra\u00e7ant Vincles<\/strong>, una guia realitzada durant aquest \u00faltim any per <span style=\"font-weight: 400;\">Casals de Joves, Esplais Catalans i amb la col\u00b7laboraci\u00f3 de l\u2019Escola Lliure el Sol. En aquesta guia podreu trobar <\/span><span style=\"font-weight: 400;\"><strong>un marc te\u00f2ric sobre com entendre la interculturalitat i com portar-la al dia a dia dels esplais i casals<\/strong>, tamb\u00e9 algunes <strong>experi\u00e8ncies interculturals<\/strong> realitzades per les entitats i algunes indicacions de com fer-ho i, finalment, el <\/span><a href=\"https:\/\/mapadiversitats.esplac.cat\/\"><b>mapa d\u2019entitats<\/b><\/a><span style=\"font-weight: 400;\"> on hi podeu trobar entitats de tot Catalunya amb les quals treballar. Ja podeu consultar<strong> <span style=\"color: #ff9900;\"><a style=\"color: #ff9900;\" href=\"https:\/\/mapadiversitats.esplac.cat\/\" target=\"_blank\" rel=\"noopener noreferrer\">el mapa d&#8217;entitats<\/a><\/span> <\/strong>i en breus rebreu el Tra\u00e7ant Vincles actualitzat.<\/span><\/p>\n<p>Aquesta jornada formativa ha tingut una valoraci\u00f3 molt positiva pel fet de poder anar d&#8217;all\u00f2 m\u00e9s te\u00f2ric i abstracte a les pr\u00e0ctiques i experi\u00e8ncies m\u00e9s concretes. Alhora, es va poder viure l&#8217;inici de molts debats que obren les portes a poder continuar-los en una propera edici\u00f3.<\/p>\n<p>&nbsp;<\/p>\n<p><img decoding=\"async\" class=\"aligncenter wp-image-33237\" src=\"https:\/\/www.esplac.cat\/wp-content\/uploads\/2020\/11\/jintercult.jpg\" alt=\"\" width=\"761\" height=\"314\" srcset=\"https:\/\/www.esplac.cat\/wp-content\/uploads\/2020\/11\/jintercult-200x82.jpg 200w, https:\/\/www.esplac.cat\/wp-content\/uploads\/2020\/11\/jintercult-300x124.jpg 300w, https:\/\/www.esplac.cat\/wp-content\/uploads\/2020\/11\/jintercult-400x165.jpg 400w, https:\/\/www.esplac.cat\/wp-content\/uploads\/2020\/11\/jintercult-600x247.jpg 600w, https:\/\/www.esplac.cat\/wp-content\/uploads\/2020\/11\/jintercult-768x317.jpg 768w, https:\/\/www.esplac.cat\/wp-content\/uploads\/2020\/11\/jintercult-800x330.jpg 800w, https:\/\/www.esplac.cat\/wp-content\/uploads\/2020\/11\/jintercult-1024x422.jpg 1024w, https:\/\/www.esplac.cat\/wp-content\/uploads\/2020\/11\/jintercult-1200x495.jpg 1200w, https:\/\/www.esplac.cat\/wp-content\/uploads\/2020\/11\/jintercult-1536x634.jpg 1536w, https:\/\/www.esplac.cat\/wp-content\/uploads\/2020\/11\/jintercult.jpg 1697w\" sizes=\"(max-width: 761px) 100vw, 761px\" \/><\/p>\n<p><img decoding=\"async\" class=\"aligncenter wp-image-33243\" src=\"https:\/\/www.esplac.cat\/wp-content\/uploads\/2020\/11\/interc2.jpg\" alt=\"\" width=\"762\" height=\"329\" srcset=\"https:\/\/www.esplac.cat\/wp-content\/uploads\/2020\/11\/interc2-200x86.jpg 200w, https:\/\/www.esplac.cat\/wp-content\/uploads\/2020\/11\/interc2-300x129.jpg 300w, https:\/\/www.esplac.cat\/wp-content\/uploads\/2020\/11\/interc2-400x173.jpg 400w, https:\/\/www.esplac.cat\/wp-content\/uploads\/2020\/11\/interc2.jpg 512w\" sizes=\"(max-width: 762px) 100vw, 762px\" \/><\/p>\n<p>&nbsp;<\/p>\n","protected":false},"excerpt":{"rendered":"<p>Dissabte 7 de novembre va tenir lloc telem\u00e0ticament la primera [&hellip;]<\/p>\n","protected":false},"author":3,"featured_media":31444,"comment_status":"closed","ping_status":"closed","sticky":false,"template":"","format":"standard","meta":{"om_disable_all_campaigns":false,"_monsterinsights_skip_tracking":false,"_monsterinsights_sitenote_active":false,"_monsterinsights_sitenote_note":"","_monsterinsights_sitenote_category":0,"_uf_show_specific_survey":0,"_uf_disable_surveys":false,"footnotes":""},"categories":[1166],"tags":[],"class_list":["post-33234","post","type-post","status-publish","format-standard","has-post-thumbnail","hentry","category-inclusio-i-diversitat"],"yoast_head":"<!-- This site is optimized with the Yoast SEO plugin v27.4 - https:\/\/yoast.com\/product\/yoast-seo-wordpress\/ -->\n<title>Fem xarxa per ser m\u00e9s inclusives a les I Jornades d&#039;Interculturalitat<\/title>\n<meta name=\"description\" content=\"El 7 de novembre van tenir lloc les I Jornades d&#039;Interculturalitat amb la pon\u00e8ncia inicial de Basha Changuerra.\" \/>\n<meta name=\"robots\" content=\"index, follow, max-snippet:-1, max-image-preview:large, max-video-preview:-1\" \/>\n<link rel=\"canonical\" href=\"https:\/\/www.esplac.cat\/es\/fem-xarxa-mes-inclusives-jornades-interculturalitat\/\" \/>\n<meta property=\"og:locale\" content=\"en_US\" \/>\n<meta property=\"og:type\" content=\"article\" \/>\n<meta property=\"og:title\" content=\"Fem xarxa per ser m\u00e9s inclusives a les I Jornades d&#039;Interculturalitat\" \/>\n<meta property=\"og:description\" content=\"El 7 de novembre van tenir lloc les I Jornades d&#039;Interculturalitat amb la pon\u00e8ncia inicial de Basha Changuerra.\" \/>\n<meta property=\"og:url\" content=\"https:\/\/www.esplac.cat\/es\/fem-xarxa-mes-inclusives-jornades-interculturalitat\/\" \/>\n<meta property=\"og:site_name\" content=\"Esplac\" \/>\n<meta property=\"article:published_time\" content=\"2020-11-10T10:20:03+00:00\" \/>\n<meta property=\"article:modified_time\" content=\"2020-11-10T10:42:45+00:00\" \/>\n<meta property=\"og:image\" content=\"https:\/\/www.esplac.cat\/wp-content\/uploads\/2020\/11\/jintercult.jpg\" \/>\n\t<meta property=\"og:image:width\" content=\"1697\" \/>\n\t<meta property=\"og:image:height\" content=\"700\" \/>\n\t<meta property=\"og:image:type\" content=\"image\/jpeg\" \/>\n<meta name=\"author\" content=\"Comunicaci\u00f3 Esplac\" \/>\n<meta name=\"twitter:card\" content=\"summary_large_image\" \/>\n<meta name=\"twitter:image\" content=\"https:\/\/www.esplac.cat\/wp-content\/uploads\/2020\/11\/jintercult.jpg\" \/>\n<meta name=\"twitter:label1\" content=\"Written by\" \/>\n\t<meta name=\"twitter:data1\" content=\"Comunicaci\u00f3 Esplac\" \/>\n\t<meta name=\"twitter:label2\" content=\"Est. reading time\" \/>\n\t<meta name=\"twitter:data2\" content=\"3 minutes\" \/>\n<script type=\"application\/ld+json\" class=\"yoast-schema-graph\">{\"@context\":\"https:\\\/\\\/schema.org\",\"@graph\":[{\"@type\":\"Article\",\"@id\":\"https:\\\/\\\/www.esplac.cat\\\/es\\\/fem-xarxa-mes-inclusives-jornades-interculturalitat\\\/#article\",\"isPartOf\":{\"@id\":\"https:\\\/\\\/www.esplac.cat\\\/es\\\/fem-xarxa-mes-inclusives-jornades-interculturalitat\\\/\"},\"author\":{\"name\":\"Comunicaci\u00f3 Esplac\",\"@id\":\"https:\\\/\\\/www.esplac.cat\\\/#\\\/schema\\\/person\\\/908383cf240be18b68f8855d0583faca\"},\"headline\":\"Fem xarxa per ser m\u00e9s inclusives a les I Jornades d&#8217;Interculturalitat\",\"datePublished\":\"2020-11-10T10:20:03+00:00\",\"dateModified\":\"2020-11-10T10:42:45+00:00\",\"mainEntityOfPage\":{\"@id\":\"https:\\\/\\\/www.esplac.cat\\\/es\\\/fem-xarxa-mes-inclusives-jornades-interculturalitat\\\/\"},\"wordCount\":672,\"publisher\":{\"@id\":\"https:\\\/\\\/www.esplac.cat\\\/#organization\"},\"image\":{\"@id\":\"https:\\\/\\\/www.esplac.cat\\\/es\\\/fem-xarxa-mes-inclusives-jornades-interculturalitat\\\/#primaryimage\"},\"thumbnailUrl\":\"https:\\\/\\\/www.esplac.cat\\\/wp-content\\\/uploads\\\/2020\\\/03\\\/Disen\u0303o-sin-ti\u0301tulo-6.png\",\"articleSection\":[\"Inclusi\u00f3 i diversitat\"],\"inLanguage\":\"en-US\"},{\"@type\":\"WebPage\",\"@id\":\"https:\\\/\\\/www.esplac.cat\\\/es\\\/fem-xarxa-mes-inclusives-jornades-interculturalitat\\\/\",\"url\":\"https:\\\/\\\/www.esplac.cat\\\/es\\\/fem-xarxa-mes-inclusives-jornades-interculturalitat\\\/\",\"name\":\"Fem xarxa per ser m\u00e9s inclusives a les I Jornades d'Interculturalitat\",\"isPartOf\":{\"@id\":\"https:\\\/\\\/www.esplac.cat\\\/#website\"},\"primaryImageOfPage\":{\"@id\":\"https:\\\/\\\/www.esplac.cat\\\/es\\\/fem-xarxa-mes-inclusives-jornades-interculturalitat\\\/#primaryimage\"},\"image\":{\"@id\":\"https:\\\/\\\/www.esplac.cat\\\/es\\\/fem-xarxa-mes-inclusives-jornades-interculturalitat\\\/#primaryimage\"},\"thumbnailUrl\":\"https:\\\/\\\/www.esplac.cat\\\/wp-content\\\/uploads\\\/2020\\\/03\\\/Disen\u0303o-sin-ti\u0301tulo-6.png\",\"datePublished\":\"2020-11-10T10:20:03+00:00\",\"dateModified\":\"2020-11-10T10:42:45+00:00\",\"description\":\"El 7 de novembre van tenir lloc les I Jornades d'Interculturalitat amb la pon\u00e8ncia inicial de Basha Changuerra.\",\"breadcrumb\":{\"@id\":\"https:\\\/\\\/www.esplac.cat\\\/es\\\/fem-xarxa-mes-inclusives-jornades-interculturalitat\\\/#breadcrumb\"},\"inLanguage\":\"en-US\",\"potentialAction\":[{\"@type\":\"ReadAction\",\"target\":[\"https:\\\/\\\/www.esplac.cat\\\/es\\\/fem-xarxa-mes-inclusives-jornades-interculturalitat\\\/\"]}]},{\"@type\":\"ImageObject\",\"inLanguage\":\"en-US\",\"@id\":\"https:\\\/\\\/www.esplac.cat\\\/es\\\/fem-xarxa-mes-inclusives-jornades-interculturalitat\\\/#primaryimage\",\"url\":\"https:\\\/\\\/www.esplac.cat\\\/wp-content\\\/uploads\\\/2020\\\/03\\\/Disen\u0303o-sin-ti\u0301tulo-6.png\",\"contentUrl\":\"https:\\\/\\\/www.esplac.cat\\\/wp-content\\\/uploads\\\/2020\\\/03\\\/Disen\u0303o-sin-ti\u0301tulo-6.png\",\"width\":1694,\"height\":700,\"caption\":\"Jornades Interculturalitat\"},{\"@type\":\"BreadcrumbList\",\"@id\":\"https:\\\/\\\/www.esplac.cat\\\/es\\\/fem-xarxa-mes-inclusives-jornades-interculturalitat\\\/#breadcrumb\",\"itemListElement\":[{\"@type\":\"ListItem\",\"position\":1,\"name\":\"Inici\",\"item\":\"https:\\\/\\\/www.esplac.cat\\\/en\\\/\"},{\"@type\":\"ListItem\",\"position\":2,\"name\":\"Fem xarxa per ser m\u00e9s inclusives a les I Jornades d&#8217;Interculturalitat\"}]},{\"@type\":\"WebSite\",\"@id\":\"https:\\\/\\\/www.esplac.cat\\\/#website\",\"url\":\"https:\\\/\\\/www.esplac.cat\\\/\",\"name\":\"Esplac\",\"description\":\"Esplais Catalans\",\"publisher\":{\"@id\":\"https:\\\/\\\/www.esplac.cat\\\/#organization\"},\"potentialAction\":[{\"@type\":\"SearchAction\",\"target\":{\"@type\":\"EntryPoint\",\"urlTemplate\":\"https:\\\/\\\/www.esplac.cat\\\/?s={search_term_string}\"},\"query-input\":{\"@type\":\"PropertyValueSpecification\",\"valueRequired\":true,\"valueName\":\"search_term_string\"}}],\"inLanguage\":\"en-US\"},{\"@type\":\"Organization\",\"@id\":\"https:\\\/\\\/www.esplac.cat\\\/#organization\",\"name\":\"Esplac\",\"url\":\"https:\\\/\\\/www.esplac.cat\\\/\",\"logo\":{\"@type\":\"ImageObject\",\"inLanguage\":\"en-US\",\"@id\":\"https:\\\/\\\/www.esplac.cat\\\/#\\\/schema\\\/logo\\\/image\\\/\",\"url\":\"https:\\\/\\\/www.esplac.cat\\\/wp-content\\\/uploads\\\/2019\\\/08\\\/logox2.png\",\"contentUrl\":\"https:\\\/\\\/www.esplac.cat\\\/wp-content\\\/uploads\\\/2019\\\/08\\\/logox2.png\",\"width\":600,\"height\":295,\"caption\":\"Esplac\"},\"image\":{\"@id\":\"https:\\\/\\\/www.esplac.cat\\\/#\\\/schema\\\/logo\\\/image\\\/\"}},{\"@type\":\"Person\",\"@id\":\"https:\\\/\\\/www.esplac.cat\\\/#\\\/schema\\\/person\\\/908383cf240be18b68f8855d0583faca\",\"name\":\"Comunicaci\u00f3 Esplac\",\"image\":{\"@type\":\"ImageObject\",\"inLanguage\":\"en-US\",\"@id\":\"https:\\\/\\\/secure.gravatar.com\\\/avatar\\\/7a4cf8feb412a76ea4a740ca02d95b06b2907b5a6c648c2dd0a1082a093c3141?s=96&d=mm&r=g\",\"url\":\"https:\\\/\\\/secure.gravatar.com\\\/avatar\\\/7a4cf8feb412a76ea4a740ca02d95b06b2907b5a6c648c2dd0a1082a093c3141?s=96&d=mm&r=g\",\"contentUrl\":\"https:\\\/\\\/secure.gravatar.com\\\/avatar\\\/7a4cf8feb412a76ea4a740ca02d95b06b2907b5a6c648c2dd0a1082a093c3141?s=96&d=mm&r=g\",\"caption\":\"Comunicaci\u00f3 Esplac\"}}]}<\/script>\n<!-- \/ Yoast SEO plugin. -->","yoast_head_json":{"title":"Fem xarxa per ser m\u00e9s inclusives a les I Jornades d'Interculturalitat","description":"El 7 de novembre van tenir lloc les I Jornades d'Interculturalitat amb la pon\u00e8ncia inicial de Basha Changuerra.","robots":{"index":"index","follow":"follow","max-snippet":"max-snippet:-1","max-image-preview":"max-image-preview:large","max-video-preview":"max-video-preview:-1"},"canonical":"https:\/\/www.esplac.cat\/es\/fem-xarxa-mes-inclusives-jornades-interculturalitat\/","og_locale":"en_US","og_type":"article","og_title":"Fem xarxa per ser m\u00e9s inclusives a les I Jornades d'Interculturalitat","og_description":"El 7 de novembre van tenir lloc les I Jornades d'Interculturalitat amb la pon\u00e8ncia inicial de Basha Changuerra.","og_url":"https:\/\/www.esplac.cat\/es\/fem-xarxa-mes-inclusives-jornades-interculturalitat\/","og_site_name":"Esplac","article_published_time":"2020-11-10T10:20:03+00:00","article_modified_time":"2020-11-10T10:42:45+00:00","og_image":[{"width":1697,"height":700,"url":"https:\/\/www.esplac.cat\/wp-content\/uploads\/2020\/11\/jintercult.jpg","type":"image\/jpeg"}],"author":"Comunicaci\u00f3 Esplac","twitter_card":"summary_large_image","twitter_image":"https:\/\/www.esplac.cat\/wp-content\/uploads\/2020\/11\/jintercult.jpg","twitter_misc":{"Written by":"Comunicaci\u00f3 Esplac","Est. reading time":"3 minutes"},"schema":{"@context":"https:\/\/schema.org","@graph":[{"@type":"Article","@id":"https:\/\/www.esplac.cat\/es\/fem-xarxa-mes-inclusives-jornades-interculturalitat\/#article","isPartOf":{"@id":"https:\/\/www.esplac.cat\/es\/fem-xarxa-mes-inclusives-jornades-interculturalitat\/"},"author":{"name":"Comunicaci\u00f3 Esplac","@id":"https:\/\/www.esplac.cat\/#\/schema\/person\/908383cf240be18b68f8855d0583faca"},"headline":"Fem xarxa per ser m\u00e9s inclusives a les I Jornades d&#8217;Interculturalitat","datePublished":"2020-11-10T10:20:03+00:00","dateModified":"2020-11-10T10:42:45+00:00","mainEntityOfPage":{"@id":"https:\/\/www.esplac.cat\/es\/fem-xarxa-mes-inclusives-jornades-interculturalitat\/"},"wordCount":672,"publisher":{"@id":"https:\/\/www.esplac.cat\/#organization"},"image":{"@id":"https:\/\/www.esplac.cat\/es\/fem-xarxa-mes-inclusives-jornades-interculturalitat\/#primaryimage"},"thumbnailUrl":"https:\/\/www.esplac.cat\/wp-content\/uploads\/2020\/03\/Disen\u0303o-sin-ti\u0301tulo-6.png","articleSection":["Inclusi\u00f3 i diversitat"],"inLanguage":"en-US"},{"@type":"WebPage","@id":"https:\/\/www.esplac.cat\/es\/fem-xarxa-mes-inclusives-jornades-interculturalitat\/","url":"https:\/\/www.esplac.cat\/es\/fem-xarxa-mes-inclusives-jornades-interculturalitat\/","name":"Fem xarxa per ser m\u00e9s inclusives a les I Jornades d'Interculturalitat","isPartOf":{"@id":"https:\/\/www.esplac.cat\/#website"},"primaryImageOfPage":{"@id":"https:\/\/www.esplac.cat\/es\/fem-xarxa-mes-inclusives-jornades-interculturalitat\/#primaryimage"},"image":{"@id":"https:\/\/www.esplac.cat\/es\/fem-xarxa-mes-inclusives-jornades-interculturalitat\/#primaryimage"},"thumbnailUrl":"https:\/\/www.esplac.cat\/wp-content\/uploads\/2020\/03\/Disen\u0303o-sin-ti\u0301tulo-6.png","datePublished":"2020-11-10T10:20:03+00:00","dateModified":"2020-11-10T10:42:45+00:00","description":"El 7 de novembre van tenir lloc les I Jornades d'Interculturalitat amb la pon\u00e8ncia inicial de Basha Changuerra.","breadcrumb":{"@id":"https:\/\/www.esplac.cat\/es\/fem-xarxa-mes-inclusives-jornades-interculturalitat\/#breadcrumb"},"inLanguage":"en-US","potentialAction":[{"@type":"ReadAction","target":["https:\/\/www.esplac.cat\/es\/fem-xarxa-mes-inclusives-jornades-interculturalitat\/"]}]},{"@type":"ImageObject","inLanguage":"en-US","@id":"https:\/\/www.esplac.cat\/es\/fem-xarxa-mes-inclusives-jornades-interculturalitat\/#primaryimage","url":"https:\/\/www.esplac.cat\/wp-content\/uploads\/2020\/03\/Disen\u0303o-sin-ti\u0301tulo-6.png","contentUrl":"https:\/\/www.esplac.cat\/wp-content\/uploads\/2020\/03\/Disen\u0303o-sin-ti\u0301tulo-6.png","width":1694,"height":700,"caption":"Jornades Interculturalitat"},{"@type":"BreadcrumbList","@id":"https:\/\/www.esplac.cat\/es\/fem-xarxa-mes-inclusives-jornades-interculturalitat\/#breadcrumb","itemListElement":[{"@type":"ListItem","position":1,"name":"Inici","item":"https:\/\/www.esplac.cat\/en\/"},{"@type":"ListItem","position":2,"name":"Fem xarxa per ser m\u00e9s inclusives a les I Jornades d&#8217;Interculturalitat"}]},{"@type":"WebSite","@id":"https:\/\/www.esplac.cat\/#website","url":"https:\/\/www.esplac.cat\/","name":"Esplac","description":"Esplais Catalans","publisher":{"@id":"https:\/\/www.esplac.cat\/#organization"},"potentialAction":[{"@type":"SearchAction","target":{"@type":"EntryPoint","urlTemplate":"https:\/\/www.esplac.cat\/?s={search_term_string}"},"query-input":{"@type":"PropertyValueSpecification","valueRequired":true,"valueName":"search_term_string"}}],"inLanguage":"en-US"},{"@type":"Organization","@id":"https:\/\/www.esplac.cat\/#organization","name":"Esplac","url":"https:\/\/www.esplac.cat\/","logo":{"@type":"ImageObject","inLanguage":"en-US","@id":"https:\/\/www.esplac.cat\/#\/schema\/logo\/image\/","url":"https:\/\/www.esplac.cat\/wp-content\/uploads\/2019\/08\/logox2.png","contentUrl":"https:\/\/www.esplac.cat\/wp-content\/uploads\/2019\/08\/logox2.png","width":600,"height":295,"caption":"Esplac"},"image":{"@id":"https:\/\/www.esplac.cat\/#\/schema\/logo\/image\/"}},{"@type":"Person","@id":"https:\/\/www.esplac.cat\/#\/schema\/person\/908383cf240be18b68f8855d0583faca","name":"Comunicaci\u00f3 Esplac","image":{"@type":"ImageObject","inLanguage":"en-US","@id":"https:\/\/secure.gravatar.com\/avatar\/7a4cf8feb412a76ea4a740ca02d95b06b2907b5a6c648c2dd0a1082a093c3141?s=96&d=mm&r=g","url":"https:\/\/secure.gravatar.com\/avatar\/7a4cf8feb412a76ea4a740ca02d95b06b2907b5a6c648c2dd0a1082a093c3141?s=96&d=mm&r=g","contentUrl":"https:\/\/secure.gravatar.com\/avatar\/7a4cf8feb412a76ea4a740ca02d95b06b2907b5a6c648c2dd0a1082a093c3141?s=96&d=mm&r=g","caption":"Comunicaci\u00f3 Esplac"}}]}},"_links":{"self":[{"href":"https:\/\/www.esplac.cat\/en\/wp-json\/wp\/v2\/posts\/33234","targetHints":{"allow":["GET"]}}],"collection":[{"href":"https:\/\/www.esplac.cat\/en\/wp-json\/wp\/v2\/posts"}],"about":[{"href":"https:\/\/www.esplac.cat\/en\/wp-json\/wp\/v2\/types\/post"}],"author":[{"embeddable":true,"href":"https:\/\/www.esplac.cat\/en\/wp-json\/wp\/v2\/users\/3"}],"replies":[{"embeddable":true,"href":"https:\/\/www.esplac.cat\/en\/wp-json\/wp\/v2\/comments?post=33234"}],"version-history":[{"count":0,"href":"https:\/\/www.esplac.cat\/en\/wp-json\/wp\/v2\/posts\/33234\/revisions"}],"wp:featuredmedia":[{"embeddable":true,"href":"https:\/\/www.esplac.cat\/en\/wp-json\/wp\/v2\/media\/31444"}],"wp:attachment":[{"href":"https:\/\/www.esplac.cat\/en\/wp-json\/wp\/v2\/media?parent=33234"}],"wp:term":[{"taxonomy":"category","embeddable":true,"href":"https:\/\/www.esplac.cat\/en\/wp-json\/wp\/v2\/categories?post=33234"},{"taxonomy":"post_tag","embeddable":true,"href":"https:\/\/www.esplac.cat\/en\/wp-json\/wp\/v2\/tags?post=33234"}],"curies":[{"name":"wp","href":"https:\/\/api.w.org\/{rel}","templated":true}]}}