{"id":33259,"date":"2020-11-11T12:16:39","date_gmt":"2020-11-11T11:16:39","guid":{"rendered":"https:\/\/www.esplac.cat\/?p=33259"},"modified":"2020-11-11T12:16:39","modified_gmt":"2020-11-11T11:16:39","slug":"compartim-experiencies-amb-lentitat-manque-chile","status":"publish","type":"post","link":"https:\/\/www.esplac.cat\/en\/compartim-experiencies-amb-lentitat-manque-chile\/","title":{"rendered":"Compartim experi\u00e8ncies amb l&#8217;entitat Manque Chile"},"content":{"rendered":"<h6><strong>Posem en marxa el nou projecte internacional d&#8217;intercanvi d&#8217;experi\u00e8ncies. Posem en contacte infants i joves d&#8217;Esplac i l&#8217;entitat xilena Manque Chile!\u00a0<\/strong><\/h6>\n<p><span style=\"font-weight: 400;\">L\u2019<span style=\"color: #ff9900;\"><a style=\"color: #ff9900;\" href=\"http:\/\/ifm-sei.org\/\" target=\"_blank\" rel=\"noopener noreferrer\">IFM-SEI<\/a> <\/span>\u00e9s un moviment global que reuneix infants i joves d\u2019\u00c0frica, \u00c0sia, Europa, Am\u00e8rica Llatina i Orient Mitj\u00e0 que actua com a plataforma paraig\u00fces de 44 organitzacions nacionals que treballen en una varietat d\u2019entorns en tot el m\u00f3n, promovent l\u2019internacionalisme, la solidaritat, l\u2019amistat, els drets dels nens i nenes, l\u2019atenci\u00f3 al medi ambient, etc. Dues d\u2019aquestes entitats s\u00f3n <\/span><b>Esplais Catalans (Esplac)<\/b><span style=\"font-weight: 400;\">, a Catalunya i <\/span><b>Manque Chile<\/b><span style=\"font-weight: 400;\">, a Xile.<\/span><\/p>\n<p><span style=\"font-weight: 400;\">Un dels principals objectius de l\u2019internacionalisme \u00e9s fomentar els vincles, les relacions, el treball i la solidaritat entre entitats de diferents pa\u00efsos del m\u00f3n. El treball en xarxa permet fomentar i cr\u00e9ixer en valors com la cooperaci\u00f3, la democr\u00e0cia, la igualtat de g\u00e8nere, la democr\u00e0cia i la just\u00edcia social global.\u00a0<\/span><\/p>\n<p><span style=\"font-weight: 400;\">Els programes i projectes que podem realitzar normalment s\u00f3n d\u2019abast nacional o regional, de manera que resulta m\u00e9s complicat organitzar projectes i activitats entre entitats que es <\/span><b>troben lluny geogr\u00e0ficament<\/b><span style=\"font-weight: 400;\">. Aquesta situaci\u00f3 ens anima a buscar alternatives innovadores que ens permetin igualment con\u00e8ixer, aprendre i relacionar-nos amb altres organitzacions juvenils del m\u00f3n.<\/span><\/p>\n<p><span style=\"font-weight: 400;\">Aquest inter\u00e8s mutu que comparteixen les dues entitats (Manque Chile i Esplac) s\u2019ha concretat en aquest <\/span><b>nou projecte que us presentem.<\/b><span style=\"font-weight: 400;\"> Aquest projecte pret\u00e9n que infants, adolescents i joves de les dues entitats respectives p<strong>uguin intercanviar experi\u00e8ncies, con\u00e8ixer llocs, noves realitats culturals, aprendre, comunicar-se entre elles i compartir<\/strong>, <strong>en definitiva, una part del seu treball i participaci\u00f3 en l&#8217;educaci\u00f3 no formal.\u00a0<\/strong><\/span><\/p>\n<h6><b>En qu\u00e8 consisteix el projecte?<\/b><\/h6>\n<p><span style=\"font-weight: 400;\">La primera fase del projecte consisteix en <\/span><b>posar en contacte infants adolescents de les dues entitats a trav\u00e9s de plataformes digitals. <\/b><span style=\"font-weight: 400;\">Com ho farem?<\/span><\/p>\n<p><span style=\"font-weight: 400;\">En l\u2019intercanvi hi participaran 4 grups hom\u00f2legs de Manque Chile i d\u2019esplais d\u2019Esplac. Els grups s\u00f3n aquests:<\/span><\/p>\n<ul>\n<li style=\"font-weight: 400;\"><span style=\"font-weight: 400;\">2 grups d\u2019infants d&#8217;entre 9 i 12 anys\u00a0<\/span><\/li>\n<li style=\"font-weight: 400;\"><span style=\"font-weight: 400;\">1 grup de joves (aprox. 14 &#8211; 16 anys)<\/span><\/li>\n<li style=\"font-weight: 400;\"><span style=\"font-weight: 400;\">1 grup de monitores (18-25 anys)<\/span><\/li>\n<\/ul>\n<h6><strong>Quan i com es realitzar\u00e0?<\/strong><\/h6>\n<p><span style=\"font-weight: 400;\">El <\/span><b>28 de novembre al vespre farem una primera trucada<\/b><span style=\"font-weight: 400;\"> per tal de con\u00e8ixer els i les responsables de cada grup. A partir d\u2019aquesta primera connexi\u00f3 cada grup tindr\u00e0 els contactes del seu grup parella.<\/span><\/p>\n<p><span style=\"font-weight: 400;\">Seran els mateixos infants i joves qui acabaran decidint <\/span><b>com volen comunicar-se <\/b><span style=\"font-weight: 400;\">(enviant-se v\u00eddeos, escrivint posts, intercanvi d\u2019escrits, etc.) i <\/span><b>de qu\u00e8 volen parlar.<\/b><span style=\"font-weight: 400;\"> Volem que siguin ells i elles qui decideixen qu\u00e8 volen compartir i explicar (on viuen, la seva entitat, quines problem\u00e0tiques tenen, an\u00e8cdotes, actes culturals, etc.).\u00a0<\/span><\/p>\n<p><span style=\"font-weight: 400;\">Si la primera fase t\u00e9 continu\u00eftat i \u00e8xit, volem construir un<\/span><b> intercanvi d&#8217;experi\u00e8ncies entre les dues entitats <\/b><span style=\"font-weight: 400;\">que impliqui con\u00e8ixer m\u00e9s a fons l\u2019estructura, el funcionament dels grups, la comunitat, l\u2019entorn, la metodologia i el treball pedag\u00f2gic de cada entitat, etc.<\/span><\/p>\n<p><span style=\"font-weight: 400;\">A llarg termini, ens encantaria poder tamb\u00e9 organitzar projectes internacionals presencials que permetin unir encara m\u00e9s a les dues entitats.\u00a0<\/span><\/p>\n<p><span style=\"font-weight: 400;\">Aix\u00ed doncs, <\/span><b>convidem als vostres grups d\u2019esplai a participar del projecte i con\u00e8ixer infants i joves de l&#8217;entitat Manque Chile!!!<\/b><\/p>\n<h6><strong>Com hi podem participar?<\/strong><\/h6>\n<p><span style=\"font-weight: 400;\">Si voleu participar, no dubteu a contactar amb <\/span><a href=\"mailto:internacional@esplac.cat\"><span style=\"font-weight: 400;\">internacional@esplac.cat<\/span><\/a><span style=\"font-weight: 400;\">.<\/span><\/p>\n","protected":false},"excerpt":{"rendered":"<p>Posem en marxa el nou projecte internacional d&#8217;intercanvi d&#8217;experi\u00e8ncies. Posem [&hellip;]<\/p>\n","protected":false},"author":3,"featured_media":33262,"comment_status":"closed","ping_status":"closed","sticky":false,"template":"","format":"standard","meta":{"om_disable_all_campaigns":false,"_monsterinsights_skip_tracking":false,"_monsterinsights_sitenote_active":false,"_monsterinsights_sitenote_note":"","_monsterinsights_sitenote_category":0,"_uf_show_specific_survey":0,"_uf_disable_surveys":false,"footnotes":""},"categories":[1112],"tags":[],"class_list":["post-33259","post","type-post","status-publish","format-standard","has-post-thumbnail","hentry","category-esplac-al-mon"],"yoast_head":"<!-- This site is optimized with the Yoast SEO plugin v27.5 - https:\/\/yoast.com\/product\/yoast-seo-wordpress\/ -->\n<title>Compartim experi\u00e8ncies amb l&#039;entitat Manque Chile - Esplac<\/title>\n<meta name=\"description\" content=\"Nova oportunitat internacional. Posem en contacte infants i joves d&#039;Esplac i l&#039;entitat xilena Manque Chile!\u00a0\" \/>\n<meta name=\"robots\" content=\"index, follow, max-snippet:-1, max-image-preview:large, max-video-preview:-1\" \/>\n<link rel=\"canonical\" href=\"https:\/\/www.esplac.cat\/compartim-experiencies-amb-lentitat-manque-chile\/\" \/>\n<meta property=\"og:locale\" content=\"en_US\" \/>\n<meta property=\"og:type\" content=\"article\" \/>\n<meta property=\"og:title\" content=\"Compartim experi\u00e8ncies amb l&#039;entitat Manque Chile - Esplac\" \/>\n<meta property=\"og:description\" content=\"Nova oportunitat internacional. Posem en contacte infants i joves d&#039;Esplac i l&#039;entitat xilena Manque Chile!\u00a0\" \/>\n<meta property=\"og:url\" content=\"https:\/\/www.esplac.cat\/compartim-experiencies-amb-lentitat-manque-chile\/\" \/>\n<meta property=\"og:site_name\" content=\"Esplac\" \/>\n<meta property=\"article:published_time\" content=\"2020-11-11T11:16:39+00:00\" \/>\n<meta property=\"og:image\" content=\"https:\/\/www.esplac.cat\/wp-content\/uploads\/2020\/11\/manquexile.jpg\" \/>\n\t<meta property=\"og:image:width\" content=\"847\" \/>\n\t<meta property=\"og:image:height\" content=\"350\" \/>\n\t<meta property=\"og:image:type\" content=\"image\/jpeg\" \/>\n<meta name=\"author\" content=\"Comunicaci\u00f3 Esplac\" \/>\n<meta name=\"twitter:card\" content=\"summary_large_image\" \/>\n<meta name=\"twitter:label1\" content=\"Written by\" \/>\n\t<meta name=\"twitter:data1\" content=\"Comunicaci\u00f3 Esplac\" \/>\n\t<meta name=\"twitter:label2\" content=\"Est. reading time\" \/>\n\t<meta name=\"twitter:data2\" content=\"3 minutes\" \/>\n<script type=\"application\/ld+json\" class=\"yoast-schema-graph\">{\"@context\":\"https:\\\/\\\/schema.org\",\"@graph\":[{\"@type\":\"Article\",\"@id\":\"https:\\\/\\\/www.esplac.cat\\\/compartim-experiencies-amb-lentitat-manque-chile\\\/#article\",\"isPartOf\":{\"@id\":\"https:\\\/\\\/www.esplac.cat\\\/compartim-experiencies-amb-lentitat-manque-chile\\\/\"},\"author\":{\"name\":\"Comunicaci\u00f3 Esplac\",\"@id\":\"https:\\\/\\\/www.esplac.cat\\\/#\\\/schema\\\/person\\\/908383cf240be18b68f8855d0583faca\"},\"headline\":\"Compartim experi\u00e8ncies amb l&#8217;entitat Manque Chile\",\"datePublished\":\"2020-11-11T11:16:39+00:00\",\"mainEntityOfPage\":{\"@id\":\"https:\\\/\\\/www.esplac.cat\\\/compartim-experiencies-amb-lentitat-manque-chile\\\/\"},\"wordCount\":566,\"publisher\":{\"@id\":\"https:\\\/\\\/www.esplac.cat\\\/#organization\"},\"image\":{\"@id\":\"https:\\\/\\\/www.esplac.cat\\\/compartim-experiencies-amb-lentitat-manque-chile\\\/#primaryimage\"},\"thumbnailUrl\":\"https:\\\/\\\/www.esplac.cat\\\/wp-content\\\/uploads\\\/2020\\\/11\\\/manquexile.jpg\",\"articleSection\":[\"Esplac al m\u00f3n\"],\"inLanguage\":\"en-US\"},{\"@type\":\"WebPage\",\"@id\":\"https:\\\/\\\/www.esplac.cat\\\/compartim-experiencies-amb-lentitat-manque-chile\\\/\",\"url\":\"https:\\\/\\\/www.esplac.cat\\\/compartim-experiencies-amb-lentitat-manque-chile\\\/\",\"name\":\"Compartim experi\u00e8ncies amb l'entitat Manque Chile - Esplac\",\"isPartOf\":{\"@id\":\"https:\\\/\\\/www.esplac.cat\\\/#website\"},\"primaryImageOfPage\":{\"@id\":\"https:\\\/\\\/www.esplac.cat\\\/compartim-experiencies-amb-lentitat-manque-chile\\\/#primaryimage\"},\"image\":{\"@id\":\"https:\\\/\\\/www.esplac.cat\\\/compartim-experiencies-amb-lentitat-manque-chile\\\/#primaryimage\"},\"thumbnailUrl\":\"https:\\\/\\\/www.esplac.cat\\\/wp-content\\\/uploads\\\/2020\\\/11\\\/manquexile.jpg\",\"datePublished\":\"2020-11-11T11:16:39+00:00\",\"description\":\"Nova oportunitat internacional. Posem en contacte infants i joves d'Esplac i l'entitat xilena Manque Chile!\u00a0\",\"breadcrumb\":{\"@id\":\"https:\\\/\\\/www.esplac.cat\\\/compartim-experiencies-amb-lentitat-manque-chile\\\/#breadcrumb\"},\"inLanguage\":\"en-US\",\"potentialAction\":[{\"@type\":\"ReadAction\",\"target\":[\"https:\\\/\\\/www.esplac.cat\\\/compartim-experiencies-amb-lentitat-manque-chile\\\/\"]}]},{\"@type\":\"ImageObject\",\"inLanguage\":\"en-US\",\"@id\":\"https:\\\/\\\/www.esplac.cat\\\/compartim-experiencies-amb-lentitat-manque-chile\\\/#primaryimage\",\"url\":\"https:\\\/\\\/www.esplac.cat\\\/wp-content\\\/uploads\\\/2020\\\/11\\\/manquexile.jpg\",\"contentUrl\":\"https:\\\/\\\/www.esplac.cat\\\/wp-content\\\/uploads\\\/2020\\\/11\\\/manquexile.jpg\",\"width\":847,\"height\":350,\"caption\":\"manque chile\"},{\"@type\":\"BreadcrumbList\",\"@id\":\"https:\\\/\\\/www.esplac.cat\\\/compartim-experiencies-amb-lentitat-manque-chile\\\/#breadcrumb\",\"itemListElement\":[{\"@type\":\"ListItem\",\"position\":1,\"name\":\"Inici\",\"item\":\"https:\\\/\\\/www.esplac.cat\\\/en\\\/\"},{\"@type\":\"ListItem\",\"position\":2,\"name\":\"Compartim experi\u00e8ncies amb l&#8217;entitat Manque Chile\"}]},{\"@type\":\"WebSite\",\"@id\":\"https:\\\/\\\/www.esplac.cat\\\/#website\",\"url\":\"https:\\\/\\\/www.esplac.cat\\\/\",\"name\":\"Esplac\",\"description\":\"Esplais Catalans\",\"publisher\":{\"@id\":\"https:\\\/\\\/www.esplac.cat\\\/#organization\"},\"potentialAction\":[{\"@type\":\"SearchAction\",\"target\":{\"@type\":\"EntryPoint\",\"urlTemplate\":\"https:\\\/\\\/www.esplac.cat\\\/?s={search_term_string}\"},\"query-input\":{\"@type\":\"PropertyValueSpecification\",\"valueRequired\":true,\"valueName\":\"search_term_string\"}}],\"inLanguage\":\"en-US\"},{\"@type\":\"Organization\",\"@id\":\"https:\\\/\\\/www.esplac.cat\\\/#organization\",\"name\":\"Esplac\",\"url\":\"https:\\\/\\\/www.esplac.cat\\\/\",\"logo\":{\"@type\":\"ImageObject\",\"inLanguage\":\"en-US\",\"@id\":\"https:\\\/\\\/www.esplac.cat\\\/#\\\/schema\\\/logo\\\/image\\\/\",\"url\":\"https:\\\/\\\/www.esplac.cat\\\/wp-content\\\/uploads\\\/2019\\\/08\\\/logox2.png\",\"contentUrl\":\"https:\\\/\\\/www.esplac.cat\\\/wp-content\\\/uploads\\\/2019\\\/08\\\/logox2.png\",\"width\":600,\"height\":295,\"caption\":\"Esplac\"},\"image\":{\"@id\":\"https:\\\/\\\/www.esplac.cat\\\/#\\\/schema\\\/logo\\\/image\\\/\"}},{\"@type\":\"Person\",\"@id\":\"https:\\\/\\\/www.esplac.cat\\\/#\\\/schema\\\/person\\\/908383cf240be18b68f8855d0583faca\",\"name\":\"Comunicaci\u00f3 Esplac\",\"image\":{\"@type\":\"ImageObject\",\"inLanguage\":\"en-US\",\"@id\":\"https:\\\/\\\/secure.gravatar.com\\\/avatar\\\/7a4cf8feb412a76ea4a740ca02d95b06b2907b5a6c648c2dd0a1082a093c3141?s=96&d=mm&r=g\",\"url\":\"https:\\\/\\\/secure.gravatar.com\\\/avatar\\\/7a4cf8feb412a76ea4a740ca02d95b06b2907b5a6c648c2dd0a1082a093c3141?s=96&d=mm&r=g\",\"contentUrl\":\"https:\\\/\\\/secure.gravatar.com\\\/avatar\\\/7a4cf8feb412a76ea4a740ca02d95b06b2907b5a6c648c2dd0a1082a093c3141?s=96&d=mm&r=g\",\"caption\":\"Comunicaci\u00f3 Esplac\"}}]}<\/script>\n<!-- \/ Yoast SEO plugin. -->","yoast_head_json":{"title":"Compartim experi\u00e8ncies amb l'entitat Manque Chile - Esplac","description":"Nova oportunitat internacional. Posem en contacte infants i joves d'Esplac i l'entitat xilena Manque Chile!\u00a0","robots":{"index":"index","follow":"follow","max-snippet":"max-snippet:-1","max-image-preview":"max-image-preview:large","max-video-preview":"max-video-preview:-1"},"canonical":"https:\/\/www.esplac.cat\/compartim-experiencies-amb-lentitat-manque-chile\/","og_locale":"en_US","og_type":"article","og_title":"Compartim experi\u00e8ncies amb l'entitat Manque Chile - Esplac","og_description":"Nova oportunitat internacional. Posem en contacte infants i joves d'Esplac i l'entitat xilena Manque Chile!\u00a0","og_url":"https:\/\/www.esplac.cat\/compartim-experiencies-amb-lentitat-manque-chile\/","og_site_name":"Esplac","article_published_time":"2020-11-11T11:16:39+00:00","og_image":[{"width":847,"height":350,"url":"https:\/\/www.esplac.cat\/wp-content\/uploads\/2020\/11\/manquexile.jpg","type":"image\/jpeg"}],"author":"Comunicaci\u00f3 Esplac","twitter_card":"summary_large_image","twitter_misc":{"Written by":"Comunicaci\u00f3 Esplac","Est. reading time":"3 minutes"},"schema":{"@context":"https:\/\/schema.org","@graph":[{"@type":"Article","@id":"https:\/\/www.esplac.cat\/compartim-experiencies-amb-lentitat-manque-chile\/#article","isPartOf":{"@id":"https:\/\/www.esplac.cat\/compartim-experiencies-amb-lentitat-manque-chile\/"},"author":{"name":"Comunicaci\u00f3 Esplac","@id":"https:\/\/www.esplac.cat\/#\/schema\/person\/908383cf240be18b68f8855d0583faca"},"headline":"Compartim experi\u00e8ncies amb l&#8217;entitat Manque Chile","datePublished":"2020-11-11T11:16:39+00:00","mainEntityOfPage":{"@id":"https:\/\/www.esplac.cat\/compartim-experiencies-amb-lentitat-manque-chile\/"},"wordCount":566,"publisher":{"@id":"https:\/\/www.esplac.cat\/#organization"},"image":{"@id":"https:\/\/www.esplac.cat\/compartim-experiencies-amb-lentitat-manque-chile\/#primaryimage"},"thumbnailUrl":"https:\/\/www.esplac.cat\/wp-content\/uploads\/2020\/11\/manquexile.jpg","articleSection":["Esplac al m\u00f3n"],"inLanguage":"en-US"},{"@type":"WebPage","@id":"https:\/\/www.esplac.cat\/compartim-experiencies-amb-lentitat-manque-chile\/","url":"https:\/\/www.esplac.cat\/compartim-experiencies-amb-lentitat-manque-chile\/","name":"Compartim experi\u00e8ncies amb l'entitat Manque Chile - Esplac","isPartOf":{"@id":"https:\/\/www.esplac.cat\/#website"},"primaryImageOfPage":{"@id":"https:\/\/www.esplac.cat\/compartim-experiencies-amb-lentitat-manque-chile\/#primaryimage"},"image":{"@id":"https:\/\/www.esplac.cat\/compartim-experiencies-amb-lentitat-manque-chile\/#primaryimage"},"thumbnailUrl":"https:\/\/www.esplac.cat\/wp-content\/uploads\/2020\/11\/manquexile.jpg","datePublished":"2020-11-11T11:16:39+00:00","description":"Nova oportunitat internacional. Posem en contacte infants i joves d'Esplac i l'entitat xilena Manque Chile!\u00a0","breadcrumb":{"@id":"https:\/\/www.esplac.cat\/compartim-experiencies-amb-lentitat-manque-chile\/#breadcrumb"},"inLanguage":"en-US","potentialAction":[{"@type":"ReadAction","target":["https:\/\/www.esplac.cat\/compartim-experiencies-amb-lentitat-manque-chile\/"]}]},{"@type":"ImageObject","inLanguage":"en-US","@id":"https:\/\/www.esplac.cat\/compartim-experiencies-amb-lentitat-manque-chile\/#primaryimage","url":"https:\/\/www.esplac.cat\/wp-content\/uploads\/2020\/11\/manquexile.jpg","contentUrl":"https:\/\/www.esplac.cat\/wp-content\/uploads\/2020\/11\/manquexile.jpg","width":847,"height":350,"caption":"manque chile"},{"@type":"BreadcrumbList","@id":"https:\/\/www.esplac.cat\/compartim-experiencies-amb-lentitat-manque-chile\/#breadcrumb","itemListElement":[{"@type":"ListItem","position":1,"name":"Inici","item":"https:\/\/www.esplac.cat\/en\/"},{"@type":"ListItem","position":2,"name":"Compartim experi\u00e8ncies amb l&#8217;entitat Manque Chile"}]},{"@type":"WebSite","@id":"https:\/\/www.esplac.cat\/#website","url":"https:\/\/www.esplac.cat\/","name":"Esplac","description":"Esplais Catalans","publisher":{"@id":"https:\/\/www.esplac.cat\/#organization"},"potentialAction":[{"@type":"SearchAction","target":{"@type":"EntryPoint","urlTemplate":"https:\/\/www.esplac.cat\/?s={search_term_string}"},"query-input":{"@type":"PropertyValueSpecification","valueRequired":true,"valueName":"search_term_string"}}],"inLanguage":"en-US"},{"@type":"Organization","@id":"https:\/\/www.esplac.cat\/#organization","name":"Esplac","url":"https:\/\/www.esplac.cat\/","logo":{"@type":"ImageObject","inLanguage":"en-US","@id":"https:\/\/www.esplac.cat\/#\/schema\/logo\/image\/","url":"https:\/\/www.esplac.cat\/wp-content\/uploads\/2019\/08\/logox2.png","contentUrl":"https:\/\/www.esplac.cat\/wp-content\/uploads\/2019\/08\/logox2.png","width":600,"height":295,"caption":"Esplac"},"image":{"@id":"https:\/\/www.esplac.cat\/#\/schema\/logo\/image\/"}},{"@type":"Person","@id":"https:\/\/www.esplac.cat\/#\/schema\/person\/908383cf240be18b68f8855d0583faca","name":"Comunicaci\u00f3 Esplac","image":{"@type":"ImageObject","inLanguage":"en-US","@id":"https:\/\/secure.gravatar.com\/avatar\/7a4cf8feb412a76ea4a740ca02d95b06b2907b5a6c648c2dd0a1082a093c3141?s=96&d=mm&r=g","url":"https:\/\/secure.gravatar.com\/avatar\/7a4cf8feb412a76ea4a740ca02d95b06b2907b5a6c648c2dd0a1082a093c3141?s=96&d=mm&r=g","contentUrl":"https:\/\/secure.gravatar.com\/avatar\/7a4cf8feb412a76ea4a740ca02d95b06b2907b5a6c648c2dd0a1082a093c3141?s=96&d=mm&r=g","caption":"Comunicaci\u00f3 Esplac"}}]}},"_links":{"self":[{"href":"https:\/\/www.esplac.cat\/en\/wp-json\/wp\/v2\/posts\/33259","targetHints":{"allow":["GET"]}}],"collection":[{"href":"https:\/\/www.esplac.cat\/en\/wp-json\/wp\/v2\/posts"}],"about":[{"href":"https:\/\/www.esplac.cat\/en\/wp-json\/wp\/v2\/types\/post"}],"author":[{"embeddable":true,"href":"https:\/\/www.esplac.cat\/en\/wp-json\/wp\/v2\/users\/3"}],"replies":[{"embeddable":true,"href":"https:\/\/www.esplac.cat\/en\/wp-json\/wp\/v2\/comments?post=33259"}],"version-history":[{"count":0,"href":"https:\/\/www.esplac.cat\/en\/wp-json\/wp\/v2\/posts\/33259\/revisions"}],"wp:featuredmedia":[{"embeddable":true,"href":"https:\/\/www.esplac.cat\/en\/wp-json\/wp\/v2\/media\/33262"}],"wp:attachment":[{"href":"https:\/\/www.esplac.cat\/en\/wp-json\/wp\/v2\/media?parent=33259"}],"wp:term":[{"taxonomy":"category","embeddable":true,"href":"https:\/\/www.esplac.cat\/en\/wp-json\/wp\/v2\/categories?post=33259"},{"taxonomy":"post_tag","embeddable":true,"href":"https:\/\/www.esplac.cat\/en\/wp-json\/wp\/v2\/tags?post=33259"}],"curies":[{"name":"wp","href":"https:\/\/api.w.org\/{rel}","templated":true}]}}