{"id":33423,"date":"2020-11-20T17:15:46","date_gmt":"2020-11-20T16:15:46","guid":{"rendered":"https:\/\/www.esplac.cat\/?p=33423"},"modified":"2020-11-23T10:20:55","modified_gmt":"2020-11-23T09:20:55","slug":"drets_infants_2020","status":"publish","type":"post","link":"https:\/\/www.esplac.cat\/en\/drets_infants_2020\/","title":{"rendered":"\u201cTorneu-nos la veu!\u201d Aix\u00ed reivindiquen els infants la necessitat de ser escoltats per part de la societat adulta"},"content":{"rendered":"<h6 dir=\"ltr\"><b><i><span style=\"font-family: arial, sans-serif;\">Infants i joves d&#8217;Esplais Catalans reivindiquen, en motiu de la Diada Universal dels Drets dels Infants, ser escoltats i tenir un paper actiu en la presa de decisions que els afecten de manera directa en aquesta pand\u00e8mia<\/span><\/i><\/b><\/h6>\n<p dir=\"ltr\"><span style=\"color: #000000; font-family: arial, sans-serif;\">El 20 de novembre de 1989 les Nacions Unides van aprovar la Convenci\u00f3 sobre els Drets de l\u2019Infant com a complement a la Declaraci\u00f3 Universal dels Drets Humans, donant aix\u00ed un protagonisme espec\u00edfic a les nenes i els nens, que sovint pateixen greus vulneracions dels seus drets com a ciutadanes i ciutadans. <b>Avui, 20 de novembre de 2020, els infants i joves dels esplais d\u2019Esplac tenen m\u00e9s present que mai el significat d\u2019aquesta data<\/b>; aprofiten per reivindicar aquests drets, promocionar-los, i difondre&#8217;ls entre el conjunt de la societat.\u00a0<\/span><\/p>\n<p dir=\"ltr\"><span style=\"color: #000000; font-family: arial, sans-serif;\">\u00c9s per aix\u00f2 que <b>estrenen avui una campanya. <\/b>Una acci\u00f3\u00a0en la que pretenen posar de manifest la necessitat que els seus drets siguin tinguts en compte, igual que es fa amb tots els altres col\u00b7lectius. Demanen que les noves normatives i regulacions que s\u2019incorporaran al llarg de la \u201cdesescalada\u201d es revisin tamb\u00e9 des d\u2019una <b>perspectiva de la inf\u00e0ncia i no nom\u00e9s des de les necessitats i visi\u00f3 dels adults<\/b>.<\/span><\/p>\n<p dir=\"ltr\"><span style=\"color: #000000; font-family: arial, sans-serif;\">La campanya consisteix en la publicaci\u00f3 per part dels infants i joves, a les seves xarxes socials personals, de v\u00eddeos on apareixen parlant a c\u00e0mera, per\u00f2 sense volum. Seguidament, redirigeixen els seus contactes a la p\u00e0gina d\u2019Instagram @tornamlaveu, creada per l\u2019ocasi\u00f3, on <b>s\u2019uneixen les reivindicacions de tots aquests infants en una sola plataforma<\/b>.\u00a0<\/span><\/p>\n<p dir=\"ltr\"><span style=\"color: #000000; font-family: arial, sans-serif;\">El primer pas per fer arribar la seva veu a la resta de la societat, diuen, \u00e9s que les persones adultes els i les escoltin. Per aix\u00f2, animen a tothom a escoltar, en els v\u00eddeos que han penjat, quins s\u00f3n els seus reclams, necessitats, desitjos, preocupacions i propostes.<\/span><\/p>\n<p dir=\"ltr\"><span style=\"color: #000000; font-family: arial, sans-serif;\">Us convidem a totes i tots a fer-hi un cop d\u2019ull, tant a la <b><a href=\"https:\/\/instagram.com\/tornamlaveu\" target=\"_blank\" rel=\"noopener noreferrer\" data-saferedirecturl=\"https:\/\/www.google.com\/url?q=https:\/\/instagram.com\/tornamlaveu&amp;source=gmail&amp;ust=1605974708554000&amp;usg=AOvVaw18XtILyUs4xZVs2fyuwJB8\"><span style=\"color: #f69d0b;\">p\u00e0gina d\u2019Instagram<\/span><\/a><\/b> com a la <span style=\"color: #f69d0b;\"><a style=\"color: #f69d0b;\" href=\"https:\/\/www.esplac.cat\/tornamlaveu\" target=\"_blank\" rel=\"noopener noreferrer\" data-saferedirecturl=\"https:\/\/www.google.com\/url?q=https:\/\/www.esplac.cat\/tornamlaveu&amp;source=gmail&amp;ust=1605974708554000&amp;usg=AOvVaw32qo0Z7VA-2zUamCt-ECaf\"><b>p\u00e0gina web<\/b><\/a> <\/span>que han habilitat per aquelles persones que no tenen xarxes socials.\u00a0 <\/span><\/p>\n","protected":false},"excerpt":{"rendered":"<p>Infants i joves d&#8217;Esplais Catalans reivindiquen, en motiu de la [&hellip;]<\/p>\n","protected":false},"author":3,"featured_media":33424,"comment_status":"closed","ping_status":"closed","sticky":false,"template":"","format":"standard","meta":{"om_disable_all_campaigns":false,"_monsterinsights_skip_tracking":false,"_monsterinsights_sitenote_active":false,"_monsterinsights_sitenote_note":"","_monsterinsights_sitenote_category":0,"_uf_show_specific_survey":0,"_uf_disable_surveys":false,"footnotes":""},"categories":[1135],"tags":[],"class_list":["post-33423","post","type-post","status-publish","format-standard","has-post-thumbnail","hentry","category-20-n-drets-dels-infants"],"yoast_head":"<!-- This site is optimized with the Yoast SEO plugin v27.4 - https:\/\/yoast.com\/product\/yoast-seo-wordpress\/ -->\n<title>\u201cTorneu-nos la veu!\u201d Aix\u00ed reivindiquen els infants la necessitat de ser escoltats per part de la societat adulta - Esplac<\/title>\n<meta name=\"description\" content=\"Infants i joves d&#039;Esplais Catalans reivindiquen, en motiu de la Diada Universal dels Drets dels Infants, ser escoltats i tenir un paper actiu en la presa de decisions que els afecten de manera directa en aquesta pand\u00e8mia\" \/>\n<meta name=\"robots\" content=\"index, follow, max-snippet:-1, max-image-preview:large, max-video-preview:-1\" \/>\n<link rel=\"canonical\" href=\"https:\/\/www.esplac.cat\/es\/drets_infants_2020\/\" \/>\n<meta property=\"og:locale\" content=\"en_US\" \/>\n<meta property=\"og:type\" content=\"article\" \/>\n<meta property=\"og:title\" content=\"\u201cTorneu-nos la veu!\u201d Aix\u00ed reivindiquen els infants la necessitat de ser escoltats per part de la societat adulta - Esplac\" \/>\n<meta property=\"og:description\" content=\"Infants i joves d&#039;Esplais Catalans reivindiquen, en motiu de la Diada Universal dels Drets dels Infants, ser escoltats i tenir un paper actiu en la presa de decisions que els afecten de manera directa en aquesta pand\u00e8mia\" \/>\n<meta property=\"og:url\" content=\"https:\/\/www.esplac.cat\/es\/drets_infants_2020\/\" \/>\n<meta property=\"og:site_name\" content=\"Esplac\" \/>\n<meta property=\"article:published_time\" content=\"2020-11-20T16:15:46+00:00\" \/>\n<meta property=\"article:modified_time\" content=\"2020-11-23T09:20:55+00:00\" \/>\n<meta property=\"og:image\" content=\"https:\/\/www.esplac.cat\/wp-content\/uploads\/2020\/11\/portades-2.jpg\" \/>\n\t<meta property=\"og:image:width\" content=\"1694\" \/>\n\t<meta property=\"og:image:height\" content=\"700\" \/>\n\t<meta property=\"og:image:type\" content=\"image\/jpeg\" \/>\n<meta name=\"author\" content=\"Comunicaci\u00f3 Esplac\" \/>\n<meta name=\"twitter:card\" content=\"summary_large_image\" \/>\n<meta name=\"twitter:label1\" content=\"Written by\" \/>\n\t<meta name=\"twitter:data1\" content=\"Comunicaci\u00f3 Esplac\" \/>\n\t<meta name=\"twitter:label2\" content=\"Est. reading time\" \/>\n\t<meta name=\"twitter:data2\" content=\"2 minutes\" \/>\n<script type=\"application\/ld+json\" class=\"yoast-schema-graph\">{\"@context\":\"https:\\\/\\\/schema.org\",\"@graph\":[{\"@type\":\"Article\",\"@id\":\"https:\\\/\\\/www.esplac.cat\\\/es\\\/drets_infants_2020\\\/#article\",\"isPartOf\":{\"@id\":\"https:\\\/\\\/www.esplac.cat\\\/es\\\/drets_infants_2020\\\/\"},\"author\":{\"name\":\"Comunicaci\u00f3 Esplac\",\"@id\":\"https:\\\/\\\/www.esplac.cat\\\/#\\\/schema\\\/person\\\/908383cf240be18b68f8855d0583faca\"},\"headline\":\"\u201cTorneu-nos la veu!\u201d Aix\u00ed reivindiquen els infants la necessitat de ser escoltats per part de la societat adulta\",\"datePublished\":\"2020-11-20T16:15:46+00:00\",\"dateModified\":\"2020-11-23T09:20:55+00:00\",\"mainEntityOfPage\":{\"@id\":\"https:\\\/\\\/www.esplac.cat\\\/es\\\/drets_infants_2020\\\/\"},\"wordCount\":367,\"publisher\":{\"@id\":\"https:\\\/\\\/www.esplac.cat\\\/#organization\"},\"image\":{\"@id\":\"https:\\\/\\\/www.esplac.cat\\\/es\\\/drets_infants_2020\\\/#primaryimage\"},\"thumbnailUrl\":\"https:\\\/\\\/www.esplac.cat\\\/wp-content\\\/uploads\\\/2020\\\/11\\\/portades-2.jpg\",\"articleSection\":[\"20-N: Drets dels infants\"],\"inLanguage\":\"en-US\"},{\"@type\":\"WebPage\",\"@id\":\"https:\\\/\\\/www.esplac.cat\\\/es\\\/drets_infants_2020\\\/\",\"url\":\"https:\\\/\\\/www.esplac.cat\\\/es\\\/drets_infants_2020\\\/\",\"name\":\"\u201cTorneu-nos la veu!\u201d Aix\u00ed reivindiquen els infants la necessitat de ser escoltats per part de la societat adulta - Esplac\",\"isPartOf\":{\"@id\":\"https:\\\/\\\/www.esplac.cat\\\/#website\"},\"primaryImageOfPage\":{\"@id\":\"https:\\\/\\\/www.esplac.cat\\\/es\\\/drets_infants_2020\\\/#primaryimage\"},\"image\":{\"@id\":\"https:\\\/\\\/www.esplac.cat\\\/es\\\/drets_infants_2020\\\/#primaryimage\"},\"thumbnailUrl\":\"https:\\\/\\\/www.esplac.cat\\\/wp-content\\\/uploads\\\/2020\\\/11\\\/portades-2.jpg\",\"datePublished\":\"2020-11-20T16:15:46+00:00\",\"dateModified\":\"2020-11-23T09:20:55+00:00\",\"description\":\"Infants i joves d'Esplais Catalans reivindiquen, en motiu de la Diada Universal dels Drets dels Infants, ser escoltats i tenir un paper actiu en la presa de decisions que els afecten de manera directa en aquesta pand\u00e8mia\",\"breadcrumb\":{\"@id\":\"https:\\\/\\\/www.esplac.cat\\\/es\\\/drets_infants_2020\\\/#breadcrumb\"},\"inLanguage\":\"en-US\",\"potentialAction\":[{\"@type\":\"ReadAction\",\"target\":[\"https:\\\/\\\/www.esplac.cat\\\/es\\\/drets_infants_2020\\\/\"]}]},{\"@type\":\"ImageObject\",\"inLanguage\":\"en-US\",\"@id\":\"https:\\\/\\\/www.esplac.cat\\\/es\\\/drets_infants_2020\\\/#primaryimage\",\"url\":\"https:\\\/\\\/www.esplac.cat\\\/wp-content\\\/uploads\\\/2020\\\/11\\\/portades-2.jpg\",\"contentUrl\":\"https:\\\/\\\/www.esplac.cat\\\/wp-content\\\/uploads\\\/2020\\\/11\\\/portades-2.jpg\",\"width\":1694,\"height\":700,\"caption\":\"Infants\"},{\"@type\":\"BreadcrumbList\",\"@id\":\"https:\\\/\\\/www.esplac.cat\\\/es\\\/drets_infants_2020\\\/#breadcrumb\",\"itemListElement\":[{\"@type\":\"ListItem\",\"position\":1,\"name\":\"Inici\",\"item\":\"https:\\\/\\\/www.esplac.cat\\\/en\\\/\"},{\"@type\":\"ListItem\",\"position\":2,\"name\":\"\u201cTorneu-nos la veu!\u201d Aix\u00ed reivindiquen els infants la necessitat de ser escoltats per part de la societat adulta\"}]},{\"@type\":\"WebSite\",\"@id\":\"https:\\\/\\\/www.esplac.cat\\\/#website\",\"url\":\"https:\\\/\\\/www.esplac.cat\\\/\",\"name\":\"Esplac\",\"description\":\"Esplais Catalans\",\"publisher\":{\"@id\":\"https:\\\/\\\/www.esplac.cat\\\/#organization\"},\"potentialAction\":[{\"@type\":\"SearchAction\",\"target\":{\"@type\":\"EntryPoint\",\"urlTemplate\":\"https:\\\/\\\/www.esplac.cat\\\/?s={search_term_string}\"},\"query-input\":{\"@type\":\"PropertyValueSpecification\",\"valueRequired\":true,\"valueName\":\"search_term_string\"}}],\"inLanguage\":\"en-US\"},{\"@type\":\"Organization\",\"@id\":\"https:\\\/\\\/www.esplac.cat\\\/#organization\",\"name\":\"Esplac\",\"url\":\"https:\\\/\\\/www.esplac.cat\\\/\",\"logo\":{\"@type\":\"ImageObject\",\"inLanguage\":\"en-US\",\"@id\":\"https:\\\/\\\/www.esplac.cat\\\/#\\\/schema\\\/logo\\\/image\\\/\",\"url\":\"https:\\\/\\\/www.esplac.cat\\\/wp-content\\\/uploads\\\/2019\\\/08\\\/logox2.png\",\"contentUrl\":\"https:\\\/\\\/www.esplac.cat\\\/wp-content\\\/uploads\\\/2019\\\/08\\\/logox2.png\",\"width\":600,\"height\":295,\"caption\":\"Esplac\"},\"image\":{\"@id\":\"https:\\\/\\\/www.esplac.cat\\\/#\\\/schema\\\/logo\\\/image\\\/\"}},{\"@type\":\"Person\",\"@id\":\"https:\\\/\\\/www.esplac.cat\\\/#\\\/schema\\\/person\\\/908383cf240be18b68f8855d0583faca\",\"name\":\"Comunicaci\u00f3 Esplac\",\"image\":{\"@type\":\"ImageObject\",\"inLanguage\":\"en-US\",\"@id\":\"https:\\\/\\\/secure.gravatar.com\\\/avatar\\\/7a4cf8feb412a76ea4a740ca02d95b06b2907b5a6c648c2dd0a1082a093c3141?s=96&d=mm&r=g\",\"url\":\"https:\\\/\\\/secure.gravatar.com\\\/avatar\\\/7a4cf8feb412a76ea4a740ca02d95b06b2907b5a6c648c2dd0a1082a093c3141?s=96&d=mm&r=g\",\"contentUrl\":\"https:\\\/\\\/secure.gravatar.com\\\/avatar\\\/7a4cf8feb412a76ea4a740ca02d95b06b2907b5a6c648c2dd0a1082a093c3141?s=96&d=mm&r=g\",\"caption\":\"Comunicaci\u00f3 Esplac\"}}]}<\/script>\n<!-- \/ Yoast SEO plugin. -->","yoast_head_json":{"title":"\u201cTorneu-nos la veu!\u201d Aix\u00ed reivindiquen els infants la necessitat de ser escoltats per part de la societat adulta - Esplac","description":"Infants i joves d'Esplais Catalans reivindiquen, en motiu de la Diada Universal dels Drets dels Infants, ser escoltats i tenir un paper actiu en la presa de decisions que els afecten de manera directa en aquesta pand\u00e8mia","robots":{"index":"index","follow":"follow","max-snippet":"max-snippet:-1","max-image-preview":"max-image-preview:large","max-video-preview":"max-video-preview:-1"},"canonical":"https:\/\/www.esplac.cat\/es\/drets_infants_2020\/","og_locale":"en_US","og_type":"article","og_title":"\u201cTorneu-nos la veu!\u201d Aix\u00ed reivindiquen els infants la necessitat de ser escoltats per part de la societat adulta - Esplac","og_description":"Infants i joves d'Esplais Catalans reivindiquen, en motiu de la Diada Universal dels Drets dels Infants, ser escoltats i tenir un paper actiu en la presa de decisions que els afecten de manera directa en aquesta pand\u00e8mia","og_url":"https:\/\/www.esplac.cat\/es\/drets_infants_2020\/","og_site_name":"Esplac","article_published_time":"2020-11-20T16:15:46+00:00","article_modified_time":"2020-11-23T09:20:55+00:00","og_image":[{"width":1694,"height":700,"url":"https:\/\/www.esplac.cat\/wp-content\/uploads\/2020\/11\/portades-2.jpg","type":"image\/jpeg"}],"author":"Comunicaci\u00f3 Esplac","twitter_card":"summary_large_image","twitter_misc":{"Written by":"Comunicaci\u00f3 Esplac","Est. reading time":"2 minutes"},"schema":{"@context":"https:\/\/schema.org","@graph":[{"@type":"Article","@id":"https:\/\/www.esplac.cat\/es\/drets_infants_2020\/#article","isPartOf":{"@id":"https:\/\/www.esplac.cat\/es\/drets_infants_2020\/"},"author":{"name":"Comunicaci\u00f3 Esplac","@id":"https:\/\/www.esplac.cat\/#\/schema\/person\/908383cf240be18b68f8855d0583faca"},"headline":"\u201cTorneu-nos la veu!\u201d Aix\u00ed reivindiquen els infants la necessitat de ser escoltats per part de la societat adulta","datePublished":"2020-11-20T16:15:46+00:00","dateModified":"2020-11-23T09:20:55+00:00","mainEntityOfPage":{"@id":"https:\/\/www.esplac.cat\/es\/drets_infants_2020\/"},"wordCount":367,"publisher":{"@id":"https:\/\/www.esplac.cat\/#organization"},"image":{"@id":"https:\/\/www.esplac.cat\/es\/drets_infants_2020\/#primaryimage"},"thumbnailUrl":"https:\/\/www.esplac.cat\/wp-content\/uploads\/2020\/11\/portades-2.jpg","articleSection":["20-N: Drets dels infants"],"inLanguage":"en-US"},{"@type":"WebPage","@id":"https:\/\/www.esplac.cat\/es\/drets_infants_2020\/","url":"https:\/\/www.esplac.cat\/es\/drets_infants_2020\/","name":"\u201cTorneu-nos la veu!\u201d Aix\u00ed reivindiquen els infants la necessitat de ser escoltats per part de la societat adulta - Esplac","isPartOf":{"@id":"https:\/\/www.esplac.cat\/#website"},"primaryImageOfPage":{"@id":"https:\/\/www.esplac.cat\/es\/drets_infants_2020\/#primaryimage"},"image":{"@id":"https:\/\/www.esplac.cat\/es\/drets_infants_2020\/#primaryimage"},"thumbnailUrl":"https:\/\/www.esplac.cat\/wp-content\/uploads\/2020\/11\/portades-2.jpg","datePublished":"2020-11-20T16:15:46+00:00","dateModified":"2020-11-23T09:20:55+00:00","description":"Infants i joves d'Esplais Catalans reivindiquen, en motiu de la Diada Universal dels Drets dels Infants, ser escoltats i tenir un paper actiu en la presa de decisions que els afecten de manera directa en aquesta pand\u00e8mia","breadcrumb":{"@id":"https:\/\/www.esplac.cat\/es\/drets_infants_2020\/#breadcrumb"},"inLanguage":"en-US","potentialAction":[{"@type":"ReadAction","target":["https:\/\/www.esplac.cat\/es\/drets_infants_2020\/"]}]},{"@type":"ImageObject","inLanguage":"en-US","@id":"https:\/\/www.esplac.cat\/es\/drets_infants_2020\/#primaryimage","url":"https:\/\/www.esplac.cat\/wp-content\/uploads\/2020\/11\/portades-2.jpg","contentUrl":"https:\/\/www.esplac.cat\/wp-content\/uploads\/2020\/11\/portades-2.jpg","width":1694,"height":700,"caption":"Infants"},{"@type":"BreadcrumbList","@id":"https:\/\/www.esplac.cat\/es\/drets_infants_2020\/#breadcrumb","itemListElement":[{"@type":"ListItem","position":1,"name":"Inici","item":"https:\/\/www.esplac.cat\/en\/"},{"@type":"ListItem","position":2,"name":"\u201cTorneu-nos la veu!\u201d Aix\u00ed reivindiquen els infants la necessitat de ser escoltats per part de la societat adulta"}]},{"@type":"WebSite","@id":"https:\/\/www.esplac.cat\/#website","url":"https:\/\/www.esplac.cat\/","name":"Esplac","description":"Esplais Catalans","publisher":{"@id":"https:\/\/www.esplac.cat\/#organization"},"potentialAction":[{"@type":"SearchAction","target":{"@type":"EntryPoint","urlTemplate":"https:\/\/www.esplac.cat\/?s={search_term_string}"},"query-input":{"@type":"PropertyValueSpecification","valueRequired":true,"valueName":"search_term_string"}}],"inLanguage":"en-US"},{"@type":"Organization","@id":"https:\/\/www.esplac.cat\/#organization","name":"Esplac","url":"https:\/\/www.esplac.cat\/","logo":{"@type":"ImageObject","inLanguage":"en-US","@id":"https:\/\/www.esplac.cat\/#\/schema\/logo\/image\/","url":"https:\/\/www.esplac.cat\/wp-content\/uploads\/2019\/08\/logox2.png","contentUrl":"https:\/\/www.esplac.cat\/wp-content\/uploads\/2019\/08\/logox2.png","width":600,"height":295,"caption":"Esplac"},"image":{"@id":"https:\/\/www.esplac.cat\/#\/schema\/logo\/image\/"}},{"@type":"Person","@id":"https:\/\/www.esplac.cat\/#\/schema\/person\/908383cf240be18b68f8855d0583faca","name":"Comunicaci\u00f3 Esplac","image":{"@type":"ImageObject","inLanguage":"en-US","@id":"https:\/\/secure.gravatar.com\/avatar\/7a4cf8feb412a76ea4a740ca02d95b06b2907b5a6c648c2dd0a1082a093c3141?s=96&d=mm&r=g","url":"https:\/\/secure.gravatar.com\/avatar\/7a4cf8feb412a76ea4a740ca02d95b06b2907b5a6c648c2dd0a1082a093c3141?s=96&d=mm&r=g","contentUrl":"https:\/\/secure.gravatar.com\/avatar\/7a4cf8feb412a76ea4a740ca02d95b06b2907b5a6c648c2dd0a1082a093c3141?s=96&d=mm&r=g","caption":"Comunicaci\u00f3 Esplac"}}]}},"_links":{"self":[{"href":"https:\/\/www.esplac.cat\/en\/wp-json\/wp\/v2\/posts\/33423","targetHints":{"allow":["GET"]}}],"collection":[{"href":"https:\/\/www.esplac.cat\/en\/wp-json\/wp\/v2\/posts"}],"about":[{"href":"https:\/\/www.esplac.cat\/en\/wp-json\/wp\/v2\/types\/post"}],"author":[{"embeddable":true,"href":"https:\/\/www.esplac.cat\/en\/wp-json\/wp\/v2\/users\/3"}],"replies":[{"embeddable":true,"href":"https:\/\/www.esplac.cat\/en\/wp-json\/wp\/v2\/comments?post=33423"}],"version-history":[{"count":0,"href":"https:\/\/www.esplac.cat\/en\/wp-json\/wp\/v2\/posts\/33423\/revisions"}],"wp:featuredmedia":[{"embeddable":true,"href":"https:\/\/www.esplac.cat\/en\/wp-json\/wp\/v2\/media\/33424"}],"wp:attachment":[{"href":"https:\/\/www.esplac.cat\/en\/wp-json\/wp\/v2\/media?parent=33423"}],"wp:term":[{"taxonomy":"category","embeddable":true,"href":"https:\/\/www.esplac.cat\/en\/wp-json\/wp\/v2\/categories?post=33423"},{"taxonomy":"post_tag","embeddable":true,"href":"https:\/\/www.esplac.cat\/en\/wp-json\/wp\/v2\/tags?post=33423"}],"curies":[{"name":"wp","href":"https:\/\/api.w.org\/{rel}","templated":true}]}}