{"id":33621,"date":"2020-12-03T11:37:14","date_gmt":"2020-12-03T10:37:14","guid":{"rendered":"https:\/\/www.esplac.cat\/?p=33621"},"modified":"2020-12-03T11:38:31","modified_gmt":"2020-12-03T10:38:31","slug":"obertes-7-places-winter-school-2020-2021","status":"publish","type":"post","link":"https:\/\/www.esplac.cat\/en\/obertes-7-places-winter-school-2020-2021\/","title":{"rendered":"Obertes 7 places per a la Winter School 2020-2021"},"content":{"rendered":"<h6><strong>Sota el lema &#8220;Universal Human Rights \u2013 Youth Participation and Care&#8221; la Winter School s\u2019adapta al format en l\u00ednia per tal de donar resposta als reptes de la pand\u00e8mia<\/strong><\/h6>\n<p>La pand\u00e8mia del coronavirus ha obligat a quedar-se a casa a infants, adolescents i joves durant moltes setmanes. Amb el confinament hem vist com s\u2019oblidava i vulnerava la participaci\u00f3 d\u2019infants i joves; no han estat tinguts en compte per la societat de la qual formen part i moltes mancances que ja existien s\u2019han agreujat. La inf\u00e0ncia i adolesc\u00e8ncia rarament s\u00f3n escoltades en els processos de decisi\u00f3: no voten i les seves veus no es tenen en compte.\u00a0\u00c9s per aix\u00f2 que la Winter School d\u2019enguany vol centrar-se en<strong> intercanviar i extreure noves idees per enfortir la participaci\u00f3 infantil i juvenil a les nostres societats.<\/strong><\/p>\n<p>L\u2019equip motor de la formaci\u00f3 ha dissenyat i adaptat completament les formacions per tal que siguin din\u00e0miques i amenes malgrat la virtualitat. Tamb\u00e9 s\u2019han adaptat els horaris per tal que nom\u00e9s ocupin 4 hores al dia.<\/p>\n<p><strong>Dates:<\/strong> 28, 29 de desembre, 4 i 5 de gener<\/p>\n<p><strong>Lloc:\u00a0<\/strong> Online &#8211; organitza el centre <span style=\"color: #ff9900;\"><a style=\"color: #ff9900;\" href=\"https:\/\/www.kurt-loewenstein.de\/de\/englische_seite\/index.html\" target=\"_blank\" rel=\"noopener noreferrer\">Kurt L\u00f6wenstein.<\/a><\/span><\/p>\n<p><strong>Cost:<\/strong> gratu\u00eft.<\/p>\n<p><strong>Comprom\u00eds d\u2019assistir a totes les sessions<\/strong><\/p>\n<p><strong>Idioma de treball:<\/strong> Angl\u00e8s<\/p>\n<p><span style=\"color: #ffffff;\">.<\/span><\/p>\n<h6><strong>Com m\u2019inscric?<\/strong><\/h6>\n<p>T\u2019hem convidat a trav\u00e9s de<span style=\"color: #ff9900;\"><a style=\"color: #ff9900;\" href=\"http:\/\/era.esplac.cat\" target=\"_blank\" rel=\"noopener noreferrer\"> l\u2019Era<\/a><\/span>! (pots trobar-ho a gesti\u00f3 personal\/activitats)<\/p>\n<p><strong>Contacte:<\/strong> \u00a0<a href=\"http:\/\/www.esplac.cat\/internacional\" target=\"_blank\" rel=\"noopener noreferrer\">internacional@esplac.cat<\/a>\u00a0 \/ 933026103 \/ \u00a0j.gerber@kurt-loewenstein.de<\/p>\n<p><strong>M\u00e9s informaci\u00f3 <\/strong>a la seva <span style=\"color: #ff9900;\"><a style=\"color: #ff9900;\" href=\"https:\/\/es-es.facebook.com\/events\/337212180966146\/\" target=\"_blank\" rel=\"noopener noreferrer\">p\u00e0gina de facebook<\/a><\/span><\/p>\n<p>&nbsp;<\/p>\n<h6><strong>Programa<\/strong><\/h6>\n<ul>\n<li><span style=\"text-decoration: underline;\">Dia 1 &#8211; Dilluns 28 de Desembre<\/span><\/li>\n<\/ul>\n<p><strong>16 &#8211; 18h:<\/strong> Kick-off meeting de coneixen\u00e7a<br \/>\n<strong>19 &#8211; 21h:<\/strong> Participaci\u00f3 juvenil a una Revoluci\u00f3 (ABF Belarus)<\/p>\n<ul>\n<li><span style=\"text-decoration: underline;\">Dia 2 &#8211; Dimarts 29 de Desembre<\/span><\/li>\n<\/ul>\n<p><strong>16 &#8211; 18h:<\/strong> Educaci\u00f3, participaci\u00f3 i societats inclusives<br \/>\n<strong>19 &#8211; 21h:<\/strong> Hist\u00f2ries i odi durant la pand\u00e8mia<\/p>\n<ul>\n<li><span style=\"text-decoration: underline;\">Dia 3 &#8211; Dilluns 4 de Gener<\/span><\/li>\n<\/ul>\n<p><strong>16 &#8211; 18h:<\/strong> Privilegis i Allyship en la participaci\u00f3 juvenil<br \/>\n<strong>19 &#8211; 21h:<\/strong> Mercat d\u2019idees &#8211; Taller<\/p>\n<ul>\n<li><span style=\"text-decoration: underline;\">Dia 4 &#8211; Dimarts 5 de Gener<\/span><\/li>\n<\/ul>\n<p><strong>16 &#8211; 18h<\/strong>: Sessi\u00f3 creativa<br \/>\n<strong>19 &#8211; 21h:<\/strong> Tancament \/ Quiz and Party<\/p>\n","protected":false},"excerpt":{"rendered":"<p>Sota el lema &#8220;Universal Human Rights \u2013 Youth Participation and [&hellip;]<\/p>\n","protected":false},"author":3,"featured_media":33627,"comment_status":"closed","ping_status":"closed","sticky":false,"template":"","format":"standard","meta":{"om_disable_all_campaigns":false,"_monsterinsights_skip_tracking":false,"_monsterinsights_sitenote_active":false,"_monsterinsights_sitenote_note":"","_monsterinsights_sitenote_category":0,"_uf_show_specific_survey":0,"_uf_disable_surveys":false,"footnotes":""},"categories":[1112],"tags":[],"class_list":["post-33621","post","type-post","status-publish","format-standard","has-post-thumbnail","hentry","category-esplac-al-mon"],"yoast_head":"<!-- This site is optimized with the Yoast SEO plugin v27.5 - https:\/\/yoast.com\/product\/yoast-seo-wordpress\/ -->\n<title>Obertes 7 places per a la Winter School 2020-2021 - Esplac<\/title>\n<meta name=\"description\" content=\"Sota el lema &quot;Universal Human Rights \u2013 Youth Participation and Care&quot; la Winter School s\u2019adapta al format en l\u00ednia.\" \/>\n<meta name=\"robots\" content=\"index, follow, max-snippet:-1, max-image-preview:large, max-video-preview:-1\" \/>\n<link rel=\"canonical\" href=\"https:\/\/www.esplac.cat\/obertes-7-places-winter-school-2020-2021\/\" \/>\n<meta property=\"og:locale\" content=\"en_US\" \/>\n<meta property=\"og:type\" content=\"article\" \/>\n<meta property=\"og:title\" content=\"Obertes 7 places per a la Winter School 2020-2021 - Esplac\" \/>\n<meta property=\"og:description\" content=\"Sota el lema &quot;Universal Human Rights \u2013 Youth Participation and Care&quot; la Winter School s\u2019adapta al format en l\u00ednia.\" \/>\n<meta property=\"og:url\" content=\"https:\/\/www.esplac.cat\/obertes-7-places-winter-school-2020-2021\/\" \/>\n<meta property=\"og:site_name\" content=\"Esplac\" \/>\n<meta property=\"article:published_time\" content=\"2020-12-03T10:37:14+00:00\" \/>\n<meta property=\"article:modified_time\" content=\"2020-12-03T10:38:31+00:00\" \/>\n<meta property=\"og:image\" content=\"https:\/\/www.esplac.cat\/wp-content\/uploads\/2020\/12\/portades-3.jpg\" \/>\n\t<meta property=\"og:image:width\" content=\"1694\" \/>\n\t<meta property=\"og:image:height\" content=\"700\" \/>\n\t<meta property=\"og:image:type\" content=\"image\/jpeg\" \/>\n<meta name=\"author\" content=\"Comunicaci\u00f3 Esplac\" \/>\n<meta name=\"twitter:card\" content=\"summary_large_image\" \/>\n<meta name=\"twitter:label1\" content=\"Written by\" \/>\n\t<meta name=\"twitter:data1\" content=\"Comunicaci\u00f3 Esplac\" \/>\n\t<meta name=\"twitter:label2\" content=\"Est. reading time\" \/>\n\t<meta name=\"twitter:data2\" content=\"2 minutes\" \/>\n<script type=\"application\/ld+json\" class=\"yoast-schema-graph\">{\"@context\":\"https:\\\/\\\/schema.org\",\"@graph\":[{\"@type\":\"Article\",\"@id\":\"https:\\\/\\\/www.esplac.cat\\\/obertes-7-places-winter-school-2020-2021\\\/#article\",\"isPartOf\":{\"@id\":\"https:\\\/\\\/www.esplac.cat\\\/obertes-7-places-winter-school-2020-2021\\\/\"},\"author\":{\"name\":\"Comunicaci\u00f3 Esplac\",\"@id\":\"https:\\\/\\\/www.esplac.cat\\\/#\\\/schema\\\/person\\\/908383cf240be18b68f8855d0583faca\"},\"headline\":\"Obertes 7 places per a la Winter School 2020-2021\",\"datePublished\":\"2020-12-03T10:37:14+00:00\",\"dateModified\":\"2020-12-03T10:38:31+00:00\",\"mainEntityOfPage\":{\"@id\":\"https:\\\/\\\/www.esplac.cat\\\/obertes-7-places-winter-school-2020-2021\\\/\"},\"wordCount\":338,\"publisher\":{\"@id\":\"https:\\\/\\\/www.esplac.cat\\\/#organization\"},\"image\":{\"@id\":\"https:\\\/\\\/www.esplac.cat\\\/obertes-7-places-winter-school-2020-2021\\\/#primaryimage\"},\"thumbnailUrl\":\"https:\\\/\\\/www.esplac.cat\\\/wp-content\\\/uploads\\\/2020\\\/12\\\/portades-3.jpg\",\"articleSection\":[\"Esplac al m\u00f3n\"],\"inLanguage\":\"en-US\"},{\"@type\":\"WebPage\",\"@id\":\"https:\\\/\\\/www.esplac.cat\\\/obertes-7-places-winter-school-2020-2021\\\/\",\"url\":\"https:\\\/\\\/www.esplac.cat\\\/obertes-7-places-winter-school-2020-2021\\\/\",\"name\":\"Obertes 7 places per a la Winter School 2020-2021 - Esplac\",\"isPartOf\":{\"@id\":\"https:\\\/\\\/www.esplac.cat\\\/#website\"},\"primaryImageOfPage\":{\"@id\":\"https:\\\/\\\/www.esplac.cat\\\/obertes-7-places-winter-school-2020-2021\\\/#primaryimage\"},\"image\":{\"@id\":\"https:\\\/\\\/www.esplac.cat\\\/obertes-7-places-winter-school-2020-2021\\\/#primaryimage\"},\"thumbnailUrl\":\"https:\\\/\\\/www.esplac.cat\\\/wp-content\\\/uploads\\\/2020\\\/12\\\/portades-3.jpg\",\"datePublished\":\"2020-12-03T10:37:14+00:00\",\"dateModified\":\"2020-12-03T10:38:31+00:00\",\"description\":\"Sota el lema \\\"Universal Human Rights \u2013 Youth Participation and Care\\\" la Winter School s\u2019adapta al format en l\u00ednia.\",\"breadcrumb\":{\"@id\":\"https:\\\/\\\/www.esplac.cat\\\/obertes-7-places-winter-school-2020-2021\\\/#breadcrumb\"},\"inLanguage\":\"en-US\",\"potentialAction\":[{\"@type\":\"ReadAction\",\"target\":[\"https:\\\/\\\/www.esplac.cat\\\/obertes-7-places-winter-school-2020-2021\\\/\"]}]},{\"@type\":\"ImageObject\",\"inLanguage\":\"en-US\",\"@id\":\"https:\\\/\\\/www.esplac.cat\\\/obertes-7-places-winter-school-2020-2021\\\/#primaryimage\",\"url\":\"https:\\\/\\\/www.esplac.cat\\\/wp-content\\\/uploads\\\/2020\\\/12\\\/portades-3.jpg\",\"contentUrl\":\"https:\\\/\\\/www.esplac.cat\\\/wp-content\\\/uploads\\\/2020\\\/12\\\/portades-3.jpg\",\"width\":1694,\"height\":700,\"caption\":\"winter school\"},{\"@type\":\"BreadcrumbList\",\"@id\":\"https:\\\/\\\/www.esplac.cat\\\/obertes-7-places-winter-school-2020-2021\\\/#breadcrumb\",\"itemListElement\":[{\"@type\":\"ListItem\",\"position\":1,\"name\":\"Inici\",\"item\":\"https:\\\/\\\/www.esplac.cat\\\/en\\\/\"},{\"@type\":\"ListItem\",\"position\":2,\"name\":\"Obertes 7 places per a la Winter School 2020-2021\"}]},{\"@type\":\"WebSite\",\"@id\":\"https:\\\/\\\/www.esplac.cat\\\/#website\",\"url\":\"https:\\\/\\\/www.esplac.cat\\\/\",\"name\":\"Esplac\",\"description\":\"Esplais Catalans\",\"publisher\":{\"@id\":\"https:\\\/\\\/www.esplac.cat\\\/#organization\"},\"potentialAction\":[{\"@type\":\"SearchAction\",\"target\":{\"@type\":\"EntryPoint\",\"urlTemplate\":\"https:\\\/\\\/www.esplac.cat\\\/?s={search_term_string}\"},\"query-input\":{\"@type\":\"PropertyValueSpecification\",\"valueRequired\":true,\"valueName\":\"search_term_string\"}}],\"inLanguage\":\"en-US\"},{\"@type\":\"Organization\",\"@id\":\"https:\\\/\\\/www.esplac.cat\\\/#organization\",\"name\":\"Esplac\",\"url\":\"https:\\\/\\\/www.esplac.cat\\\/\",\"logo\":{\"@type\":\"ImageObject\",\"inLanguage\":\"en-US\",\"@id\":\"https:\\\/\\\/www.esplac.cat\\\/#\\\/schema\\\/logo\\\/image\\\/\",\"url\":\"https:\\\/\\\/www.esplac.cat\\\/wp-content\\\/uploads\\\/2019\\\/08\\\/logox2.png\",\"contentUrl\":\"https:\\\/\\\/www.esplac.cat\\\/wp-content\\\/uploads\\\/2019\\\/08\\\/logox2.png\",\"width\":600,\"height\":295,\"caption\":\"Esplac\"},\"image\":{\"@id\":\"https:\\\/\\\/www.esplac.cat\\\/#\\\/schema\\\/logo\\\/image\\\/\"}},{\"@type\":\"Person\",\"@id\":\"https:\\\/\\\/www.esplac.cat\\\/#\\\/schema\\\/person\\\/908383cf240be18b68f8855d0583faca\",\"name\":\"Comunicaci\u00f3 Esplac\",\"image\":{\"@type\":\"ImageObject\",\"inLanguage\":\"en-US\",\"@id\":\"https:\\\/\\\/secure.gravatar.com\\\/avatar\\\/7a4cf8feb412a76ea4a740ca02d95b06b2907b5a6c648c2dd0a1082a093c3141?s=96&d=mm&r=g\",\"url\":\"https:\\\/\\\/secure.gravatar.com\\\/avatar\\\/7a4cf8feb412a76ea4a740ca02d95b06b2907b5a6c648c2dd0a1082a093c3141?s=96&d=mm&r=g\",\"contentUrl\":\"https:\\\/\\\/secure.gravatar.com\\\/avatar\\\/7a4cf8feb412a76ea4a740ca02d95b06b2907b5a6c648c2dd0a1082a093c3141?s=96&d=mm&r=g\",\"caption\":\"Comunicaci\u00f3 Esplac\"}}]}<\/script>\n<!-- \/ Yoast SEO plugin. -->","yoast_head_json":{"title":"Obertes 7 places per a la Winter School 2020-2021 - Esplac","description":"Sota el lema \"Universal Human Rights \u2013 Youth Participation and Care\" la Winter School s\u2019adapta al format en l\u00ednia.","robots":{"index":"index","follow":"follow","max-snippet":"max-snippet:-1","max-image-preview":"max-image-preview:large","max-video-preview":"max-video-preview:-1"},"canonical":"https:\/\/www.esplac.cat\/obertes-7-places-winter-school-2020-2021\/","og_locale":"en_US","og_type":"article","og_title":"Obertes 7 places per a la Winter School 2020-2021 - Esplac","og_description":"Sota el lema \"Universal Human Rights \u2013 Youth Participation and Care\" la Winter School s\u2019adapta al format en l\u00ednia.","og_url":"https:\/\/www.esplac.cat\/obertes-7-places-winter-school-2020-2021\/","og_site_name":"Esplac","article_published_time":"2020-12-03T10:37:14+00:00","article_modified_time":"2020-12-03T10:38:31+00:00","og_image":[{"width":1694,"height":700,"url":"https:\/\/www.esplac.cat\/wp-content\/uploads\/2020\/12\/portades-3.jpg","type":"image\/jpeg"}],"author":"Comunicaci\u00f3 Esplac","twitter_card":"summary_large_image","twitter_misc":{"Written by":"Comunicaci\u00f3 Esplac","Est. reading time":"2 minutes"},"schema":{"@context":"https:\/\/schema.org","@graph":[{"@type":"Article","@id":"https:\/\/www.esplac.cat\/obertes-7-places-winter-school-2020-2021\/#article","isPartOf":{"@id":"https:\/\/www.esplac.cat\/obertes-7-places-winter-school-2020-2021\/"},"author":{"name":"Comunicaci\u00f3 Esplac","@id":"https:\/\/www.esplac.cat\/#\/schema\/person\/908383cf240be18b68f8855d0583faca"},"headline":"Obertes 7 places per a la Winter School 2020-2021","datePublished":"2020-12-03T10:37:14+00:00","dateModified":"2020-12-03T10:38:31+00:00","mainEntityOfPage":{"@id":"https:\/\/www.esplac.cat\/obertes-7-places-winter-school-2020-2021\/"},"wordCount":338,"publisher":{"@id":"https:\/\/www.esplac.cat\/#organization"},"image":{"@id":"https:\/\/www.esplac.cat\/obertes-7-places-winter-school-2020-2021\/#primaryimage"},"thumbnailUrl":"https:\/\/www.esplac.cat\/wp-content\/uploads\/2020\/12\/portades-3.jpg","articleSection":["Esplac al m\u00f3n"],"inLanguage":"en-US"},{"@type":"WebPage","@id":"https:\/\/www.esplac.cat\/obertes-7-places-winter-school-2020-2021\/","url":"https:\/\/www.esplac.cat\/obertes-7-places-winter-school-2020-2021\/","name":"Obertes 7 places per a la Winter School 2020-2021 - Esplac","isPartOf":{"@id":"https:\/\/www.esplac.cat\/#website"},"primaryImageOfPage":{"@id":"https:\/\/www.esplac.cat\/obertes-7-places-winter-school-2020-2021\/#primaryimage"},"image":{"@id":"https:\/\/www.esplac.cat\/obertes-7-places-winter-school-2020-2021\/#primaryimage"},"thumbnailUrl":"https:\/\/www.esplac.cat\/wp-content\/uploads\/2020\/12\/portades-3.jpg","datePublished":"2020-12-03T10:37:14+00:00","dateModified":"2020-12-03T10:38:31+00:00","description":"Sota el lema \"Universal Human Rights \u2013 Youth Participation and Care\" la Winter School s\u2019adapta al format en l\u00ednia.","breadcrumb":{"@id":"https:\/\/www.esplac.cat\/obertes-7-places-winter-school-2020-2021\/#breadcrumb"},"inLanguage":"en-US","potentialAction":[{"@type":"ReadAction","target":["https:\/\/www.esplac.cat\/obertes-7-places-winter-school-2020-2021\/"]}]},{"@type":"ImageObject","inLanguage":"en-US","@id":"https:\/\/www.esplac.cat\/obertes-7-places-winter-school-2020-2021\/#primaryimage","url":"https:\/\/www.esplac.cat\/wp-content\/uploads\/2020\/12\/portades-3.jpg","contentUrl":"https:\/\/www.esplac.cat\/wp-content\/uploads\/2020\/12\/portades-3.jpg","width":1694,"height":700,"caption":"winter school"},{"@type":"BreadcrumbList","@id":"https:\/\/www.esplac.cat\/obertes-7-places-winter-school-2020-2021\/#breadcrumb","itemListElement":[{"@type":"ListItem","position":1,"name":"Inici","item":"https:\/\/www.esplac.cat\/en\/"},{"@type":"ListItem","position":2,"name":"Obertes 7 places per a la Winter School 2020-2021"}]},{"@type":"WebSite","@id":"https:\/\/www.esplac.cat\/#website","url":"https:\/\/www.esplac.cat\/","name":"Esplac","description":"Esplais Catalans","publisher":{"@id":"https:\/\/www.esplac.cat\/#organization"},"potentialAction":[{"@type":"SearchAction","target":{"@type":"EntryPoint","urlTemplate":"https:\/\/www.esplac.cat\/?s={search_term_string}"},"query-input":{"@type":"PropertyValueSpecification","valueRequired":true,"valueName":"search_term_string"}}],"inLanguage":"en-US"},{"@type":"Organization","@id":"https:\/\/www.esplac.cat\/#organization","name":"Esplac","url":"https:\/\/www.esplac.cat\/","logo":{"@type":"ImageObject","inLanguage":"en-US","@id":"https:\/\/www.esplac.cat\/#\/schema\/logo\/image\/","url":"https:\/\/www.esplac.cat\/wp-content\/uploads\/2019\/08\/logox2.png","contentUrl":"https:\/\/www.esplac.cat\/wp-content\/uploads\/2019\/08\/logox2.png","width":600,"height":295,"caption":"Esplac"},"image":{"@id":"https:\/\/www.esplac.cat\/#\/schema\/logo\/image\/"}},{"@type":"Person","@id":"https:\/\/www.esplac.cat\/#\/schema\/person\/908383cf240be18b68f8855d0583faca","name":"Comunicaci\u00f3 Esplac","image":{"@type":"ImageObject","inLanguage":"en-US","@id":"https:\/\/secure.gravatar.com\/avatar\/7a4cf8feb412a76ea4a740ca02d95b06b2907b5a6c648c2dd0a1082a093c3141?s=96&d=mm&r=g","url":"https:\/\/secure.gravatar.com\/avatar\/7a4cf8feb412a76ea4a740ca02d95b06b2907b5a6c648c2dd0a1082a093c3141?s=96&d=mm&r=g","contentUrl":"https:\/\/secure.gravatar.com\/avatar\/7a4cf8feb412a76ea4a740ca02d95b06b2907b5a6c648c2dd0a1082a093c3141?s=96&d=mm&r=g","caption":"Comunicaci\u00f3 Esplac"}}]}},"_links":{"self":[{"href":"https:\/\/www.esplac.cat\/en\/wp-json\/wp\/v2\/posts\/33621","targetHints":{"allow":["GET"]}}],"collection":[{"href":"https:\/\/www.esplac.cat\/en\/wp-json\/wp\/v2\/posts"}],"about":[{"href":"https:\/\/www.esplac.cat\/en\/wp-json\/wp\/v2\/types\/post"}],"author":[{"embeddable":true,"href":"https:\/\/www.esplac.cat\/en\/wp-json\/wp\/v2\/users\/3"}],"replies":[{"embeddable":true,"href":"https:\/\/www.esplac.cat\/en\/wp-json\/wp\/v2\/comments?post=33621"}],"version-history":[{"count":0,"href":"https:\/\/www.esplac.cat\/en\/wp-json\/wp\/v2\/posts\/33621\/revisions"}],"wp:featuredmedia":[{"embeddable":true,"href":"https:\/\/www.esplac.cat\/en\/wp-json\/wp\/v2\/media\/33627"}],"wp:attachment":[{"href":"https:\/\/www.esplac.cat\/en\/wp-json\/wp\/v2\/media?parent=33621"}],"wp:term":[{"taxonomy":"category","embeddable":true,"href":"https:\/\/www.esplac.cat\/en\/wp-json\/wp\/v2\/categories?post=33621"},{"taxonomy":"post_tag","embeddable":true,"href":"https:\/\/www.esplac.cat\/en\/wp-json\/wp\/v2\/tags?post=33621"}],"curies":[{"name":"wp","href":"https:\/\/api.w.org\/{rel}","templated":true}]}}