{"id":33881,"date":"2020-12-17T13:17:19","date_gmt":"2020-12-17T12:17:19","guid":{"rendered":"https:\/\/www.esplac.cat\/?p=33881"},"modified":"2020-12-17T13:26:26","modified_gmt":"2020-12-17T12:26:26","slug":"cim-2020-sector-barcelona","status":"publish","type":"post","link":"https:\/\/www.esplac.cat\/en\/cim-2020-sector-barcelona\/","title":{"rendered":"El CIM 2020 del Sector Barcelona, en format adaptat, s\u2019ha pogut celebrar de forma presencial!"},"content":{"rendered":"<h6><strong>El CIM 2020 del Sector Barcelona s&#8217;ha realitzat el cap de setmana del 28 i 29 de novembre a Can Batll\u00f3, amb un total de 3 formacions repartides entre dissabte a la tarda i diumenge al mat\u00ed.<\/strong><\/h6>\n<p>El CIM (Curs d&#8217;Iniciaci\u00f3 al Monitoratge) 2020 del <span style=\"color: #ff9900;\"><a style=\"color: #ff9900;\" href=\"https:\/\/www.esplac.cat\/sectors-geografics\/barcelona\/\" target=\"_blank\" rel=\"noopener noreferrer\">Sector Barcelona<\/a><\/span> \u00e9s una activitat formativa del sector on hi participen les premonitores i\/o monitores de primer any.\u00a0Normalment es marxa de cap de setmana a una casa de col\u00f2nies, tot i que aquest any s&#8217;ha decidit fer-lo a Barcelona pel context de pand\u00e8mia actual. En total, hi han participat<strong> 7 esplais del Sector<\/strong>: l\u2019esplai Espurna, l\u2019esplai Totikap, l\u2019esplai GMM, el centre d\u2019esplai Boix, l\u2019esplai Espurna de Gr\u00e0cia, l\u2019esplai SCV El Clot i l\u2019esplai La Lluna. Del total de les participants, <strong>20 monitores feien de formadores i 50 monitores i premonitores rebien les formacions<\/strong>.<\/p>\n<p>Al llarg del cap de setmana, s&#8217;han fet un total de tres formacions i les participants podien escollir-hi dues. Les tres formacions que s&#8217;han fet han estat: &#8220;<strong>Pedagogia<\/strong>&#8220;, on entre altres coses s&#8217;han treballat els valors de l&#8217;esplai; &#8220;<strong>Organitzaci\u00f3<\/strong>&#8220;, on s&#8217;ha treballat els organigrames de diversos esplais del Sector, i &#8220;<strong>Qu\u00e8 \u00e9s l&#8217;esplai<\/strong>&#8220;, on s&#8217;ha contextualitzat Esplac i el Sector Barcelona. Les instal\u00b7lacions de Can Batll\u00f3 han estat molt adequades, ja que s\u2019ha pogut fer \u00fas tant de les sales interiors com dels espais exteriors.<\/p>\n<p>En definitiva, el CIM 2020 del Sector Barcelona ha estat una excel\u00b7lent oportunitat per compartir experi\u00e8ncies i aprenentatges dels diferents esplais del sector, poder-se con\u00e8ixer una mica m\u00e9s i sobretot&#8230; seguir fent xarxa associativa!<\/p>\n<p>&nbsp;<\/p>\n\n\t\t<style type=\"text\/css\">\n\t\t\t#gallery-1 {\n\t\t\t\tmargin: auto;\n\t\t\t}\n\t\t\t#gallery-1 .gallery-item {\n\t\t\t\tfloat: left;\n\t\t\t\tmargin-top: 10px;\n\t\t\t\ttext-align: center;\n\t\t\t\twidth: 50%;\n\t\t\t}\n\t\t\t#gallery-1 img {\n\t\t\t\tborder: 2px solid #cfcfcf;\n\t\t\t}\n\t\t\t#gallery-1 .gallery-caption {\n\t\t\t\tmargin-left: 0;\n\t\t\t}\n\t\t\t\/* see gallery_shortcode() in wp-includes\/media.php *\/\n\t\t<\/style>\n\t\t<div id='gallery-1' class='gallery galleryid-33881 gallery-columns-2 gallery-size-large'><dl class='gallery-item'>\n\t\t\t<dt class='gallery-icon landscape'>\n\t\t\t\t<a data-rel=\"iLightbox[postimages]\" data-title=\"WhatsApp Image 2020-11-30 at 15.54.21\" data-caption=\"\" href='https:\/\/www.esplac.cat\/wp-content\/uploads\/2020\/12\/WhatsApp-Image-2020-11-30-at-15.54.21.jpeg'><img decoding=\"async\" width=\"1024\" height=\"768\" src=\"https:\/\/www.esplac.cat\/wp-content\/uploads\/2020\/12\/WhatsApp-Image-2020-11-30-at-15.54.21-1024x768.jpeg\" class=\"attachment-large size-large\" alt=\"\" srcset=\"https:\/\/www.esplac.cat\/wp-content\/uploads\/2020\/12\/WhatsApp-Image-2020-11-30-at-15.54.21-200x150.jpeg 200w, https:\/\/www.esplac.cat\/wp-content\/uploads\/2020\/12\/WhatsApp-Image-2020-11-30-at-15.54.21-300x225.jpeg 300w, https:\/\/www.esplac.cat\/wp-content\/uploads\/2020\/12\/WhatsApp-Image-2020-11-30-at-15.54.21-400x300.jpeg 400w, https:\/\/www.esplac.cat\/wp-content\/uploads\/2020\/12\/WhatsApp-Image-2020-11-30-at-15.54.21-600x450.jpeg 600w, https:\/\/www.esplac.cat\/wp-content\/uploads\/2020\/12\/WhatsApp-Image-2020-11-30-at-15.54.21-768x576.jpeg 768w, https:\/\/www.esplac.cat\/wp-content\/uploads\/2020\/12\/WhatsApp-Image-2020-11-30-at-15.54.21-800x600.jpeg 800w, https:\/\/www.esplac.cat\/wp-content\/uploads\/2020\/12\/WhatsApp-Image-2020-11-30-at-15.54.21-1024x768.jpeg 1024w, https:\/\/www.esplac.cat\/wp-content\/uploads\/2020\/12\/WhatsApp-Image-2020-11-30-at-15.54.21-1200x900.jpeg 1200w, https:\/\/www.esplac.cat\/wp-content\/uploads\/2020\/12\/WhatsApp-Image-2020-11-30-at-15.54.21-1536x1152.jpeg 1536w, https:\/\/www.esplac.cat\/wp-content\/uploads\/2020\/12\/WhatsApp-Image-2020-11-30-at-15.54.21.jpeg 1600w\" sizes=\"(max-width: 1024px) 100vw, 1024px\" \/><\/a>\n\t\t\t<\/dt><\/dl><dl class='gallery-item'>\n\t\t\t<dt class='gallery-icon landscape'>\n\t\t\t\t<a data-rel=\"iLightbox[postimages]\" data-title=\"WhatsApp Image 2020-11-30 at 16.41.12\" data-caption=\"\" href='https:\/\/www.esplac.cat\/wp-content\/uploads\/2020\/12\/WhatsApp-Image-2020-11-30-at-16.41.12.jpeg'><img decoding=\"async\" width=\"1024\" height=\"768\" src=\"https:\/\/www.esplac.cat\/wp-content\/uploads\/2020\/12\/WhatsApp-Image-2020-11-30-at-16.41.12-1024x768.jpeg\" class=\"attachment-large size-large\" alt=\"\" srcset=\"https:\/\/www.esplac.cat\/wp-content\/uploads\/2020\/12\/WhatsApp-Image-2020-11-30-at-16.41.12-200x150.jpeg 200w, https:\/\/www.esplac.cat\/wp-content\/uploads\/2020\/12\/WhatsApp-Image-2020-11-30-at-16.41.12-300x225.jpeg 300w, https:\/\/www.esplac.cat\/wp-content\/uploads\/2020\/12\/WhatsApp-Image-2020-11-30-at-16.41.12-400x300.jpeg 400w, https:\/\/www.esplac.cat\/wp-content\/uploads\/2020\/12\/WhatsApp-Image-2020-11-30-at-16.41.12-600x450.jpeg 600w, https:\/\/www.esplac.cat\/wp-content\/uploads\/2020\/12\/WhatsApp-Image-2020-11-30-at-16.41.12-768x576.jpeg 768w, https:\/\/www.esplac.cat\/wp-content\/uploads\/2020\/12\/WhatsApp-Image-2020-11-30-at-16.41.12-800x600.jpeg 800w, https:\/\/www.esplac.cat\/wp-content\/uploads\/2020\/12\/WhatsApp-Image-2020-11-30-at-16.41.12-1024x768.jpeg 1024w, https:\/\/www.esplac.cat\/wp-content\/uploads\/2020\/12\/WhatsApp-Image-2020-11-30-at-16.41.12-1200x900.jpeg 1200w, https:\/\/www.esplac.cat\/wp-content\/uploads\/2020\/12\/WhatsApp-Image-2020-11-30-at-16.41.12-1536x1152.jpeg 1536w, https:\/\/www.esplac.cat\/wp-content\/uploads\/2020\/12\/WhatsApp-Image-2020-11-30-at-16.41.12.jpeg 1600w\" sizes=\"(max-width: 1024px) 100vw, 1024px\" \/><\/a>\n\t\t\t<\/dt><\/dl><br style=\"clear: both\" \/>\n\t\t<\/div>\n\n<p>&nbsp;<\/p>\n","protected":false},"excerpt":{"rendered":"<p>El CIM 2020 del Sector Barcelona s&#8217;ha realitzat el cap [&hellip;]<\/p>\n","protected":false},"author":3,"featured_media":33890,"comment_status":"closed","ping_status":"closed","sticky":false,"template":"","format":"standard","meta":{"om_disable_all_campaigns":false,"_monsterinsights_skip_tracking":false,"_monsterinsights_sitenote_active":false,"_monsterinsights_sitenote_note":"","_monsterinsights_sitenote_category":0,"_uf_show_specific_survey":0,"_uf_disable_surveys":false,"footnotes":""},"categories":[1128],"tags":[],"class_list":["post-33881","post","type-post","status-publish","format-standard","has-post-thumbnail","hentry","category-sector-barcelona"],"yoast_head":"<!-- This site is optimized with the Yoast SEO plugin v27.5 - https:\/\/yoast.com\/product\/yoast-seo-wordpress\/ -->\n<title>El CIM 2020 del Sector Barcelona, en format adaptat!<\/title>\n<meta name=\"description\" content=\"El Curs d&#039;Iniciaci\u00f3 al Monitoratge (CIM) 2020 del Sector Barcelona \u00e9s una activitat formativa del sector on hi participen les premonitores..\" \/>\n<meta name=\"robots\" content=\"index, follow, max-snippet:-1, max-image-preview:large, max-video-preview:-1\" \/>\n<link rel=\"canonical\" href=\"https:\/\/www.esplac.cat\/cim-2020-sector-barcelona\/\" \/>\n<meta property=\"og:locale\" content=\"en_US\" \/>\n<meta property=\"og:type\" content=\"article\" \/>\n<meta property=\"og:title\" content=\"El CIM 2020 del Sector Barcelona, en format adaptat!\" \/>\n<meta property=\"og:description\" content=\"El Curs d&#039;Iniciaci\u00f3 al Monitoratge (CIM) 2020 del Sector Barcelona \u00e9s una activitat formativa del sector on hi participen les premonitores..\" \/>\n<meta property=\"og:url\" content=\"https:\/\/www.esplac.cat\/cim-2020-sector-barcelona\/\" \/>\n<meta property=\"og:site_name\" content=\"Esplac\" \/>\n<meta property=\"article:published_time\" content=\"2020-12-17T12:17:19+00:00\" \/>\n<meta property=\"article:modified_time\" content=\"2020-12-17T12:26:26+00:00\" \/>\n<meta property=\"og:image\" content=\"https:\/\/www.esplac.cat\/wp-content\/uploads\/2020\/12\/portades-6.jpg\" \/>\n\t<meta property=\"og:image:width\" content=\"1694\" \/>\n\t<meta property=\"og:image:height\" content=\"700\" \/>\n\t<meta property=\"og:image:type\" content=\"image\/jpeg\" \/>\n<meta name=\"author\" content=\"Comunicaci\u00f3 Esplac\" \/>\n<meta name=\"twitter:card\" content=\"summary_large_image\" \/>\n<meta name=\"twitter:label1\" content=\"Written by\" \/>\n\t<meta name=\"twitter:data1\" content=\"Comunicaci\u00f3 Esplac\" \/>\n\t<meta name=\"twitter:label2\" content=\"Est. reading time\" \/>\n\t<meta name=\"twitter:data2\" content=\"1 minute\" \/>\n<script type=\"application\/ld+json\" class=\"yoast-schema-graph\">{\"@context\":\"https:\\\/\\\/schema.org\",\"@graph\":[{\"@type\":\"Article\",\"@id\":\"https:\\\/\\\/www.esplac.cat\\\/cim-2020-sector-barcelona\\\/#article\",\"isPartOf\":{\"@id\":\"https:\\\/\\\/www.esplac.cat\\\/cim-2020-sector-barcelona\\\/\"},\"author\":{\"name\":\"Comunicaci\u00f3 Esplac\",\"@id\":\"https:\\\/\\\/www.esplac.cat\\\/#\\\/schema\\\/person\\\/908383cf240be18b68f8855d0583faca\"},\"headline\":\"El CIM 2020 del Sector Barcelona, en format adaptat, s\u2019ha pogut celebrar de forma presencial!\",\"datePublished\":\"2020-12-17T12:17:19+00:00\",\"dateModified\":\"2020-12-17T12:26:26+00:00\",\"mainEntityOfPage\":{\"@id\":\"https:\\\/\\\/www.esplac.cat\\\/cim-2020-sector-barcelona\\\/\"},\"wordCount\":300,\"publisher\":{\"@id\":\"https:\\\/\\\/www.esplac.cat\\\/#organization\"},\"image\":{\"@id\":\"https:\\\/\\\/www.esplac.cat\\\/cim-2020-sector-barcelona\\\/#primaryimage\"},\"thumbnailUrl\":\"https:\\\/\\\/www.esplac.cat\\\/wp-content\\\/uploads\\\/2020\\\/12\\\/portades-6.jpg\",\"articleSection\":[\"Sector Barcelona\"],\"inLanguage\":\"en-US\"},{\"@type\":\"WebPage\",\"@id\":\"https:\\\/\\\/www.esplac.cat\\\/cim-2020-sector-barcelona\\\/\",\"url\":\"https:\\\/\\\/www.esplac.cat\\\/cim-2020-sector-barcelona\\\/\",\"name\":\"El CIM 2020 del Sector Barcelona, en format adaptat!\",\"isPartOf\":{\"@id\":\"https:\\\/\\\/www.esplac.cat\\\/#website\"},\"primaryImageOfPage\":{\"@id\":\"https:\\\/\\\/www.esplac.cat\\\/cim-2020-sector-barcelona\\\/#primaryimage\"},\"image\":{\"@id\":\"https:\\\/\\\/www.esplac.cat\\\/cim-2020-sector-barcelona\\\/#primaryimage\"},\"thumbnailUrl\":\"https:\\\/\\\/www.esplac.cat\\\/wp-content\\\/uploads\\\/2020\\\/12\\\/portades-6.jpg\",\"datePublished\":\"2020-12-17T12:17:19+00:00\",\"dateModified\":\"2020-12-17T12:26:26+00:00\",\"description\":\"El Curs d'Iniciaci\u00f3 al Monitoratge (CIM) 2020 del Sector Barcelona \u00e9s una activitat formativa del sector on hi participen les premonitores..\",\"breadcrumb\":{\"@id\":\"https:\\\/\\\/www.esplac.cat\\\/cim-2020-sector-barcelona\\\/#breadcrumb\"},\"inLanguage\":\"en-US\",\"potentialAction\":[{\"@type\":\"ReadAction\",\"target\":[\"https:\\\/\\\/www.esplac.cat\\\/cim-2020-sector-barcelona\\\/\"]}]},{\"@type\":\"ImageObject\",\"inLanguage\":\"en-US\",\"@id\":\"https:\\\/\\\/www.esplac.cat\\\/cim-2020-sector-barcelona\\\/#primaryimage\",\"url\":\"https:\\\/\\\/www.esplac.cat\\\/wp-content\\\/uploads\\\/2020\\\/12\\\/portades-6.jpg\",\"contentUrl\":\"https:\\\/\\\/www.esplac.cat\\\/wp-content\\\/uploads\\\/2020\\\/12\\\/portades-6.jpg\",\"width\":1694,\"height\":700},{\"@type\":\"BreadcrumbList\",\"@id\":\"https:\\\/\\\/www.esplac.cat\\\/cim-2020-sector-barcelona\\\/#breadcrumb\",\"itemListElement\":[{\"@type\":\"ListItem\",\"position\":1,\"name\":\"Inici\",\"item\":\"https:\\\/\\\/www.esplac.cat\\\/en\\\/\"},{\"@type\":\"ListItem\",\"position\":2,\"name\":\"El CIM 2020 del Sector Barcelona, en format adaptat, s\u2019ha pogut celebrar de forma presencial!\"}]},{\"@type\":\"WebSite\",\"@id\":\"https:\\\/\\\/www.esplac.cat\\\/#website\",\"url\":\"https:\\\/\\\/www.esplac.cat\\\/\",\"name\":\"Esplac\",\"description\":\"Esplais Catalans\",\"publisher\":{\"@id\":\"https:\\\/\\\/www.esplac.cat\\\/#organization\"},\"potentialAction\":[{\"@type\":\"SearchAction\",\"target\":{\"@type\":\"EntryPoint\",\"urlTemplate\":\"https:\\\/\\\/www.esplac.cat\\\/?s={search_term_string}\"},\"query-input\":{\"@type\":\"PropertyValueSpecification\",\"valueRequired\":true,\"valueName\":\"search_term_string\"}}],\"inLanguage\":\"en-US\"},{\"@type\":\"Organization\",\"@id\":\"https:\\\/\\\/www.esplac.cat\\\/#organization\",\"name\":\"Esplac\",\"url\":\"https:\\\/\\\/www.esplac.cat\\\/\",\"logo\":{\"@type\":\"ImageObject\",\"inLanguage\":\"en-US\",\"@id\":\"https:\\\/\\\/www.esplac.cat\\\/#\\\/schema\\\/logo\\\/image\\\/\",\"url\":\"https:\\\/\\\/www.esplac.cat\\\/wp-content\\\/uploads\\\/2019\\\/08\\\/logox2.png\",\"contentUrl\":\"https:\\\/\\\/www.esplac.cat\\\/wp-content\\\/uploads\\\/2019\\\/08\\\/logox2.png\",\"width\":600,\"height\":295,\"caption\":\"Esplac\"},\"image\":{\"@id\":\"https:\\\/\\\/www.esplac.cat\\\/#\\\/schema\\\/logo\\\/image\\\/\"}},{\"@type\":\"Person\",\"@id\":\"https:\\\/\\\/www.esplac.cat\\\/#\\\/schema\\\/person\\\/908383cf240be18b68f8855d0583faca\",\"name\":\"Comunicaci\u00f3 Esplac\",\"image\":{\"@type\":\"ImageObject\",\"inLanguage\":\"en-US\",\"@id\":\"https:\\\/\\\/secure.gravatar.com\\\/avatar\\\/7a4cf8feb412a76ea4a740ca02d95b06b2907b5a6c648c2dd0a1082a093c3141?s=96&d=mm&r=g\",\"url\":\"https:\\\/\\\/secure.gravatar.com\\\/avatar\\\/7a4cf8feb412a76ea4a740ca02d95b06b2907b5a6c648c2dd0a1082a093c3141?s=96&d=mm&r=g\",\"contentUrl\":\"https:\\\/\\\/secure.gravatar.com\\\/avatar\\\/7a4cf8feb412a76ea4a740ca02d95b06b2907b5a6c648c2dd0a1082a093c3141?s=96&d=mm&r=g\",\"caption\":\"Comunicaci\u00f3 Esplac\"}}]}<\/script>\n<!-- \/ Yoast SEO plugin. -->","yoast_head_json":{"title":"El CIM 2020 del Sector Barcelona, en format adaptat!","description":"El Curs d'Iniciaci\u00f3 al Monitoratge (CIM) 2020 del Sector Barcelona \u00e9s una activitat formativa del sector on hi participen les premonitores..","robots":{"index":"index","follow":"follow","max-snippet":"max-snippet:-1","max-image-preview":"max-image-preview:large","max-video-preview":"max-video-preview:-1"},"canonical":"https:\/\/www.esplac.cat\/cim-2020-sector-barcelona\/","og_locale":"en_US","og_type":"article","og_title":"El CIM 2020 del Sector Barcelona, en format adaptat!","og_description":"El Curs d'Iniciaci\u00f3 al Monitoratge (CIM) 2020 del Sector Barcelona \u00e9s una activitat formativa del sector on hi participen les premonitores..","og_url":"https:\/\/www.esplac.cat\/cim-2020-sector-barcelona\/","og_site_name":"Esplac","article_published_time":"2020-12-17T12:17:19+00:00","article_modified_time":"2020-12-17T12:26:26+00:00","og_image":[{"width":1694,"height":700,"url":"https:\/\/www.esplac.cat\/wp-content\/uploads\/2020\/12\/portades-6.jpg","type":"image\/jpeg"}],"author":"Comunicaci\u00f3 Esplac","twitter_card":"summary_large_image","twitter_misc":{"Written by":"Comunicaci\u00f3 Esplac","Est. reading time":"1 minute"},"schema":{"@context":"https:\/\/schema.org","@graph":[{"@type":"Article","@id":"https:\/\/www.esplac.cat\/cim-2020-sector-barcelona\/#article","isPartOf":{"@id":"https:\/\/www.esplac.cat\/cim-2020-sector-barcelona\/"},"author":{"name":"Comunicaci\u00f3 Esplac","@id":"https:\/\/www.esplac.cat\/#\/schema\/person\/908383cf240be18b68f8855d0583faca"},"headline":"El CIM 2020 del Sector Barcelona, en format adaptat, s\u2019ha pogut celebrar de forma presencial!","datePublished":"2020-12-17T12:17:19+00:00","dateModified":"2020-12-17T12:26:26+00:00","mainEntityOfPage":{"@id":"https:\/\/www.esplac.cat\/cim-2020-sector-barcelona\/"},"wordCount":300,"publisher":{"@id":"https:\/\/www.esplac.cat\/#organization"},"image":{"@id":"https:\/\/www.esplac.cat\/cim-2020-sector-barcelona\/#primaryimage"},"thumbnailUrl":"https:\/\/www.esplac.cat\/wp-content\/uploads\/2020\/12\/portades-6.jpg","articleSection":["Sector Barcelona"],"inLanguage":"en-US"},{"@type":"WebPage","@id":"https:\/\/www.esplac.cat\/cim-2020-sector-barcelona\/","url":"https:\/\/www.esplac.cat\/cim-2020-sector-barcelona\/","name":"El CIM 2020 del Sector Barcelona, en format adaptat!","isPartOf":{"@id":"https:\/\/www.esplac.cat\/#website"},"primaryImageOfPage":{"@id":"https:\/\/www.esplac.cat\/cim-2020-sector-barcelona\/#primaryimage"},"image":{"@id":"https:\/\/www.esplac.cat\/cim-2020-sector-barcelona\/#primaryimage"},"thumbnailUrl":"https:\/\/www.esplac.cat\/wp-content\/uploads\/2020\/12\/portades-6.jpg","datePublished":"2020-12-17T12:17:19+00:00","dateModified":"2020-12-17T12:26:26+00:00","description":"El Curs d'Iniciaci\u00f3 al Monitoratge (CIM) 2020 del Sector Barcelona \u00e9s una activitat formativa del sector on hi participen les premonitores..","breadcrumb":{"@id":"https:\/\/www.esplac.cat\/cim-2020-sector-barcelona\/#breadcrumb"},"inLanguage":"en-US","potentialAction":[{"@type":"ReadAction","target":["https:\/\/www.esplac.cat\/cim-2020-sector-barcelona\/"]}]},{"@type":"ImageObject","inLanguage":"en-US","@id":"https:\/\/www.esplac.cat\/cim-2020-sector-barcelona\/#primaryimage","url":"https:\/\/www.esplac.cat\/wp-content\/uploads\/2020\/12\/portades-6.jpg","contentUrl":"https:\/\/www.esplac.cat\/wp-content\/uploads\/2020\/12\/portades-6.jpg","width":1694,"height":700},{"@type":"BreadcrumbList","@id":"https:\/\/www.esplac.cat\/cim-2020-sector-barcelona\/#breadcrumb","itemListElement":[{"@type":"ListItem","position":1,"name":"Inici","item":"https:\/\/www.esplac.cat\/en\/"},{"@type":"ListItem","position":2,"name":"El CIM 2020 del Sector Barcelona, en format adaptat, s\u2019ha pogut celebrar de forma presencial!"}]},{"@type":"WebSite","@id":"https:\/\/www.esplac.cat\/#website","url":"https:\/\/www.esplac.cat\/","name":"Esplac","description":"Esplais Catalans","publisher":{"@id":"https:\/\/www.esplac.cat\/#organization"},"potentialAction":[{"@type":"SearchAction","target":{"@type":"EntryPoint","urlTemplate":"https:\/\/www.esplac.cat\/?s={search_term_string}"},"query-input":{"@type":"PropertyValueSpecification","valueRequired":true,"valueName":"search_term_string"}}],"inLanguage":"en-US"},{"@type":"Organization","@id":"https:\/\/www.esplac.cat\/#organization","name":"Esplac","url":"https:\/\/www.esplac.cat\/","logo":{"@type":"ImageObject","inLanguage":"en-US","@id":"https:\/\/www.esplac.cat\/#\/schema\/logo\/image\/","url":"https:\/\/www.esplac.cat\/wp-content\/uploads\/2019\/08\/logox2.png","contentUrl":"https:\/\/www.esplac.cat\/wp-content\/uploads\/2019\/08\/logox2.png","width":600,"height":295,"caption":"Esplac"},"image":{"@id":"https:\/\/www.esplac.cat\/#\/schema\/logo\/image\/"}},{"@type":"Person","@id":"https:\/\/www.esplac.cat\/#\/schema\/person\/908383cf240be18b68f8855d0583faca","name":"Comunicaci\u00f3 Esplac","image":{"@type":"ImageObject","inLanguage":"en-US","@id":"https:\/\/secure.gravatar.com\/avatar\/7a4cf8feb412a76ea4a740ca02d95b06b2907b5a6c648c2dd0a1082a093c3141?s=96&d=mm&r=g","url":"https:\/\/secure.gravatar.com\/avatar\/7a4cf8feb412a76ea4a740ca02d95b06b2907b5a6c648c2dd0a1082a093c3141?s=96&d=mm&r=g","contentUrl":"https:\/\/secure.gravatar.com\/avatar\/7a4cf8feb412a76ea4a740ca02d95b06b2907b5a6c648c2dd0a1082a093c3141?s=96&d=mm&r=g","caption":"Comunicaci\u00f3 Esplac"}}]}},"_links":{"self":[{"href":"https:\/\/www.esplac.cat\/en\/wp-json\/wp\/v2\/posts\/33881","targetHints":{"allow":["GET"]}}],"collection":[{"href":"https:\/\/www.esplac.cat\/en\/wp-json\/wp\/v2\/posts"}],"about":[{"href":"https:\/\/www.esplac.cat\/en\/wp-json\/wp\/v2\/types\/post"}],"author":[{"embeddable":true,"href":"https:\/\/www.esplac.cat\/en\/wp-json\/wp\/v2\/users\/3"}],"replies":[{"embeddable":true,"href":"https:\/\/www.esplac.cat\/en\/wp-json\/wp\/v2\/comments?post=33881"}],"version-history":[{"count":0,"href":"https:\/\/www.esplac.cat\/en\/wp-json\/wp\/v2\/posts\/33881\/revisions"}],"wp:featuredmedia":[{"embeddable":true,"href":"https:\/\/www.esplac.cat\/en\/wp-json\/wp\/v2\/media\/33890"}],"wp:attachment":[{"href":"https:\/\/www.esplac.cat\/en\/wp-json\/wp\/v2\/media?parent=33881"}],"wp:term":[{"taxonomy":"category","embeddable":true,"href":"https:\/\/www.esplac.cat\/en\/wp-json\/wp\/v2\/categories?post=33881"},{"taxonomy":"post_tag","embeddable":true,"href":"https:\/\/www.esplac.cat\/en\/wp-json\/wp\/v2\/tags?post=33881"}],"curies":[{"name":"wp","href":"https:\/\/api.w.org\/{rel}","templated":true}]}}