{"id":34011,"date":"2020-12-24T13:28:42","date_gmt":"2020-12-24T12:28:42","guid":{"rendered":"https:\/\/www.esplac.cat\/?p=34011"},"modified":"2020-12-24T13:53:40","modified_gmt":"2020-12-24T12:53:40","slug":"obrim-placa-cap-comunicacio","status":"publish","type":"post","link":"https:\/\/www.esplac.cat\/en\/obrim-placa-cap-comunicacio\/","title":{"rendered":"Obrim una pla\u00e7a de Cap de Comunicaci\u00f3"},"content":{"rendered":"<h6 data-fontsize=\"17\" data-lineheight=\"22\"><strong>A Esplais Catalans busquem una persona per cobrir la pla\u00e7a de Cap de Comunicaci\u00f3. El termini de presentaci\u00f3 de curr\u00edculums finalitzar\u00e0 el 17 de gener de 2021.<\/strong><\/h6>\n<p><span style=\"font-weight: 400;\">Hem obert un termini per a la presentaci\u00f3 de curr\u00edculums amb l\u2019objectiu de cobrir una pla\u00e7a de <\/span><b>Cap de Comunicaci\u00f3 d&#8217;Esplais Catalans<\/b><span style=\"font-weight: 400;\">, que \u00e9s la persona encarregada de vetllar per la bona comunicaci\u00f3 interna i externa de l&#8217;entitat. <\/span><b>El termini finalitza el dia 17 de gener de 2021<\/b><span style=\"font-weight: 400;\">.\u00a0<\/span><\/p>\n<p><span style=\"font-weight: 400;\">Els curr\u00edculums i les cartes de motivaci\u00f3 les heu de fer arribar a esplac@esplac.cat amb la refer\u00e8ncia Comunicaci\u00f3ST a l&#8217;assumpte del mail.<\/span><\/p>\n<p><strong>Funcions:<\/strong><\/p>\n<ul>\n<li style=\"font-weight: 400;\"><span style=\"font-weight: 400;\">Elaboraci\u00f3, execuci\u00f3 i avaluaci\u00f3 del pla estrat\u00e8gic de comunicaci\u00f3 intern i extern.<\/span><\/li>\n<li style=\"font-weight: 400;\"><span style=\"font-weight: 400;\">Vetllar pel correcte funcionament dels canals de comunicaci\u00f3 interns i externs.<\/span><\/li>\n<li style=\"font-weight: 400;\"><span style=\"font-weight: 400;\">Difondre el discurs i els posicionaments d&#8217;Esplais Catalans.<\/span><\/li>\n<li style=\"font-weight: 400;\"><span style=\"font-weight: 400;\">Vetllar pel contacte i la relaci\u00f3 amb mitjans de comunicaci\u00f3 i altres agents.<\/span><\/li>\n<li style=\"font-weight: 400;\"><span style=\"font-weight: 400;\">Gestionar i coordinar la identitat corporativa i les publicacions d&#8217;Esplais Catalans.<\/span><\/li>\n<li style=\"font-weight: 400;\"><span style=\"font-weight: 400;\">Responsable de la web d&#8217;Esplais Catalans, la revista digital Som Esplai i la dinamitzaci\u00f3 de les xarxes socials de l&#8217;associaci\u00f3.<\/span><\/li>\n<li style=\"font-weight: 400;\"><span style=\"font-weight: 400;\">Coordinaci\u00f3 de la Secretaria T\u00e8cnica juntament amb Cap de Projectes, Ger\u00e8ncia i Secretaria General.<\/span><\/li>\n<li style=\"font-weight: 400;\"><span style=\"font-weight: 400;\">Redacci\u00f3, seguiment i avaluaci\u00f3 dels projectes i activitats definits en el Pla de Treball d&#8217;Esplais Catalans.<\/span><\/li>\n<li style=\"font-weight: 400;\"><span style=\"font-weight: 400;\">Relaci\u00f3 amb prove\u00efdors i dissenyadors.<\/span><\/li>\n<li style=\"font-weight: 400;\"><span style=\"font-weight: 400;\">Coordinaci\u00f3 amb la Secretaria T\u00e8cnica i l&#8217;Equip de Coordinaci\u00f3 per a les funcions assignades i d&#8217;altres que puguin sorgir.<\/span><\/li>\n<\/ul>\n<p><strong>Es demana:<\/strong><\/p>\n<ul>\n<li style=\"font-weight: 400;\"><span style=\"font-weight: 400;\">Titulaci\u00f3 universit\u00e0ria en el camp de la comunicaci\u00f3: periodisme, comunicaci\u00f3 audiovisual, publicitat i relacions p\u00fabliques.<\/span><\/li>\n<li style=\"font-weight: 400;\"><span style=\"font-weight: 400;\">Especialitzaci\u00f3 en temes de comunicaci\u00f3, com ara comunicaci\u00f3 corporativa, xarxes socials, relacions amb mitjans de comunicaci\u00f3,&#8230;<\/span><\/li>\n<li style=\"font-weight: 400;\"><span style=\"font-weight: 400;\">Tenir menys de 30 anys.<\/span><\/li>\n<li style=\"font-weight: 400;\"><span style=\"font-weight: 400;\">Nivell alt de catal\u00e0 i castell\u00e0 i bon nivell d&#8217;angl\u00e8s.<\/span><\/li>\n<li style=\"font-weight: 400;\"><span style=\"font-weight: 400;\">Compet\u00e8ncia escrita: redacci\u00f3 de projectes, mem\u00f2ries, articles, notes de premsa i altra documentaci\u00f3.<\/span><\/li>\n<li style=\"font-weight: 400;\"><span style=\"font-weight: 400;\">Coneixement i experi\u00e8ncia en l&#8217;\u00e0mbit de l&#8217;associacionisme educatiu i els esplais.<\/span><\/li>\n<li style=\"font-weight: 400;\"><span style=\"font-weight: 400;\">Coneixements inform\u00e0tics: Photoshop, WordPress, LibreOffice, Mailchimp (o altres programes de gesti\u00f3 de trameses), programes d&#8217;edici\u00f3 de v\u00eddeo i\u00a0 Google Analytics.<\/span><\/li>\n<li style=\"font-weight: 400;\"><span style=\"font-weight: 400;\">Capacitat d&#8217;organitzaci\u00f3, gesti\u00f3 del temps, treball en equip, autonomia personal, flexibilitat i adaptabilitat.<\/span><\/li>\n<li style=\"font-weight: 400;\"><span style=\"font-weight: 400;\">Assist\u00e8ncia a reunions o activitats d\u2019especial inter\u00e8s fora de l\u2019horari laboral, vocaci\u00f3 de servei als esplais i comprom\u00eds amb els valors d&#8217;Esplais Catalans.<\/span><\/li>\n<li style=\"font-weight: 400;\"><span style=\"font-weight: 400;\">Experi\u00e8ncia en les funcions descrites.<\/span><\/li>\n<\/ul>\n<p><strong>Es valorar\u00e0:<\/strong><\/p>\n<ul>\n<li style=\"font-weight: 400;\"><span style=\"font-weight: 400;\">Experi\u00e8ncia com a responsable d\u2019esplai.<\/span><\/li>\n<li style=\"font-weight: 400;\"><span style=\"font-weight: 400;\">T\u00edtol de Director\/a d\u2019entitats de lleure infantil i juvenil.<\/span><\/li>\n<li style=\"font-weight: 400;\"><span style=\"font-weight: 400;\">Coneixement de treball per projectes.<\/span><\/li>\n<li style=\"font-weight: 400;\"><span style=\"font-weight: 400;\">Coneixement d\u2019altres idiomes, principalment el franc\u00e8s.<\/span><\/li>\n<li style=\"font-weight: 400;\"><span style=\"font-weight: 400;\">Coneixements i habilitats en disseny gr\u00e0fic i programaci\u00f3 web.<\/span><\/li>\n<li style=\"font-weight: 400;\"><span style=\"font-weight: 400;\">Coneixement en temes espec\u00edfics relacionats amb el projecte educatiu d&#8217;Esplais Catalans.<\/span><\/li>\n<li style=\"font-weight: 400;\"><span style=\"font-weight: 400;\">Facilitat per con\u00e8ixer noves eines de treball.<\/span><\/li>\n<li style=\"font-weight: 400;\"><span style=\"font-weight: 400;\">Carnet de conduir i vehicle propi.<\/span><\/li>\n<\/ul>\n<p><strong>Condicions laborals:<\/strong><\/p>\n<ul>\n<li style=\"font-weight: 400;\"><span style=\"font-weight: 400;\">Contracte de 37,5 hores setmanals. Sou: <\/span><span style=\"font-weight: 400;\">23.578,45\u20ac anuals bruts.<\/span><\/li>\n<li style=\"font-weight: 400;\"><span style=\"font-weight: 400;\">Incorporaci\u00f3 febrer 2021.<\/span><\/li>\n<li style=\"font-weight: 400;\"><span style=\"font-weight: 400;\">Lloc de treball habitual: Barcelona.<\/span><\/li>\n<\/ul>\n<p>Podeu trobar l&#8217;oferta laboral en format <span style=\"color: #ff9900;\"><a style=\"color: #ff9900;\" href=\"https:\/\/www.esplac.cat\/wp-content\/uploads\/2020\/12\/Convocato\u0300ria_CAPCOM-1.pdf\" target=\"_blank\" rel=\"noopener noreferrer\">pdf en aquest enlla\u00e7.<\/a><\/span><\/p>\n","protected":false},"excerpt":{"rendered":"<p>A Esplais Catalans busquem una persona per cobrir la pla\u00e7a [&hellip;]<\/p>\n","protected":false},"author":3,"featured_media":29737,"comment_status":"closed","ping_status":"closed","sticky":false,"template":"","format":"standard","meta":{"om_disable_all_campaigns":false,"_monsterinsights_skip_tracking":false,"_monsterinsights_sitenote_active":false,"_monsterinsights_sitenote_note":"","_monsterinsights_sitenote_category":0,"_uf_show_specific_survey":0,"_uf_disable_surveys":false,"footnotes":""},"categories":[1116],"tags":[94,306,441],"class_list":["post-34011","post","type-post","status-publish","format-standard","has-post-thumbnail","hentry","category-secretaria-esplac","tag-comunicacio","tag-feina","tag-laboral"],"yoast_head":"<!-- This site is optimized with the Yoast SEO plugin v27.4 - https:\/\/yoast.com\/product\/yoast-seo-wordpress\/ -->\n<title>Oferta laboral: Obrim una pla\u00e7a de Cap de Comunicaci\u00f3 - Esplac<\/title>\n<meta name=\"description\" content=\"A Esplais Catalans busquem una persona per cobrir la pla\u00e7a de Cap de Comunicaci\u00f3. El termini de presentaci\u00f3 de curr\u00edculums finalitzar\u00e0 el 17 de gener de 2021.\" \/>\n<meta name=\"robots\" content=\"index, follow, max-snippet:-1, max-image-preview:large, max-video-preview:-1\" \/>\n<link rel=\"canonical\" href=\"https:\/\/www.esplac.cat\/es\/obrim-placa-cap-comunicacio\/\" \/>\n<meta property=\"og:locale\" content=\"en_US\" \/>\n<meta property=\"og:type\" content=\"article\" \/>\n<meta property=\"og:title\" content=\"Oferta laboral: Obrim una pla\u00e7a de Cap de Comunicaci\u00f3 - Esplac\" \/>\n<meta property=\"og:description\" content=\"A Esplais Catalans busquem una persona per cobrir la pla\u00e7a de Cap de Comunicaci\u00f3. El termini de presentaci\u00f3 de curr\u00edculums finalitzar\u00e0 el 17 de gener de 2021.\" \/>\n<meta property=\"og:url\" content=\"https:\/\/www.esplac.cat\/es\/obrim-placa-cap-comunicacio\/\" \/>\n<meta property=\"og:site_name\" content=\"Esplac\" \/>\n<meta property=\"article:published_time\" content=\"2020-12-24T12:28:42+00:00\" \/>\n<meta property=\"article:modified_time\" content=\"2020-12-24T12:53:40+00:00\" \/>\n<meta property=\"og:image\" content=\"https:\/\/www.esplac.cat\/wp-content\/uploads\/2019\/12\/laboral-esplac-feina.jpg\" \/>\n\t<meta property=\"og:image:width\" content=\"847\" \/>\n\t<meta property=\"og:image:height\" content=\"350\" \/>\n\t<meta property=\"og:image:type\" content=\"image\/jpeg\" \/>\n<meta name=\"author\" content=\"Comunicaci\u00f3 Esplac\" \/>\n<meta name=\"twitter:card\" content=\"summary_large_image\" \/>\n<meta name=\"twitter:label1\" content=\"Written by\" \/>\n\t<meta name=\"twitter:data1\" content=\"Comunicaci\u00f3 Esplac\" \/>\n\t<meta name=\"twitter:label2\" content=\"Est. reading time\" \/>\n\t<meta name=\"twitter:data2\" content=\"2 minutes\" \/>\n<script type=\"application\/ld+json\" class=\"yoast-schema-graph\">{\"@context\":\"https:\\\/\\\/schema.org\",\"@graph\":[{\"@type\":\"Article\",\"@id\":\"https:\\\/\\\/www.esplac.cat\\\/es\\\/obrim-placa-cap-comunicacio\\\/#article\",\"isPartOf\":{\"@id\":\"https:\\\/\\\/www.esplac.cat\\\/es\\\/obrim-placa-cap-comunicacio\\\/\"},\"author\":{\"name\":\"Comunicaci\u00f3 Esplac\",\"@id\":\"https:\\\/\\\/www.esplac.cat\\\/#\\\/schema\\\/person\\\/908383cf240be18b68f8855d0583faca\"},\"headline\":\"Obrim una pla\u00e7a de Cap de Comunicaci\u00f3\",\"datePublished\":\"2020-12-24T12:28:42+00:00\",\"dateModified\":\"2020-12-24T12:53:40+00:00\",\"mainEntityOfPage\":{\"@id\":\"https:\\\/\\\/www.esplac.cat\\\/es\\\/obrim-placa-cap-comunicacio\\\/\"},\"wordCount\":506,\"publisher\":{\"@id\":\"https:\\\/\\\/www.esplac.cat\\\/#organization\"},\"image\":{\"@id\":\"https:\\\/\\\/www.esplac.cat\\\/es\\\/obrim-placa-cap-comunicacio\\\/#primaryimage\"},\"thumbnailUrl\":\"https:\\\/\\\/www.esplac.cat\\\/wp-content\\\/uploads\\\/2019\\\/12\\\/laboral-esplac-feina.jpg\",\"keywords\":[\"comunicaci\u00f3\",\"feina\",\"laboral\"],\"articleSection\":[\"Secretaria T\u00e8cnica\"],\"inLanguage\":\"en-US\"},{\"@type\":\"WebPage\",\"@id\":\"https:\\\/\\\/www.esplac.cat\\\/es\\\/obrim-placa-cap-comunicacio\\\/\",\"url\":\"https:\\\/\\\/www.esplac.cat\\\/es\\\/obrim-placa-cap-comunicacio\\\/\",\"name\":\"Oferta laboral: Obrim una pla\u00e7a de Cap de Comunicaci\u00f3 - Esplac\",\"isPartOf\":{\"@id\":\"https:\\\/\\\/www.esplac.cat\\\/#website\"},\"primaryImageOfPage\":{\"@id\":\"https:\\\/\\\/www.esplac.cat\\\/es\\\/obrim-placa-cap-comunicacio\\\/#primaryimage\"},\"image\":{\"@id\":\"https:\\\/\\\/www.esplac.cat\\\/es\\\/obrim-placa-cap-comunicacio\\\/#primaryimage\"},\"thumbnailUrl\":\"https:\\\/\\\/www.esplac.cat\\\/wp-content\\\/uploads\\\/2019\\\/12\\\/laboral-esplac-feina.jpg\",\"datePublished\":\"2020-12-24T12:28:42+00:00\",\"dateModified\":\"2020-12-24T12:53:40+00:00\",\"description\":\"A Esplais Catalans busquem una persona per cobrir la pla\u00e7a de Cap de Comunicaci\u00f3. El termini de presentaci\u00f3 de curr\u00edculums finalitzar\u00e0 el 17 de gener de 2021.\",\"breadcrumb\":{\"@id\":\"https:\\\/\\\/www.esplac.cat\\\/es\\\/obrim-placa-cap-comunicacio\\\/#breadcrumb\"},\"inLanguage\":\"en-US\",\"potentialAction\":[{\"@type\":\"ReadAction\",\"target\":[\"https:\\\/\\\/www.esplac.cat\\\/es\\\/obrim-placa-cap-comunicacio\\\/\"]}]},{\"@type\":\"ImageObject\",\"inLanguage\":\"en-US\",\"@id\":\"https:\\\/\\\/www.esplac.cat\\\/es\\\/obrim-placa-cap-comunicacio\\\/#primaryimage\",\"url\":\"https:\\\/\\\/www.esplac.cat\\\/wp-content\\\/uploads\\\/2019\\\/12\\\/laboral-esplac-feina.jpg\",\"contentUrl\":\"https:\\\/\\\/www.esplac.cat\\\/wp-content\\\/uploads\\\/2019\\\/12\\\/laboral-esplac-feina.jpg\",\"width\":847,\"height\":350},{\"@type\":\"BreadcrumbList\",\"@id\":\"https:\\\/\\\/www.esplac.cat\\\/es\\\/obrim-placa-cap-comunicacio\\\/#breadcrumb\",\"itemListElement\":[{\"@type\":\"ListItem\",\"position\":1,\"name\":\"Inici\",\"item\":\"https:\\\/\\\/www.esplac.cat\\\/en\\\/\"},{\"@type\":\"ListItem\",\"position\":2,\"name\":\"Obrim una pla\u00e7a de Cap de Comunicaci\u00f3\"}]},{\"@type\":\"WebSite\",\"@id\":\"https:\\\/\\\/www.esplac.cat\\\/#website\",\"url\":\"https:\\\/\\\/www.esplac.cat\\\/\",\"name\":\"Esplac\",\"description\":\"Esplais Catalans\",\"publisher\":{\"@id\":\"https:\\\/\\\/www.esplac.cat\\\/#organization\"},\"potentialAction\":[{\"@type\":\"SearchAction\",\"target\":{\"@type\":\"EntryPoint\",\"urlTemplate\":\"https:\\\/\\\/www.esplac.cat\\\/?s={search_term_string}\"},\"query-input\":{\"@type\":\"PropertyValueSpecification\",\"valueRequired\":true,\"valueName\":\"search_term_string\"}}],\"inLanguage\":\"en-US\"},{\"@type\":\"Organization\",\"@id\":\"https:\\\/\\\/www.esplac.cat\\\/#organization\",\"name\":\"Esplac\",\"url\":\"https:\\\/\\\/www.esplac.cat\\\/\",\"logo\":{\"@type\":\"ImageObject\",\"inLanguage\":\"en-US\",\"@id\":\"https:\\\/\\\/www.esplac.cat\\\/#\\\/schema\\\/logo\\\/image\\\/\",\"url\":\"https:\\\/\\\/www.esplac.cat\\\/wp-content\\\/uploads\\\/2019\\\/08\\\/logox2.png\",\"contentUrl\":\"https:\\\/\\\/www.esplac.cat\\\/wp-content\\\/uploads\\\/2019\\\/08\\\/logox2.png\",\"width\":600,\"height\":295,\"caption\":\"Esplac\"},\"image\":{\"@id\":\"https:\\\/\\\/www.esplac.cat\\\/#\\\/schema\\\/logo\\\/image\\\/\"}},{\"@type\":\"Person\",\"@id\":\"https:\\\/\\\/www.esplac.cat\\\/#\\\/schema\\\/person\\\/908383cf240be18b68f8855d0583faca\",\"name\":\"Comunicaci\u00f3 Esplac\",\"image\":{\"@type\":\"ImageObject\",\"inLanguage\":\"en-US\",\"@id\":\"https:\\\/\\\/secure.gravatar.com\\\/avatar\\\/7a4cf8feb412a76ea4a740ca02d95b06b2907b5a6c648c2dd0a1082a093c3141?s=96&d=mm&r=g\",\"url\":\"https:\\\/\\\/secure.gravatar.com\\\/avatar\\\/7a4cf8feb412a76ea4a740ca02d95b06b2907b5a6c648c2dd0a1082a093c3141?s=96&d=mm&r=g\",\"contentUrl\":\"https:\\\/\\\/secure.gravatar.com\\\/avatar\\\/7a4cf8feb412a76ea4a740ca02d95b06b2907b5a6c648c2dd0a1082a093c3141?s=96&d=mm&r=g\",\"caption\":\"Comunicaci\u00f3 Esplac\"}}]}<\/script>\n<!-- \/ Yoast SEO plugin. -->","yoast_head_json":{"title":"Oferta laboral: Obrim una pla\u00e7a de Cap de Comunicaci\u00f3 - Esplac","description":"A Esplais Catalans busquem una persona per cobrir la pla\u00e7a de Cap de Comunicaci\u00f3. El termini de presentaci\u00f3 de curr\u00edculums finalitzar\u00e0 el 17 de gener de 2021.","robots":{"index":"index","follow":"follow","max-snippet":"max-snippet:-1","max-image-preview":"max-image-preview:large","max-video-preview":"max-video-preview:-1"},"canonical":"https:\/\/www.esplac.cat\/es\/obrim-placa-cap-comunicacio\/","og_locale":"en_US","og_type":"article","og_title":"Oferta laboral: Obrim una pla\u00e7a de Cap de Comunicaci\u00f3 - Esplac","og_description":"A Esplais Catalans busquem una persona per cobrir la pla\u00e7a de Cap de Comunicaci\u00f3. El termini de presentaci\u00f3 de curr\u00edculums finalitzar\u00e0 el 17 de gener de 2021.","og_url":"https:\/\/www.esplac.cat\/es\/obrim-placa-cap-comunicacio\/","og_site_name":"Esplac","article_published_time":"2020-12-24T12:28:42+00:00","article_modified_time":"2020-12-24T12:53:40+00:00","og_image":[{"width":847,"height":350,"url":"https:\/\/www.esplac.cat\/wp-content\/uploads\/2019\/12\/laboral-esplac-feina.jpg","type":"image\/jpeg"}],"author":"Comunicaci\u00f3 Esplac","twitter_card":"summary_large_image","twitter_misc":{"Written by":"Comunicaci\u00f3 Esplac","Est. reading time":"2 minutes"},"schema":{"@context":"https:\/\/schema.org","@graph":[{"@type":"Article","@id":"https:\/\/www.esplac.cat\/es\/obrim-placa-cap-comunicacio\/#article","isPartOf":{"@id":"https:\/\/www.esplac.cat\/es\/obrim-placa-cap-comunicacio\/"},"author":{"name":"Comunicaci\u00f3 Esplac","@id":"https:\/\/www.esplac.cat\/#\/schema\/person\/908383cf240be18b68f8855d0583faca"},"headline":"Obrim una pla\u00e7a de Cap de Comunicaci\u00f3","datePublished":"2020-12-24T12:28:42+00:00","dateModified":"2020-12-24T12:53:40+00:00","mainEntityOfPage":{"@id":"https:\/\/www.esplac.cat\/es\/obrim-placa-cap-comunicacio\/"},"wordCount":506,"publisher":{"@id":"https:\/\/www.esplac.cat\/#organization"},"image":{"@id":"https:\/\/www.esplac.cat\/es\/obrim-placa-cap-comunicacio\/#primaryimage"},"thumbnailUrl":"https:\/\/www.esplac.cat\/wp-content\/uploads\/2019\/12\/laboral-esplac-feina.jpg","keywords":["comunicaci\u00f3","feina","laboral"],"articleSection":["Secretaria T\u00e8cnica"],"inLanguage":"en-US"},{"@type":"WebPage","@id":"https:\/\/www.esplac.cat\/es\/obrim-placa-cap-comunicacio\/","url":"https:\/\/www.esplac.cat\/es\/obrim-placa-cap-comunicacio\/","name":"Oferta laboral: Obrim una pla\u00e7a de Cap de Comunicaci\u00f3 - Esplac","isPartOf":{"@id":"https:\/\/www.esplac.cat\/#website"},"primaryImageOfPage":{"@id":"https:\/\/www.esplac.cat\/es\/obrim-placa-cap-comunicacio\/#primaryimage"},"image":{"@id":"https:\/\/www.esplac.cat\/es\/obrim-placa-cap-comunicacio\/#primaryimage"},"thumbnailUrl":"https:\/\/www.esplac.cat\/wp-content\/uploads\/2019\/12\/laboral-esplac-feina.jpg","datePublished":"2020-12-24T12:28:42+00:00","dateModified":"2020-12-24T12:53:40+00:00","description":"A Esplais Catalans busquem una persona per cobrir la pla\u00e7a de Cap de Comunicaci\u00f3. El termini de presentaci\u00f3 de curr\u00edculums finalitzar\u00e0 el 17 de gener de 2021.","breadcrumb":{"@id":"https:\/\/www.esplac.cat\/es\/obrim-placa-cap-comunicacio\/#breadcrumb"},"inLanguage":"en-US","potentialAction":[{"@type":"ReadAction","target":["https:\/\/www.esplac.cat\/es\/obrim-placa-cap-comunicacio\/"]}]},{"@type":"ImageObject","inLanguage":"en-US","@id":"https:\/\/www.esplac.cat\/es\/obrim-placa-cap-comunicacio\/#primaryimage","url":"https:\/\/www.esplac.cat\/wp-content\/uploads\/2019\/12\/laboral-esplac-feina.jpg","contentUrl":"https:\/\/www.esplac.cat\/wp-content\/uploads\/2019\/12\/laboral-esplac-feina.jpg","width":847,"height":350},{"@type":"BreadcrumbList","@id":"https:\/\/www.esplac.cat\/es\/obrim-placa-cap-comunicacio\/#breadcrumb","itemListElement":[{"@type":"ListItem","position":1,"name":"Inici","item":"https:\/\/www.esplac.cat\/en\/"},{"@type":"ListItem","position":2,"name":"Obrim una pla\u00e7a de Cap de Comunicaci\u00f3"}]},{"@type":"WebSite","@id":"https:\/\/www.esplac.cat\/#website","url":"https:\/\/www.esplac.cat\/","name":"Esplac","description":"Esplais Catalans","publisher":{"@id":"https:\/\/www.esplac.cat\/#organization"},"potentialAction":[{"@type":"SearchAction","target":{"@type":"EntryPoint","urlTemplate":"https:\/\/www.esplac.cat\/?s={search_term_string}"},"query-input":{"@type":"PropertyValueSpecification","valueRequired":true,"valueName":"search_term_string"}}],"inLanguage":"en-US"},{"@type":"Organization","@id":"https:\/\/www.esplac.cat\/#organization","name":"Esplac","url":"https:\/\/www.esplac.cat\/","logo":{"@type":"ImageObject","inLanguage":"en-US","@id":"https:\/\/www.esplac.cat\/#\/schema\/logo\/image\/","url":"https:\/\/www.esplac.cat\/wp-content\/uploads\/2019\/08\/logox2.png","contentUrl":"https:\/\/www.esplac.cat\/wp-content\/uploads\/2019\/08\/logox2.png","width":600,"height":295,"caption":"Esplac"},"image":{"@id":"https:\/\/www.esplac.cat\/#\/schema\/logo\/image\/"}},{"@type":"Person","@id":"https:\/\/www.esplac.cat\/#\/schema\/person\/908383cf240be18b68f8855d0583faca","name":"Comunicaci\u00f3 Esplac","image":{"@type":"ImageObject","inLanguage":"en-US","@id":"https:\/\/secure.gravatar.com\/avatar\/7a4cf8feb412a76ea4a740ca02d95b06b2907b5a6c648c2dd0a1082a093c3141?s=96&d=mm&r=g","url":"https:\/\/secure.gravatar.com\/avatar\/7a4cf8feb412a76ea4a740ca02d95b06b2907b5a6c648c2dd0a1082a093c3141?s=96&d=mm&r=g","contentUrl":"https:\/\/secure.gravatar.com\/avatar\/7a4cf8feb412a76ea4a740ca02d95b06b2907b5a6c648c2dd0a1082a093c3141?s=96&d=mm&r=g","caption":"Comunicaci\u00f3 Esplac"}}]}},"_links":{"self":[{"href":"https:\/\/www.esplac.cat\/en\/wp-json\/wp\/v2\/posts\/34011","targetHints":{"allow":["GET"]}}],"collection":[{"href":"https:\/\/www.esplac.cat\/en\/wp-json\/wp\/v2\/posts"}],"about":[{"href":"https:\/\/www.esplac.cat\/en\/wp-json\/wp\/v2\/types\/post"}],"author":[{"embeddable":true,"href":"https:\/\/www.esplac.cat\/en\/wp-json\/wp\/v2\/users\/3"}],"replies":[{"embeddable":true,"href":"https:\/\/www.esplac.cat\/en\/wp-json\/wp\/v2\/comments?post=34011"}],"version-history":[{"count":0,"href":"https:\/\/www.esplac.cat\/en\/wp-json\/wp\/v2\/posts\/34011\/revisions"}],"wp:featuredmedia":[{"embeddable":true,"href":"https:\/\/www.esplac.cat\/en\/wp-json\/wp\/v2\/media\/29737"}],"wp:attachment":[{"href":"https:\/\/www.esplac.cat\/en\/wp-json\/wp\/v2\/media?parent=34011"}],"wp:term":[{"taxonomy":"category","embeddable":true,"href":"https:\/\/www.esplac.cat\/en\/wp-json\/wp\/v2\/categories?post=34011"},{"taxonomy":"post_tag","embeddable":true,"href":"https:\/\/www.esplac.cat\/en\/wp-json\/wp\/v2\/tags?post=34011"}],"curies":[{"name":"wp","href":"https:\/\/api.w.org\/{rel}","templated":true}]}}