{"id":34235,"date":"2020-12-28T12:55:05","date_gmt":"2020-12-28T11:55:05","guid":{"rendered":"https:\/\/www.esplac.cat\/?p=34235"},"modified":"2021-01-26T13:13:00","modified_gmt":"2021-01-26T12:13:00","slug":"idees-clau-jornades-ambientals","status":"publish","type":"post","link":"https:\/\/www.esplac.cat\/en\/idees-clau-jornades-ambientals\/","title":{"rendered":"Idees clau de les VII Jornades Ambientals: eines, consells i bones pr\u00e0ctiques"},"content":{"rendered":"<h6><strong>El passat mes d&#8217;octubre es va celebrar la setena edici\u00f3 de les Jornades Ambientals sobre la petjada ecol\u00f2gica en els viatges i activitats d&#8217;oci. En base a tota la informaci\u00f3, idees i aprenentatge que es va extreure, s&#8217;ha desenvolupat un document recurs.\u00a0\u00a0<\/strong><\/h6>\n<p>La <span style=\"color: #ff9900;\"><a style=\"color: #ff9900;\" href=\"https:\/\/www.esplac.cat\/comissions\/reduint-petjada\/\" target=\"_blank\" rel=\"noopener noreferrer\">Comissi\u00f3 Reduint Petjada<\/a><\/span> i el Grup de Treball del <span style=\"color: #ff9900;\"><a style=\"color: #ff9900;\" href=\"https:\/\/www.esplac.cat\/experiencia-canada\/\" target=\"_blank\" rel=\"noopener noreferrer\">projecte Amplify Youth Voices<\/a><\/span> del Canad\u00e0 van treballar plegades enguany per preparar les <span style=\"color: #ff9900;\"><a style=\"color: #ff9900;\" href=\"https:\/\/www.esplac.cat\/posem-consciencia-petjada-que-deixem-jornades-ambientals\/\" target=\"_blank\" rel=\"noopener noreferrer\">VII Jornades Ambientals<\/a><\/span>. Aquest cop, la pregunta principal era: <strong><em>som conscients de la petjada ecol\u00f2gica que generem en els nostres viatges i activitats d\u2019oci? <\/em><\/strong><\/p>\n<p>Sabem que totes les nostres accions generen una petjada ecol\u00f2gica irreversible i <strong>\u00e9s a les nostres mans implementar canvis reals i immediats<\/strong>. Despr\u00e9s de declarar l\u2019emerg\u00e8ncia clim\u00e0tica, des de Reduint Petjada i Amplify Youth Voices han volgut facilitar eines per a que els esplais puguin revisar les pr\u00e0ctiques que realitzen i adoptar mesures el m\u00e9s aviat possible.<\/p>\n<p>Per tal de recollir-ho tot, s&#8217;ha creat aquest document que recull la informaci\u00f3 que van exposar les ponents de les jornades, aix\u00ed com consells, idees i bones pr\u00e0ctiques per aplicar als esplais.<\/p>\n<p><strong>Podeu trobar el document recurs aqu\u00ed<\/strong>:<\/p>\n<div class=\"fusion-button-wrapper\"><a class=\"fusion-button button-flat fusion-button-default-size button-default fusion-button-default button-1 fusion-button-default-span fusion-button-default-type\" target=\"_blank\" rel=\"noopener noreferrer\" href=\"https:\/\/www.esplac.cat\/wp-content\/uploads\/2021\/01\/JornadesAmbientals20_Dossier.pdf\"><span class=\"fusion-button-text\">Dossier Jornades Ambientals 2020<\/span><\/a><\/div>\n<p>&nbsp;<\/p>\n<p>I una <strong>versi\u00f3 curta<\/strong> del mateix document aqu\u00ed:<\/p>\n<div class=\"fusion-button-wrapper\"><a class=\"fusion-button button-flat fusion-button-default-size button-default fusion-button-default button-2 fusion-button-default-span fusion-button-default-type\" target=\"_blank\" rel=\"noopener noreferrer\" href=\"https:\/\/www.esplac.cat\/wp-content\/uploads\/2021\/01\/VersioCurta_DossierJA20.pdf\"><span class=\"fusion-button-text\">Versi\u00f3 curta (document resum)<\/span><\/a><\/div>\n","protected":false},"excerpt":{"rendered":"<p>El passat mes d&#8217;octubre es va celebrar la setena edici\u00f3 [&hellip;]<\/p>\n","protected":false},"author":3,"featured_media":34641,"comment_status":"closed","ping_status":"closed","sticky":false,"template":"","format":"standard","meta":{"om_disable_all_campaigns":false,"_monsterinsights_skip_tracking":false,"_monsterinsights_sitenote_active":false,"_monsterinsights_sitenote_note":"","_monsterinsights_sitenote_category":0,"_uf_show_specific_survey":0,"_uf_disable_surveys":false,"footnotes":""},"categories":[1161,1159],"tags":[],"class_list":["post-34235","post","type-post","status-publish","format-standard","has-post-thumbnail","hentry","category-comissio-reduint-petjada","category-jornades-ambientals"],"yoast_head":"<!-- This site is optimized with the Yoast SEO plugin v27.5 - https:\/\/yoast.com\/product\/yoast-seo-wordpress\/ -->\n<title>VII Jornades Ambientals: eines, consells i bones pr\u00e0ctiques - Esplac<\/title>\n<meta name=\"description\" content=\"En base a tota la informaci\u00f3, idees i aprenentatge que es va extreure de les Jornades Ambientals 2020, s&#039;ha desenvolupat un document recurs.\u00a0\u00a0\" \/>\n<meta name=\"robots\" content=\"index, follow, max-snippet:-1, max-image-preview:large, max-video-preview:-1\" \/>\n<link rel=\"canonical\" href=\"https:\/\/www.esplac.cat\/en\/idees-clau-jornades-ambientals\/\" \/>\n<meta property=\"og:locale\" content=\"en_US\" \/>\n<meta property=\"og:type\" content=\"article\" \/>\n<meta property=\"og:title\" content=\"VII Jornades Ambientals: eines, consells i bones pr\u00e0ctiques - Esplac\" \/>\n<meta property=\"og:description\" content=\"En base a tota la informaci\u00f3, idees i aprenentatge que es va extreure de les Jornades Ambientals 2020, s&#039;ha desenvolupat un document recurs.\u00a0\u00a0\" \/>\n<meta property=\"og:url\" content=\"https:\/\/www.esplac.cat\/en\/idees-clau-jornades-ambientals\/\" \/>\n<meta property=\"og:site_name\" content=\"Esplac\" \/>\n<meta property=\"article:published_time\" content=\"2020-12-28T11:55:05+00:00\" \/>\n<meta property=\"article:modified_time\" content=\"2021-01-26T12:13:00+00:00\" \/>\n<meta property=\"og:image\" content=\"https:\/\/www.esplac.cat\/wp-content\/uploads\/2021\/01\/portada_dossierJA.jpg\" \/>\n\t<meta property=\"og:image:width\" content=\"1694\" \/>\n\t<meta property=\"og:image:height\" content=\"700\" \/>\n\t<meta property=\"og:image:type\" content=\"image\/jpeg\" \/>\n<meta name=\"author\" content=\"Comunicaci\u00f3 Esplac\" \/>\n<meta name=\"twitter:card\" content=\"summary_large_image\" \/>\n<meta name=\"twitter:label1\" content=\"Written by\" \/>\n\t<meta name=\"twitter:data1\" content=\"Comunicaci\u00f3 Esplac\" \/>\n\t<meta name=\"twitter:label2\" content=\"Est. reading time\" \/>\n\t<meta name=\"twitter:data2\" content=\"2 minutes\" \/>\n<script type=\"application\/ld+json\" class=\"yoast-schema-graph\">{\"@context\":\"https:\\\/\\\/schema.org\",\"@graph\":[{\"@type\":\"Article\",\"@id\":\"https:\\\/\\\/www.esplac.cat\\\/en\\\/idees-clau-jornades-ambientals\\\/#article\",\"isPartOf\":{\"@id\":\"https:\\\/\\\/www.esplac.cat\\\/en\\\/idees-clau-jornades-ambientals\\\/\"},\"author\":{\"name\":\"Comunicaci\u00f3 Esplac\",\"@id\":\"https:\\\/\\\/www.esplac.cat\\\/#\\\/schema\\\/person\\\/908383cf240be18b68f8855d0583faca\"},\"headline\":\"Idees clau de les VII Jornades Ambientals: eines, consells i bones pr\u00e0ctiques\",\"datePublished\":\"2020-12-28T11:55:05+00:00\",\"dateModified\":\"2021-01-26T12:13:00+00:00\",\"mainEntityOfPage\":{\"@id\":\"https:\\\/\\\/www.esplac.cat\\\/en\\\/idees-clau-jornades-ambientals\\\/\"},\"wordCount\":402,\"publisher\":{\"@id\":\"https:\\\/\\\/www.esplac.cat\\\/#organization\"},\"image\":{\"@id\":\"https:\\\/\\\/www.esplac.cat\\\/en\\\/idees-clau-jornades-ambientals\\\/#primaryimage\"},\"thumbnailUrl\":\"https:\\\/\\\/www.esplac.cat\\\/wp-content\\\/uploads\\\/2021\\\/01\\\/portada_dossierJA.jpg\",\"articleSection\":[\"Comissi\u00f3 Reduint Petjada\",\"Jornades ambientals\"],\"inLanguage\":\"en-US\"},{\"@type\":\"WebPage\",\"@id\":\"https:\\\/\\\/www.esplac.cat\\\/en\\\/idees-clau-jornades-ambientals\\\/\",\"url\":\"https:\\\/\\\/www.esplac.cat\\\/en\\\/idees-clau-jornades-ambientals\\\/\",\"name\":\"VII Jornades Ambientals: eines, consells i bones pr\u00e0ctiques - Esplac\",\"isPartOf\":{\"@id\":\"https:\\\/\\\/www.esplac.cat\\\/#website\"},\"primaryImageOfPage\":{\"@id\":\"https:\\\/\\\/www.esplac.cat\\\/en\\\/idees-clau-jornades-ambientals\\\/#primaryimage\"},\"image\":{\"@id\":\"https:\\\/\\\/www.esplac.cat\\\/en\\\/idees-clau-jornades-ambientals\\\/#primaryimage\"},\"thumbnailUrl\":\"https:\\\/\\\/www.esplac.cat\\\/wp-content\\\/uploads\\\/2021\\\/01\\\/portada_dossierJA.jpg\",\"datePublished\":\"2020-12-28T11:55:05+00:00\",\"dateModified\":\"2021-01-26T12:13:00+00:00\",\"description\":\"En base a tota la informaci\u00f3, idees i aprenentatge que es va extreure de les Jornades Ambientals 2020, s'ha desenvolupat un document recurs.\u00a0\u00a0\",\"breadcrumb\":{\"@id\":\"https:\\\/\\\/www.esplac.cat\\\/en\\\/idees-clau-jornades-ambientals\\\/#breadcrumb\"},\"inLanguage\":\"en-US\",\"potentialAction\":[{\"@type\":\"ReadAction\",\"target\":[\"https:\\\/\\\/www.esplac.cat\\\/en\\\/idees-clau-jornades-ambientals\\\/\"]}]},{\"@type\":\"ImageObject\",\"inLanguage\":\"en-US\",\"@id\":\"https:\\\/\\\/www.esplac.cat\\\/en\\\/idees-clau-jornades-ambientals\\\/#primaryimage\",\"url\":\"https:\\\/\\\/www.esplac.cat\\\/wp-content\\\/uploads\\\/2021\\\/01\\\/portada_dossierJA.jpg\",\"contentUrl\":\"https:\\\/\\\/www.esplac.cat\\\/wp-content\\\/uploads\\\/2021\\\/01\\\/portada_dossierJA.jpg\",\"width\":1694,\"height\":700,\"caption\":\"idees Jornades ambientals\"},{\"@type\":\"BreadcrumbList\",\"@id\":\"https:\\\/\\\/www.esplac.cat\\\/en\\\/idees-clau-jornades-ambientals\\\/#breadcrumb\",\"itemListElement\":[{\"@type\":\"ListItem\",\"position\":1,\"name\":\"Inici\",\"item\":\"https:\\\/\\\/www.esplac.cat\\\/en\\\/\"},{\"@type\":\"ListItem\",\"position\":2,\"name\":\"Idees clau de les VII Jornades Ambientals: eines, consells i bones pr\u00e0ctiques\"}]},{\"@type\":\"WebSite\",\"@id\":\"https:\\\/\\\/www.esplac.cat\\\/#website\",\"url\":\"https:\\\/\\\/www.esplac.cat\\\/\",\"name\":\"Esplac\",\"description\":\"Esplais Catalans\",\"publisher\":{\"@id\":\"https:\\\/\\\/www.esplac.cat\\\/#organization\"},\"potentialAction\":[{\"@type\":\"SearchAction\",\"target\":{\"@type\":\"EntryPoint\",\"urlTemplate\":\"https:\\\/\\\/www.esplac.cat\\\/?s={search_term_string}\"},\"query-input\":{\"@type\":\"PropertyValueSpecification\",\"valueRequired\":true,\"valueName\":\"search_term_string\"}}],\"inLanguage\":\"en-US\"},{\"@type\":\"Organization\",\"@id\":\"https:\\\/\\\/www.esplac.cat\\\/#organization\",\"name\":\"Esplac\",\"url\":\"https:\\\/\\\/www.esplac.cat\\\/\",\"logo\":{\"@type\":\"ImageObject\",\"inLanguage\":\"en-US\",\"@id\":\"https:\\\/\\\/www.esplac.cat\\\/#\\\/schema\\\/logo\\\/image\\\/\",\"url\":\"https:\\\/\\\/www.esplac.cat\\\/wp-content\\\/uploads\\\/2019\\\/08\\\/logox2.png\",\"contentUrl\":\"https:\\\/\\\/www.esplac.cat\\\/wp-content\\\/uploads\\\/2019\\\/08\\\/logox2.png\",\"width\":600,\"height\":295,\"caption\":\"Esplac\"},\"image\":{\"@id\":\"https:\\\/\\\/www.esplac.cat\\\/#\\\/schema\\\/logo\\\/image\\\/\"}},{\"@type\":\"Person\",\"@id\":\"https:\\\/\\\/www.esplac.cat\\\/#\\\/schema\\\/person\\\/908383cf240be18b68f8855d0583faca\",\"name\":\"Comunicaci\u00f3 Esplac\",\"image\":{\"@type\":\"ImageObject\",\"inLanguage\":\"en-US\",\"@id\":\"https:\\\/\\\/secure.gravatar.com\\\/avatar\\\/7a4cf8feb412a76ea4a740ca02d95b06b2907b5a6c648c2dd0a1082a093c3141?s=96&d=mm&r=g\",\"url\":\"https:\\\/\\\/secure.gravatar.com\\\/avatar\\\/7a4cf8feb412a76ea4a740ca02d95b06b2907b5a6c648c2dd0a1082a093c3141?s=96&d=mm&r=g\",\"contentUrl\":\"https:\\\/\\\/secure.gravatar.com\\\/avatar\\\/7a4cf8feb412a76ea4a740ca02d95b06b2907b5a6c648c2dd0a1082a093c3141?s=96&d=mm&r=g\",\"caption\":\"Comunicaci\u00f3 Esplac\"}}]}<\/script>\n<!-- \/ Yoast SEO plugin. -->","yoast_head_json":{"title":"VII Jornades Ambientals: eines, consells i bones pr\u00e0ctiques - Esplac","description":"En base a tota la informaci\u00f3, idees i aprenentatge que es va extreure de les Jornades Ambientals 2020, s'ha desenvolupat un document recurs.\u00a0\u00a0","robots":{"index":"index","follow":"follow","max-snippet":"max-snippet:-1","max-image-preview":"max-image-preview:large","max-video-preview":"max-video-preview:-1"},"canonical":"https:\/\/www.esplac.cat\/en\/idees-clau-jornades-ambientals\/","og_locale":"en_US","og_type":"article","og_title":"VII Jornades Ambientals: eines, consells i bones pr\u00e0ctiques - Esplac","og_description":"En base a tota la informaci\u00f3, idees i aprenentatge que es va extreure de les Jornades Ambientals 2020, s'ha desenvolupat un document recurs.\u00a0\u00a0","og_url":"https:\/\/www.esplac.cat\/en\/idees-clau-jornades-ambientals\/","og_site_name":"Esplac","article_published_time":"2020-12-28T11:55:05+00:00","article_modified_time":"2021-01-26T12:13:00+00:00","og_image":[{"width":1694,"height":700,"url":"https:\/\/www.esplac.cat\/wp-content\/uploads\/2021\/01\/portada_dossierJA.jpg","type":"image\/jpeg"}],"author":"Comunicaci\u00f3 Esplac","twitter_card":"summary_large_image","twitter_misc":{"Written by":"Comunicaci\u00f3 Esplac","Est. reading time":"2 minutes"},"schema":{"@context":"https:\/\/schema.org","@graph":[{"@type":"Article","@id":"https:\/\/www.esplac.cat\/en\/idees-clau-jornades-ambientals\/#article","isPartOf":{"@id":"https:\/\/www.esplac.cat\/en\/idees-clau-jornades-ambientals\/"},"author":{"name":"Comunicaci\u00f3 Esplac","@id":"https:\/\/www.esplac.cat\/#\/schema\/person\/908383cf240be18b68f8855d0583faca"},"headline":"Idees clau de les VII Jornades Ambientals: eines, consells i bones pr\u00e0ctiques","datePublished":"2020-12-28T11:55:05+00:00","dateModified":"2021-01-26T12:13:00+00:00","mainEntityOfPage":{"@id":"https:\/\/www.esplac.cat\/en\/idees-clau-jornades-ambientals\/"},"wordCount":402,"publisher":{"@id":"https:\/\/www.esplac.cat\/#organization"},"image":{"@id":"https:\/\/www.esplac.cat\/en\/idees-clau-jornades-ambientals\/#primaryimage"},"thumbnailUrl":"https:\/\/www.esplac.cat\/wp-content\/uploads\/2021\/01\/portada_dossierJA.jpg","articleSection":["Comissi\u00f3 Reduint Petjada","Jornades ambientals"],"inLanguage":"en-US"},{"@type":"WebPage","@id":"https:\/\/www.esplac.cat\/en\/idees-clau-jornades-ambientals\/","url":"https:\/\/www.esplac.cat\/en\/idees-clau-jornades-ambientals\/","name":"VII Jornades Ambientals: eines, consells i bones pr\u00e0ctiques - Esplac","isPartOf":{"@id":"https:\/\/www.esplac.cat\/#website"},"primaryImageOfPage":{"@id":"https:\/\/www.esplac.cat\/en\/idees-clau-jornades-ambientals\/#primaryimage"},"image":{"@id":"https:\/\/www.esplac.cat\/en\/idees-clau-jornades-ambientals\/#primaryimage"},"thumbnailUrl":"https:\/\/www.esplac.cat\/wp-content\/uploads\/2021\/01\/portada_dossierJA.jpg","datePublished":"2020-12-28T11:55:05+00:00","dateModified":"2021-01-26T12:13:00+00:00","description":"En base a tota la informaci\u00f3, idees i aprenentatge que es va extreure de les Jornades Ambientals 2020, s'ha desenvolupat un document recurs.\u00a0\u00a0","breadcrumb":{"@id":"https:\/\/www.esplac.cat\/en\/idees-clau-jornades-ambientals\/#breadcrumb"},"inLanguage":"en-US","potentialAction":[{"@type":"ReadAction","target":["https:\/\/www.esplac.cat\/en\/idees-clau-jornades-ambientals\/"]}]},{"@type":"ImageObject","inLanguage":"en-US","@id":"https:\/\/www.esplac.cat\/en\/idees-clau-jornades-ambientals\/#primaryimage","url":"https:\/\/www.esplac.cat\/wp-content\/uploads\/2021\/01\/portada_dossierJA.jpg","contentUrl":"https:\/\/www.esplac.cat\/wp-content\/uploads\/2021\/01\/portada_dossierJA.jpg","width":1694,"height":700,"caption":"idees Jornades ambientals"},{"@type":"BreadcrumbList","@id":"https:\/\/www.esplac.cat\/en\/idees-clau-jornades-ambientals\/#breadcrumb","itemListElement":[{"@type":"ListItem","position":1,"name":"Inici","item":"https:\/\/www.esplac.cat\/en\/"},{"@type":"ListItem","position":2,"name":"Idees clau de les VII Jornades Ambientals: eines, consells i bones pr\u00e0ctiques"}]},{"@type":"WebSite","@id":"https:\/\/www.esplac.cat\/#website","url":"https:\/\/www.esplac.cat\/","name":"Esplac","description":"Esplais Catalans","publisher":{"@id":"https:\/\/www.esplac.cat\/#organization"},"potentialAction":[{"@type":"SearchAction","target":{"@type":"EntryPoint","urlTemplate":"https:\/\/www.esplac.cat\/?s={search_term_string}"},"query-input":{"@type":"PropertyValueSpecification","valueRequired":true,"valueName":"search_term_string"}}],"inLanguage":"en-US"},{"@type":"Organization","@id":"https:\/\/www.esplac.cat\/#organization","name":"Esplac","url":"https:\/\/www.esplac.cat\/","logo":{"@type":"ImageObject","inLanguage":"en-US","@id":"https:\/\/www.esplac.cat\/#\/schema\/logo\/image\/","url":"https:\/\/www.esplac.cat\/wp-content\/uploads\/2019\/08\/logox2.png","contentUrl":"https:\/\/www.esplac.cat\/wp-content\/uploads\/2019\/08\/logox2.png","width":600,"height":295,"caption":"Esplac"},"image":{"@id":"https:\/\/www.esplac.cat\/#\/schema\/logo\/image\/"}},{"@type":"Person","@id":"https:\/\/www.esplac.cat\/#\/schema\/person\/908383cf240be18b68f8855d0583faca","name":"Comunicaci\u00f3 Esplac","image":{"@type":"ImageObject","inLanguage":"en-US","@id":"https:\/\/secure.gravatar.com\/avatar\/7a4cf8feb412a76ea4a740ca02d95b06b2907b5a6c648c2dd0a1082a093c3141?s=96&d=mm&r=g","url":"https:\/\/secure.gravatar.com\/avatar\/7a4cf8feb412a76ea4a740ca02d95b06b2907b5a6c648c2dd0a1082a093c3141?s=96&d=mm&r=g","contentUrl":"https:\/\/secure.gravatar.com\/avatar\/7a4cf8feb412a76ea4a740ca02d95b06b2907b5a6c648c2dd0a1082a093c3141?s=96&d=mm&r=g","caption":"Comunicaci\u00f3 Esplac"}}]}},"_links":{"self":[{"href":"https:\/\/www.esplac.cat\/en\/wp-json\/wp\/v2\/posts\/34235","targetHints":{"allow":["GET"]}}],"collection":[{"href":"https:\/\/www.esplac.cat\/en\/wp-json\/wp\/v2\/posts"}],"about":[{"href":"https:\/\/www.esplac.cat\/en\/wp-json\/wp\/v2\/types\/post"}],"author":[{"embeddable":true,"href":"https:\/\/www.esplac.cat\/en\/wp-json\/wp\/v2\/users\/3"}],"replies":[{"embeddable":true,"href":"https:\/\/www.esplac.cat\/en\/wp-json\/wp\/v2\/comments?post=34235"}],"version-history":[{"count":0,"href":"https:\/\/www.esplac.cat\/en\/wp-json\/wp\/v2\/posts\/34235\/revisions"}],"wp:featuredmedia":[{"embeddable":true,"href":"https:\/\/www.esplac.cat\/en\/wp-json\/wp\/v2\/media\/34641"}],"wp:attachment":[{"href":"https:\/\/www.esplac.cat\/en\/wp-json\/wp\/v2\/media?parent=34235"}],"wp:term":[{"taxonomy":"category","embeddable":true,"href":"https:\/\/www.esplac.cat\/en\/wp-json\/wp\/v2\/categories?post=34235"},{"taxonomy":"post_tag","embeddable":true,"href":"https:\/\/www.esplac.cat\/en\/wp-json\/wp\/v2\/tags?post=34235"}],"curies":[{"name":"wp","href":"https:\/\/api.w.org\/{rel}","templated":true}]}}