{"id":34671,"date":"2021-01-28T13:54:17","date_gmt":"2021-01-28T12:54:17","guid":{"rendered":"https:\/\/www.esplac.cat\/?p=34671"},"modified":"2021-01-28T13:54:17","modified_gmt":"2021-01-28T12:54:17","slug":"resist-global-climate-divide-training-noves-places","status":"publish","type":"post","link":"https:\/\/www.esplac.cat\/en\/resist-global-climate-divide-training-noves-places\/","title":{"rendered":"Deu noves places per a l&#8217;activitat internacional &#8220;Resist! the Global Climate Divide Training&#8221;"},"content":{"rendered":"<h6><strong>Arriba des de la IFM-SEI aquesta nova convocat\u00f2ria per a joves d\u2019arreu del m\u00f3n que vulguin lluitar contra la crisi clim\u00e0tica, la formaci\u00f3 &#8220;Resist! the Global Climate Divide Training&#8221;.<\/strong><\/h6>\n<p><span style=\"font-weight: 400;\">Si et preocupa com ser\u00e0 el futur del nostre planeta; si t\u2019indigna que les accions d\u2019uns pocs posin en perill la resta de la humanitat i la biodiversitat; si ets o t\u2019agradaria ser activista clim\u00e0tic i vols fer que les teves pr\u00e0ctiques siguin m\u00e9s inclusives i arribin a m\u00e9s gent&#8230; Aquesta formaci\u00f3, &#8220;Resist! The Global Climate Divide Training&#8221;, \u00e9s per a tu!<\/span><\/p>\n<p><span style=\"font-weight: 400;\">Al llarg de 3 mesos es duran a terme 3 formacions de capacitaci\u00f3 <\/span><span style=\"font-weight: 400;\">en l\u00ednia (telem\u00e0ticament)<\/span><span style=\"font-weight: 400;\"> plenes de din\u00e0miques, que <strong>combinaran el curs virtual amb accions en persona<\/strong>. Es treballar\u00e0 des d\u2019una perspectiva interseccional, per tal d\u2019entendre la lluita clim\u00e0tica dins la globalitat d\u2019un m\u00f3n capitalista, blanc i cisheteropatriarcal,<\/span><\/p>\n<p><span style=\"font-weight: 400;\">A m\u00e9s a m\u00e9s, <\/span><b>cada participant rebr\u00e0 finan\u00e7ament per a dur a terme projectes locals!<\/b><\/p>\n<p><span style=\"font-weight: 400;\">El curs comen\u00e7ar\u00e0 al febrer, aix\u00ed que apunteu-vos <\/span><strong><span style=\"color: #ff9900;\"><a style=\"color: #ff9900;\" href=\"https:\/\/docs.google.com\/forms\/d\/e\/1FAIphttps:\/\/docs.google.com\/forms\/d\/e\/1FAIpQLSfdrdZfJRRLejlo6T3lvKpmQe1UoV6_xGqnlCKNGu7DGmD-Gw\/viewform\">en aquest formulari<\/a><\/span><\/strong><span style=\"font-weight: 400;\"> abans del <\/span><b>3 de febrer<\/b><span style=\"font-weight: 400;\">.<\/span><\/p>\n<p><b>Qu\u00e8 cal per participar?<\/b><\/p>\n<ul>\n<li style=\"font-weight: 400;\" aria-level=\"1\"><span style=\"font-weight: 400;\">Tenir entre 16 i 30 anys<\/span><\/li>\n<li style=\"font-weight: 400;\" aria-level=\"1\"><span style=\"font-weight: 400;\">Formar part d\u2019Esplac i tenir una participaci\u00f3 activa al projecte<\/span><\/li>\n<li style=\"font-weight: 400;\" aria-level=\"1\"><span style=\"font-weight: 400;\">Motivaci\u00f3 davant dels reptes de la lluita clim\u00e0tica<\/span><\/li>\n<li style=\"font-weight: 400;\" aria-level=\"1\"><span style=\"font-weight: 400;\">Capacitat de treball en angl\u00e8s<\/span><\/li>\n<li style=\"font-weight: 400;\" aria-level=\"1\"><span style=\"font-weight: 400;\">Motivaci\u00f3 per crear un projecte local i tirar-lo endavant<\/span><\/li>\n<\/ul>\n<p><b>Calendari:<\/b><\/p>\n<table>\n<tbody>\n<tr>\n<td><b>Mes<\/b><\/td>\n<td><b>Dates<\/b><\/td>\n<td><b>Horari<\/b><\/td>\n<\/tr>\n<tr>\n<td><span style=\"font-weight: 400;\">Febrer<\/span><\/td>\n<td><span style=\"font-weight: 400;\">Tots els dissabtes excepte el 20\/02<\/span><\/td>\n<td><span style=\"font-weight: 400;\">15 &#8211; 17.30h<\/span><\/td>\n<\/tr>\n<tr>\n<td><span style=\"font-weight: 400;\">Mar\u00e7<\/span><\/td>\n<td><span style=\"font-weight: 400;\">Tots els diumenges excepte el 14\/03<\/span><\/td>\n<td><span style=\"font-weight: 400;\">15 &#8211; 17.30h<\/span><\/td>\n<\/tr>\n<tr>\n<td><span style=\"font-weight: 400;\">Abril<\/span><\/td>\n<td><span style=\"font-weight: 400;\">Diumenge 17<\/span><\/td>\n<td><span style=\"font-weight: 400;\">15 &#8211; 17.30h<\/span><\/td>\n<\/tr>\n<\/tbody>\n<\/table>\n<p>&nbsp;<\/p>\n<p><span style=\"font-weight: 400;\">Si teniu qualsevol dubte o voleu m\u00e9s informaci\u00f3, <strong>no dubteu a contactar amb internacional@esplac.cat.<\/strong><\/span><\/p>\n","protected":false},"excerpt":{"rendered":"<p>Arriba des de la IFM-SEI aquesta nova convocat\u00f2ria per a [&hellip;]<\/p>\n","protected":false},"author":3,"featured_media":34673,"comment_status":"closed","ping_status":"closed","sticky":false,"template":"","format":"standard","meta":{"om_disable_all_campaigns":false,"_monsterinsights_skip_tracking":false,"_monsterinsights_sitenote_active":false,"_monsterinsights_sitenote_note":"","_monsterinsights_sitenote_category":0,"_uf_show_specific_survey":0,"_uf_disable_surveys":false,"footnotes":""},"categories":[1129],"tags":[],"class_list":["post-34671","post","type-post","status-publish","format-standard","has-post-thumbnail","hentry","category-escola-desplac"],"yoast_head":"<!-- This site is optimized with the Yoast SEO plugin v27.5 - https:\/\/yoast.com\/product\/yoast-seo-wordpress\/ -->\n<title>Deu noves places per a l&#039;activitat internacional &quot;Resist! the Global Climate Divide Training&quot; - Esplac<\/title>\n<meta name=\"robots\" content=\"index, follow, max-snippet:-1, max-image-preview:large, max-video-preview:-1\" \/>\n<link rel=\"canonical\" href=\"https:\/\/www.esplac.cat\/resist-global-climate-divide-training-noves-places\/\" \/>\n<meta property=\"og:locale\" content=\"en_US\" \/>\n<meta property=\"og:type\" content=\"article\" \/>\n<meta property=\"og:title\" content=\"Deu noves places per a l&#039;activitat internacional &quot;Resist! the Global Climate Divide Training&quot; - Esplac\" \/>\n<meta property=\"og:description\" content=\"Arriba des de la IFM-SEI aquesta nova convocat\u00f2ria per a [&hellip;]\" \/>\n<meta property=\"og:url\" content=\"https:\/\/www.esplac.cat\/resist-global-climate-divide-training-noves-places\/\" \/>\n<meta property=\"og:site_name\" content=\"Esplac\" \/>\n<meta property=\"article:published_time\" content=\"2021-01-28T12:54:17+00:00\" \/>\n<meta property=\"og:image\" content=\"https:\/\/www.esplac.cat\/wp-content\/uploads\/2021\/01\/resist.jpg\" \/>\n\t<meta property=\"og:image:width\" content=\"1694\" \/>\n\t<meta property=\"og:image:height\" content=\"700\" \/>\n\t<meta property=\"og:image:type\" content=\"image\/jpeg\" \/>\n<meta name=\"author\" content=\"Comunicaci\u00f3 Esplac\" \/>\n<meta name=\"twitter:card\" content=\"summary_large_image\" \/>\n<meta name=\"twitter:label1\" content=\"Written by\" \/>\n\t<meta name=\"twitter:data1\" content=\"Comunicaci\u00f3 Esplac\" \/>\n\t<meta name=\"twitter:label2\" content=\"Est. reading time\" \/>\n\t<meta name=\"twitter:data2\" content=\"1 minute\" \/>\n<script type=\"application\/ld+json\" class=\"yoast-schema-graph\">{\"@context\":\"https:\\\/\\\/schema.org\",\"@graph\":[{\"@type\":\"Article\",\"@id\":\"https:\\\/\\\/www.esplac.cat\\\/resist-global-climate-divide-training-noves-places\\\/#article\",\"isPartOf\":{\"@id\":\"https:\\\/\\\/www.esplac.cat\\\/resist-global-climate-divide-training-noves-places\\\/\"},\"author\":{\"name\":\"Comunicaci\u00f3 Esplac\",\"@id\":\"https:\\\/\\\/www.esplac.cat\\\/#\\\/schema\\\/person\\\/908383cf240be18b68f8855d0583faca\"},\"headline\":\"Deu noves places per a l&#8217;activitat internacional &#8220;Resist! the Global Climate Divide Training&#8221;\",\"datePublished\":\"2021-01-28T12:54:17+00:00\",\"mainEntityOfPage\":{\"@id\":\"https:\\\/\\\/www.esplac.cat\\\/resist-global-climate-divide-training-noves-places\\\/\"},\"wordCount\":290,\"publisher\":{\"@id\":\"https:\\\/\\\/www.esplac.cat\\\/#organization\"},\"image\":{\"@id\":\"https:\\\/\\\/www.esplac.cat\\\/resist-global-climate-divide-training-noves-places\\\/#primaryimage\"},\"thumbnailUrl\":\"https:\\\/\\\/www.esplac.cat\\\/wp-content\\\/uploads\\\/2021\\\/01\\\/resist.jpg\",\"articleSection\":[\"Escola d'Esplac\"],\"inLanguage\":\"en-US\"},{\"@type\":\"WebPage\",\"@id\":\"https:\\\/\\\/www.esplac.cat\\\/resist-global-climate-divide-training-noves-places\\\/\",\"url\":\"https:\\\/\\\/www.esplac.cat\\\/resist-global-climate-divide-training-noves-places\\\/\",\"name\":\"Deu noves places per a l'activitat internacional \\\"Resist! the Global Climate Divide Training\\\" - Esplac\",\"isPartOf\":{\"@id\":\"https:\\\/\\\/www.esplac.cat\\\/#website\"},\"primaryImageOfPage\":{\"@id\":\"https:\\\/\\\/www.esplac.cat\\\/resist-global-climate-divide-training-noves-places\\\/#primaryimage\"},\"image\":{\"@id\":\"https:\\\/\\\/www.esplac.cat\\\/resist-global-climate-divide-training-noves-places\\\/#primaryimage\"},\"thumbnailUrl\":\"https:\\\/\\\/www.esplac.cat\\\/wp-content\\\/uploads\\\/2021\\\/01\\\/resist.jpg\",\"datePublished\":\"2021-01-28T12:54:17+00:00\",\"breadcrumb\":{\"@id\":\"https:\\\/\\\/www.esplac.cat\\\/resist-global-climate-divide-training-noves-places\\\/#breadcrumb\"},\"inLanguage\":\"en-US\",\"potentialAction\":[{\"@type\":\"ReadAction\",\"target\":[\"https:\\\/\\\/www.esplac.cat\\\/resist-global-climate-divide-training-noves-places\\\/\"]}]},{\"@type\":\"ImageObject\",\"inLanguage\":\"en-US\",\"@id\":\"https:\\\/\\\/www.esplac.cat\\\/resist-global-climate-divide-training-noves-places\\\/#primaryimage\",\"url\":\"https:\\\/\\\/www.esplac.cat\\\/wp-content\\\/uploads\\\/2021\\\/01\\\/resist.jpg\",\"contentUrl\":\"https:\\\/\\\/www.esplac.cat\\\/wp-content\\\/uploads\\\/2021\\\/01\\\/resist.jpg\",\"width\":1694,\"height\":700},{\"@type\":\"BreadcrumbList\",\"@id\":\"https:\\\/\\\/www.esplac.cat\\\/resist-global-climate-divide-training-noves-places\\\/#breadcrumb\",\"itemListElement\":[{\"@type\":\"ListItem\",\"position\":1,\"name\":\"Inici\",\"item\":\"https:\\\/\\\/www.esplac.cat\\\/en\\\/\"},{\"@type\":\"ListItem\",\"position\":2,\"name\":\"Deu noves places per a l&#8217;activitat internacional &#8220;Resist! the Global Climate Divide Training&#8221;\"}]},{\"@type\":\"WebSite\",\"@id\":\"https:\\\/\\\/www.esplac.cat\\\/#website\",\"url\":\"https:\\\/\\\/www.esplac.cat\\\/\",\"name\":\"Esplac\",\"description\":\"Esplais Catalans\",\"publisher\":{\"@id\":\"https:\\\/\\\/www.esplac.cat\\\/#organization\"},\"potentialAction\":[{\"@type\":\"SearchAction\",\"target\":{\"@type\":\"EntryPoint\",\"urlTemplate\":\"https:\\\/\\\/www.esplac.cat\\\/?s={search_term_string}\"},\"query-input\":{\"@type\":\"PropertyValueSpecification\",\"valueRequired\":true,\"valueName\":\"search_term_string\"}}],\"inLanguage\":\"en-US\"},{\"@type\":\"Organization\",\"@id\":\"https:\\\/\\\/www.esplac.cat\\\/#organization\",\"name\":\"Esplac\",\"url\":\"https:\\\/\\\/www.esplac.cat\\\/\",\"logo\":{\"@type\":\"ImageObject\",\"inLanguage\":\"en-US\",\"@id\":\"https:\\\/\\\/www.esplac.cat\\\/#\\\/schema\\\/logo\\\/image\\\/\",\"url\":\"https:\\\/\\\/www.esplac.cat\\\/wp-content\\\/uploads\\\/2019\\\/08\\\/logox2.png\",\"contentUrl\":\"https:\\\/\\\/www.esplac.cat\\\/wp-content\\\/uploads\\\/2019\\\/08\\\/logox2.png\",\"width\":600,\"height\":295,\"caption\":\"Esplac\"},\"image\":{\"@id\":\"https:\\\/\\\/www.esplac.cat\\\/#\\\/schema\\\/logo\\\/image\\\/\"}},{\"@type\":\"Person\",\"@id\":\"https:\\\/\\\/www.esplac.cat\\\/#\\\/schema\\\/person\\\/908383cf240be18b68f8855d0583faca\",\"name\":\"Comunicaci\u00f3 Esplac\",\"image\":{\"@type\":\"ImageObject\",\"inLanguage\":\"en-US\",\"@id\":\"https:\\\/\\\/secure.gravatar.com\\\/avatar\\\/7a4cf8feb412a76ea4a740ca02d95b06b2907b5a6c648c2dd0a1082a093c3141?s=96&d=mm&r=g\",\"url\":\"https:\\\/\\\/secure.gravatar.com\\\/avatar\\\/7a4cf8feb412a76ea4a740ca02d95b06b2907b5a6c648c2dd0a1082a093c3141?s=96&d=mm&r=g\",\"contentUrl\":\"https:\\\/\\\/secure.gravatar.com\\\/avatar\\\/7a4cf8feb412a76ea4a740ca02d95b06b2907b5a6c648c2dd0a1082a093c3141?s=96&d=mm&r=g\",\"caption\":\"Comunicaci\u00f3 Esplac\"}}]}<\/script>\n<!-- \/ Yoast SEO plugin. -->","yoast_head_json":{"title":"Deu noves places per a l'activitat internacional \"Resist! the Global Climate Divide Training\" - Esplac","robots":{"index":"index","follow":"follow","max-snippet":"max-snippet:-1","max-image-preview":"max-image-preview:large","max-video-preview":"max-video-preview:-1"},"canonical":"https:\/\/www.esplac.cat\/resist-global-climate-divide-training-noves-places\/","og_locale":"en_US","og_type":"article","og_title":"Deu noves places per a l'activitat internacional \"Resist! the Global Climate Divide Training\" - Esplac","og_description":"Arriba des de la IFM-SEI aquesta nova convocat\u00f2ria per a [&hellip;]","og_url":"https:\/\/www.esplac.cat\/resist-global-climate-divide-training-noves-places\/","og_site_name":"Esplac","article_published_time":"2021-01-28T12:54:17+00:00","og_image":[{"width":1694,"height":700,"url":"https:\/\/www.esplac.cat\/wp-content\/uploads\/2021\/01\/resist.jpg","type":"image\/jpeg"}],"author":"Comunicaci\u00f3 Esplac","twitter_card":"summary_large_image","twitter_misc":{"Written by":"Comunicaci\u00f3 Esplac","Est. reading time":"1 minute"},"schema":{"@context":"https:\/\/schema.org","@graph":[{"@type":"Article","@id":"https:\/\/www.esplac.cat\/resist-global-climate-divide-training-noves-places\/#article","isPartOf":{"@id":"https:\/\/www.esplac.cat\/resist-global-climate-divide-training-noves-places\/"},"author":{"name":"Comunicaci\u00f3 Esplac","@id":"https:\/\/www.esplac.cat\/#\/schema\/person\/908383cf240be18b68f8855d0583faca"},"headline":"Deu noves places per a l&#8217;activitat internacional &#8220;Resist! the Global Climate Divide Training&#8221;","datePublished":"2021-01-28T12:54:17+00:00","mainEntityOfPage":{"@id":"https:\/\/www.esplac.cat\/resist-global-climate-divide-training-noves-places\/"},"wordCount":290,"publisher":{"@id":"https:\/\/www.esplac.cat\/#organization"},"image":{"@id":"https:\/\/www.esplac.cat\/resist-global-climate-divide-training-noves-places\/#primaryimage"},"thumbnailUrl":"https:\/\/www.esplac.cat\/wp-content\/uploads\/2021\/01\/resist.jpg","articleSection":["Escola d'Esplac"],"inLanguage":"en-US"},{"@type":"WebPage","@id":"https:\/\/www.esplac.cat\/resist-global-climate-divide-training-noves-places\/","url":"https:\/\/www.esplac.cat\/resist-global-climate-divide-training-noves-places\/","name":"Deu noves places per a l'activitat internacional \"Resist! the Global Climate Divide Training\" - Esplac","isPartOf":{"@id":"https:\/\/www.esplac.cat\/#website"},"primaryImageOfPage":{"@id":"https:\/\/www.esplac.cat\/resist-global-climate-divide-training-noves-places\/#primaryimage"},"image":{"@id":"https:\/\/www.esplac.cat\/resist-global-climate-divide-training-noves-places\/#primaryimage"},"thumbnailUrl":"https:\/\/www.esplac.cat\/wp-content\/uploads\/2021\/01\/resist.jpg","datePublished":"2021-01-28T12:54:17+00:00","breadcrumb":{"@id":"https:\/\/www.esplac.cat\/resist-global-climate-divide-training-noves-places\/#breadcrumb"},"inLanguage":"en-US","potentialAction":[{"@type":"ReadAction","target":["https:\/\/www.esplac.cat\/resist-global-climate-divide-training-noves-places\/"]}]},{"@type":"ImageObject","inLanguage":"en-US","@id":"https:\/\/www.esplac.cat\/resist-global-climate-divide-training-noves-places\/#primaryimage","url":"https:\/\/www.esplac.cat\/wp-content\/uploads\/2021\/01\/resist.jpg","contentUrl":"https:\/\/www.esplac.cat\/wp-content\/uploads\/2021\/01\/resist.jpg","width":1694,"height":700},{"@type":"BreadcrumbList","@id":"https:\/\/www.esplac.cat\/resist-global-climate-divide-training-noves-places\/#breadcrumb","itemListElement":[{"@type":"ListItem","position":1,"name":"Inici","item":"https:\/\/www.esplac.cat\/en\/"},{"@type":"ListItem","position":2,"name":"Deu noves places per a l&#8217;activitat internacional &#8220;Resist! the Global Climate Divide Training&#8221;"}]},{"@type":"WebSite","@id":"https:\/\/www.esplac.cat\/#website","url":"https:\/\/www.esplac.cat\/","name":"Esplac","description":"Esplais Catalans","publisher":{"@id":"https:\/\/www.esplac.cat\/#organization"},"potentialAction":[{"@type":"SearchAction","target":{"@type":"EntryPoint","urlTemplate":"https:\/\/www.esplac.cat\/?s={search_term_string}"},"query-input":{"@type":"PropertyValueSpecification","valueRequired":true,"valueName":"search_term_string"}}],"inLanguage":"en-US"},{"@type":"Organization","@id":"https:\/\/www.esplac.cat\/#organization","name":"Esplac","url":"https:\/\/www.esplac.cat\/","logo":{"@type":"ImageObject","inLanguage":"en-US","@id":"https:\/\/www.esplac.cat\/#\/schema\/logo\/image\/","url":"https:\/\/www.esplac.cat\/wp-content\/uploads\/2019\/08\/logox2.png","contentUrl":"https:\/\/www.esplac.cat\/wp-content\/uploads\/2019\/08\/logox2.png","width":600,"height":295,"caption":"Esplac"},"image":{"@id":"https:\/\/www.esplac.cat\/#\/schema\/logo\/image\/"}},{"@type":"Person","@id":"https:\/\/www.esplac.cat\/#\/schema\/person\/908383cf240be18b68f8855d0583faca","name":"Comunicaci\u00f3 Esplac","image":{"@type":"ImageObject","inLanguage":"en-US","@id":"https:\/\/secure.gravatar.com\/avatar\/7a4cf8feb412a76ea4a740ca02d95b06b2907b5a6c648c2dd0a1082a093c3141?s=96&d=mm&r=g","url":"https:\/\/secure.gravatar.com\/avatar\/7a4cf8feb412a76ea4a740ca02d95b06b2907b5a6c648c2dd0a1082a093c3141?s=96&d=mm&r=g","contentUrl":"https:\/\/secure.gravatar.com\/avatar\/7a4cf8feb412a76ea4a740ca02d95b06b2907b5a6c648c2dd0a1082a093c3141?s=96&d=mm&r=g","caption":"Comunicaci\u00f3 Esplac"}}]}},"_links":{"self":[{"href":"https:\/\/www.esplac.cat\/en\/wp-json\/wp\/v2\/posts\/34671","targetHints":{"allow":["GET"]}}],"collection":[{"href":"https:\/\/www.esplac.cat\/en\/wp-json\/wp\/v2\/posts"}],"about":[{"href":"https:\/\/www.esplac.cat\/en\/wp-json\/wp\/v2\/types\/post"}],"author":[{"embeddable":true,"href":"https:\/\/www.esplac.cat\/en\/wp-json\/wp\/v2\/users\/3"}],"replies":[{"embeddable":true,"href":"https:\/\/www.esplac.cat\/en\/wp-json\/wp\/v2\/comments?post=34671"}],"version-history":[{"count":0,"href":"https:\/\/www.esplac.cat\/en\/wp-json\/wp\/v2\/posts\/34671\/revisions"}],"wp:featuredmedia":[{"embeddable":true,"href":"https:\/\/www.esplac.cat\/en\/wp-json\/wp\/v2\/media\/34673"}],"wp:attachment":[{"href":"https:\/\/www.esplac.cat\/en\/wp-json\/wp\/v2\/media?parent=34671"}],"wp:term":[{"taxonomy":"category","embeddable":true,"href":"https:\/\/www.esplac.cat\/en\/wp-json\/wp\/v2\/categories?post=34671"},{"taxonomy":"post_tag","embeddable":true,"href":"https:\/\/www.esplac.cat\/en\/wp-json\/wp\/v2\/tags?post=34671"}],"curies":[{"name":"wp","href":"https:\/\/api.w.org\/{rel}","templated":true}]}}