{"id":34816,"date":"2021-02-11T13:06:13","date_gmt":"2021-02-11T12:06:13","guid":{"rendered":"https:\/\/www.esplac.cat\/?p=34816"},"modified":"2021-02-11T13:18:00","modified_gmt":"2021-02-11T12:18:00","slug":"coordinador-projectes-sectors-valles-oriental-baix-besos","status":"publish","type":"post","link":"https:\/\/www.esplac.cat\/en\/coordinador-projectes-sectors-valles-oriental-baix-besos\/","title":{"rendered":"Obrim pla\u00e7a de Coordinador\/a de Projectes per als sectors Vall\u00e8s Oriental i Baix Bes\u00f2s"},"content":{"rendered":"<h4 style=\"text-align: justify;\"><span style=\"color: #000000;\">A Esplais Catalans busquem Coordinador\/a de Projectes per als sectors\u00a0<\/span><span style=\"color: #000000;\">Vall\u00e8s Oriental i <\/span><span style=\"color: #000000;\">Baix Bes\u00f2s . El termini de presentaci\u00f3 de curr\u00edculms finalitzar\u00e0 el 25 de febrer de 2021<\/span><\/h4>\n<p style=\"text-align: justify;\"><span style=\"color: #000000;\">Hem obert un termini de presentaci\u00f3 de curr\u00edculums amb l\u2019objectiu de cobrir la pla\u00e7a de Coordinador\/a de Projectes dels sectors (CPS) Vall\u00e8s Oriental i Baix Bes\u00f2s . El termini finalitzar\u00e0 el dia <b>25 de febrer del 2021<\/b>.\u00a0Les persones interessades han de fer arribar el curr\u00edculum i una carta de motivaci\u00f3 a l\u2019adre\u00e7a electr\u00f2nica\u00a0<strong>esplac@esplac.cat<\/strong> amb la refer\u00e8ncia &#8220;ST_VLLOR_BBS&#8221; a l\u2019assumpte del missatge.<\/span><\/p>\n<p style=\"text-align: justify;\"><span style=\"color: #000000;\"><strong>Funcions:<br \/>\n<\/strong>\u2022 Coordinar i desenvolupar el suport associatiu i pedag\u00f2gic als esplais.<\/span><br \/>\n<span style=\"color: #000000;\"> \u2022 Assistir a les reunions de Sector i a les de l&#8217;Equip General de Sector que s&#8217;escaiguin.<\/span><br \/>\n<span style=\"color: #000000;\"> \u2022 Suport al funcionament, activitats i projectes definits en el Pla de Treball dels sectors geogr\u00e0fics.<\/span><br \/>\n<span style=\"color: #000000;\"> \u2022 Redacci\u00f3, seguiment i avaluaci\u00f3 dels projectes definits en el Pla de Treball d&#8217;Esplais Catalans.<\/span><br \/>\n<span style=\"color: #000000;\"> \u2022 Coordinaci\u00f3 amb la Secretaria T\u00e8cnica per a les funcions assignades i d&#8217;altres que puguin sorgir com part de l&#8217;equip.<\/span><\/p>\n<p style=\"text-align: justify;\"><span style=\"color: #000000;\"><strong>Es demana:<\/strong><\/span><br \/>\n<span style=\"color: #000000;\"> \u2022 Titulaci\u00f3 universit\u00e0ria en el camp de l\u2019educaci\u00f3 i\/o social, o en proc\u00e9s d&#8217;obtenir-la.<\/span><br \/>\n<span style=\"color: #000000;\"> \u2022 T\u00edtol de Director\/a d\u2019entitats de lleure infantil i juvenil.<\/span><br \/>\n<span style=\"color: #000000;\"> \u2022 Tenir menys de 30 anys.<\/span><br \/>\n<span style=\"color: #000000;\"> \u2022 Nivell alt de catal\u00e0 i compet\u00e8ncia escrita.<\/span><br \/>\n<span style=\"color: #000000;\"> \u2022 Coneixements en l&#8217;elaboraci\u00f3 de projectes, mem\u00f2ries i altra documentaci\u00f3.<\/span><br \/>\n<span style=\"color: #000000;\"> \u2022 Coneixements i experi\u00e8ncia en l&#8217;\u00e0mbit de l&#8217;associacionisme educatiu i els esplais.<\/span><br \/>\n<span style=\"color: #000000;\"> \u2022 Coneixements: LibreOffice, gesti\u00f3 de correu i Internet.<\/span><br \/>\n<span style=\"color: #000000;\"> \u2022 Capacitat d&#8217;organitzaci\u00f3 i gesti\u00f3 del temps.<\/span><br \/>\n<span style=\"color: #000000;\"> \u2022 Capacitat de treball en equip i autonomia personal.<\/span><br \/>\n<span style=\"color: #000000;\"> \u2022 Capacitat de flexibilitat i adaptabilitat.<\/span><br \/>\n<span style=\"color: #000000;\"> \u2022 Assist\u00e8ncia a reunions o activitats d\u2019especial inter\u00e8s fora de l\u2019horari laboral.<\/span><br \/>\n<span style=\"color: #000000;\"> \u2022 Vocaci\u00f3 de servei als esplais i comprom\u00eds amb els valors d&#8217;Esplais Catalans.<\/span><br \/>\n<span style=\"color: #000000;\"> \u2022 Carnet de conduir i vehicle propi.<\/span><\/p>\n<p style=\"text-align: justify;\"><span style=\"color: #000000;\"><strong>Es valorar\u00e0:<br \/>\n<\/strong>\u2022 Experi\u00e8ncia com a responsable d\u2019esplai.<\/span><br \/>\n<span style=\"color: #000000;\"> \u2022 Experi\u00e8ncia en les funcions descrites.<\/span><br \/>\n<span style=\"color: #000000;\"> \u2022 Coneixement d\u2019idiomes.<\/span><br \/>\n<span style=\"color: #000000;\"> \u2022 Coneixement en temes espec\u00edfics relacionats amb el projecte educatiu d&#8217;Esplais Catalans.<\/span><\/p>\n<p style=\"text-align: justify;\"><span style=\"color: #000000;\"><strong>Condicions laborals:<\/strong><\/span><br \/>\n<span style=\"color: #000000;\"> \u2022 Contracte de 20 h setmanals.<br \/>\n<\/span><span style=\"color: #000000;\">\u2022 Sou segons l\u2019escala salarial de l\u2019entitat (11.797,49 \u20ac bruts anuals).<\/span><br \/>\n<span style=\"color: #000000;\"> \u2022 Incorporaci\u00f3: mar\u00e7 de 2021.<\/span><br \/>\n<span style=\"color: #000000;\"> \u2022 Lloc de treball habitual: Barcelona.<\/span><\/p>\n<p style=\"text-align: justify;\"><span style=\"color: #000000;\"><span style=\"color: #ff950e;\"><b><a style=\"color: #ff950e;\" href=\"https:\/\/www.esplac.cat\/wp-content\/uploads\/2021\/02\/Convocato\u0300ria_VLLOR_BBS.pdf\" target=\"_blank\" rel=\"noopener noreferrer\">Aqu\u00ed<\/a>\u00a0<\/b><\/span>us deixem els detalls de l\u2019oferta en un arxiu pdf.<\/span><\/p>\n","protected":false},"excerpt":{"rendered":"<p>A Esplais Catalans busquem Coordinador\/a de Projectes per als sectors\u00a0Vall\u00e8s [&hellip;]<\/p>\n","protected":false},"author":3,"featured_media":24062,"comment_status":"closed","ping_status":"closed","sticky":false,"template":"","format":"standard","meta":{"om_disable_all_campaigns":false,"_monsterinsights_skip_tracking":false,"_monsterinsights_sitenote_active":false,"_monsterinsights_sitenote_note":"","_monsterinsights_sitenote_category":0,"_uf_show_specific_survey":0,"_uf_disable_surveys":false,"footnotes":""},"categories":[1116],"tags":[],"class_list":["post-34816","post","type-post","status-publish","format-standard","has-post-thumbnail","hentry","category-secretaria-esplac"],"yoast_head":"<!-- This site is optimized with the Yoast SEO plugin v27.5 - https:\/\/yoast.com\/product\/yoast-seo-wordpress\/ -->\n<title>Vols ser Coordinador\/a de Projectes del Baix Bes\u00f2s i Vall\u00e8s Oriental?<\/title>\n<meta name=\"description\" content=\"A Esplais Catalans busquem Coordinador\/a de Projectes per als sectors Baix Bes\u00f2s i Vall\u00e8s Oriental. El termini de presentaci\u00f3 de curr\u00edculms finalitzar\u00e0 el 25 de febrer de 2021\" \/>\n<meta name=\"robots\" content=\"index, follow, max-snippet:-1, max-image-preview:large, max-video-preview:-1\" \/>\n<link rel=\"canonical\" href=\"https:\/\/www.esplac.cat\/es\/coordinador-projectes-sectors-valles-oriental-baix-besos\/\" \/>\n<meta property=\"og:locale\" content=\"en_US\" \/>\n<meta property=\"og:type\" content=\"article\" \/>\n<meta property=\"og:title\" content=\"Vols ser Coordinador\/a de Projectes del Baix Bes\u00f2s i Vall\u00e8s Oriental?\" \/>\n<meta property=\"og:description\" content=\"A Esplais Catalans busquem Coordinador\/a de Projectes per als sectors Baix Bes\u00f2s i Vall\u00e8s Oriental. El termini de presentaci\u00f3 de curr\u00edculms finalitzar\u00e0 el 25 de febrer de 2021\" \/>\n<meta property=\"og:url\" content=\"https:\/\/www.esplac.cat\/es\/coordinador-projectes-sectors-valles-oriental-baix-besos\/\" \/>\n<meta property=\"og:site_name\" content=\"Esplac\" \/>\n<meta property=\"article:published_time\" content=\"2021-02-11T12:06:13+00:00\" \/>\n<meta property=\"article:modified_time\" content=\"2021-02-11T12:18:00+00:00\" \/>\n<meta property=\"og:image\" content=\"https:\/\/www.esplac.cat\/wp-content\/uploads\/2017\/11\/Noti_laboral.jpg\" \/>\n\t<meta property=\"og:image:width\" content=\"847\" \/>\n\t<meta property=\"og:image:height\" content=\"350\" \/>\n\t<meta property=\"og:image:type\" content=\"image\/jpeg\" \/>\n<meta name=\"author\" content=\"Comunicaci\u00f3 Esplac\" \/>\n<meta name=\"twitter:card\" content=\"summary_large_image\" \/>\n<meta name=\"twitter:label1\" content=\"Written by\" \/>\n\t<meta name=\"twitter:data1\" content=\"Comunicaci\u00f3 Esplac\" \/>\n\t<meta name=\"twitter:label2\" content=\"Est. reading time\" \/>\n\t<meta name=\"twitter:data2\" content=\"2 minutes\" \/>\n<script type=\"application\/ld+json\" class=\"yoast-schema-graph\">{\"@context\":\"https:\\\/\\\/schema.org\",\"@graph\":[{\"@type\":\"Article\",\"@id\":\"https:\\\/\\\/www.esplac.cat\\\/es\\\/coordinador-projectes-sectors-valles-oriental-baix-besos\\\/#article\",\"isPartOf\":{\"@id\":\"https:\\\/\\\/www.esplac.cat\\\/es\\\/coordinador-projectes-sectors-valles-oriental-baix-besos\\\/\"},\"author\":{\"name\":\"Comunicaci\u00f3 Esplac\",\"@id\":\"https:\\\/\\\/www.esplac.cat\\\/#\\\/schema\\\/person\\\/908383cf240be18b68f8855d0583faca\"},\"headline\":\"Obrim pla\u00e7a de Coordinador\\\/a de Projectes per als sectors Vall\u00e8s Oriental i Baix Bes\u00f2s\",\"datePublished\":\"2021-02-11T12:06:13+00:00\",\"dateModified\":\"2021-02-11T12:18:00+00:00\",\"mainEntityOfPage\":{\"@id\":\"https:\\\/\\\/www.esplac.cat\\\/es\\\/coordinador-projectes-sectors-valles-oriental-baix-besos\\\/\"},\"wordCount\":405,\"publisher\":{\"@id\":\"https:\\\/\\\/www.esplac.cat\\\/#organization\"},\"image\":{\"@id\":\"https:\\\/\\\/www.esplac.cat\\\/es\\\/coordinador-projectes-sectors-valles-oriental-baix-besos\\\/#primaryimage\"},\"thumbnailUrl\":\"https:\\\/\\\/www.esplac.cat\\\/wp-content\\\/uploads\\\/2017\\\/11\\\/Noti_laboral.jpg\",\"articleSection\":[\"Secretaria T\u00e8cnica\"],\"inLanguage\":\"en-US\"},{\"@type\":\"WebPage\",\"@id\":\"https:\\\/\\\/www.esplac.cat\\\/es\\\/coordinador-projectes-sectors-valles-oriental-baix-besos\\\/\",\"url\":\"https:\\\/\\\/www.esplac.cat\\\/es\\\/coordinador-projectes-sectors-valles-oriental-baix-besos\\\/\",\"name\":\"Vols ser Coordinador\\\/a de Projectes del Baix Bes\u00f2s i Vall\u00e8s Oriental?\",\"isPartOf\":{\"@id\":\"https:\\\/\\\/www.esplac.cat\\\/#website\"},\"primaryImageOfPage\":{\"@id\":\"https:\\\/\\\/www.esplac.cat\\\/es\\\/coordinador-projectes-sectors-valles-oriental-baix-besos\\\/#primaryimage\"},\"image\":{\"@id\":\"https:\\\/\\\/www.esplac.cat\\\/es\\\/coordinador-projectes-sectors-valles-oriental-baix-besos\\\/#primaryimage\"},\"thumbnailUrl\":\"https:\\\/\\\/www.esplac.cat\\\/wp-content\\\/uploads\\\/2017\\\/11\\\/Noti_laboral.jpg\",\"datePublished\":\"2021-02-11T12:06:13+00:00\",\"dateModified\":\"2021-02-11T12:18:00+00:00\",\"description\":\"A Esplais Catalans busquem Coordinador\\\/a de Projectes per als sectors Baix Bes\u00f2s i Vall\u00e8s Oriental. El termini de presentaci\u00f3 de curr\u00edculms finalitzar\u00e0 el 25 de febrer de 2021\",\"breadcrumb\":{\"@id\":\"https:\\\/\\\/www.esplac.cat\\\/es\\\/coordinador-projectes-sectors-valles-oriental-baix-besos\\\/#breadcrumb\"},\"inLanguage\":\"en-US\",\"potentialAction\":[{\"@type\":\"ReadAction\",\"target\":[\"https:\\\/\\\/www.esplac.cat\\\/es\\\/coordinador-projectes-sectors-valles-oriental-baix-besos\\\/\"]}]},{\"@type\":\"ImageObject\",\"inLanguage\":\"en-US\",\"@id\":\"https:\\\/\\\/www.esplac.cat\\\/es\\\/coordinador-projectes-sectors-valles-oriental-baix-besos\\\/#primaryimage\",\"url\":\"https:\\\/\\\/www.esplac.cat\\\/wp-content\\\/uploads\\\/2017\\\/11\\\/Noti_laboral.jpg\",\"contentUrl\":\"https:\\\/\\\/www.esplac.cat\\\/wp-content\\\/uploads\\\/2017\\\/11\\\/Noti_laboral.jpg\",\"width\":847,\"height\":350,\"caption\":\"baix besos valles oriental\"},{\"@type\":\"BreadcrumbList\",\"@id\":\"https:\\\/\\\/www.esplac.cat\\\/es\\\/coordinador-projectes-sectors-valles-oriental-baix-besos\\\/#breadcrumb\",\"itemListElement\":[{\"@type\":\"ListItem\",\"position\":1,\"name\":\"Inici\",\"item\":\"https:\\\/\\\/www.esplac.cat\\\/en\\\/\"},{\"@type\":\"ListItem\",\"position\":2,\"name\":\"Obrim pla\u00e7a de Coordinador\\\/a de Projectes per als sectors Vall\u00e8s Oriental i Baix Bes\u00f2s\"}]},{\"@type\":\"WebSite\",\"@id\":\"https:\\\/\\\/www.esplac.cat\\\/#website\",\"url\":\"https:\\\/\\\/www.esplac.cat\\\/\",\"name\":\"Esplac\",\"description\":\"Esplais Catalans\",\"publisher\":{\"@id\":\"https:\\\/\\\/www.esplac.cat\\\/#organization\"},\"potentialAction\":[{\"@type\":\"SearchAction\",\"target\":{\"@type\":\"EntryPoint\",\"urlTemplate\":\"https:\\\/\\\/www.esplac.cat\\\/?s={search_term_string}\"},\"query-input\":{\"@type\":\"PropertyValueSpecification\",\"valueRequired\":true,\"valueName\":\"search_term_string\"}}],\"inLanguage\":\"en-US\"},{\"@type\":\"Organization\",\"@id\":\"https:\\\/\\\/www.esplac.cat\\\/#organization\",\"name\":\"Esplac\",\"url\":\"https:\\\/\\\/www.esplac.cat\\\/\",\"logo\":{\"@type\":\"ImageObject\",\"inLanguage\":\"en-US\",\"@id\":\"https:\\\/\\\/www.esplac.cat\\\/#\\\/schema\\\/logo\\\/image\\\/\",\"url\":\"https:\\\/\\\/www.esplac.cat\\\/wp-content\\\/uploads\\\/2019\\\/08\\\/logox2.png\",\"contentUrl\":\"https:\\\/\\\/www.esplac.cat\\\/wp-content\\\/uploads\\\/2019\\\/08\\\/logox2.png\",\"width\":600,\"height\":295,\"caption\":\"Esplac\"},\"image\":{\"@id\":\"https:\\\/\\\/www.esplac.cat\\\/#\\\/schema\\\/logo\\\/image\\\/\"}},{\"@type\":\"Person\",\"@id\":\"https:\\\/\\\/www.esplac.cat\\\/#\\\/schema\\\/person\\\/908383cf240be18b68f8855d0583faca\",\"name\":\"Comunicaci\u00f3 Esplac\",\"image\":{\"@type\":\"ImageObject\",\"inLanguage\":\"en-US\",\"@id\":\"https:\\\/\\\/secure.gravatar.com\\\/avatar\\\/7a4cf8feb412a76ea4a740ca02d95b06b2907b5a6c648c2dd0a1082a093c3141?s=96&d=mm&r=g\",\"url\":\"https:\\\/\\\/secure.gravatar.com\\\/avatar\\\/7a4cf8feb412a76ea4a740ca02d95b06b2907b5a6c648c2dd0a1082a093c3141?s=96&d=mm&r=g\",\"contentUrl\":\"https:\\\/\\\/secure.gravatar.com\\\/avatar\\\/7a4cf8feb412a76ea4a740ca02d95b06b2907b5a6c648c2dd0a1082a093c3141?s=96&d=mm&r=g\",\"caption\":\"Comunicaci\u00f3 Esplac\"}}]}<\/script>\n<!-- \/ Yoast SEO plugin. -->","yoast_head_json":{"title":"Vols ser Coordinador\/a de Projectes del Baix Bes\u00f2s i Vall\u00e8s Oriental?","description":"A Esplais Catalans busquem Coordinador\/a de Projectes per als sectors Baix Bes\u00f2s i Vall\u00e8s Oriental. El termini de presentaci\u00f3 de curr\u00edculms finalitzar\u00e0 el 25 de febrer de 2021","robots":{"index":"index","follow":"follow","max-snippet":"max-snippet:-1","max-image-preview":"max-image-preview:large","max-video-preview":"max-video-preview:-1"},"canonical":"https:\/\/www.esplac.cat\/es\/coordinador-projectes-sectors-valles-oriental-baix-besos\/","og_locale":"en_US","og_type":"article","og_title":"Vols ser Coordinador\/a de Projectes del Baix Bes\u00f2s i Vall\u00e8s Oriental?","og_description":"A Esplais Catalans busquem Coordinador\/a de Projectes per als sectors Baix Bes\u00f2s i Vall\u00e8s Oriental. El termini de presentaci\u00f3 de curr\u00edculms finalitzar\u00e0 el 25 de febrer de 2021","og_url":"https:\/\/www.esplac.cat\/es\/coordinador-projectes-sectors-valles-oriental-baix-besos\/","og_site_name":"Esplac","article_published_time":"2021-02-11T12:06:13+00:00","article_modified_time":"2021-02-11T12:18:00+00:00","og_image":[{"width":847,"height":350,"url":"https:\/\/www.esplac.cat\/wp-content\/uploads\/2017\/11\/Noti_laboral.jpg","type":"image\/jpeg"}],"author":"Comunicaci\u00f3 Esplac","twitter_card":"summary_large_image","twitter_misc":{"Written by":"Comunicaci\u00f3 Esplac","Est. reading time":"2 minutes"},"schema":{"@context":"https:\/\/schema.org","@graph":[{"@type":"Article","@id":"https:\/\/www.esplac.cat\/es\/coordinador-projectes-sectors-valles-oriental-baix-besos\/#article","isPartOf":{"@id":"https:\/\/www.esplac.cat\/es\/coordinador-projectes-sectors-valles-oriental-baix-besos\/"},"author":{"name":"Comunicaci\u00f3 Esplac","@id":"https:\/\/www.esplac.cat\/#\/schema\/person\/908383cf240be18b68f8855d0583faca"},"headline":"Obrim pla\u00e7a de Coordinador\/a de Projectes per als sectors Vall\u00e8s Oriental i Baix Bes\u00f2s","datePublished":"2021-02-11T12:06:13+00:00","dateModified":"2021-02-11T12:18:00+00:00","mainEntityOfPage":{"@id":"https:\/\/www.esplac.cat\/es\/coordinador-projectes-sectors-valles-oriental-baix-besos\/"},"wordCount":405,"publisher":{"@id":"https:\/\/www.esplac.cat\/#organization"},"image":{"@id":"https:\/\/www.esplac.cat\/es\/coordinador-projectes-sectors-valles-oriental-baix-besos\/#primaryimage"},"thumbnailUrl":"https:\/\/www.esplac.cat\/wp-content\/uploads\/2017\/11\/Noti_laboral.jpg","articleSection":["Secretaria T\u00e8cnica"],"inLanguage":"en-US"},{"@type":"WebPage","@id":"https:\/\/www.esplac.cat\/es\/coordinador-projectes-sectors-valles-oriental-baix-besos\/","url":"https:\/\/www.esplac.cat\/es\/coordinador-projectes-sectors-valles-oriental-baix-besos\/","name":"Vols ser Coordinador\/a de Projectes del Baix Bes\u00f2s i Vall\u00e8s Oriental?","isPartOf":{"@id":"https:\/\/www.esplac.cat\/#website"},"primaryImageOfPage":{"@id":"https:\/\/www.esplac.cat\/es\/coordinador-projectes-sectors-valles-oriental-baix-besos\/#primaryimage"},"image":{"@id":"https:\/\/www.esplac.cat\/es\/coordinador-projectes-sectors-valles-oriental-baix-besos\/#primaryimage"},"thumbnailUrl":"https:\/\/www.esplac.cat\/wp-content\/uploads\/2017\/11\/Noti_laboral.jpg","datePublished":"2021-02-11T12:06:13+00:00","dateModified":"2021-02-11T12:18:00+00:00","description":"A Esplais Catalans busquem Coordinador\/a de Projectes per als sectors Baix Bes\u00f2s i Vall\u00e8s Oriental. El termini de presentaci\u00f3 de curr\u00edculms finalitzar\u00e0 el 25 de febrer de 2021","breadcrumb":{"@id":"https:\/\/www.esplac.cat\/es\/coordinador-projectes-sectors-valles-oriental-baix-besos\/#breadcrumb"},"inLanguage":"en-US","potentialAction":[{"@type":"ReadAction","target":["https:\/\/www.esplac.cat\/es\/coordinador-projectes-sectors-valles-oriental-baix-besos\/"]}]},{"@type":"ImageObject","inLanguage":"en-US","@id":"https:\/\/www.esplac.cat\/es\/coordinador-projectes-sectors-valles-oriental-baix-besos\/#primaryimage","url":"https:\/\/www.esplac.cat\/wp-content\/uploads\/2017\/11\/Noti_laboral.jpg","contentUrl":"https:\/\/www.esplac.cat\/wp-content\/uploads\/2017\/11\/Noti_laboral.jpg","width":847,"height":350,"caption":"baix besos valles oriental"},{"@type":"BreadcrumbList","@id":"https:\/\/www.esplac.cat\/es\/coordinador-projectes-sectors-valles-oriental-baix-besos\/#breadcrumb","itemListElement":[{"@type":"ListItem","position":1,"name":"Inici","item":"https:\/\/www.esplac.cat\/en\/"},{"@type":"ListItem","position":2,"name":"Obrim pla\u00e7a de Coordinador\/a de Projectes per als sectors Vall\u00e8s Oriental i Baix Bes\u00f2s"}]},{"@type":"WebSite","@id":"https:\/\/www.esplac.cat\/#website","url":"https:\/\/www.esplac.cat\/","name":"Esplac","description":"Esplais Catalans","publisher":{"@id":"https:\/\/www.esplac.cat\/#organization"},"potentialAction":[{"@type":"SearchAction","target":{"@type":"EntryPoint","urlTemplate":"https:\/\/www.esplac.cat\/?s={search_term_string}"},"query-input":{"@type":"PropertyValueSpecification","valueRequired":true,"valueName":"search_term_string"}}],"inLanguage":"en-US"},{"@type":"Organization","@id":"https:\/\/www.esplac.cat\/#organization","name":"Esplac","url":"https:\/\/www.esplac.cat\/","logo":{"@type":"ImageObject","inLanguage":"en-US","@id":"https:\/\/www.esplac.cat\/#\/schema\/logo\/image\/","url":"https:\/\/www.esplac.cat\/wp-content\/uploads\/2019\/08\/logox2.png","contentUrl":"https:\/\/www.esplac.cat\/wp-content\/uploads\/2019\/08\/logox2.png","width":600,"height":295,"caption":"Esplac"},"image":{"@id":"https:\/\/www.esplac.cat\/#\/schema\/logo\/image\/"}},{"@type":"Person","@id":"https:\/\/www.esplac.cat\/#\/schema\/person\/908383cf240be18b68f8855d0583faca","name":"Comunicaci\u00f3 Esplac","image":{"@type":"ImageObject","inLanguage":"en-US","@id":"https:\/\/secure.gravatar.com\/avatar\/7a4cf8feb412a76ea4a740ca02d95b06b2907b5a6c648c2dd0a1082a093c3141?s=96&d=mm&r=g","url":"https:\/\/secure.gravatar.com\/avatar\/7a4cf8feb412a76ea4a740ca02d95b06b2907b5a6c648c2dd0a1082a093c3141?s=96&d=mm&r=g","contentUrl":"https:\/\/secure.gravatar.com\/avatar\/7a4cf8feb412a76ea4a740ca02d95b06b2907b5a6c648c2dd0a1082a093c3141?s=96&d=mm&r=g","caption":"Comunicaci\u00f3 Esplac"}}]}},"_links":{"self":[{"href":"https:\/\/www.esplac.cat\/en\/wp-json\/wp\/v2\/posts\/34816","targetHints":{"allow":["GET"]}}],"collection":[{"href":"https:\/\/www.esplac.cat\/en\/wp-json\/wp\/v2\/posts"}],"about":[{"href":"https:\/\/www.esplac.cat\/en\/wp-json\/wp\/v2\/types\/post"}],"author":[{"embeddable":true,"href":"https:\/\/www.esplac.cat\/en\/wp-json\/wp\/v2\/users\/3"}],"replies":[{"embeddable":true,"href":"https:\/\/www.esplac.cat\/en\/wp-json\/wp\/v2\/comments?post=34816"}],"version-history":[{"count":0,"href":"https:\/\/www.esplac.cat\/en\/wp-json\/wp\/v2\/posts\/34816\/revisions"}],"wp:featuredmedia":[{"embeddable":true,"href":"https:\/\/www.esplac.cat\/en\/wp-json\/wp\/v2\/media\/24062"}],"wp:attachment":[{"href":"https:\/\/www.esplac.cat\/en\/wp-json\/wp\/v2\/media?parent=34816"}],"wp:term":[{"taxonomy":"category","embeddable":true,"href":"https:\/\/www.esplac.cat\/en\/wp-json\/wp\/v2\/categories?post=34816"},{"taxonomy":"post_tag","embeddable":true,"href":"https:\/\/www.esplac.cat\/en\/wp-json\/wp\/v2\/tags?post=34816"}],"curies":[{"name":"wp","href":"https:\/\/api.w.org\/{rel}","templated":true}]}}