{"id":34826,"date":"2021-02-15T15:40:50","date_gmt":"2021-02-15T14:40:50","guid":{"rendered":"https:\/\/www.esplac.cat\/?p=34826"},"modified":"2021-02-19T11:02:45","modified_gmt":"2021-02-19T10:02:45","slug":"imprescindibles","status":"publish","type":"post","link":"https:\/\/www.esplac.cat\/en\/imprescindibles\/","title":{"rendered":"Els esplais som #Imprescindibles!"},"content":{"rendered":"<h6>Els esplais som #Imprescindibles i hem demostrat que la nostra tasca \u00e9s essencial i segura. Tot i aix\u00f2 les mesures restrictives implementades a ra\u00f3 de la Covid-19 no ens contemplen i ens impedeixen seguir fent esplai.<\/h6>\n<p>Ja fa una mesos que ens hem vist obligades a posicionar-nos i a reivindicar que els esplais no som educaci\u00f3 segona. Som agents educadors essencials per als nostres infants i joves. \u00a0A l&#8217;octubre vam fer un\u00a0<a href=\"https:\/\/www.esplac.cat\/lleure-segur-necessari\/\" target=\"_blank\" rel=\"noopener noreferrer\"><strong><span style=\"color: #f69d0b;\">posicionament<\/span><\/strong><\/a> conjuntament amb altres entitats de l&#8217;associacionisme educatiu en el qual reivindic\u00e0vem que l\u2019educaci\u00f3 en el lleure \u00e9s segura i necess\u00e0ria. En conseq\u00fc\u00e8ncia d&#8217;unes mesures restrictives que segueixen sense contemplar-nos hem decidit tirar endavant la campanya <strong>#Imprescindibles<\/strong>. Amb ella pretenem\u00a0reivindicar que la tasca dels esplais \u00e9s segura i per sobre de tot: necess\u00e0ria!<\/p>\n<h5><strong>Accions de la campanya<\/strong><\/h5>\n<p>Per tal que se&#8217;ns escolti ben fort, us convidem a tots els esplais a reunir-vos el\u00a0<strong>dissabte 20 de febrer a les vostres ciutats i municipis<\/strong>. Us podeu organitzar per esplais, per sectors o amb altres entitats de lleure del territori. L&#8217;objectiu de les concentracions \u00e9s reivindicar el nostre malestar amb les restriccions actuals i demostrar que som espais segurs i necessaris.<\/p>\n<p>Per tant, la idea \u00e9s que el proper dia 20 es realitzin diverses reivindicacions arreu del territori. Cada esplai haur\u00e0 de decidir el lloc i l&#8217;hora de la manifestaci\u00f3. Recordeu que s&#8217;hauran de garantir les mesures de seguretat estipulades: dist\u00e0ncia de 1.5 m, facilitar gel hidroalcoh\u00f2lic, senyalitzar les sortides, fer-ho en un espai a l&#8217;aire lliure, etc. En aquesta p\u00e0gina web trobareu tota la informaci\u00f3 necess\u00e0ria: <span style=\"color: #f69d0b;\"><a style=\"color: #f69d0b; text-decoration: underline;\" href=\"https:\/\/interior.gencat.cat\/ca\/tramits\/tramits-temes\/Comunicacio-de-manifestacions-o-concentracions\" target=\"_blank\" rel=\"noopener noreferrer\">https:\/\/interior.gencat.cat\/ca\/tramits\/tramits-temes\/Comunicacio-de-manifestacions-o-concentracions<\/a><\/span>.<\/p>\n<h5><strong>Cartells per les concentracions<\/strong><\/h5>\n<p>Amb la intenci\u00f3 que la nostra reivindicaci\u00f3 arribi al m\u00e0xim de gent possible hem creat diferents cartells perqu\u00e8 imprimiu i feu difusi\u00f3 de la vostra concentraci\u00f3:<\/p>\n<ul>\n<li><strong>Cartells per dibuixar o escriure:<\/strong> ens serviran per expressar tant a infants, joves, monis com fam\u00edlies perqu\u00e8 volem anar a l&#8217;esplai i perqu\u00e8 \u00e9s necess\u00e0ria l\u2019educaci\u00f3 en el lleure. Els podeu penjar als balcons, comer\u00e7os, espais del poble, etc. i publicar a les xarxes socials amb el hashtag #Imprescindibles.\u00a0Volem que tothom s\u2019adoni de com \u00e9s d&#8217;important l\u2019esplai! Els podeu descarregar <span style=\"color: #f69d0b;\"><a style=\"color: #f69d0b;\" href=\"https:\/\/drive.google.com\/drive\/folders\/1LKYnKqGPiXIB5sFYvUkmtMlRJOLylkgW?usp=sharing\" target=\"_blank\" rel=\"noopener noreferrer\"><strong>aqu\u00ed<\/strong><\/a><\/span>.<\/li>\n<li><strong>Cartells per imprimir afegint la data<\/strong>: s\u00f3n els que serviran per difondre la convocat\u00f2ria de la concentraci\u00f3. Els podeu descarregar <span style=\"color: #f69d0b;\"><a style=\"color: #f69d0b;\" href=\"https:\/\/drive.google.com\/drive\/folders\/1r_WXeJCjE5EblVwljBfFIgFDi4J0J6Hb?usp=sharing\" target=\"_blank\" rel=\"noopener noreferrer\"><strong>aqu\u00ed<\/strong><\/a><span style=\"color: #000000;\">.<\/span><\/span><\/li>\n<li><strong>Material gr\u00e0fic per Instagram (Feed i Stories):<\/strong> perqu\u00e8 pugueu difondre la convocat\u00f2ria a xarxes socials. Els podeu descarregar <span style=\"color: #f69d0b;\"><a style=\"color: #f69d0b;\" href=\"https:\/\/drive.google.com\/drive\/folders\/1tnBRVyU2VGWN-JU64CWXtCQ7EvqyXzPA?usp=sharing\" target=\"_blank\" rel=\"noopener noreferrer\"><strong>aqu\u00ed<\/strong><\/a><span style=\"color: #000000;\">.<\/span><\/span><\/li>\n<\/ul>\n<p>Des d&#8217;Esplac estem creant un comunicat conjunt, per\u00f2 us animem tamb\u00e9 a si voleu a fer-ne un de propi com a esplai. Quan h\u00e0giu decidit la data i l&#8217;hora, preferiblement abans del dimecres 17 de febrer, ho podeu comunicar a <span style=\"color: #f69d0b;\"><a style=\"color: #f69d0b;\" href=\"mailto:comunicacio@esplac.cat\" target=\"_blank\" rel=\"noopener noreferrer\"><strong>comunicacio@esplac.cat<\/strong><\/a><\/span> i farem difusi\u00f3\u00a0conjunta de les diferents concentracions.<\/p>\n<p>Recordeu: som <span style=\"color: #000000;\"><strong>#Imprescindibles<\/strong> <\/span>i res no ens atura!<\/p>\n<p>Manifest en el marc de la campanya #Imprescindibles <span style=\"color: #f69d0b;\"><strong><a style=\"color: #f69d0b;\" href=\"https:\/\/www.esplac.cat\/manifest-esplais-segurs-essencials\/\" target=\"_blank\" rel=\"noopener noreferrer\">aqu\u00ed<\/a><\/strong><\/span><\/p>\n<h5><strong>Concentracions 20F<\/strong><\/h5>\n<p>Aquest dissabte 20 de febrer es faran diferents concentracions a Catalunya.<\/p>\n<p><img decoding=\"async\" class=\"wp-image-34921 alignleft\" src=\"https:\/\/www.esplac.cat\/wp-content\/uploads\/2021\/02\/Manifestacions_Esplac_Imprescindibles.png\" alt=\"Manifestacions_Esplac_Imprescindibles\" width=\"499\" height=\"887\" srcset=\"https:\/\/www.esplac.cat\/wp-content\/uploads\/2021\/02\/Manifestacions_Esplac_Imprescindibles-169x300.png 169w, https:\/\/www.esplac.cat\/wp-content\/uploads\/2021\/02\/Manifestacions_Esplac_Imprescindibles-200x356.png 200w, https:\/\/www.esplac.cat\/wp-content\/uploads\/2021\/02\/Manifestacions_Esplac_Imprescindibles-400x711.png 400w, https:\/\/www.esplac.cat\/wp-content\/uploads\/2021\/02\/Manifestacions_Esplac_Imprescindibles-576x1024.png 576w, https:\/\/www.esplac.cat\/wp-content\/uploads\/2021\/02\/Manifestacions_Esplac_Imprescindibles-600x1067.png 600w, https:\/\/www.esplac.cat\/wp-content\/uploads\/2021\/02\/Manifestacions_Esplac_Imprescindibles-768x1365.png 768w, https:\/\/www.esplac.cat\/wp-content\/uploads\/2021\/02\/Manifestacions_Esplac_Imprescindibles-800x1422.png 800w, https:\/\/www.esplac.cat\/wp-content\/uploads\/2021\/02\/Manifestacions_Esplac_Imprescindibles-864x1536.png 864w, https:\/\/www.esplac.cat\/wp-content\/uploads\/2021\/02\/Manifestacions_Esplac_Imprescindibles.png 1080w\" sizes=\"(max-width: 499px) 100vw, 499px\" \/><\/p>\n","protected":false},"excerpt":{"rendered":"<p>Els esplais som #Imprescindibles i hem demostrat que la nostra [&hellip;]<\/p>\n","protected":false},"author":3,"featured_media":34828,"comment_status":"closed","ping_status":"closed","sticky":false,"template":"","format":"standard","meta":{"om_disable_all_campaigns":false,"_monsterinsights_skip_tracking":false,"_monsterinsights_sitenote_active":false,"_monsterinsights_sitenote_note":"","_monsterinsights_sitenote_category":0,"_uf_show_specific_survey":0,"_uf_disable_surveys":false,"footnotes":""},"categories":[1111,1117,1110],"tags":[],"class_list":["post-34826","post","type-post","status-publish","format-standard","has-post-thumbnail","hentry","category-activitats-esplac","category-activitats-esplais","category-activitats-sectors"],"yoast_head":"<!-- This site is optimized with the Yoast SEO plugin v27.4 - https:\/\/yoast.com\/product\/yoast-seo-wordpress\/ -->\n<title>Els esplais som #Imprescindibles! - Esplac - Activitats esplac<\/title>\n<meta name=\"description\" content=\"Els esplais som #Imprescindibles! Reivindiquem unes mesures que contemplin la tasca educativa que fem els esplais amb els infants i joves.\" \/>\n<meta name=\"robots\" content=\"index, follow, max-snippet:-1, max-image-preview:large, max-video-preview:-1\" \/>\n<link rel=\"canonical\" href=\"https:\/\/www.esplac.cat\/imprescindibles\/\" \/>\n<meta property=\"og:locale\" content=\"en_US\" \/>\n<meta property=\"og:type\" content=\"article\" \/>\n<meta property=\"og:title\" content=\"Els esplais som #Imprescindibles! - Esplac - Activitats esplac\" \/>\n<meta property=\"og:description\" content=\"Els esplais som #Imprescindibles! Reivindiquem unes mesures que contemplin la tasca educativa que fem els esplais amb els infants i joves.\" \/>\n<meta property=\"og:url\" content=\"https:\/\/www.esplac.cat\/imprescindibles\/\" \/>\n<meta property=\"og:site_name\" content=\"Esplac\" \/>\n<meta property=\"article:published_time\" content=\"2021-02-15T14:40:50+00:00\" \/>\n<meta property=\"article:modified_time\" content=\"2021-02-19T10:02:45+00:00\" \/>\n<meta property=\"og:image\" content=\"https:\/\/www.esplac.cat\/wp-content\/uploads\/2021\/02\/portades-2.png\" \/>\n\t<meta property=\"og:image:width\" content=\"1694\" \/>\n\t<meta property=\"og:image:height\" content=\"700\" \/>\n\t<meta property=\"og:image:type\" content=\"image\/png\" \/>\n<meta name=\"author\" content=\"Comunicaci\u00f3 Esplac\" \/>\n<meta name=\"twitter:card\" content=\"summary_large_image\" \/>\n<meta name=\"twitter:label1\" content=\"Written by\" \/>\n\t<meta name=\"twitter:data1\" content=\"Comunicaci\u00f3 Esplac\" \/>\n\t<meta name=\"twitter:label2\" content=\"Est. reading time\" \/>\n\t<meta name=\"twitter:data2\" content=\"2 minutes\" \/>\n<script type=\"application\/ld+json\" class=\"yoast-schema-graph\">{\"@context\":\"https:\\\/\\\/schema.org\",\"@graph\":[{\"@type\":\"Article\",\"@id\":\"https:\\\/\\\/www.esplac.cat\\\/imprescindibles\\\/#article\",\"isPartOf\":{\"@id\":\"https:\\\/\\\/www.esplac.cat\\\/imprescindibles\\\/\"},\"author\":{\"name\":\"Comunicaci\u00f3 Esplac\",\"@id\":\"https:\\\/\\\/www.esplac.cat\\\/#\\\/schema\\\/person\\\/908383cf240be18b68f8855d0583faca\"},\"headline\":\"Els esplais som #Imprescindibles!\",\"datePublished\":\"2021-02-15T14:40:50+00:00\",\"dateModified\":\"2021-02-19T10:02:45+00:00\",\"mainEntityOfPage\":{\"@id\":\"https:\\\/\\\/www.esplac.cat\\\/imprescindibles\\\/\"},\"wordCount\":511,\"publisher\":{\"@id\":\"https:\\\/\\\/www.esplac.cat\\\/#organization\"},\"image\":{\"@id\":\"https:\\\/\\\/www.esplac.cat\\\/imprescindibles\\\/#primaryimage\"},\"thumbnailUrl\":\"https:\\\/\\\/www.esplac.cat\\\/wp-content\\\/uploads\\\/2021\\\/02\\\/portades-2.png\",\"articleSection\":[\"Activitats esplac\",\"Activitats esplais\",\"Activitats sectors\"],\"inLanguage\":\"en-US\"},{\"@type\":\"WebPage\",\"@id\":\"https:\\\/\\\/www.esplac.cat\\\/imprescindibles\\\/\",\"url\":\"https:\\\/\\\/www.esplac.cat\\\/imprescindibles\\\/\",\"name\":\"Els esplais som #Imprescindibles! - Esplac - Activitats esplac\",\"isPartOf\":{\"@id\":\"https:\\\/\\\/www.esplac.cat\\\/#website\"},\"primaryImageOfPage\":{\"@id\":\"https:\\\/\\\/www.esplac.cat\\\/imprescindibles\\\/#primaryimage\"},\"image\":{\"@id\":\"https:\\\/\\\/www.esplac.cat\\\/imprescindibles\\\/#primaryimage\"},\"thumbnailUrl\":\"https:\\\/\\\/www.esplac.cat\\\/wp-content\\\/uploads\\\/2021\\\/02\\\/portades-2.png\",\"datePublished\":\"2021-02-15T14:40:50+00:00\",\"dateModified\":\"2021-02-19T10:02:45+00:00\",\"description\":\"Els esplais som #Imprescindibles! Reivindiquem unes mesures que contemplin la tasca educativa que fem els esplais amb els infants i joves.\",\"breadcrumb\":{\"@id\":\"https:\\\/\\\/www.esplac.cat\\\/imprescindibles\\\/#breadcrumb\"},\"inLanguage\":\"en-US\",\"potentialAction\":[{\"@type\":\"ReadAction\",\"target\":[\"https:\\\/\\\/www.esplac.cat\\\/imprescindibles\\\/\"]}]},{\"@type\":\"ImageObject\",\"inLanguage\":\"en-US\",\"@id\":\"https:\\\/\\\/www.esplac.cat\\\/imprescindibles\\\/#primaryimage\",\"url\":\"https:\\\/\\\/www.esplac.cat\\\/wp-content\\\/uploads\\\/2021\\\/02\\\/portades-2.png\",\"contentUrl\":\"https:\\\/\\\/www.esplac.cat\\\/wp-content\\\/uploads\\\/2021\\\/02\\\/portades-2.png\",\"width\":1694,\"height\":700,\"caption\":\"Imprescindibles\"},{\"@type\":\"BreadcrumbList\",\"@id\":\"https:\\\/\\\/www.esplac.cat\\\/imprescindibles\\\/#breadcrumb\",\"itemListElement\":[{\"@type\":\"ListItem\",\"position\":1,\"name\":\"Inici\",\"item\":\"https:\\\/\\\/www.esplac.cat\\\/en\\\/\"},{\"@type\":\"ListItem\",\"position\":2,\"name\":\"Els esplais som #Imprescindibles!\"}]},{\"@type\":\"WebSite\",\"@id\":\"https:\\\/\\\/www.esplac.cat\\\/#website\",\"url\":\"https:\\\/\\\/www.esplac.cat\\\/\",\"name\":\"Esplac\",\"description\":\"Esplais Catalans\",\"publisher\":{\"@id\":\"https:\\\/\\\/www.esplac.cat\\\/#organization\"},\"potentialAction\":[{\"@type\":\"SearchAction\",\"target\":{\"@type\":\"EntryPoint\",\"urlTemplate\":\"https:\\\/\\\/www.esplac.cat\\\/?s={search_term_string}\"},\"query-input\":{\"@type\":\"PropertyValueSpecification\",\"valueRequired\":true,\"valueName\":\"search_term_string\"}}],\"inLanguage\":\"en-US\"},{\"@type\":\"Organization\",\"@id\":\"https:\\\/\\\/www.esplac.cat\\\/#organization\",\"name\":\"Esplac\",\"url\":\"https:\\\/\\\/www.esplac.cat\\\/\",\"logo\":{\"@type\":\"ImageObject\",\"inLanguage\":\"en-US\",\"@id\":\"https:\\\/\\\/www.esplac.cat\\\/#\\\/schema\\\/logo\\\/image\\\/\",\"url\":\"https:\\\/\\\/www.esplac.cat\\\/wp-content\\\/uploads\\\/2019\\\/08\\\/logox2.png\",\"contentUrl\":\"https:\\\/\\\/www.esplac.cat\\\/wp-content\\\/uploads\\\/2019\\\/08\\\/logox2.png\",\"width\":600,\"height\":295,\"caption\":\"Esplac\"},\"image\":{\"@id\":\"https:\\\/\\\/www.esplac.cat\\\/#\\\/schema\\\/logo\\\/image\\\/\"}},{\"@type\":\"Person\",\"@id\":\"https:\\\/\\\/www.esplac.cat\\\/#\\\/schema\\\/person\\\/908383cf240be18b68f8855d0583faca\",\"name\":\"Comunicaci\u00f3 Esplac\",\"image\":{\"@type\":\"ImageObject\",\"inLanguage\":\"en-US\",\"@id\":\"https:\\\/\\\/secure.gravatar.com\\\/avatar\\\/7a4cf8feb412a76ea4a740ca02d95b06b2907b5a6c648c2dd0a1082a093c3141?s=96&d=mm&r=g\",\"url\":\"https:\\\/\\\/secure.gravatar.com\\\/avatar\\\/7a4cf8feb412a76ea4a740ca02d95b06b2907b5a6c648c2dd0a1082a093c3141?s=96&d=mm&r=g\",\"contentUrl\":\"https:\\\/\\\/secure.gravatar.com\\\/avatar\\\/7a4cf8feb412a76ea4a740ca02d95b06b2907b5a6c648c2dd0a1082a093c3141?s=96&d=mm&r=g\",\"caption\":\"Comunicaci\u00f3 Esplac\"}}]}<\/script>\n<!-- \/ Yoast SEO plugin. -->","yoast_head_json":{"title":"Els esplais som #Imprescindibles! - Esplac - Activitats esplac","description":"Els esplais som #Imprescindibles! Reivindiquem unes mesures que contemplin la tasca educativa que fem els esplais amb els infants i joves.","robots":{"index":"index","follow":"follow","max-snippet":"max-snippet:-1","max-image-preview":"max-image-preview:large","max-video-preview":"max-video-preview:-1"},"canonical":"https:\/\/www.esplac.cat\/imprescindibles\/","og_locale":"en_US","og_type":"article","og_title":"Els esplais som #Imprescindibles! - Esplac - Activitats esplac","og_description":"Els esplais som #Imprescindibles! Reivindiquem unes mesures que contemplin la tasca educativa que fem els esplais amb els infants i joves.","og_url":"https:\/\/www.esplac.cat\/imprescindibles\/","og_site_name":"Esplac","article_published_time":"2021-02-15T14:40:50+00:00","article_modified_time":"2021-02-19T10:02:45+00:00","og_image":[{"width":1694,"height":700,"url":"https:\/\/www.esplac.cat\/wp-content\/uploads\/2021\/02\/portades-2.png","type":"image\/png"}],"author":"Comunicaci\u00f3 Esplac","twitter_card":"summary_large_image","twitter_misc":{"Written by":"Comunicaci\u00f3 Esplac","Est. reading time":"2 minutes"},"schema":{"@context":"https:\/\/schema.org","@graph":[{"@type":"Article","@id":"https:\/\/www.esplac.cat\/imprescindibles\/#article","isPartOf":{"@id":"https:\/\/www.esplac.cat\/imprescindibles\/"},"author":{"name":"Comunicaci\u00f3 Esplac","@id":"https:\/\/www.esplac.cat\/#\/schema\/person\/908383cf240be18b68f8855d0583faca"},"headline":"Els esplais som #Imprescindibles!","datePublished":"2021-02-15T14:40:50+00:00","dateModified":"2021-02-19T10:02:45+00:00","mainEntityOfPage":{"@id":"https:\/\/www.esplac.cat\/imprescindibles\/"},"wordCount":511,"publisher":{"@id":"https:\/\/www.esplac.cat\/#organization"},"image":{"@id":"https:\/\/www.esplac.cat\/imprescindibles\/#primaryimage"},"thumbnailUrl":"https:\/\/www.esplac.cat\/wp-content\/uploads\/2021\/02\/portades-2.png","articleSection":["Activitats esplac","Activitats esplais","Activitats sectors"],"inLanguage":"en-US"},{"@type":"WebPage","@id":"https:\/\/www.esplac.cat\/imprescindibles\/","url":"https:\/\/www.esplac.cat\/imprescindibles\/","name":"Els esplais som #Imprescindibles! - Esplac - Activitats esplac","isPartOf":{"@id":"https:\/\/www.esplac.cat\/#website"},"primaryImageOfPage":{"@id":"https:\/\/www.esplac.cat\/imprescindibles\/#primaryimage"},"image":{"@id":"https:\/\/www.esplac.cat\/imprescindibles\/#primaryimage"},"thumbnailUrl":"https:\/\/www.esplac.cat\/wp-content\/uploads\/2021\/02\/portades-2.png","datePublished":"2021-02-15T14:40:50+00:00","dateModified":"2021-02-19T10:02:45+00:00","description":"Els esplais som #Imprescindibles! Reivindiquem unes mesures que contemplin la tasca educativa que fem els esplais amb els infants i joves.","breadcrumb":{"@id":"https:\/\/www.esplac.cat\/imprescindibles\/#breadcrumb"},"inLanguage":"en-US","potentialAction":[{"@type":"ReadAction","target":["https:\/\/www.esplac.cat\/imprescindibles\/"]}]},{"@type":"ImageObject","inLanguage":"en-US","@id":"https:\/\/www.esplac.cat\/imprescindibles\/#primaryimage","url":"https:\/\/www.esplac.cat\/wp-content\/uploads\/2021\/02\/portades-2.png","contentUrl":"https:\/\/www.esplac.cat\/wp-content\/uploads\/2021\/02\/portades-2.png","width":1694,"height":700,"caption":"Imprescindibles"},{"@type":"BreadcrumbList","@id":"https:\/\/www.esplac.cat\/imprescindibles\/#breadcrumb","itemListElement":[{"@type":"ListItem","position":1,"name":"Inici","item":"https:\/\/www.esplac.cat\/en\/"},{"@type":"ListItem","position":2,"name":"Els esplais som #Imprescindibles!"}]},{"@type":"WebSite","@id":"https:\/\/www.esplac.cat\/#website","url":"https:\/\/www.esplac.cat\/","name":"Esplac","description":"Esplais Catalans","publisher":{"@id":"https:\/\/www.esplac.cat\/#organization"},"potentialAction":[{"@type":"SearchAction","target":{"@type":"EntryPoint","urlTemplate":"https:\/\/www.esplac.cat\/?s={search_term_string}"},"query-input":{"@type":"PropertyValueSpecification","valueRequired":true,"valueName":"search_term_string"}}],"inLanguage":"en-US"},{"@type":"Organization","@id":"https:\/\/www.esplac.cat\/#organization","name":"Esplac","url":"https:\/\/www.esplac.cat\/","logo":{"@type":"ImageObject","inLanguage":"en-US","@id":"https:\/\/www.esplac.cat\/#\/schema\/logo\/image\/","url":"https:\/\/www.esplac.cat\/wp-content\/uploads\/2019\/08\/logox2.png","contentUrl":"https:\/\/www.esplac.cat\/wp-content\/uploads\/2019\/08\/logox2.png","width":600,"height":295,"caption":"Esplac"},"image":{"@id":"https:\/\/www.esplac.cat\/#\/schema\/logo\/image\/"}},{"@type":"Person","@id":"https:\/\/www.esplac.cat\/#\/schema\/person\/908383cf240be18b68f8855d0583faca","name":"Comunicaci\u00f3 Esplac","image":{"@type":"ImageObject","inLanguage":"en-US","@id":"https:\/\/secure.gravatar.com\/avatar\/7a4cf8feb412a76ea4a740ca02d95b06b2907b5a6c648c2dd0a1082a093c3141?s=96&d=mm&r=g","url":"https:\/\/secure.gravatar.com\/avatar\/7a4cf8feb412a76ea4a740ca02d95b06b2907b5a6c648c2dd0a1082a093c3141?s=96&d=mm&r=g","contentUrl":"https:\/\/secure.gravatar.com\/avatar\/7a4cf8feb412a76ea4a740ca02d95b06b2907b5a6c648c2dd0a1082a093c3141?s=96&d=mm&r=g","caption":"Comunicaci\u00f3 Esplac"}}]}},"_links":{"self":[{"href":"https:\/\/www.esplac.cat\/en\/wp-json\/wp\/v2\/posts\/34826","targetHints":{"allow":["GET"]}}],"collection":[{"href":"https:\/\/www.esplac.cat\/en\/wp-json\/wp\/v2\/posts"}],"about":[{"href":"https:\/\/www.esplac.cat\/en\/wp-json\/wp\/v2\/types\/post"}],"author":[{"embeddable":true,"href":"https:\/\/www.esplac.cat\/en\/wp-json\/wp\/v2\/users\/3"}],"replies":[{"embeddable":true,"href":"https:\/\/www.esplac.cat\/en\/wp-json\/wp\/v2\/comments?post=34826"}],"version-history":[{"count":0,"href":"https:\/\/www.esplac.cat\/en\/wp-json\/wp\/v2\/posts\/34826\/revisions"}],"wp:featuredmedia":[{"embeddable":true,"href":"https:\/\/www.esplac.cat\/en\/wp-json\/wp\/v2\/media\/34828"}],"wp:attachment":[{"href":"https:\/\/www.esplac.cat\/en\/wp-json\/wp\/v2\/media?parent=34826"}],"wp:term":[{"taxonomy":"category","embeddable":true,"href":"https:\/\/www.esplac.cat\/en\/wp-json\/wp\/v2\/categories?post=34826"},{"taxonomy":"post_tag","embeddable":true,"href":"https:\/\/www.esplac.cat\/en\/wp-json\/wp\/v2\/tags?post=34826"}],"curies":[{"name":"wp","href":"https:\/\/api.w.org\/{rel}","templated":true}]}}